{"id":988,"date":"2019-12-09T17:12:46","date_gmt":"2019-12-09T23:12:46","guid":{"rendered":"http:\/\/elinformativotam.com\/?p=988"},"modified":"2019-12-09T17:12:46","modified_gmt":"2019-12-09T23:12:46","slug":"ante-iniciativa-privadada-presenta-chucho-nader-las-principales-acciones-de-su-administracion","status":"publish","type":"post","link":"https:\/\/elinformativotam.com\/index.php\/2019\/12\/09\/ante-iniciativa-privadada-presenta-chucho-nader-las-principales-acciones-de-su-administracion\/","title":{"rendered":"ANTE INICIATIVA PRIVADADA PRESENTA  CHUCHO NADER LAS PRINCIPALES ACCIONES DE SU ADMINISTRACION"},"content":{"rendered":"<h3 dir=\"ltr\"><em><strong>*El jefe de la comuna destac\u00f3 que en materia de obra p\u00fablica y servicios p\u00fablicos se superaron las expectativas programadas<\/strong><\/em><\/h3>\n<p>&nbsp;<\/p>\n<p dir=\"ltr\">Al asistir a la reuni\u00f3n ordinaria del Consejo de Instituciones Empresariales del Sur de Tamaulipas, efectuada este lunes, el Presidente Municipal Chucho Nader expuso a los socios del organismo, las principales acciones emprendidas por su administraci\u00f3n durante el primer tercio de gesti\u00f3n y plante\u00f3 adem\u00e1s los proyectos que se llevar\u00e1n a cabo de manera conjunta con el Gobierno del Estado en 2020.<\/p>\n<p dir=\"ltr\">El jefe de la comuna destac\u00f3 que en materia de obra p\u00fablica y servicios p\u00fablicos se superaron las expectativas programadas al inicio de su gobierno, gracias -dijo- al eficiente manejo de los recursos y un programa de austeridad que incluy\u00f3 la reducci\u00f3n de gastos en cada una de las dependencias municipales.<\/p>\n<p dir=\"ltr\">&#8220;Abordamos, tambi\u00e9n los proyectos que tenemos programados para 2020, el inicio del mega-proyecto de la Laguna del Carpintero, la remodelaci\u00f3n del mercado de la puntilla, la unidad deportiva, la Casa de la Naturaleza y el parque Fray Andr\u00e9s de Olmos; adem\u00e1s de seguir fortaleciendo los programas de infraestructura urbana en las diferentes colonias de Tampico&#8221;, se\u00f1al\u00f3.<\/p>\n<p dir=\"ltr\"><img loading=\"lazy\" decoding=\"async\" class=\"alignnone size-medium wp-image-989\" src=\"https:\/\/elinformativotam.com\/wp-content\/uploads\/2019\/12\/IMG-20191209-WA0067-300x200.jpg\" alt=\"\" width=\"300\" height=\"200\" \/><\/p>\n<p dir=\"ltr\">\n<p dir=\"ltr\">Chucho Nader explic\u00f3 que en las pr\u00f3ximas semanas se llevar\u00e1 a cabo la inauguraci\u00f3n de los mercados municipales, que, asegur\u00f3, traer\u00e1 un nuevo dinamismo comercial y tur\u00edstico a la zona centro.<\/p>\n<p dir=\"ltr\">Explic\u00f3 que adem\u00e1s de la entrega de este moderno centro de abastos, se desarrollan acciones de pavimentaci\u00f3n y cambio de las redes hidrosanitarias en un decena de vialidades, con el prop\u00f3sito de garantizar la movilidad en este sector de la ciudad.<\/p>\n<p dir=\"ltr\">Los empresarios, externaron por su parte, la necesidad de que la Federaci\u00f3n lleve a cabo proyectos que fortalezcan el sistema de captaci\u00f3n de agua y eviten la fuga del vital l\u00edquido que se presenta en el dique del Camalote, ubicado en el r\u00edo Tames\u00ed.<\/p>\n<p dir=\"ltr\">En este sentido, el alcalde porte\u00f1o se comprometi\u00f3 a respaldar estas gestiones ante los legisladores federales y en unidad con los Presidentes municipales de la zona conurbada.<\/p>\n","protected":false},"excerpt":{"rendered":"<p>*El jefe de la comuna destac\u00f3 que en materia de obra p\u00fablica y servicios p\u00fablicos se superaron las expectativas programadas&hellip;<\/p>\n","protected":false},"author":1,"featured_media":0,"comment_status":"open","ping_status":"open","sticky":false,"template":"","format":"standard","meta":{"footnotes":""},"categories":[3],"tags":[],"class_list":["post-988","post","type-post","status-publish","format-standard","hentry","category-tampico"],"yoast_head":"<!-- This site is optimized with the Yoast SEO plugin v27.5 - https:\/\/yoast.com\/product\/yoast-seo-wordpress\/ -->\n<title>ANTE INICIATIVA PRIVADADA PRESENTA CHUCHO NADER LAS PRINCIPALES ACCIONES DE SU ADMINISTRACION - EL INFORMATIVO DE TAMAULIPAS<\/title>\n<meta name=\"description\" content=\"*El jefe de la comuna destac\u00f3 que en materia de obra p\u00fablica y servicios p\u00fablicos se superaron las expectativas programadas &nbsp; Al asistir a la reuni\u00f3n\" \/>\n<meta name=\"robots\" content=\"index, follow, max-snippet:-1, max-image-preview:large, max-video-preview:-1\" \/>\n<link rel=\"canonical\" href=\"https:\/\/elinformativotam.com\/index.php\/2019\/12\/09\/ante-iniciativa-privadada-presenta-chucho-nader-las-principales-acciones-de-su-administracion\/\" \/>\n<meta property=\"og:locale\" content=\"es_MX\" \/>\n<meta property=\"og:type\" content=\"article\" \/>\n<meta property=\"og:title\" content=\"ANTE INICIATIVA PRIVADADA PRESENTA CHUCHO NADER LAS PRINCIPALES ACCIONES DE SU ADMINISTRACION - EL INFORMATIVO DE TAMAULIPAS\" \/>\n<meta property=\"og:description\" content=\"*El jefe de la comuna destac\u00f3 que en materia de obra p\u00fablica y servicios p\u00fablicos se superaron las expectativas programadas &nbsp; Al asistir a la reuni\u00f3n\" \/>\n<meta property=\"og:url\" content=\"https:\/\/elinformativotam.com\/index.php\/2019\/12\/09\/ante-iniciativa-privadada-presenta-chucho-nader-las-principales-acciones-de-su-administracion\/\" \/>\n<meta property=\"og:site_name\" content=\"EL INFORMATIVO DE TAMAULIPAS\" \/>\n<meta property=\"article:published_time\" content=\"2019-12-09T23:12:46+00:00\" \/>\n<meta property=\"og:image\" content=\"http:\/\/elinformativotam.com\/wp-content\/uploads\/2019\/12\/IMG-20191209-WA0067-300x200.jpg\" \/>\n<meta name=\"author\" content=\"El Informativo Tam\" \/>\n<meta name=\"twitter:card\" content=\"summary_large_image\" \/>\n<meta name=\"twitter:label1\" content=\"Escrito por\" \/>\n\t<meta name=\"twitter:data1\" content=\"El Informativo Tam\" \/>\n\t<meta name=\"twitter:label2\" content=\"Tiempo de lectura\" \/>\n\t<meta name=\"twitter:data2\" content=\"2 minutos\" \/>\n<script type=\"application\/ld+json\" class=\"yoast-schema-graph\">{\"@context\":\"https:\\\/\\\/schema.org\",\"@graph\":[{\"@type\":\"Article\",\"@id\":\"https:\\\/\\\/elinformativotam.com\\\/index.php\\\/2019\\\/12\\\/09\\\/ante-iniciativa-privadada-presenta-chucho-nader-las-principales-acciones-de-su-administracion\\\/#article\",\"isPartOf\":{\"@id\":\"https:\\\/\\\/elinformativotam.com\\\/index.php\\\/2019\\\/12\\\/09\\\/ante-iniciativa-privadada-presenta-chucho-nader-las-principales-acciones-de-su-administracion\\\/\"},\"author\":{\"name\":\"El Informativo Tam\",\"@id\":\"https:\\\/\\\/elinformativotam.com\\\/#\\\/schema\\\/person\\\/78e08040eed0f6110f0c5f83b6153590\"},\"headline\":\"ANTE INICIATIVA PRIVADADA PRESENTA CHUCHO NADER LAS PRINCIPALES ACCIONES DE SU ADMINISTRACION\",\"datePublished\":\"2019-12-09T23:12:46+00:00\",\"mainEntityOfPage\":{\"@id\":\"https:\\\/\\\/elinformativotam.com\\\/index.php\\\/2019\\\/12\\\/09\\\/ante-iniciativa-privadada-presenta-chucho-nader-las-principales-acciones-de-su-administracion\\\/\"},\"wordCount\":369,\"commentCount\":0,\"publisher\":{\"@id\":\"https:\\\/\\\/elinformativotam.com\\\/#organization\"},\"image\":{\"@id\":\"https:\\\/\\\/elinformativotam.com\\\/index.php\\\/2019\\\/12\\\/09\\\/ante-iniciativa-privadada-presenta-chucho-nader-las-principales-acciones-de-su-administracion\\\/#primaryimage\"},\"thumbnailUrl\":\"http:\\\/\\\/elinformativotam.com\\\/wp-content\\\/uploads\\\/2019\\\/12\\\/IMG-20191209-WA0067-300x200.jpg\",\"articleSection\":[\"Tampico\"],\"inLanguage\":\"es\",\"potentialAction\":[{\"@type\":\"CommentAction\",\"name\":\"Comment\",\"target\":[\"https:\\\/\\\/elinformativotam.com\\\/index.php\\\/2019\\\/12\\\/09\\\/ante-iniciativa-privadada-presenta-chucho-nader-las-principales-acciones-de-su-administracion\\\/#respond\"]}]},{\"@type\":\"WebPage\",\"@id\":\"https:\\\/\\\/elinformativotam.com\\\/index.php\\\/2019\\\/12\\\/09\\\/ante-iniciativa-privadada-presenta-chucho-nader-las-principales-acciones-de-su-administracion\\\/\",\"url\":\"https:\\\/\\\/elinformativotam.com\\\/index.php\\\/2019\\\/12\\\/09\\\/ante-iniciativa-privadada-presenta-chucho-nader-las-principales-acciones-de-su-administracion\\\/\",\"name\":\"ANTE INICIATIVA PRIVADADA PRESENTA CHUCHO NADER LAS PRINCIPALES ACCIONES DE SU ADMINISTRACION - EL INFORMATIVO DE TAMAULIPAS\",\"isPartOf\":{\"@id\":\"https:\\\/\\\/elinformativotam.com\\\/#website\"},\"primaryImageOfPage\":{\"@id\":\"https:\\\/\\\/elinformativotam.com\\\/index.php\\\/2019\\\/12\\\/09\\\/ante-iniciativa-privadada-presenta-chucho-nader-las-principales-acciones-de-su-administracion\\\/#primaryimage\"},\"image\":{\"@id\":\"https:\\\/\\\/elinformativotam.com\\\/index.php\\\/2019\\\/12\\\/09\\\/ante-iniciativa-privadada-presenta-chucho-nader-las-principales-acciones-de-su-administracion\\\/#primaryimage\"},\"thumbnailUrl\":\"http:\\\/\\\/elinformativotam.com\\\/wp-content\\\/uploads\\\/2019\\\/12\\\/IMG-20191209-WA0067-300x200.jpg\",\"datePublished\":\"2019-12-09T23:12:46+00:00\",\"description\":\"*El jefe de la comuna destac\u00f3 que en materia de obra p\u00fablica y servicios p\u00fablicos se superaron las expectativas programadas &nbsp; Al asistir a la reuni\u00f3n\",\"inLanguage\":\"es\",\"potentialAction\":[{\"@type\":\"ReadAction\",\"target\":[\"https:\\\/\\\/elinformativotam.com\\\/index.php\\\/2019\\\/12\\\/09\\\/ante-iniciativa-privadada-presenta-chucho-nader-las-principales-acciones-de-su-administracion\\\/\"]}]},{\"@type\":\"ImageObject\",\"inLanguage\":\"es\",\"@id\":\"https:\\\/\\\/elinformativotam.com\\\/index.php\\\/2019\\\/12\\\/09\\\/ante-iniciativa-privadada-presenta-chucho-nader-las-principales-acciones-de-su-administracion\\\/#primaryimage\",\"url\":\"http:\\\/\\\/elinformativotam.com\\\/wp-content\\\/uploads\\\/2019\\\/12\\\/IMG-20191209-WA0067-300x200.jpg\",\"contentUrl\":\"http:\\\/\\\/elinformativotam.com\\\/wp-content\\\/uploads\\\/2019\\\/12\\\/IMG-20191209-WA0067-300x200.jpg\"},{\"@type\":\"WebSite\",\"@id\":\"https:\\\/\\\/elinformativotam.com\\\/#website\",\"url\":\"https:\\\/\\\/elinformativotam.com\\\/\",\"name\":\"EL INFORMATIVO DE TAMAULIPAS\",\"description\":\"Desde la Zona Metropolitana Para Todo M\u00e9xico\",\"publisher\":{\"@id\":\"https:\\\/\\\/elinformativotam.com\\\/#organization\"},\"potentialAction\":[{\"@type\":\"SearchAction\",\"target\":{\"@type\":\"EntryPoint\",\"urlTemplate\":\"https:\\\/\\\/elinformativotam.com\\\/?s={search_term_string}\"},\"query-input\":{\"@type\":\"PropertyValueSpecification\",\"valueRequired\":true,\"valueName\":\"search_term_string\"}}],\"inLanguage\":\"es\"},{\"@type\":\"Organization\",\"@id\":\"https:\\\/\\\/elinformativotam.com\\\/#organization\",\"name\":\"EL INFORMATIVO DE TAMAULIPAS\",\"url\":\"https:\\\/\\\/elinformativotam.com\\\/\",\"logo\":{\"@type\":\"ImageObject\",\"inLanguage\":\"es\",\"@id\":\"https:\\\/\\\/elinformativotam.com\\\/#\\\/schema\\\/logo\\\/image\\\/\",\"url\":\"https:\\\/\\\/elinformativotam.com\\\/wp-content\\\/uploads\\\/2026\\\/02\\\/Cabezal.png\",\"contentUrl\":\"https:\\\/\\\/elinformativotam.com\\\/wp-content\\\/uploads\\\/2026\\\/02\\\/Cabezal.png\",\"width\":960,\"height\":640,\"caption\":\"EL INFORMATIVO DE TAMAULIPAS\"},\"image\":{\"@id\":\"https:\\\/\\\/elinformativotam.com\\\/#\\\/schema\\\/logo\\\/image\\\/\"}},{\"@type\":\"Person\",\"@id\":\"https:\\\/\\\/elinformativotam.com\\\/#\\\/schema\\\/person\\\/78e08040eed0f6110f0c5f83b6153590\",\"name\":\"El Informativo Tam\",\"image\":{\"@type\":\"ImageObject\",\"inLanguage\":\"es\",\"@id\":\"https:\\\/\\\/secure.gravatar.com\\\/avatar\\\/f3b7ad3af540688955925ac610647be00b0cf41feea9c4978b73a707ee86bc53?s=96&d=mm&r=g\",\"url\":\"https:\\\/\\\/secure.gravatar.com\\\/avatar\\\/f3b7ad3af540688955925ac610647be00b0cf41feea9c4978b73a707ee86bc53?s=96&d=mm&r=g\",\"contentUrl\":\"https:\\\/\\\/secure.gravatar.com\\\/avatar\\\/f3b7ad3af540688955925ac610647be00b0cf41feea9c4978b73a707ee86bc53?s=96&d=mm&r=g\",\"caption\":\"El Informativo Tam\"}}]}<\/script>\n<!-- \/ Yoast SEO plugin. -->","yoast_head_json":{"title":"ANTE INICIATIVA PRIVADADA PRESENTA CHUCHO NADER LAS PRINCIPALES ACCIONES DE SU ADMINISTRACION - EL INFORMATIVO DE TAMAULIPAS","description":"*El jefe de la comuna destac\u00f3 que en materia de obra p\u00fablica y servicios p\u00fablicos se superaron las expectativas programadas &nbsp; Al asistir a la reuni\u00f3n","robots":{"index":"index","follow":"follow","max-snippet":"max-snippet:-1","max-image-preview":"max-image-preview:large","max-video-preview":"max-video-preview:-1"},"canonical":"https:\/\/elinformativotam.com\/index.php\/2019\/12\/09\/ante-iniciativa-privadada-presenta-chucho-nader-las-principales-acciones-de-su-administracion\/","og_locale":"es_MX","og_type":"article","og_title":"ANTE INICIATIVA PRIVADADA PRESENTA CHUCHO NADER LAS PRINCIPALES ACCIONES DE SU ADMINISTRACION - EL INFORMATIVO DE TAMAULIPAS","og_description":"*El jefe de la comuna destac\u00f3 que en materia de obra p\u00fablica y servicios p\u00fablicos se superaron las expectativas programadas &nbsp; Al asistir a la reuni\u00f3n","og_url":"https:\/\/elinformativotam.com\/index.php\/2019\/12\/09\/ante-iniciativa-privadada-presenta-chucho-nader-las-principales-acciones-de-su-administracion\/","og_site_name":"EL INFORMATIVO DE TAMAULIPAS","article_published_time":"2019-12-09T23:12:46+00:00","og_image":[{"url":"http:\/\/elinformativotam.com\/wp-content\/uploads\/2019\/12\/IMG-20191209-WA0067-300x200.jpg","type":"","width":"","height":""}],"author":"El Informativo Tam","twitter_card":"summary_large_image","twitter_misc":{"Escrito por":"El Informativo Tam","Tiempo de lectura":"2 minutos"},"schema":{"@context":"https:\/\/schema.org","@graph":[{"@type":"Article","@id":"https:\/\/elinformativotam.com\/index.php\/2019\/12\/09\/ante-iniciativa-privadada-presenta-chucho-nader-las-principales-acciones-de-su-administracion\/#article","isPartOf":{"@id":"https:\/\/elinformativotam.com\/index.php\/2019\/12\/09\/ante-iniciativa-privadada-presenta-chucho-nader-las-principales-acciones-de-su-administracion\/"},"author":{"name":"El Informativo Tam","@id":"https:\/\/elinformativotam.com\/#\/schema\/person\/78e08040eed0f6110f0c5f83b6153590"},"headline":"ANTE INICIATIVA PRIVADADA PRESENTA CHUCHO NADER LAS PRINCIPALES ACCIONES DE SU ADMINISTRACION","datePublished":"2019-12-09T23:12:46+00:00","mainEntityOfPage":{"@id":"https:\/\/elinformativotam.com\/index.php\/2019\/12\/09\/ante-iniciativa-privadada-presenta-chucho-nader-las-principales-acciones-de-su-administracion\/"},"wordCount":369,"commentCount":0,"publisher":{"@id":"https:\/\/elinformativotam.com\/#organization"},"image":{"@id":"https:\/\/elinformativotam.com\/index.php\/2019\/12\/09\/ante-iniciativa-privadada-presenta-chucho-nader-las-principales-acciones-de-su-administracion\/#primaryimage"},"thumbnailUrl":"http:\/\/elinformativotam.com\/wp-content\/uploads\/2019\/12\/IMG-20191209-WA0067-300x200.jpg","articleSection":["Tampico"],"inLanguage":"es","potentialAction":[{"@type":"CommentAction","name":"Comment","target":["https:\/\/elinformativotam.com\/index.php\/2019\/12\/09\/ante-iniciativa-privadada-presenta-chucho-nader-las-principales-acciones-de-su-administracion\/#respond"]}]},{"@type":"WebPage","@id":"https:\/\/elinformativotam.com\/index.php\/2019\/12\/09\/ante-iniciativa-privadada-presenta-chucho-nader-las-principales-acciones-de-su-administracion\/","url":"https:\/\/elinformativotam.com\/index.php\/2019\/12\/09\/ante-iniciativa-privadada-presenta-chucho-nader-las-principales-acciones-de-su-administracion\/","name":"ANTE INICIATIVA PRIVADADA PRESENTA CHUCHO NADER LAS PRINCIPALES ACCIONES DE SU ADMINISTRACION - EL INFORMATIVO DE TAMAULIPAS","isPartOf":{"@id":"https:\/\/elinformativotam.com\/#website"},"primaryImageOfPage":{"@id":"https:\/\/elinformativotam.com\/index.php\/2019\/12\/09\/ante-iniciativa-privadada-presenta-chucho-nader-las-principales-acciones-de-su-administracion\/#primaryimage"},"image":{"@id":"https:\/\/elinformativotam.com\/index.php\/2019\/12\/09\/ante-iniciativa-privadada-presenta-chucho-nader-las-principales-acciones-de-su-administracion\/#primaryimage"},"thumbnailUrl":"http:\/\/elinformativotam.com\/wp-content\/uploads\/2019\/12\/IMG-20191209-WA0067-300x200.jpg","datePublished":"2019-12-09T23:12:46+00:00","description":"*El jefe de la comuna destac\u00f3 que en materia de obra p\u00fablica y servicios p\u00fablicos se superaron las expectativas programadas &nbsp; Al asistir a la reuni\u00f3n","inLanguage":"es","potentialAction":[{"@type":"ReadAction","target":["https:\/\/elinformativotam.com\/index.php\/2019\/12\/09\/ante-iniciativa-privadada-presenta-chucho-nader-las-principales-acciones-de-su-administracion\/"]}]},{"@type":"ImageObject","inLanguage":"es","@id":"https:\/\/elinformativotam.com\/index.php\/2019\/12\/09\/ante-iniciativa-privadada-presenta-chucho-nader-las-principales-acciones-de-su-administracion\/#primaryimage","url":"http:\/\/elinformativotam.com\/wp-content\/uploads\/2019\/12\/IMG-20191209-WA0067-300x200.jpg","contentUrl":"http:\/\/elinformativotam.com\/wp-content\/uploads\/2019\/12\/IMG-20191209-WA0067-300x200.jpg"},{"@type":"WebSite","@id":"https:\/\/elinformativotam.com\/#website","url":"https:\/\/elinformativotam.com\/","name":"EL INFORMATIVO DE TAMAULIPAS","description":"Desde la Zona Metropolitana Para Todo M\u00e9xico","publisher":{"@id":"https:\/\/elinformativotam.com\/#organization"},"potentialAction":[{"@type":"SearchAction","target":{"@type":"EntryPoint","urlTemplate":"https:\/\/elinformativotam.com\/?s={search_term_string}"},"query-input":{"@type":"PropertyValueSpecification","valueRequired":true,"valueName":"search_term_string"}}],"inLanguage":"es"},{"@type":"Organization","@id":"https:\/\/elinformativotam.com\/#organization","name":"EL INFORMATIVO DE TAMAULIPAS","url":"https:\/\/elinformativotam.com\/","logo":{"@type":"ImageObject","inLanguage":"es","@id":"https:\/\/elinformativotam.com\/#\/schema\/logo\/image\/","url":"https:\/\/elinformativotam.com\/wp-content\/uploads\/2026\/02\/Cabezal.png","contentUrl":"https:\/\/elinformativotam.com\/wp-content\/uploads\/2026\/02\/Cabezal.png","width":960,"height":640,"caption":"EL INFORMATIVO DE TAMAULIPAS"},"image":{"@id":"https:\/\/elinformativotam.com\/#\/schema\/logo\/image\/"}},{"@type":"Person","@id":"https:\/\/elinformativotam.com\/#\/schema\/person\/78e08040eed0f6110f0c5f83b6153590","name":"El Informativo Tam","image":{"@type":"ImageObject","inLanguage":"es","@id":"https:\/\/secure.gravatar.com\/avatar\/f3b7ad3af540688955925ac610647be00b0cf41feea9c4978b73a707ee86bc53?s=96&d=mm&r=g","url":"https:\/\/secure.gravatar.com\/avatar\/f3b7ad3af540688955925ac610647be00b0cf41feea9c4978b73a707ee86bc53?s=96&d=mm&r=g","contentUrl":"https:\/\/secure.gravatar.com\/avatar\/f3b7ad3af540688955925ac610647be00b0cf41feea9c4978b73a707ee86bc53?s=96&d=mm&r=g","caption":"El Informativo Tam"}}]}},"_links":{"self":[{"href":"https:\/\/elinformativotam.com\/index.php\/wp-json\/wp\/v2\/posts\/988","targetHints":{"allow":["GET"]}}],"collection":[{"href":"https:\/\/elinformativotam.com\/index.php\/wp-json\/wp\/v2\/posts"}],"about":[{"href":"https:\/\/elinformativotam.com\/index.php\/wp-json\/wp\/v2\/types\/post"}],"author":[{"embeddable":true,"href":"https:\/\/elinformativotam.com\/index.php\/wp-json\/wp\/v2\/users\/1"}],"replies":[{"embeddable":true,"href":"https:\/\/elinformativotam.com\/index.php\/wp-json\/wp\/v2\/comments?post=988"}],"version-history":[{"count":0,"href":"https:\/\/elinformativotam.com\/index.php\/wp-json\/wp\/v2\/posts\/988\/revisions"}],"wp:attachment":[{"href":"https:\/\/elinformativotam.com\/index.php\/wp-json\/wp\/v2\/media?parent=988"}],"wp:term":[{"taxonomy":"category","embeddable":true,"href":"https:\/\/elinformativotam.com\/index.php\/wp-json\/wp\/v2\/categories?post=988"},{"taxonomy":"post_tag","embeddable":true,"href":"https:\/\/elinformativotam.com\/index.php\/wp-json\/wp\/v2\/tags?post=988"}],"curies":[{"name":"wp","href":"https:\/\/api.w.org\/{rel}","templated":true}]}}