{"id":965,"date":"2019-12-06T19:06:52","date_gmt":"2019-12-07T01:06:52","guid":{"rendered":"http:\/\/elinformativotam.com\/?p=965"},"modified":"2019-12-06T19:06:52","modified_gmt":"2019-12-07T01:06:52","slug":"regala-una-esperanza-campana-del-dif-madero-para-donar-juguetes-dulces-y-pinatas","status":"publish","type":"post","link":"https:\/\/elinformativotam.com\/index.php\/2019\/12\/06\/regala-una-esperanza-campana-del-dif-madero-para-donar-juguetes-dulces-y-pinatas\/","title":{"rendered":"\u201cREGALA UNA ESPERANZA\u201d CAMPA\u00d1A DEL DIF MADERO PARA DONAR JUGUETES, DULCES Y PI\u00d1ATAS"},"content":{"rendered":"<h3><em><strong>* S\u00e9 Del Gran Coraz\u00f3n De Los Maderenses Y Conf\u00edo En Que Tendremos Una Gran Respuesta, Hay Muchas Formas De Apoyar: Ana Cristina Organista de Oseguera.<\/strong><\/em><\/h3>\n<p>&nbsp;<\/p>\n<p>Para que los ni\u00f1os y ni\u00f1as de Ciudad Madero, tengan un gran festejo este pr\u00f3ximo D\u00eda de Reyes, el Sistema DIF en la urbe petrolera, que preside la Sra. Ana Cristina Organista de Oseguera, invita a la poblaci\u00f3n a sumarse a la campa\u00f1a \u201cRegala una Esperanza\u201d, donando de coraz\u00f3n, juguetes, dulces o pi\u00f1atas.<\/p>\n<p>&nbsp;<\/p>\n<p>La primera dama de este municipio, donde se fomenta la participaci\u00f3n activa e incluyente de la ciudadan\u00eda, hizo un llamado a los maderenses para que se unan a esta noble causa que permanecer\u00e1 hasta el d\u00eda 9 de enero del 2020, \u201cdar regalos de coraz\u00f3n, significa hacer sonre\u00edr a cientos de ni\u00f1os que habitan en sectores vulnerables. Queremos celebrar con nuestros ni\u00f1os y ni\u00f1as el D\u00eda de Reyes el pr\u00f3ximo 10 de enero, y qu\u00e9 mejor causa para que todos los maderenses nos unamos\u201d<\/p>\n<p><img loading=\"lazy\" decoding=\"async\" class=\" wp-image-967 alignleft\" src=\"https:\/\/elinformativotam.com\/wp-content\/uploads\/2019\/12\/cristina-207x300.jpg\" alt=\"\" width=\"320\" height=\"464\" \/><\/p>\n<p>Respecto a la clase de juguetes que se estar\u00e1n recibiendo, la presidenta del DIF Ciudad Madero, mencion\u00f3 que \u201cs\u00e9 del gran coraz\u00f3n de los maderenses y conf\u00edo en que tendremos una gran respuesta, hay muchas formas de apoyar: juguetes, dulces o pi\u00f1atas, y es importante considerar que los juguetes que nos hagan llegar, sean recreativos, que no utilicen pilas y principalmente, que no sean b\u00e9licos. Tambi\u00e9n se aceptar\u00e1n juguetes usados, siempre y cuando se encuentren en buenas condiciones\u201d.<\/p>\n<p>En este sentido, inform\u00f3 que el acopio ser\u00e1 de lunes a domingo en la Cl\u00ednica DIF ubicada en calle Hait\u00ed esquina con 5 de Mayo, colonia Primero de Mayo, de 9:00 a.m. a 4:00 p.m., as\u00ed como (hasta el 20 de diciembre) en las oficinas ubicadas en calle Nuevo Le\u00f3n s\/n entre Durango y Chihuahua, colonia Miguel Hidalgo Oriente, de 8:00 a.m. a 4:00 p.m.<\/p>\n<p>&nbsp;<\/p>\n<p>&nbsp;<\/p>\n<p>Para mayor informaci\u00f3n, comunicarse al tel\u00e9fono 833-216-61-90 (Cl\u00ednica DIF) y 833 216-47-23 (DIF Madero).<\/p>\n","protected":false},"excerpt":{"rendered":"<p>* S\u00e9 Del Gran Coraz\u00f3n De Los Maderenses Y Conf\u00edo En Que Tendremos Una Gran Respuesta, Hay Muchas Formas De&hellip;<\/p>\n","protected":false},"author":1,"featured_media":0,"comment_status":"open","ping_status":"open","sticky":false,"template":"","format":"standard","meta":{"footnotes":""},"categories":[4],"tags":[],"class_list":["post-965","post","type-post","status-publish","format-standard","hentry","category-madero"],"yoast_head":"<!-- This site is optimized with the Yoast SEO plugin v27.5 - https:\/\/yoast.com\/product\/yoast-seo-wordpress\/ -->\n<title>\u201cREGALA UNA ESPERANZA\u201d CAMPA\u00d1A DEL DIF MADERO PARA DONAR JUGUETES, DULCES Y PI\u00d1ATAS - EL INFORMATIVO DE TAMAULIPAS<\/title>\n<meta name=\"description\" content=\"* S\u00e9 Del Gran Coraz\u00f3n De Los Maderenses Y Conf\u00edo En Que Tendremos Una Gran Respuesta, Hay Muchas Formas De Apoyar: Ana Cristina Organista de\" \/>\n<meta name=\"robots\" content=\"index, follow, max-snippet:-1, max-image-preview:large, max-video-preview:-1\" \/>\n<link rel=\"canonical\" href=\"https:\/\/elinformativotam.com\/index.php\/2019\/12\/06\/regala-una-esperanza-campana-del-dif-madero-para-donar-juguetes-dulces-y-pinatas\/\" \/>\n<meta property=\"og:locale\" content=\"es_MX\" \/>\n<meta property=\"og:type\" content=\"article\" \/>\n<meta property=\"og:title\" content=\"\u201cREGALA UNA ESPERANZA\u201d CAMPA\u00d1A DEL DIF MADERO PARA DONAR JUGUETES, DULCES Y PI\u00d1ATAS - EL INFORMATIVO DE TAMAULIPAS\" \/>\n<meta property=\"og:description\" content=\"* S\u00e9 Del Gran Coraz\u00f3n De Los Maderenses Y Conf\u00edo En Que Tendremos Una Gran Respuesta, Hay Muchas Formas De Apoyar: Ana Cristina Organista de\" \/>\n<meta property=\"og:url\" content=\"https:\/\/elinformativotam.com\/index.php\/2019\/12\/06\/regala-una-esperanza-campana-del-dif-madero-para-donar-juguetes-dulces-y-pinatas\/\" \/>\n<meta property=\"og:site_name\" content=\"EL INFORMATIVO DE TAMAULIPAS\" \/>\n<meta property=\"article:published_time\" content=\"2019-12-07T01:06:52+00:00\" \/>\n<meta property=\"og:image\" content=\"http:\/\/elinformativotam.com\/wp-content\/uploads\/2019\/12\/cristina-207x300.jpg\" \/>\n<meta name=\"author\" content=\"El Informativo Tam\" \/>\n<meta name=\"twitter:card\" content=\"summary_large_image\" \/>\n<meta name=\"twitter:label1\" content=\"Escrito por\" \/>\n\t<meta name=\"twitter:data1\" content=\"El Informativo Tam\" \/>\n\t<meta name=\"twitter:label2\" content=\"Tiempo de lectura\" \/>\n\t<meta name=\"twitter:data2\" content=\"2 minutos\" \/>\n<script type=\"application\/ld+json\" class=\"yoast-schema-graph\">{\"@context\":\"https:\\\/\\\/schema.org\",\"@graph\":[{\"@type\":\"Article\",\"@id\":\"https:\\\/\\\/elinformativotam.com\\\/index.php\\\/2019\\\/12\\\/06\\\/regala-una-esperanza-campana-del-dif-madero-para-donar-juguetes-dulces-y-pinatas\\\/#article\",\"isPartOf\":{\"@id\":\"https:\\\/\\\/elinformativotam.com\\\/index.php\\\/2019\\\/12\\\/06\\\/regala-una-esperanza-campana-del-dif-madero-para-donar-juguetes-dulces-y-pinatas\\\/\"},\"author\":{\"name\":\"El Informativo Tam\",\"@id\":\"https:\\\/\\\/elinformativotam.com\\\/#\\\/schema\\\/person\\\/78e08040eed0f6110f0c5f83b6153590\"},\"headline\":\"\u201cREGALA UNA ESPERANZA\u201d CAMPA\u00d1A DEL DIF MADERO PARA DONAR JUGUETES, DULCES Y PI\u00d1ATAS\",\"datePublished\":\"2019-12-07T01:06:52+00:00\",\"mainEntityOfPage\":{\"@id\":\"https:\\\/\\\/elinformativotam.com\\\/index.php\\\/2019\\\/12\\\/06\\\/regala-una-esperanza-campana-del-dif-madero-para-donar-juguetes-dulces-y-pinatas\\\/\"},\"wordCount\":368,\"commentCount\":0,\"publisher\":{\"@id\":\"https:\\\/\\\/elinformativotam.com\\\/#organization\"},\"image\":{\"@id\":\"https:\\\/\\\/elinformativotam.com\\\/index.php\\\/2019\\\/12\\\/06\\\/regala-una-esperanza-campana-del-dif-madero-para-donar-juguetes-dulces-y-pinatas\\\/#primaryimage\"},\"thumbnailUrl\":\"http:\\\/\\\/elinformativotam.com\\\/wp-content\\\/uploads\\\/2019\\\/12\\\/cristina-207x300.jpg\",\"articleSection\":[\"Cd Madero\"],\"inLanguage\":\"es\",\"potentialAction\":[{\"@type\":\"CommentAction\",\"name\":\"Comment\",\"target\":[\"https:\\\/\\\/elinformativotam.com\\\/index.php\\\/2019\\\/12\\\/06\\\/regala-una-esperanza-campana-del-dif-madero-para-donar-juguetes-dulces-y-pinatas\\\/#respond\"]}]},{\"@type\":\"WebPage\",\"@id\":\"https:\\\/\\\/elinformativotam.com\\\/index.php\\\/2019\\\/12\\\/06\\\/regala-una-esperanza-campana-del-dif-madero-para-donar-juguetes-dulces-y-pinatas\\\/\",\"url\":\"https:\\\/\\\/elinformativotam.com\\\/index.php\\\/2019\\\/12\\\/06\\\/regala-una-esperanza-campana-del-dif-madero-para-donar-juguetes-dulces-y-pinatas\\\/\",\"name\":\"\u201cREGALA UNA ESPERANZA\u201d CAMPA\u00d1A DEL DIF MADERO PARA DONAR JUGUETES, DULCES Y PI\u00d1ATAS - EL INFORMATIVO DE TAMAULIPAS\",\"isPartOf\":{\"@id\":\"https:\\\/\\\/elinformativotam.com\\\/#website\"},\"primaryImageOfPage\":{\"@id\":\"https:\\\/\\\/elinformativotam.com\\\/index.php\\\/2019\\\/12\\\/06\\\/regala-una-esperanza-campana-del-dif-madero-para-donar-juguetes-dulces-y-pinatas\\\/#primaryimage\"},\"image\":{\"@id\":\"https:\\\/\\\/elinformativotam.com\\\/index.php\\\/2019\\\/12\\\/06\\\/regala-una-esperanza-campana-del-dif-madero-para-donar-juguetes-dulces-y-pinatas\\\/#primaryimage\"},\"thumbnailUrl\":\"http:\\\/\\\/elinformativotam.com\\\/wp-content\\\/uploads\\\/2019\\\/12\\\/cristina-207x300.jpg\",\"datePublished\":\"2019-12-07T01:06:52+00:00\",\"description\":\"* S\u00e9 Del Gran Coraz\u00f3n De Los Maderenses Y Conf\u00edo En Que Tendremos Una Gran Respuesta, Hay Muchas Formas De Apoyar: Ana Cristina Organista de\",\"inLanguage\":\"es\",\"potentialAction\":[{\"@type\":\"ReadAction\",\"target\":[\"https:\\\/\\\/elinformativotam.com\\\/index.php\\\/2019\\\/12\\\/06\\\/regala-una-esperanza-campana-del-dif-madero-para-donar-juguetes-dulces-y-pinatas\\\/\"]}]},{\"@type\":\"ImageObject\",\"inLanguage\":\"es\",\"@id\":\"https:\\\/\\\/elinformativotam.com\\\/index.php\\\/2019\\\/12\\\/06\\\/regala-una-esperanza-campana-del-dif-madero-para-donar-juguetes-dulces-y-pinatas\\\/#primaryimage\",\"url\":\"http:\\\/\\\/elinformativotam.com\\\/wp-content\\\/uploads\\\/2019\\\/12\\\/cristina-207x300.jpg\",\"contentUrl\":\"http:\\\/\\\/elinformativotam.com\\\/wp-content\\\/uploads\\\/2019\\\/12\\\/cristina-207x300.jpg\"},{\"@type\":\"WebSite\",\"@id\":\"https:\\\/\\\/elinformativotam.com\\\/#website\",\"url\":\"https:\\\/\\\/elinformativotam.com\\\/\",\"name\":\"EL INFORMATIVO DE TAMAULIPAS\",\"description\":\"Desde la Zona Metropolitana Para Todo M\u00e9xico\",\"publisher\":{\"@id\":\"https:\\\/\\\/elinformativotam.com\\\/#organization\"},\"potentialAction\":[{\"@type\":\"SearchAction\",\"target\":{\"@type\":\"EntryPoint\",\"urlTemplate\":\"https:\\\/\\\/elinformativotam.com\\\/?s={search_term_string}\"},\"query-input\":{\"@type\":\"PropertyValueSpecification\",\"valueRequired\":true,\"valueName\":\"search_term_string\"}}],\"inLanguage\":\"es\"},{\"@type\":\"Organization\",\"@id\":\"https:\\\/\\\/elinformativotam.com\\\/#organization\",\"name\":\"EL INFORMATIVO DE TAMAULIPAS\",\"url\":\"https:\\\/\\\/elinformativotam.com\\\/\",\"logo\":{\"@type\":\"ImageObject\",\"inLanguage\":\"es\",\"@id\":\"https:\\\/\\\/elinformativotam.com\\\/#\\\/schema\\\/logo\\\/image\\\/\",\"url\":\"https:\\\/\\\/elinformativotam.com\\\/wp-content\\\/uploads\\\/2026\\\/02\\\/Cabezal.png\",\"contentUrl\":\"https:\\\/\\\/elinformativotam.com\\\/wp-content\\\/uploads\\\/2026\\\/02\\\/Cabezal.png\",\"width\":960,\"height\":640,\"caption\":\"EL INFORMATIVO DE TAMAULIPAS\"},\"image\":{\"@id\":\"https:\\\/\\\/elinformativotam.com\\\/#\\\/schema\\\/logo\\\/image\\\/\"}},{\"@type\":\"Person\",\"@id\":\"https:\\\/\\\/elinformativotam.com\\\/#\\\/schema\\\/person\\\/78e08040eed0f6110f0c5f83b6153590\",\"name\":\"El Informativo Tam\",\"image\":{\"@type\":\"ImageObject\",\"inLanguage\":\"es\",\"@id\":\"https:\\\/\\\/secure.gravatar.com\\\/avatar\\\/f3b7ad3af540688955925ac610647be00b0cf41feea9c4978b73a707ee86bc53?s=96&d=mm&r=g\",\"url\":\"https:\\\/\\\/secure.gravatar.com\\\/avatar\\\/f3b7ad3af540688955925ac610647be00b0cf41feea9c4978b73a707ee86bc53?s=96&d=mm&r=g\",\"contentUrl\":\"https:\\\/\\\/secure.gravatar.com\\\/avatar\\\/f3b7ad3af540688955925ac610647be00b0cf41feea9c4978b73a707ee86bc53?s=96&d=mm&r=g\",\"caption\":\"El Informativo Tam\"}}]}<\/script>\n<!-- \/ Yoast SEO plugin. -->","yoast_head_json":{"title":"\u201cREGALA UNA ESPERANZA\u201d CAMPA\u00d1A DEL DIF MADERO PARA DONAR JUGUETES, DULCES Y PI\u00d1ATAS - EL INFORMATIVO DE TAMAULIPAS","description":"* S\u00e9 Del Gran Coraz\u00f3n De Los Maderenses Y Conf\u00edo En Que Tendremos Una Gran Respuesta, Hay Muchas Formas De Apoyar: Ana Cristina Organista de","robots":{"index":"index","follow":"follow","max-snippet":"max-snippet:-1","max-image-preview":"max-image-preview:large","max-video-preview":"max-video-preview:-1"},"canonical":"https:\/\/elinformativotam.com\/index.php\/2019\/12\/06\/regala-una-esperanza-campana-del-dif-madero-para-donar-juguetes-dulces-y-pinatas\/","og_locale":"es_MX","og_type":"article","og_title":"\u201cREGALA UNA ESPERANZA\u201d CAMPA\u00d1A DEL DIF MADERO PARA DONAR JUGUETES, DULCES Y PI\u00d1ATAS - EL INFORMATIVO DE TAMAULIPAS","og_description":"* S\u00e9 Del Gran Coraz\u00f3n De Los Maderenses Y Conf\u00edo En Que Tendremos Una Gran Respuesta, Hay Muchas Formas De Apoyar: Ana Cristina Organista de","og_url":"https:\/\/elinformativotam.com\/index.php\/2019\/12\/06\/regala-una-esperanza-campana-del-dif-madero-para-donar-juguetes-dulces-y-pinatas\/","og_site_name":"EL INFORMATIVO DE TAMAULIPAS","article_published_time":"2019-12-07T01:06:52+00:00","og_image":[{"url":"http:\/\/elinformativotam.com\/wp-content\/uploads\/2019\/12\/cristina-207x300.jpg","type":"","width":"","height":""}],"author":"El Informativo Tam","twitter_card":"summary_large_image","twitter_misc":{"Escrito por":"El Informativo Tam","Tiempo de lectura":"2 minutos"},"schema":{"@context":"https:\/\/schema.org","@graph":[{"@type":"Article","@id":"https:\/\/elinformativotam.com\/index.php\/2019\/12\/06\/regala-una-esperanza-campana-del-dif-madero-para-donar-juguetes-dulces-y-pinatas\/#article","isPartOf":{"@id":"https:\/\/elinformativotam.com\/index.php\/2019\/12\/06\/regala-una-esperanza-campana-del-dif-madero-para-donar-juguetes-dulces-y-pinatas\/"},"author":{"name":"El Informativo Tam","@id":"https:\/\/elinformativotam.com\/#\/schema\/person\/78e08040eed0f6110f0c5f83b6153590"},"headline":"\u201cREGALA UNA ESPERANZA\u201d CAMPA\u00d1A DEL DIF MADERO PARA DONAR JUGUETES, DULCES Y PI\u00d1ATAS","datePublished":"2019-12-07T01:06:52+00:00","mainEntityOfPage":{"@id":"https:\/\/elinformativotam.com\/index.php\/2019\/12\/06\/regala-una-esperanza-campana-del-dif-madero-para-donar-juguetes-dulces-y-pinatas\/"},"wordCount":368,"commentCount":0,"publisher":{"@id":"https:\/\/elinformativotam.com\/#organization"},"image":{"@id":"https:\/\/elinformativotam.com\/index.php\/2019\/12\/06\/regala-una-esperanza-campana-del-dif-madero-para-donar-juguetes-dulces-y-pinatas\/#primaryimage"},"thumbnailUrl":"http:\/\/elinformativotam.com\/wp-content\/uploads\/2019\/12\/cristina-207x300.jpg","articleSection":["Cd Madero"],"inLanguage":"es","potentialAction":[{"@type":"CommentAction","name":"Comment","target":["https:\/\/elinformativotam.com\/index.php\/2019\/12\/06\/regala-una-esperanza-campana-del-dif-madero-para-donar-juguetes-dulces-y-pinatas\/#respond"]}]},{"@type":"WebPage","@id":"https:\/\/elinformativotam.com\/index.php\/2019\/12\/06\/regala-una-esperanza-campana-del-dif-madero-para-donar-juguetes-dulces-y-pinatas\/","url":"https:\/\/elinformativotam.com\/index.php\/2019\/12\/06\/regala-una-esperanza-campana-del-dif-madero-para-donar-juguetes-dulces-y-pinatas\/","name":"\u201cREGALA UNA ESPERANZA\u201d CAMPA\u00d1A DEL DIF MADERO PARA DONAR JUGUETES, DULCES Y PI\u00d1ATAS - EL INFORMATIVO DE TAMAULIPAS","isPartOf":{"@id":"https:\/\/elinformativotam.com\/#website"},"primaryImageOfPage":{"@id":"https:\/\/elinformativotam.com\/index.php\/2019\/12\/06\/regala-una-esperanza-campana-del-dif-madero-para-donar-juguetes-dulces-y-pinatas\/#primaryimage"},"image":{"@id":"https:\/\/elinformativotam.com\/index.php\/2019\/12\/06\/regala-una-esperanza-campana-del-dif-madero-para-donar-juguetes-dulces-y-pinatas\/#primaryimage"},"thumbnailUrl":"http:\/\/elinformativotam.com\/wp-content\/uploads\/2019\/12\/cristina-207x300.jpg","datePublished":"2019-12-07T01:06:52+00:00","description":"* S\u00e9 Del Gran Coraz\u00f3n De Los Maderenses Y Conf\u00edo En Que Tendremos Una Gran Respuesta, Hay Muchas Formas De Apoyar: Ana Cristina Organista de","inLanguage":"es","potentialAction":[{"@type":"ReadAction","target":["https:\/\/elinformativotam.com\/index.php\/2019\/12\/06\/regala-una-esperanza-campana-del-dif-madero-para-donar-juguetes-dulces-y-pinatas\/"]}]},{"@type":"ImageObject","inLanguage":"es","@id":"https:\/\/elinformativotam.com\/index.php\/2019\/12\/06\/regala-una-esperanza-campana-del-dif-madero-para-donar-juguetes-dulces-y-pinatas\/#primaryimage","url":"http:\/\/elinformativotam.com\/wp-content\/uploads\/2019\/12\/cristina-207x300.jpg","contentUrl":"http:\/\/elinformativotam.com\/wp-content\/uploads\/2019\/12\/cristina-207x300.jpg"},{"@type":"WebSite","@id":"https:\/\/elinformativotam.com\/#website","url":"https:\/\/elinformativotam.com\/","name":"EL INFORMATIVO DE TAMAULIPAS","description":"Desde la Zona Metropolitana Para Todo M\u00e9xico","publisher":{"@id":"https:\/\/elinformativotam.com\/#organization"},"potentialAction":[{"@type":"SearchAction","target":{"@type":"EntryPoint","urlTemplate":"https:\/\/elinformativotam.com\/?s={search_term_string}"},"query-input":{"@type":"PropertyValueSpecification","valueRequired":true,"valueName":"search_term_string"}}],"inLanguage":"es"},{"@type":"Organization","@id":"https:\/\/elinformativotam.com\/#organization","name":"EL INFORMATIVO DE TAMAULIPAS","url":"https:\/\/elinformativotam.com\/","logo":{"@type":"ImageObject","inLanguage":"es","@id":"https:\/\/elinformativotam.com\/#\/schema\/logo\/image\/","url":"https:\/\/elinformativotam.com\/wp-content\/uploads\/2026\/02\/Cabezal.png","contentUrl":"https:\/\/elinformativotam.com\/wp-content\/uploads\/2026\/02\/Cabezal.png","width":960,"height":640,"caption":"EL INFORMATIVO DE TAMAULIPAS"},"image":{"@id":"https:\/\/elinformativotam.com\/#\/schema\/logo\/image\/"}},{"@type":"Person","@id":"https:\/\/elinformativotam.com\/#\/schema\/person\/78e08040eed0f6110f0c5f83b6153590","name":"El Informativo Tam","image":{"@type":"ImageObject","inLanguage":"es","@id":"https:\/\/secure.gravatar.com\/avatar\/f3b7ad3af540688955925ac610647be00b0cf41feea9c4978b73a707ee86bc53?s=96&d=mm&r=g","url":"https:\/\/secure.gravatar.com\/avatar\/f3b7ad3af540688955925ac610647be00b0cf41feea9c4978b73a707ee86bc53?s=96&d=mm&r=g","contentUrl":"https:\/\/secure.gravatar.com\/avatar\/f3b7ad3af540688955925ac610647be00b0cf41feea9c4978b73a707ee86bc53?s=96&d=mm&r=g","caption":"El Informativo Tam"}}]}},"_links":{"self":[{"href":"https:\/\/elinformativotam.com\/index.php\/wp-json\/wp\/v2\/posts\/965","targetHints":{"allow":["GET"]}}],"collection":[{"href":"https:\/\/elinformativotam.com\/index.php\/wp-json\/wp\/v2\/posts"}],"about":[{"href":"https:\/\/elinformativotam.com\/index.php\/wp-json\/wp\/v2\/types\/post"}],"author":[{"embeddable":true,"href":"https:\/\/elinformativotam.com\/index.php\/wp-json\/wp\/v2\/users\/1"}],"replies":[{"embeddable":true,"href":"https:\/\/elinformativotam.com\/index.php\/wp-json\/wp\/v2\/comments?post=965"}],"version-history":[{"count":0,"href":"https:\/\/elinformativotam.com\/index.php\/wp-json\/wp\/v2\/posts\/965\/revisions"}],"wp:attachment":[{"href":"https:\/\/elinformativotam.com\/index.php\/wp-json\/wp\/v2\/media?parent=965"}],"wp:term":[{"taxonomy":"category","embeddable":true,"href":"https:\/\/elinformativotam.com\/index.php\/wp-json\/wp\/v2\/categories?post=965"},{"taxonomy":"post_tag","embeddable":true,"href":"https:\/\/elinformativotam.com\/index.php\/wp-json\/wp\/v2\/tags?post=965"}],"curies":[{"name":"wp","href":"https:\/\/api.w.org\/{rel}","templated":true}]}}