{"id":93,"date":"2019-10-04T23:03:02","date_gmt":"2019-10-05T05:03:02","guid":{"rendered":"http:\/\/elinformativotam.com\/?p=93"},"modified":"2019-10-04T23:03:03","modified_gmt":"2019-10-05T05:03:03","slug":"nueve-transitos-de-madero-son-amonestados","status":"publish","type":"post","link":"https:\/\/elinformativotam.com\/index.php\/2019\/10\/04\/nueve-transitos-de-madero-son-amonestados\/","title":{"rendered":"Nueve Tr\u00e1nsitos de Madero Son Amonestados"},"content":{"rendered":"\n<p> Un total de nueve tr\u00e1nsitos han sido &#8220;amonestados&#8221;, por mal comportamiento con los ciudadanos, se\u00f1al\u00f3 el contralor de Ciudad Madero, Fernando Rodr\u00edguez Ruiz. &#8220;Todas las quejas que han llegado se han atendido en tiempo y forma y pues han llegado a su t\u00e9rmino tenemos como unas nueve denuncias que ya han sido concluidas&#8221; El funcionario municipal explic\u00f3 que hasta el momento no han sido dados de baja, solo es amonestaci\u00f3n como una forma de reflexi\u00f3n para dar un buen trato a los ciudadanos al momento de realizar una infracci\u00f3n. Refiri\u00f3 que las quejas de los ciudadanos son a consecuencia de que no les parece, y se quejan de que los tr\u00e1nsitos son prepotentes, o que los infraccionaron sin raz\u00f3n, entre otros asuntos.  <\/p>\n\n\n\n<p>\u201cSon situaciones que se presentan en la calle, los conductores que a veces son amonestados por Tr\u00e1nsito no les parece y vienen y presentan la denuncia, pero luego no presentan pruebas, no presentan testigos. No ha habido bajas, ha habido amonestados, todos los elementos que han sido denunciados han sido amonestados para que manejen una mejor conducta all\u00e1 afuera\u201d <\/p>\n\n\n\n<p><\/p>\n","protected":false},"excerpt":{"rendered":"<p>Un total de nueve tr\u00e1nsitos han sido &#8220;amonestados&#8221;, por mal comportamiento con los ciudadanos, se\u00f1al\u00f3 el contralor de Ciudad Madero,&hellip;<\/p>\n","protected":false},"author":1,"featured_media":0,"comment_status":"open","ping_status":"open","sticky":false,"template":"","format":"standard","meta":{"footnotes":""},"categories":[4],"tags":[],"class_list":["post-93","post","type-post","status-publish","format-standard","hentry","category-madero"],"yoast_head":"<!-- This site is optimized with the Yoast SEO plugin v27.5 - https:\/\/yoast.com\/product\/yoast-seo-wordpress\/ -->\n<title>Nueve Tr\u00e1nsitos de Madero Son Amonestados - EL INFORMATIVO DE TAMAULIPAS<\/title>\n<meta name=\"description\" content=\"Un total de nueve tr\u00e1nsitos han sido &quot;amonestados&quot;, por mal comportamiento con los ciudadanos, se\u00f1al\u00f3 el contralor de Ciudad Madero, Fernando Rodr\u00edguez\" \/>\n<meta name=\"robots\" content=\"index, follow, max-snippet:-1, max-image-preview:large, max-video-preview:-1\" \/>\n<link rel=\"canonical\" href=\"https:\/\/elinformativotam.com\/index.php\/2019\/10\/04\/nueve-transitos-de-madero-son-amonestados\/\" \/>\n<meta property=\"og:locale\" content=\"es_MX\" \/>\n<meta property=\"og:type\" content=\"article\" \/>\n<meta property=\"og:title\" content=\"Nueve Tr\u00e1nsitos de Madero Son Amonestados - EL INFORMATIVO DE TAMAULIPAS\" \/>\n<meta property=\"og:description\" content=\"Un total de nueve tr\u00e1nsitos han sido &quot;amonestados&quot;, por mal comportamiento con los ciudadanos, se\u00f1al\u00f3 el contralor de Ciudad Madero, Fernando Rodr\u00edguez\" \/>\n<meta property=\"og:url\" content=\"https:\/\/elinformativotam.com\/index.php\/2019\/10\/04\/nueve-transitos-de-madero-son-amonestados\/\" \/>\n<meta property=\"og:site_name\" content=\"EL INFORMATIVO DE TAMAULIPAS\" \/>\n<meta property=\"article:published_time\" content=\"2019-10-05T05:03:02+00:00\" \/>\n<meta property=\"article:modified_time\" content=\"2019-10-05T05:03:03+00:00\" \/>\n<meta name=\"author\" content=\"El Informativo Tam\" \/>\n<meta name=\"twitter:card\" content=\"summary_large_image\" \/>\n<meta name=\"twitter:label1\" content=\"Escrito por\" \/>\n\t<meta name=\"twitter:data1\" content=\"El Informativo Tam\" \/>\n\t<meta name=\"twitter:label2\" content=\"Tiempo de lectura\" \/>\n\t<meta name=\"twitter:data2\" content=\"1 minuto\" \/>\n<script type=\"application\/ld+json\" class=\"yoast-schema-graph\">{\"@context\":\"https:\\\/\\\/schema.org\",\"@graph\":[{\"@type\":\"Article\",\"@id\":\"https:\\\/\\\/elinformativotam.com\\\/index.php\\\/2019\\\/10\\\/04\\\/nueve-transitos-de-madero-son-amonestados\\\/#article\",\"isPartOf\":{\"@id\":\"https:\\\/\\\/elinformativotam.com\\\/index.php\\\/2019\\\/10\\\/04\\\/nueve-transitos-de-madero-son-amonestados\\\/\"},\"author\":{\"name\":\"El Informativo Tam\",\"@id\":\"https:\\\/\\\/elinformativotam.com\\\/#\\\/schema\\\/person\\\/78e08040eed0f6110f0c5f83b6153590\"},\"headline\":\"Nueve Tr\u00e1nsitos de Madero Son Amonestados\",\"datePublished\":\"2019-10-05T05:03:02+00:00\",\"dateModified\":\"2019-10-05T05:03:03+00:00\",\"mainEntityOfPage\":{\"@id\":\"https:\\\/\\\/elinformativotam.com\\\/index.php\\\/2019\\\/10\\\/04\\\/nueve-transitos-de-madero-son-amonestados\\\/\"},\"wordCount\":198,\"commentCount\":0,\"publisher\":{\"@id\":\"https:\\\/\\\/elinformativotam.com\\\/#organization\"},\"articleSection\":[\"Cd Madero\"],\"inLanguage\":\"es\",\"potentialAction\":[{\"@type\":\"CommentAction\",\"name\":\"Comment\",\"target\":[\"https:\\\/\\\/elinformativotam.com\\\/index.php\\\/2019\\\/10\\\/04\\\/nueve-transitos-de-madero-son-amonestados\\\/#respond\"]}]},{\"@type\":\"WebPage\",\"@id\":\"https:\\\/\\\/elinformativotam.com\\\/index.php\\\/2019\\\/10\\\/04\\\/nueve-transitos-de-madero-son-amonestados\\\/\",\"url\":\"https:\\\/\\\/elinformativotam.com\\\/index.php\\\/2019\\\/10\\\/04\\\/nueve-transitos-de-madero-son-amonestados\\\/\",\"name\":\"Nueve Tr\u00e1nsitos de Madero Son Amonestados - EL INFORMATIVO DE TAMAULIPAS\",\"isPartOf\":{\"@id\":\"https:\\\/\\\/elinformativotam.com\\\/#website\"},\"datePublished\":\"2019-10-05T05:03:02+00:00\",\"dateModified\":\"2019-10-05T05:03:03+00:00\",\"description\":\"Un total de nueve tr\u00e1nsitos han sido \\\"amonestados\\\", por mal comportamiento con los ciudadanos, se\u00f1al\u00f3 el contralor de Ciudad Madero, Fernando Rodr\u00edguez\",\"inLanguage\":\"es\",\"potentialAction\":[{\"@type\":\"ReadAction\",\"target\":[\"https:\\\/\\\/elinformativotam.com\\\/index.php\\\/2019\\\/10\\\/04\\\/nueve-transitos-de-madero-son-amonestados\\\/\"]}]},{\"@type\":\"WebSite\",\"@id\":\"https:\\\/\\\/elinformativotam.com\\\/#website\",\"url\":\"https:\\\/\\\/elinformativotam.com\\\/\",\"name\":\"EL INFORMATIVO DE TAMAULIPAS\",\"description\":\"Desde la Zona Metropolitana Para Todo M\u00e9xico\",\"publisher\":{\"@id\":\"https:\\\/\\\/elinformativotam.com\\\/#organization\"},\"potentialAction\":[{\"@type\":\"SearchAction\",\"target\":{\"@type\":\"EntryPoint\",\"urlTemplate\":\"https:\\\/\\\/elinformativotam.com\\\/?s={search_term_string}\"},\"query-input\":{\"@type\":\"PropertyValueSpecification\",\"valueRequired\":true,\"valueName\":\"search_term_string\"}}],\"inLanguage\":\"es\"},{\"@type\":\"Organization\",\"@id\":\"https:\\\/\\\/elinformativotam.com\\\/#organization\",\"name\":\"EL INFORMATIVO DE TAMAULIPAS\",\"url\":\"https:\\\/\\\/elinformativotam.com\\\/\",\"logo\":{\"@type\":\"ImageObject\",\"inLanguage\":\"es\",\"@id\":\"https:\\\/\\\/elinformativotam.com\\\/#\\\/schema\\\/logo\\\/image\\\/\",\"url\":\"https:\\\/\\\/elinformativotam.com\\\/wp-content\\\/uploads\\\/2026\\\/02\\\/Cabezal.png\",\"contentUrl\":\"https:\\\/\\\/elinformativotam.com\\\/wp-content\\\/uploads\\\/2026\\\/02\\\/Cabezal.png\",\"width\":960,\"height\":640,\"caption\":\"EL INFORMATIVO DE TAMAULIPAS\"},\"image\":{\"@id\":\"https:\\\/\\\/elinformativotam.com\\\/#\\\/schema\\\/logo\\\/image\\\/\"}},{\"@type\":\"Person\",\"@id\":\"https:\\\/\\\/elinformativotam.com\\\/#\\\/schema\\\/person\\\/78e08040eed0f6110f0c5f83b6153590\",\"name\":\"El Informativo Tam\",\"image\":{\"@type\":\"ImageObject\",\"inLanguage\":\"es\",\"@id\":\"https:\\\/\\\/secure.gravatar.com\\\/avatar\\\/f3b7ad3af540688955925ac610647be00b0cf41feea9c4978b73a707ee86bc53?s=96&d=mm&r=g\",\"url\":\"https:\\\/\\\/secure.gravatar.com\\\/avatar\\\/f3b7ad3af540688955925ac610647be00b0cf41feea9c4978b73a707ee86bc53?s=96&d=mm&r=g\",\"contentUrl\":\"https:\\\/\\\/secure.gravatar.com\\\/avatar\\\/f3b7ad3af540688955925ac610647be00b0cf41feea9c4978b73a707ee86bc53?s=96&d=mm&r=g\",\"caption\":\"El Informativo Tam\"}}]}<\/script>\n<!-- \/ Yoast SEO plugin. -->","yoast_head_json":{"title":"Nueve Tr\u00e1nsitos de Madero Son Amonestados - EL INFORMATIVO DE TAMAULIPAS","description":"Un total de nueve tr\u00e1nsitos han sido \"amonestados\", por mal comportamiento con los ciudadanos, se\u00f1al\u00f3 el contralor de Ciudad Madero, Fernando Rodr\u00edguez","robots":{"index":"index","follow":"follow","max-snippet":"max-snippet:-1","max-image-preview":"max-image-preview:large","max-video-preview":"max-video-preview:-1"},"canonical":"https:\/\/elinformativotam.com\/index.php\/2019\/10\/04\/nueve-transitos-de-madero-son-amonestados\/","og_locale":"es_MX","og_type":"article","og_title":"Nueve Tr\u00e1nsitos de Madero Son Amonestados - EL INFORMATIVO DE TAMAULIPAS","og_description":"Un total de nueve tr\u00e1nsitos han sido \"amonestados\", por mal comportamiento con los ciudadanos, se\u00f1al\u00f3 el contralor de Ciudad Madero, Fernando Rodr\u00edguez","og_url":"https:\/\/elinformativotam.com\/index.php\/2019\/10\/04\/nueve-transitos-de-madero-son-amonestados\/","og_site_name":"EL INFORMATIVO DE TAMAULIPAS","article_published_time":"2019-10-05T05:03:02+00:00","article_modified_time":"2019-10-05T05:03:03+00:00","author":"El Informativo Tam","twitter_card":"summary_large_image","twitter_misc":{"Escrito por":"El Informativo Tam","Tiempo de lectura":"1 minuto"},"schema":{"@context":"https:\/\/schema.org","@graph":[{"@type":"Article","@id":"https:\/\/elinformativotam.com\/index.php\/2019\/10\/04\/nueve-transitos-de-madero-son-amonestados\/#article","isPartOf":{"@id":"https:\/\/elinformativotam.com\/index.php\/2019\/10\/04\/nueve-transitos-de-madero-son-amonestados\/"},"author":{"name":"El Informativo Tam","@id":"https:\/\/elinformativotam.com\/#\/schema\/person\/78e08040eed0f6110f0c5f83b6153590"},"headline":"Nueve Tr\u00e1nsitos de Madero Son Amonestados","datePublished":"2019-10-05T05:03:02+00:00","dateModified":"2019-10-05T05:03:03+00:00","mainEntityOfPage":{"@id":"https:\/\/elinformativotam.com\/index.php\/2019\/10\/04\/nueve-transitos-de-madero-son-amonestados\/"},"wordCount":198,"commentCount":0,"publisher":{"@id":"https:\/\/elinformativotam.com\/#organization"},"articleSection":["Cd Madero"],"inLanguage":"es","potentialAction":[{"@type":"CommentAction","name":"Comment","target":["https:\/\/elinformativotam.com\/index.php\/2019\/10\/04\/nueve-transitos-de-madero-son-amonestados\/#respond"]}]},{"@type":"WebPage","@id":"https:\/\/elinformativotam.com\/index.php\/2019\/10\/04\/nueve-transitos-de-madero-son-amonestados\/","url":"https:\/\/elinformativotam.com\/index.php\/2019\/10\/04\/nueve-transitos-de-madero-son-amonestados\/","name":"Nueve Tr\u00e1nsitos de Madero Son Amonestados - EL INFORMATIVO DE TAMAULIPAS","isPartOf":{"@id":"https:\/\/elinformativotam.com\/#website"},"datePublished":"2019-10-05T05:03:02+00:00","dateModified":"2019-10-05T05:03:03+00:00","description":"Un total de nueve tr\u00e1nsitos han sido \"amonestados\", por mal comportamiento con los ciudadanos, se\u00f1al\u00f3 el contralor de Ciudad Madero, Fernando Rodr\u00edguez","inLanguage":"es","potentialAction":[{"@type":"ReadAction","target":["https:\/\/elinformativotam.com\/index.php\/2019\/10\/04\/nueve-transitos-de-madero-son-amonestados\/"]}]},{"@type":"WebSite","@id":"https:\/\/elinformativotam.com\/#website","url":"https:\/\/elinformativotam.com\/","name":"EL INFORMATIVO DE TAMAULIPAS","description":"Desde la Zona Metropolitana Para Todo M\u00e9xico","publisher":{"@id":"https:\/\/elinformativotam.com\/#organization"},"potentialAction":[{"@type":"SearchAction","target":{"@type":"EntryPoint","urlTemplate":"https:\/\/elinformativotam.com\/?s={search_term_string}"},"query-input":{"@type":"PropertyValueSpecification","valueRequired":true,"valueName":"search_term_string"}}],"inLanguage":"es"},{"@type":"Organization","@id":"https:\/\/elinformativotam.com\/#organization","name":"EL INFORMATIVO DE TAMAULIPAS","url":"https:\/\/elinformativotam.com\/","logo":{"@type":"ImageObject","inLanguage":"es","@id":"https:\/\/elinformativotam.com\/#\/schema\/logo\/image\/","url":"https:\/\/elinformativotam.com\/wp-content\/uploads\/2026\/02\/Cabezal.png","contentUrl":"https:\/\/elinformativotam.com\/wp-content\/uploads\/2026\/02\/Cabezal.png","width":960,"height":640,"caption":"EL INFORMATIVO DE TAMAULIPAS"},"image":{"@id":"https:\/\/elinformativotam.com\/#\/schema\/logo\/image\/"}},{"@type":"Person","@id":"https:\/\/elinformativotam.com\/#\/schema\/person\/78e08040eed0f6110f0c5f83b6153590","name":"El Informativo Tam","image":{"@type":"ImageObject","inLanguage":"es","@id":"https:\/\/secure.gravatar.com\/avatar\/f3b7ad3af540688955925ac610647be00b0cf41feea9c4978b73a707ee86bc53?s=96&d=mm&r=g","url":"https:\/\/secure.gravatar.com\/avatar\/f3b7ad3af540688955925ac610647be00b0cf41feea9c4978b73a707ee86bc53?s=96&d=mm&r=g","contentUrl":"https:\/\/secure.gravatar.com\/avatar\/f3b7ad3af540688955925ac610647be00b0cf41feea9c4978b73a707ee86bc53?s=96&d=mm&r=g","caption":"El Informativo Tam"}}]}},"_links":{"self":[{"href":"https:\/\/elinformativotam.com\/index.php\/wp-json\/wp\/v2\/posts\/93","targetHints":{"allow":["GET"]}}],"collection":[{"href":"https:\/\/elinformativotam.com\/index.php\/wp-json\/wp\/v2\/posts"}],"about":[{"href":"https:\/\/elinformativotam.com\/index.php\/wp-json\/wp\/v2\/types\/post"}],"author":[{"embeddable":true,"href":"https:\/\/elinformativotam.com\/index.php\/wp-json\/wp\/v2\/users\/1"}],"replies":[{"embeddable":true,"href":"https:\/\/elinformativotam.com\/index.php\/wp-json\/wp\/v2\/comments?post=93"}],"version-history":[{"count":0,"href":"https:\/\/elinformativotam.com\/index.php\/wp-json\/wp\/v2\/posts\/93\/revisions"}],"wp:attachment":[{"href":"https:\/\/elinformativotam.com\/index.php\/wp-json\/wp\/v2\/media?parent=93"}],"wp:term":[{"taxonomy":"category","embeddable":true,"href":"https:\/\/elinformativotam.com\/index.php\/wp-json\/wp\/v2\/categories?post=93"},{"taxonomy":"post_tag","embeddable":true,"href":"https:\/\/elinformativotam.com\/index.php\/wp-json\/wp\/v2\/tags?post=93"}],"curies":[{"name":"wp","href":"https:\/\/api.w.org\/{rel}","templated":true}]}}