{"id":909,"date":"2019-12-03T18:33:00","date_gmt":"2019-12-04T00:33:00","guid":{"rendered":"http:\/\/elinformativotam.com\/?p=909"},"modified":"2019-12-03T18:33:00","modified_gmt":"2019-12-04T00:33:00","slug":"pone-en-marcha-aida-feres-de-nader-campana-vamos-respetando-sus-espacios","status":"publish","type":"post","link":"https:\/\/elinformativotam.com\/index.php\/2019\/12\/03\/pone-en-marcha-aida-feres-de-nader-campana-vamos-respetando-sus-espacios\/","title":{"rendered":"PONE EN MARCHA A\u00cdDA F\u00c9RES DE NADER  CAMPA\u00d1A &#8220;VAMOS RESPETANDO SUS ESPACIOS&#8221;"},"content":{"rendered":"<p>&nbsp;<\/p>\n<h3><em><strong>*Exhorta A La Ciudadan\u00eda A No Obstruir Rampas Y Lugares Exclusivos Para Personas Con Discapacidad.<\/strong><\/em><\/h3>\n<p>&nbsp;<\/p>\n<p>Con la finalidad de promover una cultura social de respeto a los derechos de las personas con discapacidad, la Presidenta del sistema DIF Tampico, A\u00edda F\u00e9res de Nader puso en marcha el Programa \u201cVamos Respetando sus Espacios\u201d, en una ceremonia efectuada en la Plaza de Armas; donde convoc\u00f3 a la poblaci\u00f3n a formar parte de una nueva actitud ciudadana que privilegie el respeto a los lugares asignados para las personas con discapacidad.<\/p>\n<p>&nbsp;<\/p>\n<p>\u201cNos duele ver a personas en sillas de ruedas, con muletas o andadores; batallar o hasta poner en riesgo su integridad y su vida porque una rampa fue bloqueada, o tener que recorrer una distancia larga porque alguien, que no lo necesita, se estacion\u00f3 en un caj\u00f3n exclusivo para discapacitados\u201d, expres\u00f3.<\/p>\n<p>&nbsp;<\/p>\n<p>F\u00e9res de Nader reconoci\u00f3 el car\u00e1cter y perseverancia de las personas con discapacidad y resalt\u00f3 que su voluntad es un ejemplo de superaci\u00f3n para toda la sociedad.<\/p>\n<p>&nbsp;<\/p>\n<p>\u201cLas personas que enfrentan alguna discapacidad nos brindan todos los d\u00edas grandes lecciones de vida. Nos demuestran que cuando hay voluntad se pueden lograr muchas cosas, que los objetivos trazados se alcanzan con disciplina y constancia\u201d, dijo.<\/p>\n<p>&nbsp;<\/p>\n<p>Subray\u00f3 que los ciudadanos estamos obligados a facilitar el traslado y entender las dificultades que la vida cotidiana les plantea. &#8220;Debemos -expuso- facilitar su movilidad y tenemos que empezar por lo b\u00e1sico, no estacionarnos en sus lugares y no bloquear accesos especiales. Este llamado a la conciencia y la buena fe de todas las personas, deriva de un prop\u00f3sito com\u00fan; convertirnos en una sociedad m\u00e1s unida y solidaria\u201d.<\/p>\n<p>&nbsp;<\/p>\n<p>La Subdirectora del Centro de Rehabilitaci\u00f3n Integral del Sistema DIF Tampico, Mar\u00eda Ella Morales Gonz\u00e1lez, dio a conocer que el programa \u201cVamos Respetando sus Espacios\u201d, se puso en marcha de manera simult\u00e1nea en todos los municipios de la entidad.<\/p>\n<p>&nbsp;<\/p>\n<p>Por su parte el Secretario de Tr\u00e1nsito y Vialidad, David Ruiz Hurtado, hizo un llamado a los conductores a respetar los se\u00f1alamientos y cajones exclusivos para discapacitados y destac\u00f3 que la corporaci\u00f3n lleva cabo una permanente tarea de educaci\u00f3n vial donde fortalece una cultura de respeto hacia los espacios destinados a este sector de la poblaci\u00f3n.<\/p>\n<p>&nbsp;<\/p>\n<p>\u201cLa \u00fanica discapacidad en la vida es una mala actitud, tenemos que cambiar esa cultura por una buena educaci\u00f3n vial&#8221;, puntualiz\u00f3.<\/p>\n<p>&nbsp;<\/p>\n<p>Al finalizar la ceremonia, se procedi\u00f3 a la pinta de rampas y cajones de estacionamiento, as\u00ed como a la colocaci\u00f3n de calcoman\u00edas con leyendas del programa en los veh\u00edculos que circulaban por el primer cuadro de la ciudad.<\/p>\n<p>&nbsp;<\/p>\n","protected":false},"excerpt":{"rendered":"<p>&nbsp; *Exhorta A La Ciudadan\u00eda A No Obstruir Rampas Y Lugares Exclusivos Para Personas Con Discapacidad. &nbsp; Con la finalidad&hellip;<\/p>\n","protected":false},"author":1,"featured_media":0,"comment_status":"open","ping_status":"open","sticky":false,"template":"","format":"standard","meta":{"footnotes":""},"categories":[3],"tags":[],"class_list":["post-909","post","type-post","status-publish","format-standard","hentry","category-tampico"],"yoast_head":"<!-- This site is optimized with the Yoast SEO plugin v27.5 - https:\/\/yoast.com\/product\/yoast-seo-wordpress\/ -->\n<title>PONE EN MARCHA A\u00cdDA F\u00c9RES DE NADER CAMPA\u00d1A &quot;VAMOS RESPETANDO SUS ESPACIOS&quot; - EL INFORMATIVO DE TAMAULIPAS<\/title>\n<meta name=\"description\" content=\"&nbsp; *Exhorta A La Ciudadan\u00eda A No Obstruir Rampas Y Lugares Exclusivos Para Personas Con Discapacidad. &nbsp; Con la finalidad de promover una cultura\" \/>\n<meta name=\"robots\" content=\"index, follow, max-snippet:-1, max-image-preview:large, max-video-preview:-1\" \/>\n<link rel=\"canonical\" href=\"https:\/\/elinformativotam.com\/index.php\/2019\/12\/03\/pone-en-marcha-aida-feres-de-nader-campana-vamos-respetando-sus-espacios\/\" \/>\n<meta property=\"og:locale\" content=\"es_MX\" \/>\n<meta property=\"og:type\" content=\"article\" \/>\n<meta property=\"og:title\" content=\"PONE EN MARCHA A\u00cdDA F\u00c9RES DE NADER CAMPA\u00d1A &quot;VAMOS RESPETANDO SUS ESPACIOS&quot; - EL INFORMATIVO DE TAMAULIPAS\" \/>\n<meta property=\"og:description\" content=\"&nbsp; *Exhorta A La Ciudadan\u00eda A No Obstruir Rampas Y Lugares Exclusivos Para Personas Con Discapacidad. &nbsp; Con la finalidad de promover una cultura\" \/>\n<meta property=\"og:url\" content=\"https:\/\/elinformativotam.com\/index.php\/2019\/12\/03\/pone-en-marcha-aida-feres-de-nader-campana-vamos-respetando-sus-espacios\/\" \/>\n<meta property=\"og:site_name\" content=\"EL INFORMATIVO DE TAMAULIPAS\" \/>\n<meta property=\"article:published_time\" content=\"2019-12-04T00:33:00+00:00\" \/>\n<meta name=\"author\" content=\"El Informativo Tam\" \/>\n<meta name=\"twitter:card\" content=\"summary_large_image\" \/>\n<meta name=\"twitter:label1\" content=\"Escrito por\" \/>\n\t<meta name=\"twitter:data1\" content=\"El Informativo Tam\" \/>\n\t<meta name=\"twitter:label2\" content=\"Tiempo de lectura\" \/>\n\t<meta name=\"twitter:data2\" content=\"2 minutos\" \/>\n<script type=\"application\/ld+json\" class=\"yoast-schema-graph\">{\"@context\":\"https:\\\/\\\/schema.org\",\"@graph\":[{\"@type\":\"Article\",\"@id\":\"https:\\\/\\\/elinformativotam.com\\\/index.php\\\/2019\\\/12\\\/03\\\/pone-en-marcha-aida-feres-de-nader-campana-vamos-respetando-sus-espacios\\\/#article\",\"isPartOf\":{\"@id\":\"https:\\\/\\\/elinformativotam.com\\\/index.php\\\/2019\\\/12\\\/03\\\/pone-en-marcha-aida-feres-de-nader-campana-vamos-respetando-sus-espacios\\\/\"},\"author\":{\"name\":\"El Informativo Tam\",\"@id\":\"https:\\\/\\\/elinformativotam.com\\\/#\\\/schema\\\/person\\\/78e08040eed0f6110f0c5f83b6153590\"},\"headline\":\"PONE EN MARCHA A\u00cdDA F\u00c9RES DE NADER CAMPA\u00d1A &#8220;VAMOS RESPETANDO SUS ESPACIOS&#8221;\",\"datePublished\":\"2019-12-04T00:33:00+00:00\",\"mainEntityOfPage\":{\"@id\":\"https:\\\/\\\/elinformativotam.com\\\/index.php\\\/2019\\\/12\\\/03\\\/pone-en-marcha-aida-feres-de-nader-campana-vamos-respetando-sus-espacios\\\/\"},\"wordCount\":476,\"commentCount\":0,\"publisher\":{\"@id\":\"https:\\\/\\\/elinformativotam.com\\\/#organization\"},\"articleSection\":[\"Tampico\"],\"inLanguage\":\"es\",\"potentialAction\":[{\"@type\":\"CommentAction\",\"name\":\"Comment\",\"target\":[\"https:\\\/\\\/elinformativotam.com\\\/index.php\\\/2019\\\/12\\\/03\\\/pone-en-marcha-aida-feres-de-nader-campana-vamos-respetando-sus-espacios\\\/#respond\"]}]},{\"@type\":\"WebPage\",\"@id\":\"https:\\\/\\\/elinformativotam.com\\\/index.php\\\/2019\\\/12\\\/03\\\/pone-en-marcha-aida-feres-de-nader-campana-vamos-respetando-sus-espacios\\\/\",\"url\":\"https:\\\/\\\/elinformativotam.com\\\/index.php\\\/2019\\\/12\\\/03\\\/pone-en-marcha-aida-feres-de-nader-campana-vamos-respetando-sus-espacios\\\/\",\"name\":\"PONE EN MARCHA A\u00cdDA F\u00c9RES DE NADER CAMPA\u00d1A \\\"VAMOS RESPETANDO SUS ESPACIOS\\\" - EL INFORMATIVO DE TAMAULIPAS\",\"isPartOf\":{\"@id\":\"https:\\\/\\\/elinformativotam.com\\\/#website\"},\"datePublished\":\"2019-12-04T00:33:00+00:00\",\"description\":\"&nbsp; *Exhorta A La Ciudadan\u00eda A No Obstruir Rampas Y Lugares Exclusivos Para Personas Con Discapacidad. &nbsp; Con la finalidad de promover una cultura\",\"inLanguage\":\"es\",\"potentialAction\":[{\"@type\":\"ReadAction\",\"target\":[\"https:\\\/\\\/elinformativotam.com\\\/index.php\\\/2019\\\/12\\\/03\\\/pone-en-marcha-aida-feres-de-nader-campana-vamos-respetando-sus-espacios\\\/\"]}]},{\"@type\":\"WebSite\",\"@id\":\"https:\\\/\\\/elinformativotam.com\\\/#website\",\"url\":\"https:\\\/\\\/elinformativotam.com\\\/\",\"name\":\"EL INFORMATIVO DE TAMAULIPAS\",\"description\":\"Desde la Zona Metropolitana Para Todo M\u00e9xico\",\"publisher\":{\"@id\":\"https:\\\/\\\/elinformativotam.com\\\/#organization\"},\"potentialAction\":[{\"@type\":\"SearchAction\",\"target\":{\"@type\":\"EntryPoint\",\"urlTemplate\":\"https:\\\/\\\/elinformativotam.com\\\/?s={search_term_string}\"},\"query-input\":{\"@type\":\"PropertyValueSpecification\",\"valueRequired\":true,\"valueName\":\"search_term_string\"}}],\"inLanguage\":\"es\"},{\"@type\":\"Organization\",\"@id\":\"https:\\\/\\\/elinformativotam.com\\\/#organization\",\"name\":\"EL INFORMATIVO DE TAMAULIPAS\",\"url\":\"https:\\\/\\\/elinformativotam.com\\\/\",\"logo\":{\"@type\":\"ImageObject\",\"inLanguage\":\"es\",\"@id\":\"https:\\\/\\\/elinformativotam.com\\\/#\\\/schema\\\/logo\\\/image\\\/\",\"url\":\"https:\\\/\\\/elinformativotam.com\\\/wp-content\\\/uploads\\\/2026\\\/02\\\/Cabezal.png\",\"contentUrl\":\"https:\\\/\\\/elinformativotam.com\\\/wp-content\\\/uploads\\\/2026\\\/02\\\/Cabezal.png\",\"width\":960,\"height\":640,\"caption\":\"EL INFORMATIVO DE TAMAULIPAS\"},\"image\":{\"@id\":\"https:\\\/\\\/elinformativotam.com\\\/#\\\/schema\\\/logo\\\/image\\\/\"}},{\"@type\":\"Person\",\"@id\":\"https:\\\/\\\/elinformativotam.com\\\/#\\\/schema\\\/person\\\/78e08040eed0f6110f0c5f83b6153590\",\"name\":\"El Informativo Tam\",\"image\":{\"@type\":\"ImageObject\",\"inLanguage\":\"es\",\"@id\":\"https:\\\/\\\/secure.gravatar.com\\\/avatar\\\/f3b7ad3af540688955925ac610647be00b0cf41feea9c4978b73a707ee86bc53?s=96&d=mm&r=g\",\"url\":\"https:\\\/\\\/secure.gravatar.com\\\/avatar\\\/f3b7ad3af540688955925ac610647be00b0cf41feea9c4978b73a707ee86bc53?s=96&d=mm&r=g\",\"contentUrl\":\"https:\\\/\\\/secure.gravatar.com\\\/avatar\\\/f3b7ad3af540688955925ac610647be00b0cf41feea9c4978b73a707ee86bc53?s=96&d=mm&r=g\",\"caption\":\"El Informativo Tam\"}}]}<\/script>\n<!-- \/ Yoast SEO plugin. -->","yoast_head_json":{"title":"PONE EN MARCHA A\u00cdDA F\u00c9RES DE NADER CAMPA\u00d1A \"VAMOS RESPETANDO SUS ESPACIOS\" - EL INFORMATIVO DE TAMAULIPAS","description":"&nbsp; *Exhorta A La Ciudadan\u00eda A No Obstruir Rampas Y Lugares Exclusivos Para Personas Con Discapacidad. &nbsp; Con la finalidad de promover una cultura","robots":{"index":"index","follow":"follow","max-snippet":"max-snippet:-1","max-image-preview":"max-image-preview:large","max-video-preview":"max-video-preview:-1"},"canonical":"https:\/\/elinformativotam.com\/index.php\/2019\/12\/03\/pone-en-marcha-aida-feres-de-nader-campana-vamos-respetando-sus-espacios\/","og_locale":"es_MX","og_type":"article","og_title":"PONE EN MARCHA A\u00cdDA F\u00c9RES DE NADER CAMPA\u00d1A \"VAMOS RESPETANDO SUS ESPACIOS\" - EL INFORMATIVO DE TAMAULIPAS","og_description":"&nbsp; *Exhorta A La Ciudadan\u00eda A No Obstruir Rampas Y Lugares Exclusivos Para Personas Con Discapacidad. &nbsp; Con la finalidad de promover una cultura","og_url":"https:\/\/elinformativotam.com\/index.php\/2019\/12\/03\/pone-en-marcha-aida-feres-de-nader-campana-vamos-respetando-sus-espacios\/","og_site_name":"EL INFORMATIVO DE TAMAULIPAS","article_published_time":"2019-12-04T00:33:00+00:00","author":"El Informativo Tam","twitter_card":"summary_large_image","twitter_misc":{"Escrito por":"El Informativo Tam","Tiempo de lectura":"2 minutos"},"schema":{"@context":"https:\/\/schema.org","@graph":[{"@type":"Article","@id":"https:\/\/elinformativotam.com\/index.php\/2019\/12\/03\/pone-en-marcha-aida-feres-de-nader-campana-vamos-respetando-sus-espacios\/#article","isPartOf":{"@id":"https:\/\/elinformativotam.com\/index.php\/2019\/12\/03\/pone-en-marcha-aida-feres-de-nader-campana-vamos-respetando-sus-espacios\/"},"author":{"name":"El Informativo Tam","@id":"https:\/\/elinformativotam.com\/#\/schema\/person\/78e08040eed0f6110f0c5f83b6153590"},"headline":"PONE EN MARCHA A\u00cdDA F\u00c9RES DE NADER CAMPA\u00d1A &#8220;VAMOS RESPETANDO SUS ESPACIOS&#8221;","datePublished":"2019-12-04T00:33:00+00:00","mainEntityOfPage":{"@id":"https:\/\/elinformativotam.com\/index.php\/2019\/12\/03\/pone-en-marcha-aida-feres-de-nader-campana-vamos-respetando-sus-espacios\/"},"wordCount":476,"commentCount":0,"publisher":{"@id":"https:\/\/elinformativotam.com\/#organization"},"articleSection":["Tampico"],"inLanguage":"es","potentialAction":[{"@type":"CommentAction","name":"Comment","target":["https:\/\/elinformativotam.com\/index.php\/2019\/12\/03\/pone-en-marcha-aida-feres-de-nader-campana-vamos-respetando-sus-espacios\/#respond"]}]},{"@type":"WebPage","@id":"https:\/\/elinformativotam.com\/index.php\/2019\/12\/03\/pone-en-marcha-aida-feres-de-nader-campana-vamos-respetando-sus-espacios\/","url":"https:\/\/elinformativotam.com\/index.php\/2019\/12\/03\/pone-en-marcha-aida-feres-de-nader-campana-vamos-respetando-sus-espacios\/","name":"PONE EN MARCHA A\u00cdDA F\u00c9RES DE NADER CAMPA\u00d1A \"VAMOS RESPETANDO SUS ESPACIOS\" - EL INFORMATIVO DE TAMAULIPAS","isPartOf":{"@id":"https:\/\/elinformativotam.com\/#website"},"datePublished":"2019-12-04T00:33:00+00:00","description":"&nbsp; *Exhorta A La Ciudadan\u00eda A No Obstruir Rampas Y Lugares Exclusivos Para Personas Con Discapacidad. &nbsp; Con la finalidad de promover una cultura","inLanguage":"es","potentialAction":[{"@type":"ReadAction","target":["https:\/\/elinformativotam.com\/index.php\/2019\/12\/03\/pone-en-marcha-aida-feres-de-nader-campana-vamos-respetando-sus-espacios\/"]}]},{"@type":"WebSite","@id":"https:\/\/elinformativotam.com\/#website","url":"https:\/\/elinformativotam.com\/","name":"EL INFORMATIVO DE TAMAULIPAS","description":"Desde la Zona Metropolitana Para Todo M\u00e9xico","publisher":{"@id":"https:\/\/elinformativotam.com\/#organization"},"potentialAction":[{"@type":"SearchAction","target":{"@type":"EntryPoint","urlTemplate":"https:\/\/elinformativotam.com\/?s={search_term_string}"},"query-input":{"@type":"PropertyValueSpecification","valueRequired":true,"valueName":"search_term_string"}}],"inLanguage":"es"},{"@type":"Organization","@id":"https:\/\/elinformativotam.com\/#organization","name":"EL INFORMATIVO DE TAMAULIPAS","url":"https:\/\/elinformativotam.com\/","logo":{"@type":"ImageObject","inLanguage":"es","@id":"https:\/\/elinformativotam.com\/#\/schema\/logo\/image\/","url":"https:\/\/elinformativotam.com\/wp-content\/uploads\/2026\/02\/Cabezal.png","contentUrl":"https:\/\/elinformativotam.com\/wp-content\/uploads\/2026\/02\/Cabezal.png","width":960,"height":640,"caption":"EL INFORMATIVO DE TAMAULIPAS"},"image":{"@id":"https:\/\/elinformativotam.com\/#\/schema\/logo\/image\/"}},{"@type":"Person","@id":"https:\/\/elinformativotam.com\/#\/schema\/person\/78e08040eed0f6110f0c5f83b6153590","name":"El Informativo Tam","image":{"@type":"ImageObject","inLanguage":"es","@id":"https:\/\/secure.gravatar.com\/avatar\/f3b7ad3af540688955925ac610647be00b0cf41feea9c4978b73a707ee86bc53?s=96&d=mm&r=g","url":"https:\/\/secure.gravatar.com\/avatar\/f3b7ad3af540688955925ac610647be00b0cf41feea9c4978b73a707ee86bc53?s=96&d=mm&r=g","contentUrl":"https:\/\/secure.gravatar.com\/avatar\/f3b7ad3af540688955925ac610647be00b0cf41feea9c4978b73a707ee86bc53?s=96&d=mm&r=g","caption":"El Informativo Tam"}}]}},"_links":{"self":[{"href":"https:\/\/elinformativotam.com\/index.php\/wp-json\/wp\/v2\/posts\/909","targetHints":{"allow":["GET"]}}],"collection":[{"href":"https:\/\/elinformativotam.com\/index.php\/wp-json\/wp\/v2\/posts"}],"about":[{"href":"https:\/\/elinformativotam.com\/index.php\/wp-json\/wp\/v2\/types\/post"}],"author":[{"embeddable":true,"href":"https:\/\/elinformativotam.com\/index.php\/wp-json\/wp\/v2\/users\/1"}],"replies":[{"embeddable":true,"href":"https:\/\/elinformativotam.com\/index.php\/wp-json\/wp\/v2\/comments?post=909"}],"version-history":[{"count":0,"href":"https:\/\/elinformativotam.com\/index.php\/wp-json\/wp\/v2\/posts\/909\/revisions"}],"wp:attachment":[{"href":"https:\/\/elinformativotam.com\/index.php\/wp-json\/wp\/v2\/media?parent=909"}],"wp:term":[{"taxonomy":"category","embeddable":true,"href":"https:\/\/elinformativotam.com\/index.php\/wp-json\/wp\/v2\/categories?post=909"},{"taxonomy":"post_tag","embeddable":true,"href":"https:\/\/elinformativotam.com\/index.php\/wp-json\/wp\/v2\/tags?post=909"}],"curies":[{"name":"wp","href":"https:\/\/api.w.org\/{rel}","templated":true}]}}