{"id":8703,"date":"2020-07-27T16:17:16","date_gmt":"2020-07-27T22:17:16","guid":{"rendered":"http:\/\/elinformativotam.com\/?p=8703"},"modified":"2020-07-27T16:17:16","modified_gmt":"2020-07-27T22:17:16","slug":"pronta-respuesta-del-gobierno-de-madero-ante-lluvias-registradas-en-la-zona","status":"publish","type":"post","link":"https:\/\/elinformativotam.com\/index.php\/2020\/07\/27\/pronta-respuesta-del-gobierno-de-madero-ante-lluvias-registradas-en-la-zona\/","title":{"rendered":"PRONTA RESPUESTA DEL GOBIERNO DE MADERO ANTE LLUVIAS REGISTRADAS EN LA ZONA"},"content":{"rendered":"<p>Debido a la fuerte lluvia registrada en la zona sur de Tamaulipas, el Gobierno de Ciudad Madero, encabezado por el alcalde Adri\u00e1n Oseguera Kernion, a trav\u00e9s de la Direcci\u00f3n de Protecci\u00f3n Civil, llev\u00f3 a cabo recorridos por las diferentes colonias, con el prop\u00f3sito de atender de manera inmediata y oportuna las afectaciones, como fueron encharcamientos de calles, ca\u00edda de \u00e1rboles y suspensi\u00f3n de servicio de energ\u00eda el\u00e9ctrica.<\/p>\n<p>&nbsp;<\/p>\n<p>En ese sentido, el secretario del Ayuntamiento, Juan Antonio Ortega Ju\u00e1rez, inform\u00f3 que fue puesto en funcionamiento el equipo de bombeo en las colonias Hip\u00f3dromo y Miram\u00e1polis, a fin de desfogar el agua de los canales de esa zona, adem\u00e1s de continuar con la limpieza de las bocas de tormenta.<\/p>\n<p>&nbsp;<\/p>\n<p>\u201cS\u00f3lo tenemos calles encharcadas como es en la Jim\u00e9nez y Necaxa, Jim\u00e9nez y Emiliano Zapata, en donde siempre se presenta ese tipo de problemas; ah\u00ed ya est\u00e1n trabajando los equipos de bombeo, al igual que en la colonia Miram\u00e1polis donde est\u00e1 conectada la bomba y hay desfogue eficiente del agua\u201d, se\u00f1al\u00f3.<\/p>\n<p>&nbsp;<\/p>\n<p>Cabe destacar que los trabajos preventivos de limpieza de canales efectuados por la Direcci\u00f3n de Servicios P\u00fablicos, permitieron su correcto funcionamiento para evitar encharcamientos mayores en esta temporada de lluvias.<\/p>\n<p>&nbsp;<\/p>\n<p>Ortega Ju\u00e1rez indic\u00f3 que se recibieron reportes de cuatro \u00e1rboles ca\u00eddos en diferentes colonias, adem\u00e1s fueron canalizados a la Comisi\u00f3n Federal de Electricidad las afectaciones en el sistema de cableado el\u00e9ctrico en sectores como Jard\u00edn 20 de Noviembre y Miguel Hidalgo.<\/p>\n<p>&nbsp;<\/p>\n<p>Por otra parte, coment\u00f3 que el Ayuntamiento, en coordinaci\u00f3n con el Sistema DIF Municipal, prepara la instalaci\u00f3n de un albergue temporal en la sala de capacitaci\u00f3n de la Direcci\u00f3n de Protecci\u00f3n Civil, respetando las<\/p>\n<p>&nbsp;<\/p>\n<p>medidas que marca la nueva normalidad para evitar contagios de Covid-19 entre las familias, como son: sana distancia, toma de temperatura, aplicaci\u00f3n de gel antibacterial y uso de cubrebocas.<\/p>\n<p>&nbsp;<\/p>\n<p>\u201cEn caso de agotarse el espacio, se utilizar\u00edan el Auditorio Municipal y la Unidad Deportiva, por lo que estamos al pendiente de la situaci\u00f3n\u201d, concluy\u00f3.<\/p>\n","protected":false},"excerpt":{"rendered":"<p>Debido a la fuerte lluvia registrada en la zona sur de Tamaulipas, el Gobierno de Ciudad Madero, encabezado por el&hellip;<\/p>\n","protected":false},"author":1,"featured_media":0,"comment_status":"open","ping_status":"open","sticky":false,"template":"","format":"standard","meta":{"footnotes":""},"categories":[4],"tags":[],"class_list":["post-8703","post","type-post","status-publish","format-standard","hentry","category-madero"],"yoast_head":"<!-- This site is optimized with the Yoast SEO plugin v28.3 - https:\/\/yoast.com\/product\/yoast-seo-wordpress\/ -->\n<title>PRONTA RESPUESTA DEL GOBIERNO DE MADERO ANTE LLUVIAS REGISTRADAS EN LA ZONA - EL INFORMATIVO DE TAMAULIPAS<\/title>\n<meta name=\"description\" content=\"Debido a la fuerte lluvia registrada en la zona sur de Tamaulipas, el Gobierno de Ciudad Madero, encabezado por el alcalde Adri\u00e1n Oseguera Kernion, a\" \/>\n<meta name=\"robots\" content=\"index, follow, max-snippet:-1, max-image-preview:large, max-video-preview:-1\" \/>\n<link rel=\"canonical\" href=\"https:\/\/elinformativotam.com\/index.php\/2020\/07\/27\/pronta-respuesta-del-gobierno-de-madero-ante-lluvias-registradas-en-la-zona\/\" \/>\n<meta property=\"og:locale\" content=\"es_MX\" \/>\n<meta property=\"og:type\" content=\"article\" \/>\n<meta property=\"og:title\" content=\"PRONTA RESPUESTA DEL GOBIERNO DE MADERO ANTE LLUVIAS REGISTRADAS EN LA ZONA - EL INFORMATIVO DE TAMAULIPAS\" \/>\n<meta property=\"og:description\" content=\"Debido a la fuerte lluvia registrada en la zona sur de Tamaulipas, el Gobierno de Ciudad Madero, encabezado por el alcalde Adri\u00e1n Oseguera Kernion, a\" \/>\n<meta property=\"og:url\" content=\"https:\/\/elinformativotam.com\/index.php\/2020\/07\/27\/pronta-respuesta-del-gobierno-de-madero-ante-lluvias-registradas-en-la-zona\/\" \/>\n<meta property=\"og:site_name\" content=\"EL INFORMATIVO DE TAMAULIPAS\" \/>\n<meta property=\"article:published_time\" content=\"2020-07-27T22:17:16+00:00\" \/>\n<meta name=\"author\" content=\"El Informativo Tam\" \/>\n<meta name=\"twitter:card\" content=\"summary_large_image\" \/>\n<meta name=\"twitter:label1\" content=\"Escrito por\" \/>\n\t<meta name=\"twitter:data1\" content=\"El Informativo Tam\" \/>\n\t<meta name=\"twitter:label2\" content=\"Tiempo de lectura\" \/>\n\t<meta name=\"twitter:data2\" content=\"2 minutos\" \/>\n<script type=\"application\/ld+json\" class=\"yoast-schema-graph\">{\"@context\":\"https:\\\/\\\/schema.org\",\"@graph\":[{\"@type\":\"Article\",\"@id\":\"https:\\\/\\\/elinformativotam.com\\\/index.php\\\/2020\\\/07\\\/27\\\/pronta-respuesta-del-gobierno-de-madero-ante-lluvias-registradas-en-la-zona\\\/#article\",\"isPartOf\":{\"@id\":\"https:\\\/\\\/elinformativotam.com\\\/index.php\\\/2020\\\/07\\\/27\\\/pronta-respuesta-del-gobierno-de-madero-ante-lluvias-registradas-en-la-zona\\\/\"},\"author\":{\"name\":\"El Informativo Tam\",\"@id\":\"https:\\\/\\\/elinformativotam.com\\\/#\\\/schema\\\/person\\\/78e08040eed0f6110f0c5f83b6153590\"},\"headline\":\"PRONTA RESPUESTA DEL GOBIERNO DE MADERO ANTE LLUVIAS REGISTRADAS EN LA ZONA\",\"datePublished\":\"2020-07-27T22:17:16+00:00\",\"mainEntityOfPage\":{\"@id\":\"https:\\\/\\\/elinformativotam.com\\\/index.php\\\/2020\\\/07\\\/27\\\/pronta-respuesta-del-gobierno-de-madero-ante-lluvias-registradas-en-la-zona\\\/\"},\"wordCount\":380,\"commentCount\":0,\"publisher\":{\"@id\":\"https:\\\/\\\/elinformativotam.com\\\/#organization\"},\"articleSection\":[\"Cd Madero\"],\"inLanguage\":\"es\",\"potentialAction\":[{\"@type\":\"CommentAction\",\"name\":\"Comment\",\"target\":[\"https:\\\/\\\/elinformativotam.com\\\/index.php\\\/2020\\\/07\\\/27\\\/pronta-respuesta-del-gobierno-de-madero-ante-lluvias-registradas-en-la-zona\\\/#respond\"]}]},{\"@type\":\"WebPage\",\"@id\":\"https:\\\/\\\/elinformativotam.com\\\/index.php\\\/2020\\\/07\\\/27\\\/pronta-respuesta-del-gobierno-de-madero-ante-lluvias-registradas-en-la-zona\\\/\",\"url\":\"https:\\\/\\\/elinformativotam.com\\\/index.php\\\/2020\\\/07\\\/27\\\/pronta-respuesta-del-gobierno-de-madero-ante-lluvias-registradas-en-la-zona\\\/\",\"name\":\"PRONTA RESPUESTA DEL GOBIERNO DE MADERO ANTE LLUVIAS REGISTRADAS EN LA ZONA - EL INFORMATIVO DE TAMAULIPAS\",\"isPartOf\":{\"@id\":\"https:\\\/\\\/elinformativotam.com\\\/#website\"},\"datePublished\":\"2020-07-27T22:17:16+00:00\",\"description\":\"Debido a la fuerte lluvia registrada en la zona sur de Tamaulipas, el Gobierno de Ciudad Madero, encabezado por el alcalde Adri\u00e1n Oseguera Kernion, a\",\"inLanguage\":\"es\",\"potentialAction\":[{\"@type\":\"ReadAction\",\"target\":[\"https:\\\/\\\/elinformativotam.com\\\/index.php\\\/2020\\\/07\\\/27\\\/pronta-respuesta-del-gobierno-de-madero-ante-lluvias-registradas-en-la-zona\\\/\"]}]},{\"@type\":\"WebSite\",\"@id\":\"https:\\\/\\\/elinformativotam.com\\\/#website\",\"url\":\"https:\\\/\\\/elinformativotam.com\\\/\",\"name\":\"EL INFORMATIVO DE TAMAULIPAS\",\"description\":\"Desde la Zona Metropolitana Para Todo M\u00e9xico\",\"publisher\":{\"@id\":\"https:\\\/\\\/elinformativotam.com\\\/#organization\"},\"potentialAction\":[{\"@type\":\"SearchAction\",\"target\":{\"@type\":\"EntryPoint\",\"urlTemplate\":\"https:\\\/\\\/elinformativotam.com\\\/?s={search_term_string}\"},\"query-input\":{\"@type\":\"PropertyValueSpecification\",\"valueRequired\":true,\"valueName\":\"search_term_string\"}}],\"inLanguage\":\"es\"},{\"@type\":\"Organization\",\"@id\":\"https:\\\/\\\/elinformativotam.com\\\/#organization\",\"name\":\"EL INFORMATIVO DE TAMAULIPAS\",\"url\":\"https:\\\/\\\/elinformativotam.com\\\/\",\"logo\":{\"@type\":\"ImageObject\",\"inLanguage\":\"es\",\"@id\":\"https:\\\/\\\/elinformativotam.com\\\/#\\\/schema\\\/logo\\\/image\\\/\",\"url\":\"https:\\\/\\\/elinformativotam.com\\\/wp-content\\\/uploads\\\/2026\\\/02\\\/Cabezal.png\",\"contentUrl\":\"https:\\\/\\\/elinformativotam.com\\\/wp-content\\\/uploads\\\/2026\\\/02\\\/Cabezal.png\",\"width\":960,\"height\":640,\"caption\":\"EL INFORMATIVO DE TAMAULIPAS\"},\"image\":{\"@id\":\"https:\\\/\\\/elinformativotam.com\\\/#\\\/schema\\\/logo\\\/image\\\/\"}},{\"@type\":\"Person\",\"@id\":\"https:\\\/\\\/elinformativotam.com\\\/#\\\/schema\\\/person\\\/78e08040eed0f6110f0c5f83b6153590\",\"name\":\"El Informativo Tam\",\"image\":{\"@type\":\"ImageObject\",\"inLanguage\":\"es\",\"@id\":\"https:\\\/\\\/secure.gravatar.com\\\/avatar\\\/f3b7ad3af540688955925ac610647be00b0cf41feea9c4978b73a707ee86bc53?s=96&d=mm&r=g\",\"url\":\"https:\\\/\\\/secure.gravatar.com\\\/avatar\\\/f3b7ad3af540688955925ac610647be00b0cf41feea9c4978b73a707ee86bc53?s=96&d=mm&r=g\",\"contentUrl\":\"https:\\\/\\\/secure.gravatar.com\\\/avatar\\\/f3b7ad3af540688955925ac610647be00b0cf41feea9c4978b73a707ee86bc53?s=96&d=mm&r=g\",\"caption\":\"El Informativo Tam\"}}]}<\/script>\n<!-- \/ Yoast SEO plugin. -->","yoast_head_json":{"title":"PRONTA RESPUESTA DEL GOBIERNO DE MADERO ANTE LLUVIAS REGISTRADAS EN LA ZONA - EL INFORMATIVO DE TAMAULIPAS","description":"Debido a la fuerte lluvia registrada en la zona sur de Tamaulipas, el Gobierno de Ciudad Madero, encabezado por el alcalde Adri\u00e1n Oseguera Kernion, a","robots":{"index":"index","follow":"follow","max-snippet":"max-snippet:-1","max-image-preview":"max-image-preview:large","max-video-preview":"max-video-preview:-1"},"canonical":"https:\/\/elinformativotam.com\/index.php\/2020\/07\/27\/pronta-respuesta-del-gobierno-de-madero-ante-lluvias-registradas-en-la-zona\/","og_locale":"es_MX","og_type":"article","og_title":"PRONTA RESPUESTA DEL GOBIERNO DE MADERO ANTE LLUVIAS REGISTRADAS EN LA ZONA - EL INFORMATIVO DE TAMAULIPAS","og_description":"Debido a la fuerte lluvia registrada en la zona sur de Tamaulipas, el Gobierno de Ciudad Madero, encabezado por el alcalde Adri\u00e1n Oseguera Kernion, a","og_url":"https:\/\/elinformativotam.com\/index.php\/2020\/07\/27\/pronta-respuesta-del-gobierno-de-madero-ante-lluvias-registradas-en-la-zona\/","og_site_name":"EL INFORMATIVO DE TAMAULIPAS","article_published_time":"2020-07-27T22:17:16+00:00","author":"El Informativo Tam","twitter_card":"summary_large_image","twitter_misc":{"Escrito por":"El Informativo Tam","Tiempo de lectura":"2 minutos"},"schema":{"@context":"https:\/\/schema.org","@graph":[{"@type":"Article","@id":"https:\/\/elinformativotam.com\/index.php\/2020\/07\/27\/pronta-respuesta-del-gobierno-de-madero-ante-lluvias-registradas-en-la-zona\/#article","isPartOf":{"@id":"https:\/\/elinformativotam.com\/index.php\/2020\/07\/27\/pronta-respuesta-del-gobierno-de-madero-ante-lluvias-registradas-en-la-zona\/"},"author":{"name":"El Informativo Tam","@id":"https:\/\/elinformativotam.com\/#\/schema\/person\/78e08040eed0f6110f0c5f83b6153590"},"headline":"PRONTA RESPUESTA DEL GOBIERNO DE MADERO ANTE LLUVIAS REGISTRADAS EN LA ZONA","datePublished":"2020-07-27T22:17:16+00:00","mainEntityOfPage":{"@id":"https:\/\/elinformativotam.com\/index.php\/2020\/07\/27\/pronta-respuesta-del-gobierno-de-madero-ante-lluvias-registradas-en-la-zona\/"},"wordCount":380,"commentCount":0,"publisher":{"@id":"https:\/\/elinformativotam.com\/#organization"},"articleSection":["Cd Madero"],"inLanguage":"es","potentialAction":[{"@type":"CommentAction","name":"Comment","target":["https:\/\/elinformativotam.com\/index.php\/2020\/07\/27\/pronta-respuesta-del-gobierno-de-madero-ante-lluvias-registradas-en-la-zona\/#respond"]}]},{"@type":"WebPage","@id":"https:\/\/elinformativotam.com\/index.php\/2020\/07\/27\/pronta-respuesta-del-gobierno-de-madero-ante-lluvias-registradas-en-la-zona\/","url":"https:\/\/elinformativotam.com\/index.php\/2020\/07\/27\/pronta-respuesta-del-gobierno-de-madero-ante-lluvias-registradas-en-la-zona\/","name":"PRONTA RESPUESTA DEL GOBIERNO DE MADERO ANTE LLUVIAS REGISTRADAS EN LA ZONA - EL INFORMATIVO DE TAMAULIPAS","isPartOf":{"@id":"https:\/\/elinformativotam.com\/#website"},"datePublished":"2020-07-27T22:17:16+00:00","description":"Debido a la fuerte lluvia registrada en la zona sur de Tamaulipas, el Gobierno de Ciudad Madero, encabezado por el alcalde Adri\u00e1n Oseguera Kernion, a","inLanguage":"es","potentialAction":[{"@type":"ReadAction","target":["https:\/\/elinformativotam.com\/index.php\/2020\/07\/27\/pronta-respuesta-del-gobierno-de-madero-ante-lluvias-registradas-en-la-zona\/"]}]},{"@type":"WebSite","@id":"https:\/\/elinformativotam.com\/#website","url":"https:\/\/elinformativotam.com\/","name":"EL INFORMATIVO DE TAMAULIPAS","description":"Desde la Zona Metropolitana Para Todo M\u00e9xico","publisher":{"@id":"https:\/\/elinformativotam.com\/#organization"},"potentialAction":[{"@type":"SearchAction","target":{"@type":"EntryPoint","urlTemplate":"https:\/\/elinformativotam.com\/?s={search_term_string}"},"query-input":{"@type":"PropertyValueSpecification","valueRequired":true,"valueName":"search_term_string"}}],"inLanguage":"es"},{"@type":"Organization","@id":"https:\/\/elinformativotam.com\/#organization","name":"EL INFORMATIVO DE TAMAULIPAS","url":"https:\/\/elinformativotam.com\/","logo":{"@type":"ImageObject","inLanguage":"es","@id":"https:\/\/elinformativotam.com\/#\/schema\/logo\/image\/","url":"https:\/\/elinformativotam.com\/wp-content\/uploads\/2026\/02\/Cabezal.png","contentUrl":"https:\/\/elinformativotam.com\/wp-content\/uploads\/2026\/02\/Cabezal.png","width":960,"height":640,"caption":"EL INFORMATIVO DE TAMAULIPAS"},"image":{"@id":"https:\/\/elinformativotam.com\/#\/schema\/logo\/image\/"}},{"@type":"Person","@id":"https:\/\/elinformativotam.com\/#\/schema\/person\/78e08040eed0f6110f0c5f83b6153590","name":"El Informativo Tam","image":{"@type":"ImageObject","inLanguage":"es","@id":"https:\/\/secure.gravatar.com\/avatar\/f3b7ad3af540688955925ac610647be00b0cf41feea9c4978b73a707ee86bc53?s=96&d=mm&r=g","url":"https:\/\/secure.gravatar.com\/avatar\/f3b7ad3af540688955925ac610647be00b0cf41feea9c4978b73a707ee86bc53?s=96&d=mm&r=g","contentUrl":"https:\/\/secure.gravatar.com\/avatar\/f3b7ad3af540688955925ac610647be00b0cf41feea9c4978b73a707ee86bc53?s=96&d=mm&r=g","caption":"El Informativo Tam"}}]}},"_links":{"self":[{"href":"https:\/\/elinformativotam.com\/index.php\/wp-json\/wp\/v2\/posts\/8703","targetHints":{"allow":["GET"]}}],"collection":[{"href":"https:\/\/elinformativotam.com\/index.php\/wp-json\/wp\/v2\/posts"}],"about":[{"href":"https:\/\/elinformativotam.com\/index.php\/wp-json\/wp\/v2\/types\/post"}],"author":[{"embeddable":true,"href":"https:\/\/elinformativotam.com\/index.php\/wp-json\/wp\/v2\/users\/1"}],"replies":[{"embeddable":true,"href":"https:\/\/elinformativotam.com\/index.php\/wp-json\/wp\/v2\/comments?post=8703"}],"version-history":[{"count":1,"href":"https:\/\/elinformativotam.com\/index.php\/wp-json\/wp\/v2\/posts\/8703\/revisions"}],"predecessor-version":[{"id":8705,"href":"https:\/\/elinformativotam.com\/index.php\/wp-json\/wp\/v2\/posts\/8703\/revisions\/8705"}],"wp:attachment":[{"href":"https:\/\/elinformativotam.com\/index.php\/wp-json\/wp\/v2\/media?parent=8703"}],"wp:term":[{"taxonomy":"category","embeddable":true,"href":"https:\/\/elinformativotam.com\/index.php\/wp-json\/wp\/v2\/categories?post=8703"},{"taxonomy":"post_tag","embeddable":true,"href":"https:\/\/elinformativotam.com\/index.php\/wp-json\/wp\/v2\/tags?post=8703"}],"curies":[{"name":"wp","href":"https:\/\/api.w.org\/{rel}","templated":true}]}}