{"id":860,"date":"2019-11-28T22:34:34","date_gmt":"2019-11-29T04:34:34","guid":{"rendered":"http:\/\/elinformativotam.com\/?p=860"},"modified":"2019-11-28T22:34:34","modified_gmt":"2019-11-29T04:34:34","slug":"realizaran-una-intensa-jornada-de-limpieza-en-la-laguna-del-carpintero","status":"publish","type":"post","link":"https:\/\/elinformativotam.com\/index.php\/2019\/11\/28\/realizaran-una-intensa-jornada-de-limpieza-en-la-laguna-del-carpintero\/","title":{"rendered":"REALIZAR\u00c1N UNA INTENSA JORNADA DE LIMPIEZA EN LA LAGUNA DEL CARPINTERO"},"content":{"rendered":"<h3><em><strong>*Anuncia Chucho Nader Que M\u00e1s De 250 Trabajadores Tomar\u00e1n Parte De Estas Labores.<\/strong><\/em><\/h3>\n<p>&nbsp;<\/p>\n<p>Alrededor de 15 cuadrillas del \u00e1rea de Servicios P\u00fablicos efectuar\u00e1n este viernes una intensa jornada de limpieza en el entorno de la Laguna del Carpintero, a fin de que este punto recreativo se mantenga en \u00f3ptimas condiciones, inform\u00f3 el Presidente Municipal Chucho Nader.<\/p>\n<p>&nbsp;<\/p>\n<p>Al efectuar un recorrido por este vaso lacustre, el jefe de la comuna indic\u00f3 que las tareas se concentrar\u00e1n en el parque metropolitano y en el mirador de cocodrilos, sin embargo, dijo que se contempla abarcar toda la periferia del sitio, para que el principal paseo tur\u00edstico de la ciudad est\u00e9 listo para recibir a los miles de paseantes que se dar\u00e1n cita en el lugar durante las fiestas decembrinas.<\/p>\n<p>&nbsp;<\/p>\n<p>&#8220;A partir de ma\u00f1ana aproximadamente 250 trabajadores del Ayuntamiento realizaremos un trabajo intenso para limpiar todo el entorno de la Laguna del Carpintero, principalmente en el \u00e1rea de las velarias y el mirador de cocodrilos, porque nuestro prop\u00f3sito es el de seguir transformando esta ciudad; as\u00ed como darle continuidad y fortalecimiento al programa Tampico Brilla&#8221;, expres\u00f3.<\/p>\n<p>&nbsp;<\/p>\n<p><img loading=\"lazy\" decoding=\"async\" class=\" wp-image-862 aligncenter\" src=\"https:\/\/elinformativotam.com\/wp-content\/uploads\/2019\/11\/limpia-300x228.jpg\" alt=\"\" width=\"696\" height=\"529\" \/><\/p>\n<p>&nbsp;<\/p>\n<p>Chucho Nader se\u00f1al\u00f3 que para el periodo vacacional de fin de a\u00f1o se espera el arribo de miles de turistas, por lo que su administraci\u00f3n lleva a cabo la organizaci\u00f3n de una serie de eventos que tendr\u00e1n lugar en los principales sitios de inter\u00e9s tur\u00edstico como son, la propia Laguna del Carpintero, el Paseo La Cortadura, Centro Hist\u00f3rico, parque Fray Andr\u00e9s de Olmos y el ex Edificio de la Aduana Mar\u00edtima, entre otros.<\/p>\n<p>&nbsp;<\/p>\n<p>&#8220;Para el d\u00eda nueve de diciembre tenemos contemplado el encendido del monumental pino navide\u00f1o que estar\u00e1 instalado en el parque metropolitano, donde adem\u00e1s se est\u00e1 colocando la tradicional pista de hielo por parte del Gobierno del Estado, para ofrecer a los tampique\u00f1os y visitantes, una nueva opci\u00f3n de entretenimiento&#8221;, agreg\u00f3.<\/p>\n<p>&nbsp;<\/p>\n<p>Por \u00faltimo Nader Nasrallah dio a conocer que en el marco del desarrollo tur\u00edstico de la ciudad, ya iniciaron los trabajos para la instalaci\u00f3n de la Rueda de Tampico en los terrenos de la Laguna del Carpintero y se abri\u00f3, adem\u00e1s, la licitaci\u00f3n para la primera etapa de lo que ser\u00e1 el nuevo Recinto Ganadero.<\/p>\n","protected":false},"excerpt":{"rendered":"<p>*Anuncia Chucho Nader Que M\u00e1s De 250 Trabajadores Tomar\u00e1n Parte De Estas Labores. &nbsp; Alrededor de 15 cuadrillas del \u00e1rea&hellip;<\/p>\n","protected":false},"author":1,"featured_media":0,"comment_status":"open","ping_status":"open","sticky":false,"template":"","format":"standard","meta":{"footnotes":""},"categories":[3],"tags":[],"class_list":["post-860","post","type-post","status-publish","format-standard","hentry","category-tampico"],"yoast_head":"<!-- This site is optimized with the Yoast SEO plugin v27.5 - https:\/\/yoast.com\/product\/yoast-seo-wordpress\/ -->\n<title>REALIZAR\u00c1N UNA INTENSA JORNADA DE LIMPIEZA EN LA LAGUNA DEL CARPINTERO - EL INFORMATIVO DE TAMAULIPAS<\/title>\n<meta name=\"description\" content=\"*Anuncia Chucho Nader Que M\u00e1s De 250 Trabajadores Tomar\u00e1n Parte De Estas Labores. &nbsp; Alrededor de 15 cuadrillas del \u00e1rea de Servicios P\u00fablicos\" \/>\n<meta name=\"robots\" content=\"index, follow, max-snippet:-1, max-image-preview:large, max-video-preview:-1\" \/>\n<link rel=\"canonical\" href=\"https:\/\/elinformativotam.com\/index.php\/2019\/11\/28\/realizaran-una-intensa-jornada-de-limpieza-en-la-laguna-del-carpintero\/\" \/>\n<meta property=\"og:locale\" content=\"es_MX\" \/>\n<meta property=\"og:type\" content=\"article\" \/>\n<meta property=\"og:title\" content=\"REALIZAR\u00c1N UNA INTENSA JORNADA DE LIMPIEZA EN LA LAGUNA DEL CARPINTERO - EL INFORMATIVO DE TAMAULIPAS\" \/>\n<meta property=\"og:description\" content=\"*Anuncia Chucho Nader Que M\u00e1s De 250 Trabajadores Tomar\u00e1n Parte De Estas Labores. &nbsp; Alrededor de 15 cuadrillas del \u00e1rea de Servicios P\u00fablicos\" \/>\n<meta property=\"og:url\" content=\"https:\/\/elinformativotam.com\/index.php\/2019\/11\/28\/realizaran-una-intensa-jornada-de-limpieza-en-la-laguna-del-carpintero\/\" \/>\n<meta property=\"og:site_name\" content=\"EL INFORMATIVO DE TAMAULIPAS\" \/>\n<meta property=\"article:published_time\" content=\"2019-11-29T04:34:34+00:00\" \/>\n<meta property=\"og:image\" content=\"http:\/\/elinformativotam.com\/wp-content\/uploads\/2019\/11\/limpia-300x228.jpg\" \/>\n<meta name=\"author\" content=\"El Informativo Tam\" \/>\n<meta name=\"twitter:card\" content=\"summary_large_image\" \/>\n<meta name=\"twitter:label1\" content=\"Escrito por\" \/>\n\t<meta name=\"twitter:data1\" content=\"El Informativo Tam\" \/>\n\t<meta name=\"twitter:label2\" content=\"Tiempo de lectura\" \/>\n\t<meta name=\"twitter:data2\" content=\"2 minutos\" \/>\n<script type=\"application\/ld+json\" class=\"yoast-schema-graph\">{\"@context\":\"https:\\\/\\\/schema.org\",\"@graph\":[{\"@type\":\"Article\",\"@id\":\"https:\\\/\\\/elinformativotam.com\\\/index.php\\\/2019\\\/11\\\/28\\\/realizaran-una-intensa-jornada-de-limpieza-en-la-laguna-del-carpintero\\\/#article\",\"isPartOf\":{\"@id\":\"https:\\\/\\\/elinformativotam.com\\\/index.php\\\/2019\\\/11\\\/28\\\/realizaran-una-intensa-jornada-de-limpieza-en-la-laguna-del-carpintero\\\/\"},\"author\":{\"name\":\"El Informativo Tam\",\"@id\":\"https:\\\/\\\/elinformativotam.com\\\/#\\\/schema\\\/person\\\/78e08040eed0f6110f0c5f83b6153590\"},\"headline\":\"REALIZAR\u00c1N UNA INTENSA JORNADA DE LIMPIEZA EN LA LAGUNA DEL CARPINTERO\",\"datePublished\":\"2019-11-29T04:34:34+00:00\",\"mainEntityOfPage\":{\"@id\":\"https:\\\/\\\/elinformativotam.com\\\/index.php\\\/2019\\\/11\\\/28\\\/realizaran-una-intensa-jornada-de-limpieza-en-la-laguna-del-carpintero\\\/\"},\"wordCount\":404,\"commentCount\":0,\"publisher\":{\"@id\":\"https:\\\/\\\/elinformativotam.com\\\/#organization\"},\"image\":{\"@id\":\"https:\\\/\\\/elinformativotam.com\\\/index.php\\\/2019\\\/11\\\/28\\\/realizaran-una-intensa-jornada-de-limpieza-en-la-laguna-del-carpintero\\\/#primaryimage\"},\"thumbnailUrl\":\"http:\\\/\\\/elinformativotam.com\\\/wp-content\\\/uploads\\\/2019\\\/11\\\/limpia-300x228.jpg\",\"articleSection\":[\"Tampico\"],\"inLanguage\":\"es\",\"potentialAction\":[{\"@type\":\"CommentAction\",\"name\":\"Comment\",\"target\":[\"https:\\\/\\\/elinformativotam.com\\\/index.php\\\/2019\\\/11\\\/28\\\/realizaran-una-intensa-jornada-de-limpieza-en-la-laguna-del-carpintero\\\/#respond\"]}]},{\"@type\":\"WebPage\",\"@id\":\"https:\\\/\\\/elinformativotam.com\\\/index.php\\\/2019\\\/11\\\/28\\\/realizaran-una-intensa-jornada-de-limpieza-en-la-laguna-del-carpintero\\\/\",\"url\":\"https:\\\/\\\/elinformativotam.com\\\/index.php\\\/2019\\\/11\\\/28\\\/realizaran-una-intensa-jornada-de-limpieza-en-la-laguna-del-carpintero\\\/\",\"name\":\"REALIZAR\u00c1N UNA INTENSA JORNADA DE LIMPIEZA EN LA LAGUNA DEL CARPINTERO - EL INFORMATIVO DE TAMAULIPAS\",\"isPartOf\":{\"@id\":\"https:\\\/\\\/elinformativotam.com\\\/#website\"},\"primaryImageOfPage\":{\"@id\":\"https:\\\/\\\/elinformativotam.com\\\/index.php\\\/2019\\\/11\\\/28\\\/realizaran-una-intensa-jornada-de-limpieza-en-la-laguna-del-carpintero\\\/#primaryimage\"},\"image\":{\"@id\":\"https:\\\/\\\/elinformativotam.com\\\/index.php\\\/2019\\\/11\\\/28\\\/realizaran-una-intensa-jornada-de-limpieza-en-la-laguna-del-carpintero\\\/#primaryimage\"},\"thumbnailUrl\":\"http:\\\/\\\/elinformativotam.com\\\/wp-content\\\/uploads\\\/2019\\\/11\\\/limpia-300x228.jpg\",\"datePublished\":\"2019-11-29T04:34:34+00:00\",\"description\":\"*Anuncia Chucho Nader Que M\u00e1s De 250 Trabajadores Tomar\u00e1n Parte De Estas Labores. &nbsp; Alrededor de 15 cuadrillas del \u00e1rea de Servicios P\u00fablicos\",\"inLanguage\":\"es\",\"potentialAction\":[{\"@type\":\"ReadAction\",\"target\":[\"https:\\\/\\\/elinformativotam.com\\\/index.php\\\/2019\\\/11\\\/28\\\/realizaran-una-intensa-jornada-de-limpieza-en-la-laguna-del-carpintero\\\/\"]}]},{\"@type\":\"ImageObject\",\"inLanguage\":\"es\",\"@id\":\"https:\\\/\\\/elinformativotam.com\\\/index.php\\\/2019\\\/11\\\/28\\\/realizaran-una-intensa-jornada-de-limpieza-en-la-laguna-del-carpintero\\\/#primaryimage\",\"url\":\"http:\\\/\\\/elinformativotam.com\\\/wp-content\\\/uploads\\\/2019\\\/11\\\/limpia-300x228.jpg\",\"contentUrl\":\"http:\\\/\\\/elinformativotam.com\\\/wp-content\\\/uploads\\\/2019\\\/11\\\/limpia-300x228.jpg\"},{\"@type\":\"WebSite\",\"@id\":\"https:\\\/\\\/elinformativotam.com\\\/#website\",\"url\":\"https:\\\/\\\/elinformativotam.com\\\/\",\"name\":\"EL INFORMATIVO DE TAMAULIPAS\",\"description\":\"Desde la Zona Metropolitana Para Todo M\u00e9xico\",\"publisher\":{\"@id\":\"https:\\\/\\\/elinformativotam.com\\\/#organization\"},\"potentialAction\":[{\"@type\":\"SearchAction\",\"target\":{\"@type\":\"EntryPoint\",\"urlTemplate\":\"https:\\\/\\\/elinformativotam.com\\\/?s={search_term_string}\"},\"query-input\":{\"@type\":\"PropertyValueSpecification\",\"valueRequired\":true,\"valueName\":\"search_term_string\"}}],\"inLanguage\":\"es\"},{\"@type\":\"Organization\",\"@id\":\"https:\\\/\\\/elinformativotam.com\\\/#organization\",\"name\":\"EL INFORMATIVO DE TAMAULIPAS\",\"url\":\"https:\\\/\\\/elinformativotam.com\\\/\",\"logo\":{\"@type\":\"ImageObject\",\"inLanguage\":\"es\",\"@id\":\"https:\\\/\\\/elinformativotam.com\\\/#\\\/schema\\\/logo\\\/image\\\/\",\"url\":\"https:\\\/\\\/elinformativotam.com\\\/wp-content\\\/uploads\\\/2026\\\/02\\\/Cabezal.png\",\"contentUrl\":\"https:\\\/\\\/elinformativotam.com\\\/wp-content\\\/uploads\\\/2026\\\/02\\\/Cabezal.png\",\"width\":960,\"height\":640,\"caption\":\"EL INFORMATIVO DE TAMAULIPAS\"},\"image\":{\"@id\":\"https:\\\/\\\/elinformativotam.com\\\/#\\\/schema\\\/logo\\\/image\\\/\"}},{\"@type\":\"Person\",\"@id\":\"https:\\\/\\\/elinformativotam.com\\\/#\\\/schema\\\/person\\\/78e08040eed0f6110f0c5f83b6153590\",\"name\":\"El Informativo Tam\",\"image\":{\"@type\":\"ImageObject\",\"inLanguage\":\"es\",\"@id\":\"https:\\\/\\\/secure.gravatar.com\\\/avatar\\\/f3b7ad3af540688955925ac610647be00b0cf41feea9c4978b73a707ee86bc53?s=96&d=mm&r=g\",\"url\":\"https:\\\/\\\/secure.gravatar.com\\\/avatar\\\/f3b7ad3af540688955925ac610647be00b0cf41feea9c4978b73a707ee86bc53?s=96&d=mm&r=g\",\"contentUrl\":\"https:\\\/\\\/secure.gravatar.com\\\/avatar\\\/f3b7ad3af540688955925ac610647be00b0cf41feea9c4978b73a707ee86bc53?s=96&d=mm&r=g\",\"caption\":\"El Informativo Tam\"}}]}<\/script>\n<!-- \/ Yoast SEO plugin. -->","yoast_head_json":{"title":"REALIZAR\u00c1N UNA INTENSA JORNADA DE LIMPIEZA EN LA LAGUNA DEL CARPINTERO - EL INFORMATIVO DE TAMAULIPAS","description":"*Anuncia Chucho Nader Que M\u00e1s De 250 Trabajadores Tomar\u00e1n Parte De Estas Labores. &nbsp; Alrededor de 15 cuadrillas del \u00e1rea de Servicios P\u00fablicos","robots":{"index":"index","follow":"follow","max-snippet":"max-snippet:-1","max-image-preview":"max-image-preview:large","max-video-preview":"max-video-preview:-1"},"canonical":"https:\/\/elinformativotam.com\/index.php\/2019\/11\/28\/realizaran-una-intensa-jornada-de-limpieza-en-la-laguna-del-carpintero\/","og_locale":"es_MX","og_type":"article","og_title":"REALIZAR\u00c1N UNA INTENSA JORNADA DE LIMPIEZA EN LA LAGUNA DEL CARPINTERO - EL INFORMATIVO DE TAMAULIPAS","og_description":"*Anuncia Chucho Nader Que M\u00e1s De 250 Trabajadores Tomar\u00e1n Parte De Estas Labores. &nbsp; Alrededor de 15 cuadrillas del \u00e1rea de Servicios P\u00fablicos","og_url":"https:\/\/elinformativotam.com\/index.php\/2019\/11\/28\/realizaran-una-intensa-jornada-de-limpieza-en-la-laguna-del-carpintero\/","og_site_name":"EL INFORMATIVO DE TAMAULIPAS","article_published_time":"2019-11-29T04:34:34+00:00","og_image":[{"url":"http:\/\/elinformativotam.com\/wp-content\/uploads\/2019\/11\/limpia-300x228.jpg","type":"","width":"","height":""}],"author":"El Informativo Tam","twitter_card":"summary_large_image","twitter_misc":{"Escrito por":"El Informativo Tam","Tiempo de lectura":"2 minutos"},"schema":{"@context":"https:\/\/schema.org","@graph":[{"@type":"Article","@id":"https:\/\/elinformativotam.com\/index.php\/2019\/11\/28\/realizaran-una-intensa-jornada-de-limpieza-en-la-laguna-del-carpintero\/#article","isPartOf":{"@id":"https:\/\/elinformativotam.com\/index.php\/2019\/11\/28\/realizaran-una-intensa-jornada-de-limpieza-en-la-laguna-del-carpintero\/"},"author":{"name":"El Informativo Tam","@id":"https:\/\/elinformativotam.com\/#\/schema\/person\/78e08040eed0f6110f0c5f83b6153590"},"headline":"REALIZAR\u00c1N UNA INTENSA JORNADA DE LIMPIEZA EN LA LAGUNA DEL CARPINTERO","datePublished":"2019-11-29T04:34:34+00:00","mainEntityOfPage":{"@id":"https:\/\/elinformativotam.com\/index.php\/2019\/11\/28\/realizaran-una-intensa-jornada-de-limpieza-en-la-laguna-del-carpintero\/"},"wordCount":404,"commentCount":0,"publisher":{"@id":"https:\/\/elinformativotam.com\/#organization"},"image":{"@id":"https:\/\/elinformativotam.com\/index.php\/2019\/11\/28\/realizaran-una-intensa-jornada-de-limpieza-en-la-laguna-del-carpintero\/#primaryimage"},"thumbnailUrl":"http:\/\/elinformativotam.com\/wp-content\/uploads\/2019\/11\/limpia-300x228.jpg","articleSection":["Tampico"],"inLanguage":"es","potentialAction":[{"@type":"CommentAction","name":"Comment","target":["https:\/\/elinformativotam.com\/index.php\/2019\/11\/28\/realizaran-una-intensa-jornada-de-limpieza-en-la-laguna-del-carpintero\/#respond"]}]},{"@type":"WebPage","@id":"https:\/\/elinformativotam.com\/index.php\/2019\/11\/28\/realizaran-una-intensa-jornada-de-limpieza-en-la-laguna-del-carpintero\/","url":"https:\/\/elinformativotam.com\/index.php\/2019\/11\/28\/realizaran-una-intensa-jornada-de-limpieza-en-la-laguna-del-carpintero\/","name":"REALIZAR\u00c1N UNA INTENSA JORNADA DE LIMPIEZA EN LA LAGUNA DEL CARPINTERO - EL INFORMATIVO DE TAMAULIPAS","isPartOf":{"@id":"https:\/\/elinformativotam.com\/#website"},"primaryImageOfPage":{"@id":"https:\/\/elinformativotam.com\/index.php\/2019\/11\/28\/realizaran-una-intensa-jornada-de-limpieza-en-la-laguna-del-carpintero\/#primaryimage"},"image":{"@id":"https:\/\/elinformativotam.com\/index.php\/2019\/11\/28\/realizaran-una-intensa-jornada-de-limpieza-en-la-laguna-del-carpintero\/#primaryimage"},"thumbnailUrl":"http:\/\/elinformativotam.com\/wp-content\/uploads\/2019\/11\/limpia-300x228.jpg","datePublished":"2019-11-29T04:34:34+00:00","description":"*Anuncia Chucho Nader Que M\u00e1s De 250 Trabajadores Tomar\u00e1n Parte De Estas Labores. &nbsp; Alrededor de 15 cuadrillas del \u00e1rea de Servicios P\u00fablicos","inLanguage":"es","potentialAction":[{"@type":"ReadAction","target":["https:\/\/elinformativotam.com\/index.php\/2019\/11\/28\/realizaran-una-intensa-jornada-de-limpieza-en-la-laguna-del-carpintero\/"]}]},{"@type":"ImageObject","inLanguage":"es","@id":"https:\/\/elinformativotam.com\/index.php\/2019\/11\/28\/realizaran-una-intensa-jornada-de-limpieza-en-la-laguna-del-carpintero\/#primaryimage","url":"http:\/\/elinformativotam.com\/wp-content\/uploads\/2019\/11\/limpia-300x228.jpg","contentUrl":"http:\/\/elinformativotam.com\/wp-content\/uploads\/2019\/11\/limpia-300x228.jpg"},{"@type":"WebSite","@id":"https:\/\/elinformativotam.com\/#website","url":"https:\/\/elinformativotam.com\/","name":"EL INFORMATIVO DE TAMAULIPAS","description":"Desde la Zona Metropolitana Para Todo M\u00e9xico","publisher":{"@id":"https:\/\/elinformativotam.com\/#organization"},"potentialAction":[{"@type":"SearchAction","target":{"@type":"EntryPoint","urlTemplate":"https:\/\/elinformativotam.com\/?s={search_term_string}"},"query-input":{"@type":"PropertyValueSpecification","valueRequired":true,"valueName":"search_term_string"}}],"inLanguage":"es"},{"@type":"Organization","@id":"https:\/\/elinformativotam.com\/#organization","name":"EL INFORMATIVO DE TAMAULIPAS","url":"https:\/\/elinformativotam.com\/","logo":{"@type":"ImageObject","inLanguage":"es","@id":"https:\/\/elinformativotam.com\/#\/schema\/logo\/image\/","url":"https:\/\/elinformativotam.com\/wp-content\/uploads\/2026\/02\/Cabezal.png","contentUrl":"https:\/\/elinformativotam.com\/wp-content\/uploads\/2026\/02\/Cabezal.png","width":960,"height":640,"caption":"EL INFORMATIVO DE TAMAULIPAS"},"image":{"@id":"https:\/\/elinformativotam.com\/#\/schema\/logo\/image\/"}},{"@type":"Person","@id":"https:\/\/elinformativotam.com\/#\/schema\/person\/78e08040eed0f6110f0c5f83b6153590","name":"El Informativo Tam","image":{"@type":"ImageObject","inLanguage":"es","@id":"https:\/\/secure.gravatar.com\/avatar\/f3b7ad3af540688955925ac610647be00b0cf41feea9c4978b73a707ee86bc53?s=96&d=mm&r=g","url":"https:\/\/secure.gravatar.com\/avatar\/f3b7ad3af540688955925ac610647be00b0cf41feea9c4978b73a707ee86bc53?s=96&d=mm&r=g","contentUrl":"https:\/\/secure.gravatar.com\/avatar\/f3b7ad3af540688955925ac610647be00b0cf41feea9c4978b73a707ee86bc53?s=96&d=mm&r=g","caption":"El Informativo Tam"}}]}},"_links":{"self":[{"href":"https:\/\/elinformativotam.com\/index.php\/wp-json\/wp\/v2\/posts\/860","targetHints":{"allow":["GET"]}}],"collection":[{"href":"https:\/\/elinformativotam.com\/index.php\/wp-json\/wp\/v2\/posts"}],"about":[{"href":"https:\/\/elinformativotam.com\/index.php\/wp-json\/wp\/v2\/types\/post"}],"author":[{"embeddable":true,"href":"https:\/\/elinformativotam.com\/index.php\/wp-json\/wp\/v2\/users\/1"}],"replies":[{"embeddable":true,"href":"https:\/\/elinformativotam.com\/index.php\/wp-json\/wp\/v2\/comments?post=860"}],"version-history":[{"count":0,"href":"https:\/\/elinformativotam.com\/index.php\/wp-json\/wp\/v2\/posts\/860\/revisions"}],"wp:attachment":[{"href":"https:\/\/elinformativotam.com\/index.php\/wp-json\/wp\/v2\/media?parent=860"}],"wp:term":[{"taxonomy":"category","embeddable":true,"href":"https:\/\/elinformativotam.com\/index.php\/wp-json\/wp\/v2\/categories?post=860"},{"taxonomy":"post_tag","embeddable":true,"href":"https:\/\/elinformativotam.com\/index.php\/wp-json\/wp\/v2\/tags?post=860"}],"curies":[{"name":"wp","href":"https:\/\/api.w.org\/{rel}","templated":true}]}}