{"id":856,"date":"2019-11-27T21:09:58","date_gmt":"2019-11-28T03:09:58","guid":{"rendered":"http:\/\/elinformativotam.com\/?p=856"},"modified":"2019-11-27T21:09:58","modified_gmt":"2019-11-28T03:09:58","slug":"dif-altamira-genera-sociedad-incluyente","status":"publish","type":"post","link":"https:\/\/elinformativotam.com\/index.php\/2019\/11\/27\/dif-altamira-genera-sociedad-incluyente\/","title":{"rendered":"DIF ALTAMIRA GENERA SOCIEDAD INCLUYENTE"},"content":{"rendered":"<h3><em><strong>*A Trav\u00e9s De Esquemas Como \u201cVamos Respetando Sus Espacios\u201d Y \u201cSin L\u00edmites\u201d, Y Las Atenciones Que Se Brindan En El Centro De Rehabilitaci\u00f3n Integral Altamira<\/strong><\/em><\/h3>\n<p>&nbsp;<\/p>\n<p>El Sistema DIF Altamira trabaja constantemente para consolidar una sociedad incluyente y competitiva brindando igualdad de condiciones a los ciudadanos que padecen alguna discapacidad, siendo una de las acciones de mayor orgullo para el organismo que preside Alma Laura Hern\u00e1ndez Ampar\u00e1n.<\/p>\n<p>&nbsp;<\/p>\n<p>En el Centro de Rehabilitaci\u00f3n Integral Altamira (CRI), se brindan atenciones no hospitalarias desde terapias de lenguaje, ocupacionales, trabajo social, consulta param\u00e9dica, atenci\u00f3n psicol\u00f3gica, terapia f\u00edsica, Rayos X y audiometr\u00eda.<\/p>\n<p>&nbsp;<\/p>\n<p>El Sistema para el Desarrollo Integral de la Familia tambi\u00e9n ofrece estimulaci\u00f3n m\u00faltiple para ni\u00f1os y ni\u00f1as especiales, adem\u00e1s de dar puntual seguimiento a las personas con discapacidad; muestra de lo anterior es la realizaci\u00f3n de la campa\u00f1a \u201cVamos Respetando sus Espacios\u201d, as\u00ed como el programa \u201cSin L\u00edmites\u201d en el cual mil 691 personas reciben apoyos directos y ayuda para transporte y educaci\u00f3n.<\/p>\n<p>&nbsp;<\/p>\n<p>\u201cA trav\u00e9s del CRI Altamira con sus maestros, terapeutas, personal administrativo y su director Fernando Fung Castellanos, estamos logrando crear conciencia sobre este tema. Tenemos la visi\u00f3n y el compromiso de generar una sociedad accesible e inclusiva para mejorar las condiciones de vida de quienes viven con una discapacidad\u201d, expres\u00f3 la presidenta del voluntariado, Alma Laura Hern\u00e1ndez.<\/p>\n<p><img loading=\"lazy\" decoding=\"async\" class=\" wp-image-857 aligncenter\" src=\"https:\/\/elinformativotam.com\/wp-content\/uploads\/2019\/11\/laura-4-300x179.jpg\" alt=\"\" width=\"769\" height=\"459\" \/><\/p>\n<p>De igual manera, el Sistema DIF Tamaulipas, que preside la se\u00f1ora Mariana G\u00f3mez de Garc\u00eda Cabeza de Vaca, brinda total apoyo para impulsar un municipio incluyente, prueba de ello es la unidad adaptada puesta al servicio de los alumnos del CAM \u201cSamuel Ramos Maga\u00f1a\u201d.<\/p>\n<p>&nbsp;<\/p>\n<p>Orgullosamente, el Sistema DIF Altamira cuenta con el grupo ganador del tercer lugar de baile sobre ruedas a nivel estatal \u201cInclusi\u00f3n sobre silla de ruedas\u201d, el cual particip\u00f3 en el concurso de talentos realizado en Ciudad Victoria por el Sistema DIF Tamaulipas y el Centro de Rehabilitaci\u00f3n y Educaci\u00f3n Especial.<\/p>\n<p>&nbsp;<\/p>\n<p>Asimismo, la Fundaci\u00f3n Telet\u00f3n M\u00e9xico, entreg\u00f3 un reconocimiento al DIF Altamira por las acciones realizadas a favor de las personas m\u00e1s vulnerables.<\/p>\n<p>&nbsp;<\/p>\n<p>Es as\u00ed, como el DIF municipal, de la mano con el Sistema para el Desarrollo Integral de la Familia de Tamaulipas y el gobierno de la ciudad, que preside la alcaldesa Alma Laura Ampar\u00e1n Cruz, construye un Altamira incluyente con valores humanos.<\/p>\n<p>&nbsp;<\/p>\n<p>&nbsp;<\/p>\n<p>&nbsp;<\/p>\n","protected":false},"excerpt":{"rendered":"<p>*A Trav\u00e9s De Esquemas Como \u201cVamos Respetando Sus Espacios\u201d Y \u201cSin L\u00edmites\u201d, Y Las Atenciones Que Se Brindan En El&hellip;<\/p>\n","protected":false},"author":1,"featured_media":0,"comment_status":"open","ping_status":"open","sticky":false,"template":"","format":"standard","meta":{"footnotes":""},"categories":[5],"tags":[],"class_list":["post-856","post","type-post","status-publish","format-standard","hentry","category-altamira"],"yoast_head":"<!-- This site is optimized with the Yoast SEO plugin v27.5 - https:\/\/yoast.com\/product\/yoast-seo-wordpress\/ -->\n<title>DIF ALTAMIRA GENERA SOCIEDAD INCLUYENTE - EL INFORMATIVO DE TAMAULIPAS<\/title>\n<meta name=\"description\" content=\"*A Trav\u00e9s De Esquemas Como \u201cVamos Respetando Sus Espacios\u201d Y \u201cSin L\u00edmites\u201d, Y Las Atenciones Que Se Brindan En El Centro De Rehabilitaci\u00f3n Integral\" \/>\n<meta name=\"robots\" content=\"index, follow, max-snippet:-1, max-image-preview:large, max-video-preview:-1\" \/>\n<link rel=\"canonical\" href=\"https:\/\/elinformativotam.com\/index.php\/2019\/11\/27\/dif-altamira-genera-sociedad-incluyente\/\" \/>\n<meta property=\"og:locale\" content=\"es_MX\" \/>\n<meta property=\"og:type\" content=\"article\" \/>\n<meta property=\"og:title\" content=\"DIF ALTAMIRA GENERA SOCIEDAD INCLUYENTE - EL INFORMATIVO DE TAMAULIPAS\" \/>\n<meta property=\"og:description\" content=\"*A Trav\u00e9s De Esquemas Como \u201cVamos Respetando Sus Espacios\u201d Y \u201cSin L\u00edmites\u201d, Y Las Atenciones Que Se Brindan En El Centro De Rehabilitaci\u00f3n Integral\" \/>\n<meta property=\"og:url\" content=\"https:\/\/elinformativotam.com\/index.php\/2019\/11\/27\/dif-altamira-genera-sociedad-incluyente\/\" \/>\n<meta property=\"og:site_name\" content=\"EL INFORMATIVO DE TAMAULIPAS\" \/>\n<meta property=\"article:published_time\" content=\"2019-11-28T03:09:58+00:00\" \/>\n<meta property=\"og:image\" content=\"http:\/\/elinformativotam.com\/wp-content\/uploads\/2019\/11\/laura-4-300x179.jpg\" \/>\n<meta name=\"author\" content=\"El Informativo Tam\" \/>\n<meta name=\"twitter:card\" content=\"summary_large_image\" \/>\n<meta name=\"twitter:label1\" content=\"Escrito por\" \/>\n\t<meta name=\"twitter:data1\" content=\"El Informativo Tam\" \/>\n\t<meta name=\"twitter:label2\" content=\"Tiempo de lectura\" \/>\n\t<meta name=\"twitter:data2\" content=\"2 minutos\" \/>\n<script type=\"application\/ld+json\" class=\"yoast-schema-graph\">{\"@context\":\"https:\\\/\\\/schema.org\",\"@graph\":[{\"@type\":\"Article\",\"@id\":\"https:\\\/\\\/elinformativotam.com\\\/index.php\\\/2019\\\/11\\\/27\\\/dif-altamira-genera-sociedad-incluyente\\\/#article\",\"isPartOf\":{\"@id\":\"https:\\\/\\\/elinformativotam.com\\\/index.php\\\/2019\\\/11\\\/27\\\/dif-altamira-genera-sociedad-incluyente\\\/\"},\"author\":{\"name\":\"El Informativo Tam\",\"@id\":\"https:\\\/\\\/elinformativotam.com\\\/#\\\/schema\\\/person\\\/78e08040eed0f6110f0c5f83b6153590\"},\"headline\":\"DIF ALTAMIRA GENERA SOCIEDAD INCLUYENTE\",\"datePublished\":\"2019-11-28T03:09:58+00:00\",\"mainEntityOfPage\":{\"@id\":\"https:\\\/\\\/elinformativotam.com\\\/index.php\\\/2019\\\/11\\\/27\\\/dif-altamira-genera-sociedad-incluyente\\\/\"},\"wordCount\":424,\"commentCount\":0,\"publisher\":{\"@id\":\"https:\\\/\\\/elinformativotam.com\\\/#organization\"},\"image\":{\"@id\":\"https:\\\/\\\/elinformativotam.com\\\/index.php\\\/2019\\\/11\\\/27\\\/dif-altamira-genera-sociedad-incluyente\\\/#primaryimage\"},\"thumbnailUrl\":\"http:\\\/\\\/elinformativotam.com\\\/wp-content\\\/uploads\\\/2019\\\/11\\\/laura-4-300x179.jpg\",\"articleSection\":[\"Altamira\"],\"inLanguage\":\"es\",\"potentialAction\":[{\"@type\":\"CommentAction\",\"name\":\"Comment\",\"target\":[\"https:\\\/\\\/elinformativotam.com\\\/index.php\\\/2019\\\/11\\\/27\\\/dif-altamira-genera-sociedad-incluyente\\\/#respond\"]}]},{\"@type\":\"WebPage\",\"@id\":\"https:\\\/\\\/elinformativotam.com\\\/index.php\\\/2019\\\/11\\\/27\\\/dif-altamira-genera-sociedad-incluyente\\\/\",\"url\":\"https:\\\/\\\/elinformativotam.com\\\/index.php\\\/2019\\\/11\\\/27\\\/dif-altamira-genera-sociedad-incluyente\\\/\",\"name\":\"DIF ALTAMIRA GENERA SOCIEDAD INCLUYENTE - EL INFORMATIVO DE TAMAULIPAS\",\"isPartOf\":{\"@id\":\"https:\\\/\\\/elinformativotam.com\\\/#website\"},\"primaryImageOfPage\":{\"@id\":\"https:\\\/\\\/elinformativotam.com\\\/index.php\\\/2019\\\/11\\\/27\\\/dif-altamira-genera-sociedad-incluyente\\\/#primaryimage\"},\"image\":{\"@id\":\"https:\\\/\\\/elinformativotam.com\\\/index.php\\\/2019\\\/11\\\/27\\\/dif-altamira-genera-sociedad-incluyente\\\/#primaryimage\"},\"thumbnailUrl\":\"http:\\\/\\\/elinformativotam.com\\\/wp-content\\\/uploads\\\/2019\\\/11\\\/laura-4-300x179.jpg\",\"datePublished\":\"2019-11-28T03:09:58+00:00\",\"description\":\"*A Trav\u00e9s De Esquemas Como \u201cVamos Respetando Sus Espacios\u201d Y \u201cSin L\u00edmites\u201d, Y Las Atenciones Que Se Brindan En El Centro De Rehabilitaci\u00f3n Integral\",\"inLanguage\":\"es\",\"potentialAction\":[{\"@type\":\"ReadAction\",\"target\":[\"https:\\\/\\\/elinformativotam.com\\\/index.php\\\/2019\\\/11\\\/27\\\/dif-altamira-genera-sociedad-incluyente\\\/\"]}]},{\"@type\":\"ImageObject\",\"inLanguage\":\"es\",\"@id\":\"https:\\\/\\\/elinformativotam.com\\\/index.php\\\/2019\\\/11\\\/27\\\/dif-altamira-genera-sociedad-incluyente\\\/#primaryimage\",\"url\":\"http:\\\/\\\/elinformativotam.com\\\/wp-content\\\/uploads\\\/2019\\\/11\\\/laura-4-300x179.jpg\",\"contentUrl\":\"http:\\\/\\\/elinformativotam.com\\\/wp-content\\\/uploads\\\/2019\\\/11\\\/laura-4-300x179.jpg\"},{\"@type\":\"WebSite\",\"@id\":\"https:\\\/\\\/elinformativotam.com\\\/#website\",\"url\":\"https:\\\/\\\/elinformativotam.com\\\/\",\"name\":\"EL INFORMATIVO DE TAMAULIPAS\",\"description\":\"Desde la Zona Metropolitana Para Todo M\u00e9xico\",\"publisher\":{\"@id\":\"https:\\\/\\\/elinformativotam.com\\\/#organization\"},\"potentialAction\":[{\"@type\":\"SearchAction\",\"target\":{\"@type\":\"EntryPoint\",\"urlTemplate\":\"https:\\\/\\\/elinformativotam.com\\\/?s={search_term_string}\"},\"query-input\":{\"@type\":\"PropertyValueSpecification\",\"valueRequired\":true,\"valueName\":\"search_term_string\"}}],\"inLanguage\":\"es\"},{\"@type\":\"Organization\",\"@id\":\"https:\\\/\\\/elinformativotam.com\\\/#organization\",\"name\":\"EL INFORMATIVO DE TAMAULIPAS\",\"url\":\"https:\\\/\\\/elinformativotam.com\\\/\",\"logo\":{\"@type\":\"ImageObject\",\"inLanguage\":\"es\",\"@id\":\"https:\\\/\\\/elinformativotam.com\\\/#\\\/schema\\\/logo\\\/image\\\/\",\"url\":\"https:\\\/\\\/elinformativotam.com\\\/wp-content\\\/uploads\\\/2026\\\/02\\\/Cabezal.png\",\"contentUrl\":\"https:\\\/\\\/elinformativotam.com\\\/wp-content\\\/uploads\\\/2026\\\/02\\\/Cabezal.png\",\"width\":960,\"height\":640,\"caption\":\"EL INFORMATIVO DE TAMAULIPAS\"},\"image\":{\"@id\":\"https:\\\/\\\/elinformativotam.com\\\/#\\\/schema\\\/logo\\\/image\\\/\"}},{\"@type\":\"Person\",\"@id\":\"https:\\\/\\\/elinformativotam.com\\\/#\\\/schema\\\/person\\\/78e08040eed0f6110f0c5f83b6153590\",\"name\":\"El Informativo Tam\",\"image\":{\"@type\":\"ImageObject\",\"inLanguage\":\"es\",\"@id\":\"https:\\\/\\\/secure.gravatar.com\\\/avatar\\\/f3b7ad3af540688955925ac610647be00b0cf41feea9c4978b73a707ee86bc53?s=96&d=mm&r=g\",\"url\":\"https:\\\/\\\/secure.gravatar.com\\\/avatar\\\/f3b7ad3af540688955925ac610647be00b0cf41feea9c4978b73a707ee86bc53?s=96&d=mm&r=g\",\"contentUrl\":\"https:\\\/\\\/secure.gravatar.com\\\/avatar\\\/f3b7ad3af540688955925ac610647be00b0cf41feea9c4978b73a707ee86bc53?s=96&d=mm&r=g\",\"caption\":\"El Informativo Tam\"}}]}<\/script>\n<!-- \/ Yoast SEO plugin. -->","yoast_head_json":{"title":"DIF ALTAMIRA GENERA SOCIEDAD INCLUYENTE - EL INFORMATIVO DE TAMAULIPAS","description":"*A Trav\u00e9s De Esquemas Como \u201cVamos Respetando Sus Espacios\u201d Y \u201cSin L\u00edmites\u201d, Y Las Atenciones Que Se Brindan En El Centro De Rehabilitaci\u00f3n Integral","robots":{"index":"index","follow":"follow","max-snippet":"max-snippet:-1","max-image-preview":"max-image-preview:large","max-video-preview":"max-video-preview:-1"},"canonical":"https:\/\/elinformativotam.com\/index.php\/2019\/11\/27\/dif-altamira-genera-sociedad-incluyente\/","og_locale":"es_MX","og_type":"article","og_title":"DIF ALTAMIRA GENERA SOCIEDAD INCLUYENTE - EL INFORMATIVO DE TAMAULIPAS","og_description":"*A Trav\u00e9s De Esquemas Como \u201cVamos Respetando Sus Espacios\u201d Y \u201cSin L\u00edmites\u201d, Y Las Atenciones Que Se Brindan En El Centro De Rehabilitaci\u00f3n Integral","og_url":"https:\/\/elinformativotam.com\/index.php\/2019\/11\/27\/dif-altamira-genera-sociedad-incluyente\/","og_site_name":"EL INFORMATIVO DE TAMAULIPAS","article_published_time":"2019-11-28T03:09:58+00:00","og_image":[{"url":"http:\/\/elinformativotam.com\/wp-content\/uploads\/2019\/11\/laura-4-300x179.jpg","type":"","width":"","height":""}],"author":"El Informativo Tam","twitter_card":"summary_large_image","twitter_misc":{"Escrito por":"El Informativo Tam","Tiempo de lectura":"2 minutos"},"schema":{"@context":"https:\/\/schema.org","@graph":[{"@type":"Article","@id":"https:\/\/elinformativotam.com\/index.php\/2019\/11\/27\/dif-altamira-genera-sociedad-incluyente\/#article","isPartOf":{"@id":"https:\/\/elinformativotam.com\/index.php\/2019\/11\/27\/dif-altamira-genera-sociedad-incluyente\/"},"author":{"name":"El Informativo Tam","@id":"https:\/\/elinformativotam.com\/#\/schema\/person\/78e08040eed0f6110f0c5f83b6153590"},"headline":"DIF ALTAMIRA GENERA SOCIEDAD INCLUYENTE","datePublished":"2019-11-28T03:09:58+00:00","mainEntityOfPage":{"@id":"https:\/\/elinformativotam.com\/index.php\/2019\/11\/27\/dif-altamira-genera-sociedad-incluyente\/"},"wordCount":424,"commentCount":0,"publisher":{"@id":"https:\/\/elinformativotam.com\/#organization"},"image":{"@id":"https:\/\/elinformativotam.com\/index.php\/2019\/11\/27\/dif-altamira-genera-sociedad-incluyente\/#primaryimage"},"thumbnailUrl":"http:\/\/elinformativotam.com\/wp-content\/uploads\/2019\/11\/laura-4-300x179.jpg","articleSection":["Altamira"],"inLanguage":"es","potentialAction":[{"@type":"CommentAction","name":"Comment","target":["https:\/\/elinformativotam.com\/index.php\/2019\/11\/27\/dif-altamira-genera-sociedad-incluyente\/#respond"]}]},{"@type":"WebPage","@id":"https:\/\/elinformativotam.com\/index.php\/2019\/11\/27\/dif-altamira-genera-sociedad-incluyente\/","url":"https:\/\/elinformativotam.com\/index.php\/2019\/11\/27\/dif-altamira-genera-sociedad-incluyente\/","name":"DIF ALTAMIRA GENERA SOCIEDAD INCLUYENTE - EL INFORMATIVO DE TAMAULIPAS","isPartOf":{"@id":"https:\/\/elinformativotam.com\/#website"},"primaryImageOfPage":{"@id":"https:\/\/elinformativotam.com\/index.php\/2019\/11\/27\/dif-altamira-genera-sociedad-incluyente\/#primaryimage"},"image":{"@id":"https:\/\/elinformativotam.com\/index.php\/2019\/11\/27\/dif-altamira-genera-sociedad-incluyente\/#primaryimage"},"thumbnailUrl":"http:\/\/elinformativotam.com\/wp-content\/uploads\/2019\/11\/laura-4-300x179.jpg","datePublished":"2019-11-28T03:09:58+00:00","description":"*A Trav\u00e9s De Esquemas Como \u201cVamos Respetando Sus Espacios\u201d Y \u201cSin L\u00edmites\u201d, Y Las Atenciones Que Se Brindan En El Centro De Rehabilitaci\u00f3n Integral","inLanguage":"es","potentialAction":[{"@type":"ReadAction","target":["https:\/\/elinformativotam.com\/index.php\/2019\/11\/27\/dif-altamira-genera-sociedad-incluyente\/"]}]},{"@type":"ImageObject","inLanguage":"es","@id":"https:\/\/elinformativotam.com\/index.php\/2019\/11\/27\/dif-altamira-genera-sociedad-incluyente\/#primaryimage","url":"http:\/\/elinformativotam.com\/wp-content\/uploads\/2019\/11\/laura-4-300x179.jpg","contentUrl":"http:\/\/elinformativotam.com\/wp-content\/uploads\/2019\/11\/laura-4-300x179.jpg"},{"@type":"WebSite","@id":"https:\/\/elinformativotam.com\/#website","url":"https:\/\/elinformativotam.com\/","name":"EL INFORMATIVO DE TAMAULIPAS","description":"Desde la Zona Metropolitana Para Todo M\u00e9xico","publisher":{"@id":"https:\/\/elinformativotam.com\/#organization"},"potentialAction":[{"@type":"SearchAction","target":{"@type":"EntryPoint","urlTemplate":"https:\/\/elinformativotam.com\/?s={search_term_string}"},"query-input":{"@type":"PropertyValueSpecification","valueRequired":true,"valueName":"search_term_string"}}],"inLanguage":"es"},{"@type":"Organization","@id":"https:\/\/elinformativotam.com\/#organization","name":"EL INFORMATIVO DE TAMAULIPAS","url":"https:\/\/elinformativotam.com\/","logo":{"@type":"ImageObject","inLanguage":"es","@id":"https:\/\/elinformativotam.com\/#\/schema\/logo\/image\/","url":"https:\/\/elinformativotam.com\/wp-content\/uploads\/2026\/02\/Cabezal.png","contentUrl":"https:\/\/elinformativotam.com\/wp-content\/uploads\/2026\/02\/Cabezal.png","width":960,"height":640,"caption":"EL INFORMATIVO DE TAMAULIPAS"},"image":{"@id":"https:\/\/elinformativotam.com\/#\/schema\/logo\/image\/"}},{"@type":"Person","@id":"https:\/\/elinformativotam.com\/#\/schema\/person\/78e08040eed0f6110f0c5f83b6153590","name":"El Informativo Tam","image":{"@type":"ImageObject","inLanguage":"es","@id":"https:\/\/secure.gravatar.com\/avatar\/f3b7ad3af540688955925ac610647be00b0cf41feea9c4978b73a707ee86bc53?s=96&d=mm&r=g","url":"https:\/\/secure.gravatar.com\/avatar\/f3b7ad3af540688955925ac610647be00b0cf41feea9c4978b73a707ee86bc53?s=96&d=mm&r=g","contentUrl":"https:\/\/secure.gravatar.com\/avatar\/f3b7ad3af540688955925ac610647be00b0cf41feea9c4978b73a707ee86bc53?s=96&d=mm&r=g","caption":"El Informativo Tam"}}]}},"_links":{"self":[{"href":"https:\/\/elinformativotam.com\/index.php\/wp-json\/wp\/v2\/posts\/856","targetHints":{"allow":["GET"]}}],"collection":[{"href":"https:\/\/elinformativotam.com\/index.php\/wp-json\/wp\/v2\/posts"}],"about":[{"href":"https:\/\/elinformativotam.com\/index.php\/wp-json\/wp\/v2\/types\/post"}],"author":[{"embeddable":true,"href":"https:\/\/elinformativotam.com\/index.php\/wp-json\/wp\/v2\/users\/1"}],"replies":[{"embeddable":true,"href":"https:\/\/elinformativotam.com\/index.php\/wp-json\/wp\/v2\/comments?post=856"}],"version-history":[{"count":0,"href":"https:\/\/elinformativotam.com\/index.php\/wp-json\/wp\/v2\/posts\/856\/revisions"}],"wp:attachment":[{"href":"https:\/\/elinformativotam.com\/index.php\/wp-json\/wp\/v2\/media?parent=856"}],"wp:term":[{"taxonomy":"category","embeddable":true,"href":"https:\/\/elinformativotam.com\/index.php\/wp-json\/wp\/v2\/categories?post=856"},{"taxonomy":"post_tag","embeddable":true,"href":"https:\/\/elinformativotam.com\/index.php\/wp-json\/wp\/v2\/tags?post=856"}],"curies":[{"name":"wp","href":"https:\/\/api.w.org\/{rel}","templated":true}]}}