{"id":821,"date":"2019-11-25T18:31:40","date_gmt":"2019-11-26T00:31:40","guid":{"rendered":"http:\/\/elinformativotam.com\/?p=821"},"modified":"2019-11-25T18:31:40","modified_gmt":"2019-11-26T00:31:40","slug":"con-exposicion-concientizan-en-ciudad-madero-sobre-la-violencia-de-genero","status":"publish","type":"post","link":"https:\/\/elinformativotam.com\/index.php\/2019\/11\/25\/con-exposicion-concientizan-en-ciudad-madero-sobre-la-violencia-de-genero\/","title":{"rendered":"CON EXPOSICI\u00d3N CONCIENTIZAN EN CIUDAD MADERO SOBRE LA VIOLENCIA DE G\u00c9NERO"},"content":{"rendered":"<h3><em><strong>* La Exposici\u00f3n De Los \u201cZapatos Rojos\u201d, Es Una Iniciativa Que En M\u00e9xico Fue Adoptada En Se\u00f1al De Protesta Por La Desaparici\u00f3n Y Muerte De Las Mujeres De Ciudad Ju\u00e1rez.<\/strong><\/em><\/h3>\n<p>&nbsp;<\/p>\n<p>En el marco de la celebraci\u00f3n del D\u00eda Internacional de la Eliminaci\u00f3n de la Violencia contra la Mujer, se llev\u00f3 a cabo una muestra simb\u00f3lica de zapatos rojos organizada por la Comisi\u00f3n de Equidad de G\u00e9nero del Ayuntamiento de Ciudad Madero, la cual tuvo lugar en la explanada de la Presidencia Municipal con el fin de concientizar a la poblaci\u00f3n sobre esta problem\u00e1tica que aqueja en el pa\u00eds.<\/p>\n<p>&nbsp;<\/p>\n<p>La exposici\u00f3n de los \u201cZapatos Rojos\u201d, es una iniciativa que en M\u00e9xico fue adoptada en se\u00f1al de protesta por la desaparici\u00f3n y muerte de las mujeres de Ciudad Ju\u00e1rez, Chihuahua y en esta ocasi\u00f3n, se realiz\u00f3 en Ciudad Madero.<\/p>\n<p>&nbsp;<\/p>\n<p>Cada uno de los 22 pares de zapatos colocados, recuerda alg\u00fan caso de violencia en contra de mujeres del sur de Tamaulipas, como es el ejemplo el de Benazhir, asesinada por su pareja, o el caso de Lita, quien fuera asesinada por un familiar, entre otros casos m\u00e1s.<\/p>\n<p>&nbsp;<\/p>\n<p><img loading=\"lazy\" decoding=\"async\" class=\"alignnone  wp-image-823\" src=\"https:\/\/elinformativotam.com\/wp-content\/uploads\/2019\/11\/foto2-1-300x208.jpg\" alt=\"\" width=\"992\" height=\"688\" \/><\/p>\n<p>La regidora Nury Violeta Romero Santiago, integrante de la citada comisi\u00f3n en el cabildo maderense, se\u00f1al\u00f3 que \u201ccon esta actividad tratamos de concientizar a la ciudadan\u00eda de que no haya m\u00e1s violencia hacia las mujeres, los zapatos rojos porque son donde nos paramos, porque es nuestra fortaleza y nuestra fuerza, y rojos porque es la sangre que se ha derramado de las mujeres y la esperanza que tenemos en que haya justicia para todas aquellas v\u00edctimas de violencia\u201d.<\/p>\n<p>&nbsp;<\/p>\n<p>Destac\u00f3 el impulso que el alcalde Adri\u00e1n Oseguera Kernion ha brindado a los programas de apoyo a trav\u00e9s del Sistema DIF local y el Instituto Municipal de la Mujer, con el prop\u00f3sito de erradicar las actitudes que atentan contra la integridad de las maderenses.<\/p>\n<p>&nbsp;<\/p>\n<p>Romero Santiago refiri\u00f3 finalmente que los casos de violencia contra la mujer contin\u00faan en el pa\u00eds, por lo que asegur\u00f3, es necesario que la poblaci\u00f3n conozca los tipos de violencia que se dan, tales como: f\u00edsica, psicol\u00f3gica, laboral y dom\u00e9stica; principalmente durante el noviazgo.<\/p>\n","protected":false},"excerpt":{"rendered":"<p>* La Exposici\u00f3n De Los \u201cZapatos Rojos\u201d, Es Una Iniciativa Que En M\u00e9xico Fue Adoptada En Se\u00f1al De Protesta Por&hellip;<\/p>\n","protected":false},"author":1,"featured_media":0,"comment_status":"open","ping_status":"open","sticky":false,"template":"","format":"standard","meta":{"footnotes":""},"categories":[4],"tags":[],"class_list":["post-821","post","type-post","status-publish","format-standard","hentry","category-madero"],"yoast_head":"<!-- This site is optimized with the Yoast SEO plugin v27.5 - https:\/\/yoast.com\/product\/yoast-seo-wordpress\/ -->\n<title>CON EXPOSICI\u00d3N CONCIENTIZAN EN CIUDAD MADERO SOBRE LA VIOLENCIA DE G\u00c9NERO - EL INFORMATIVO DE TAMAULIPAS<\/title>\n<meta name=\"description\" content=\"* La Exposici\u00f3n De Los \u201cZapatos Rojos\u201d, Es Una Iniciativa Que En M\u00e9xico Fue Adoptada En Se\u00f1al De Protesta Por La Desaparici\u00f3n Y Muerte De Las Mujeres De\" \/>\n<meta name=\"robots\" content=\"index, follow, max-snippet:-1, max-image-preview:large, max-video-preview:-1\" \/>\n<link rel=\"canonical\" href=\"https:\/\/elinformativotam.com\/index.php\/2019\/11\/25\/con-exposicion-concientizan-en-ciudad-madero-sobre-la-violencia-de-genero\/\" \/>\n<meta property=\"og:locale\" content=\"es_MX\" \/>\n<meta property=\"og:type\" content=\"article\" \/>\n<meta property=\"og:title\" content=\"CON EXPOSICI\u00d3N CONCIENTIZAN EN CIUDAD MADERO SOBRE LA VIOLENCIA DE G\u00c9NERO - EL INFORMATIVO DE TAMAULIPAS\" \/>\n<meta property=\"og:description\" content=\"* La Exposici\u00f3n De Los \u201cZapatos Rojos\u201d, Es Una Iniciativa Que En M\u00e9xico Fue Adoptada En Se\u00f1al De Protesta Por La Desaparici\u00f3n Y Muerte De Las Mujeres De\" \/>\n<meta property=\"og:url\" content=\"https:\/\/elinformativotam.com\/index.php\/2019\/11\/25\/con-exposicion-concientizan-en-ciudad-madero-sobre-la-violencia-de-genero\/\" \/>\n<meta property=\"og:site_name\" content=\"EL INFORMATIVO DE TAMAULIPAS\" \/>\n<meta property=\"article:published_time\" content=\"2019-11-26T00:31:40+00:00\" \/>\n<meta property=\"og:image\" content=\"http:\/\/elinformativotam.com\/wp-content\/uploads\/2019\/11\/foto2-1-300x208.jpg\" \/>\n<meta name=\"author\" content=\"El Informativo Tam\" \/>\n<meta name=\"twitter:card\" content=\"summary_large_image\" \/>\n<meta name=\"twitter:label1\" content=\"Escrito por\" \/>\n\t<meta name=\"twitter:data1\" content=\"El Informativo Tam\" \/>\n\t<meta name=\"twitter:label2\" content=\"Tiempo de lectura\" \/>\n\t<meta name=\"twitter:data2\" content=\"2 minutos\" \/>\n<script type=\"application\/ld+json\" class=\"yoast-schema-graph\">{\"@context\":\"https:\\\/\\\/schema.org\",\"@graph\":[{\"@type\":\"Article\",\"@id\":\"https:\\\/\\\/elinformativotam.com\\\/index.php\\\/2019\\\/11\\\/25\\\/con-exposicion-concientizan-en-ciudad-madero-sobre-la-violencia-de-genero\\\/#article\",\"isPartOf\":{\"@id\":\"https:\\\/\\\/elinformativotam.com\\\/index.php\\\/2019\\\/11\\\/25\\\/con-exposicion-concientizan-en-ciudad-madero-sobre-la-violencia-de-genero\\\/\"},\"author\":{\"name\":\"El Informativo Tam\",\"@id\":\"https:\\\/\\\/elinformativotam.com\\\/#\\\/schema\\\/person\\\/78e08040eed0f6110f0c5f83b6153590\"},\"headline\":\"CON EXPOSICI\u00d3N CONCIENTIZAN EN CIUDAD MADERO SOBRE LA VIOLENCIA DE G\u00c9NERO\",\"datePublished\":\"2019-11-26T00:31:40+00:00\",\"mainEntityOfPage\":{\"@id\":\"https:\\\/\\\/elinformativotam.com\\\/index.php\\\/2019\\\/11\\\/25\\\/con-exposicion-concientizan-en-ciudad-madero-sobre-la-violencia-de-genero\\\/\"},\"wordCount\":404,\"commentCount\":0,\"publisher\":{\"@id\":\"https:\\\/\\\/elinformativotam.com\\\/#organization\"},\"image\":{\"@id\":\"https:\\\/\\\/elinformativotam.com\\\/index.php\\\/2019\\\/11\\\/25\\\/con-exposicion-concientizan-en-ciudad-madero-sobre-la-violencia-de-genero\\\/#primaryimage\"},\"thumbnailUrl\":\"http:\\\/\\\/elinformativotam.com\\\/wp-content\\\/uploads\\\/2019\\\/11\\\/foto2-1-300x208.jpg\",\"articleSection\":[\"Cd Madero\"],\"inLanguage\":\"es\",\"potentialAction\":[{\"@type\":\"CommentAction\",\"name\":\"Comment\",\"target\":[\"https:\\\/\\\/elinformativotam.com\\\/index.php\\\/2019\\\/11\\\/25\\\/con-exposicion-concientizan-en-ciudad-madero-sobre-la-violencia-de-genero\\\/#respond\"]}]},{\"@type\":\"WebPage\",\"@id\":\"https:\\\/\\\/elinformativotam.com\\\/index.php\\\/2019\\\/11\\\/25\\\/con-exposicion-concientizan-en-ciudad-madero-sobre-la-violencia-de-genero\\\/\",\"url\":\"https:\\\/\\\/elinformativotam.com\\\/index.php\\\/2019\\\/11\\\/25\\\/con-exposicion-concientizan-en-ciudad-madero-sobre-la-violencia-de-genero\\\/\",\"name\":\"CON EXPOSICI\u00d3N CONCIENTIZAN EN CIUDAD MADERO SOBRE LA VIOLENCIA DE G\u00c9NERO - EL INFORMATIVO DE TAMAULIPAS\",\"isPartOf\":{\"@id\":\"https:\\\/\\\/elinformativotam.com\\\/#website\"},\"primaryImageOfPage\":{\"@id\":\"https:\\\/\\\/elinformativotam.com\\\/index.php\\\/2019\\\/11\\\/25\\\/con-exposicion-concientizan-en-ciudad-madero-sobre-la-violencia-de-genero\\\/#primaryimage\"},\"image\":{\"@id\":\"https:\\\/\\\/elinformativotam.com\\\/index.php\\\/2019\\\/11\\\/25\\\/con-exposicion-concientizan-en-ciudad-madero-sobre-la-violencia-de-genero\\\/#primaryimage\"},\"thumbnailUrl\":\"http:\\\/\\\/elinformativotam.com\\\/wp-content\\\/uploads\\\/2019\\\/11\\\/foto2-1-300x208.jpg\",\"datePublished\":\"2019-11-26T00:31:40+00:00\",\"description\":\"* La Exposici\u00f3n De Los \u201cZapatos Rojos\u201d, Es Una Iniciativa Que En M\u00e9xico Fue Adoptada En Se\u00f1al De Protesta Por La Desaparici\u00f3n Y Muerte De Las Mujeres De\",\"inLanguage\":\"es\",\"potentialAction\":[{\"@type\":\"ReadAction\",\"target\":[\"https:\\\/\\\/elinformativotam.com\\\/index.php\\\/2019\\\/11\\\/25\\\/con-exposicion-concientizan-en-ciudad-madero-sobre-la-violencia-de-genero\\\/\"]}]},{\"@type\":\"ImageObject\",\"inLanguage\":\"es\",\"@id\":\"https:\\\/\\\/elinformativotam.com\\\/index.php\\\/2019\\\/11\\\/25\\\/con-exposicion-concientizan-en-ciudad-madero-sobre-la-violencia-de-genero\\\/#primaryimage\",\"url\":\"http:\\\/\\\/elinformativotam.com\\\/wp-content\\\/uploads\\\/2019\\\/11\\\/foto2-1-300x208.jpg\",\"contentUrl\":\"http:\\\/\\\/elinformativotam.com\\\/wp-content\\\/uploads\\\/2019\\\/11\\\/foto2-1-300x208.jpg\"},{\"@type\":\"WebSite\",\"@id\":\"https:\\\/\\\/elinformativotam.com\\\/#website\",\"url\":\"https:\\\/\\\/elinformativotam.com\\\/\",\"name\":\"EL INFORMATIVO DE TAMAULIPAS\",\"description\":\"Desde la Zona Metropolitana Para Todo M\u00e9xico\",\"publisher\":{\"@id\":\"https:\\\/\\\/elinformativotam.com\\\/#organization\"},\"potentialAction\":[{\"@type\":\"SearchAction\",\"target\":{\"@type\":\"EntryPoint\",\"urlTemplate\":\"https:\\\/\\\/elinformativotam.com\\\/?s={search_term_string}\"},\"query-input\":{\"@type\":\"PropertyValueSpecification\",\"valueRequired\":true,\"valueName\":\"search_term_string\"}}],\"inLanguage\":\"es\"},{\"@type\":\"Organization\",\"@id\":\"https:\\\/\\\/elinformativotam.com\\\/#organization\",\"name\":\"EL INFORMATIVO DE TAMAULIPAS\",\"url\":\"https:\\\/\\\/elinformativotam.com\\\/\",\"logo\":{\"@type\":\"ImageObject\",\"inLanguage\":\"es\",\"@id\":\"https:\\\/\\\/elinformativotam.com\\\/#\\\/schema\\\/logo\\\/image\\\/\",\"url\":\"https:\\\/\\\/elinformativotam.com\\\/wp-content\\\/uploads\\\/2026\\\/02\\\/Cabezal.png\",\"contentUrl\":\"https:\\\/\\\/elinformativotam.com\\\/wp-content\\\/uploads\\\/2026\\\/02\\\/Cabezal.png\",\"width\":960,\"height\":640,\"caption\":\"EL INFORMATIVO DE TAMAULIPAS\"},\"image\":{\"@id\":\"https:\\\/\\\/elinformativotam.com\\\/#\\\/schema\\\/logo\\\/image\\\/\"}},{\"@type\":\"Person\",\"@id\":\"https:\\\/\\\/elinformativotam.com\\\/#\\\/schema\\\/person\\\/78e08040eed0f6110f0c5f83b6153590\",\"name\":\"El Informativo Tam\",\"image\":{\"@type\":\"ImageObject\",\"inLanguage\":\"es\",\"@id\":\"https:\\\/\\\/secure.gravatar.com\\\/avatar\\\/f3b7ad3af540688955925ac610647be00b0cf41feea9c4978b73a707ee86bc53?s=96&d=mm&r=g\",\"url\":\"https:\\\/\\\/secure.gravatar.com\\\/avatar\\\/f3b7ad3af540688955925ac610647be00b0cf41feea9c4978b73a707ee86bc53?s=96&d=mm&r=g\",\"contentUrl\":\"https:\\\/\\\/secure.gravatar.com\\\/avatar\\\/f3b7ad3af540688955925ac610647be00b0cf41feea9c4978b73a707ee86bc53?s=96&d=mm&r=g\",\"caption\":\"El Informativo Tam\"}}]}<\/script>\n<!-- \/ Yoast SEO plugin. -->","yoast_head_json":{"title":"CON EXPOSICI\u00d3N CONCIENTIZAN EN CIUDAD MADERO SOBRE LA VIOLENCIA DE G\u00c9NERO - EL INFORMATIVO DE TAMAULIPAS","description":"* La Exposici\u00f3n De Los \u201cZapatos Rojos\u201d, Es Una Iniciativa Que En M\u00e9xico Fue Adoptada En Se\u00f1al De Protesta Por La Desaparici\u00f3n Y Muerte De Las Mujeres De","robots":{"index":"index","follow":"follow","max-snippet":"max-snippet:-1","max-image-preview":"max-image-preview:large","max-video-preview":"max-video-preview:-1"},"canonical":"https:\/\/elinformativotam.com\/index.php\/2019\/11\/25\/con-exposicion-concientizan-en-ciudad-madero-sobre-la-violencia-de-genero\/","og_locale":"es_MX","og_type":"article","og_title":"CON EXPOSICI\u00d3N CONCIENTIZAN EN CIUDAD MADERO SOBRE LA VIOLENCIA DE G\u00c9NERO - EL INFORMATIVO DE TAMAULIPAS","og_description":"* La Exposici\u00f3n De Los \u201cZapatos Rojos\u201d, Es Una Iniciativa Que En M\u00e9xico Fue Adoptada En Se\u00f1al De Protesta Por La Desaparici\u00f3n Y Muerte De Las Mujeres De","og_url":"https:\/\/elinformativotam.com\/index.php\/2019\/11\/25\/con-exposicion-concientizan-en-ciudad-madero-sobre-la-violencia-de-genero\/","og_site_name":"EL INFORMATIVO DE TAMAULIPAS","article_published_time":"2019-11-26T00:31:40+00:00","og_image":[{"url":"http:\/\/elinformativotam.com\/wp-content\/uploads\/2019\/11\/foto2-1-300x208.jpg","type":"","width":"","height":""}],"author":"El Informativo Tam","twitter_card":"summary_large_image","twitter_misc":{"Escrito por":"El Informativo Tam","Tiempo de lectura":"2 minutos"},"schema":{"@context":"https:\/\/schema.org","@graph":[{"@type":"Article","@id":"https:\/\/elinformativotam.com\/index.php\/2019\/11\/25\/con-exposicion-concientizan-en-ciudad-madero-sobre-la-violencia-de-genero\/#article","isPartOf":{"@id":"https:\/\/elinformativotam.com\/index.php\/2019\/11\/25\/con-exposicion-concientizan-en-ciudad-madero-sobre-la-violencia-de-genero\/"},"author":{"name":"El Informativo Tam","@id":"https:\/\/elinformativotam.com\/#\/schema\/person\/78e08040eed0f6110f0c5f83b6153590"},"headline":"CON EXPOSICI\u00d3N CONCIENTIZAN EN CIUDAD MADERO SOBRE LA VIOLENCIA DE G\u00c9NERO","datePublished":"2019-11-26T00:31:40+00:00","mainEntityOfPage":{"@id":"https:\/\/elinformativotam.com\/index.php\/2019\/11\/25\/con-exposicion-concientizan-en-ciudad-madero-sobre-la-violencia-de-genero\/"},"wordCount":404,"commentCount":0,"publisher":{"@id":"https:\/\/elinformativotam.com\/#organization"},"image":{"@id":"https:\/\/elinformativotam.com\/index.php\/2019\/11\/25\/con-exposicion-concientizan-en-ciudad-madero-sobre-la-violencia-de-genero\/#primaryimage"},"thumbnailUrl":"http:\/\/elinformativotam.com\/wp-content\/uploads\/2019\/11\/foto2-1-300x208.jpg","articleSection":["Cd Madero"],"inLanguage":"es","potentialAction":[{"@type":"CommentAction","name":"Comment","target":["https:\/\/elinformativotam.com\/index.php\/2019\/11\/25\/con-exposicion-concientizan-en-ciudad-madero-sobre-la-violencia-de-genero\/#respond"]}]},{"@type":"WebPage","@id":"https:\/\/elinformativotam.com\/index.php\/2019\/11\/25\/con-exposicion-concientizan-en-ciudad-madero-sobre-la-violencia-de-genero\/","url":"https:\/\/elinformativotam.com\/index.php\/2019\/11\/25\/con-exposicion-concientizan-en-ciudad-madero-sobre-la-violencia-de-genero\/","name":"CON EXPOSICI\u00d3N CONCIENTIZAN EN CIUDAD MADERO SOBRE LA VIOLENCIA DE G\u00c9NERO - EL INFORMATIVO DE TAMAULIPAS","isPartOf":{"@id":"https:\/\/elinformativotam.com\/#website"},"primaryImageOfPage":{"@id":"https:\/\/elinformativotam.com\/index.php\/2019\/11\/25\/con-exposicion-concientizan-en-ciudad-madero-sobre-la-violencia-de-genero\/#primaryimage"},"image":{"@id":"https:\/\/elinformativotam.com\/index.php\/2019\/11\/25\/con-exposicion-concientizan-en-ciudad-madero-sobre-la-violencia-de-genero\/#primaryimage"},"thumbnailUrl":"http:\/\/elinformativotam.com\/wp-content\/uploads\/2019\/11\/foto2-1-300x208.jpg","datePublished":"2019-11-26T00:31:40+00:00","description":"* La Exposici\u00f3n De Los \u201cZapatos Rojos\u201d, Es Una Iniciativa Que En M\u00e9xico Fue Adoptada En Se\u00f1al De Protesta Por La Desaparici\u00f3n Y Muerte De Las Mujeres De","inLanguage":"es","potentialAction":[{"@type":"ReadAction","target":["https:\/\/elinformativotam.com\/index.php\/2019\/11\/25\/con-exposicion-concientizan-en-ciudad-madero-sobre-la-violencia-de-genero\/"]}]},{"@type":"ImageObject","inLanguage":"es","@id":"https:\/\/elinformativotam.com\/index.php\/2019\/11\/25\/con-exposicion-concientizan-en-ciudad-madero-sobre-la-violencia-de-genero\/#primaryimage","url":"http:\/\/elinformativotam.com\/wp-content\/uploads\/2019\/11\/foto2-1-300x208.jpg","contentUrl":"http:\/\/elinformativotam.com\/wp-content\/uploads\/2019\/11\/foto2-1-300x208.jpg"},{"@type":"WebSite","@id":"https:\/\/elinformativotam.com\/#website","url":"https:\/\/elinformativotam.com\/","name":"EL INFORMATIVO DE TAMAULIPAS","description":"Desde la Zona Metropolitana Para Todo M\u00e9xico","publisher":{"@id":"https:\/\/elinformativotam.com\/#organization"},"potentialAction":[{"@type":"SearchAction","target":{"@type":"EntryPoint","urlTemplate":"https:\/\/elinformativotam.com\/?s={search_term_string}"},"query-input":{"@type":"PropertyValueSpecification","valueRequired":true,"valueName":"search_term_string"}}],"inLanguage":"es"},{"@type":"Organization","@id":"https:\/\/elinformativotam.com\/#organization","name":"EL INFORMATIVO DE TAMAULIPAS","url":"https:\/\/elinformativotam.com\/","logo":{"@type":"ImageObject","inLanguage":"es","@id":"https:\/\/elinformativotam.com\/#\/schema\/logo\/image\/","url":"https:\/\/elinformativotam.com\/wp-content\/uploads\/2026\/02\/Cabezal.png","contentUrl":"https:\/\/elinformativotam.com\/wp-content\/uploads\/2026\/02\/Cabezal.png","width":960,"height":640,"caption":"EL INFORMATIVO DE TAMAULIPAS"},"image":{"@id":"https:\/\/elinformativotam.com\/#\/schema\/logo\/image\/"}},{"@type":"Person","@id":"https:\/\/elinformativotam.com\/#\/schema\/person\/78e08040eed0f6110f0c5f83b6153590","name":"El Informativo Tam","image":{"@type":"ImageObject","inLanguage":"es","@id":"https:\/\/secure.gravatar.com\/avatar\/f3b7ad3af540688955925ac610647be00b0cf41feea9c4978b73a707ee86bc53?s=96&d=mm&r=g","url":"https:\/\/secure.gravatar.com\/avatar\/f3b7ad3af540688955925ac610647be00b0cf41feea9c4978b73a707ee86bc53?s=96&d=mm&r=g","contentUrl":"https:\/\/secure.gravatar.com\/avatar\/f3b7ad3af540688955925ac610647be00b0cf41feea9c4978b73a707ee86bc53?s=96&d=mm&r=g","caption":"El Informativo Tam"}}]}},"_links":{"self":[{"href":"https:\/\/elinformativotam.com\/index.php\/wp-json\/wp\/v2\/posts\/821","targetHints":{"allow":["GET"]}}],"collection":[{"href":"https:\/\/elinformativotam.com\/index.php\/wp-json\/wp\/v2\/posts"}],"about":[{"href":"https:\/\/elinformativotam.com\/index.php\/wp-json\/wp\/v2\/types\/post"}],"author":[{"embeddable":true,"href":"https:\/\/elinformativotam.com\/index.php\/wp-json\/wp\/v2\/users\/1"}],"replies":[{"embeddable":true,"href":"https:\/\/elinformativotam.com\/index.php\/wp-json\/wp\/v2\/comments?post=821"}],"version-history":[{"count":0,"href":"https:\/\/elinformativotam.com\/index.php\/wp-json\/wp\/v2\/posts\/821\/revisions"}],"wp:attachment":[{"href":"https:\/\/elinformativotam.com\/index.php\/wp-json\/wp\/v2\/media?parent=821"}],"wp:term":[{"taxonomy":"category","embeddable":true,"href":"https:\/\/elinformativotam.com\/index.php\/wp-json\/wp\/v2\/categories?post=821"},{"taxonomy":"post_tag","embeddable":true,"href":"https:\/\/elinformativotam.com\/index.php\/wp-json\/wp\/v2\/tags?post=821"}],"curies":[{"name":"wp","href":"https:\/\/api.w.org\/{rel}","templated":true}]}}