{"id":813,"date":"2019-11-22T19:52:08","date_gmt":"2019-11-23T01:52:08","guid":{"rendered":"http:\/\/elinformativotam.com\/?p=813"},"modified":"2019-11-22T19:52:08","modified_gmt":"2019-11-23T01:52:08","slug":"trabajamos-por-el-bienestar-de-los-altamirenses-alma-laura-amparan","status":"publish","type":"post","link":"https:\/\/elinformativotam.com\/index.php\/2019\/11\/22\/trabajamos-por-el-bienestar-de-los-altamirenses-alma-laura-amparan\/","title":{"rendered":"\u201cTRABAJAMOS POR EL BIENESTAR DE LOS ALTAMIRENSES\u2019\u2019: ALMA LAURA AMPAR\u00c1N"},"content":{"rendered":"<h3><em><strong>*En Encuentro Con Estudiantes De La UT Altamira, La Alcaldesa Reafirm\u00f3 Su Compromiso De Continuar Laborando A Favor De La Juventud Y La Educaci\u00f3n.<\/strong><\/em><\/h3>\n<p>&nbsp;<\/p>\n<p>&nbsp;<\/p>\n<p>Reafirmando el compromiso del Gobierno Municipal de Altamira con la juventud y la educaci\u00f3n, la alcaldesa Alma Laura Ampar\u00e1n Cruz sostuvo un encuentro con estudiantes de la Universidad Tecnol\u00f3gica de Altamira, en el que estuvo presente del rector de la instituci\u00f3n, Isaac Rebaj Sevcovicius, donde asever\u00f3 que su administraci\u00f3n trabaja por el bienestar de los altamirenses.<\/p>\n<p>&nbsp;<\/p>\n<p>En ese acto efectuado en el auditorio del plantel, la jefa edilicia comparti\u00f3 con los j\u00f3venes el abanico de oportunidades que ofrece Altamira para su desarrollo profesional al contar con distintas empresas de clase mundial, colocando a este municipio como l\u00edder en el sector petroqu\u00edmico en M\u00e9xico y en Am\u00e9rica latina.<\/p>\n<p>&nbsp;<\/p>\n<p>\u201cJ\u00f3venes, si\u00e9ntanse muy orgullosos de estudiar en esta universidad, si\u00e9ntanse muy orgullosos de Altamira, pues aqu\u00ed se genera el treinta por ciento de qu\u00edmicos y petroqu\u00edmicos del pa\u00eds, el setenta por ciento de la producci\u00f3n de resinas pl\u00e1sticas, adem\u00e1s de que producimos el cien por ciento de hules sint\u00e9ticos para distintas empresas de clase mundial\u201d, expres\u00f3.<\/p>\n<p>&nbsp;<\/p>\n<p>Destac\u00f3 la presencia de m\u00e1s de 50 empresas nacionales e internacionales debidamente establecidas en Altamira que exportan sus productos a los cinco continentes, posicionando a esta ciudad como un municipio de vanguardia y con el mayor desarrollo comercial e industrial del sur de Tamaulipas, aportando el 25 por ciento del producto interno bruto del Estado y el 68 por ciento de esta zona conurbada.<\/p>\n<p>&nbsp;<\/p>\n<p>\u201cNuestro puerto industrial se consolida d\u00eda con d\u00eda como el de mayor crecimiento en el Golfo de M\u00e9xico; aqu\u00ed tenemos el porcentaje de generaci\u00f3n de empleo m\u00e1s alto en Tamaulipas, y de acuerdo a datos oficiales del Instituto Mexicano del Seguro Social, tenemos tambi\u00e9n el mejor salario promedio por el orden de los 470 pesos diarios\u201d, mencion\u00f3.<\/p>\n<p>&nbsp;<\/p>\n<p><img loading=\"lazy\" decoding=\"async\" class=\"alignnone  wp-image-814\" src=\"https:\/\/elinformativotam.com\/wp-content\/uploads\/2019\/11\/laura-2-300x225.jpg\" alt=\"\" width=\"797\" height=\"598\" \/><\/p>\n<p>&nbsp;<\/p>\n<p>Ampar\u00e1n Cruz puntualiz\u00f3 que la juventud es el presente de nuestra tierra, y Altamira, con el respaldo de los j\u00f3venes, seguir\u00e1 consolidando su liderazgo para orgullo de Tamaulipas; \u201cen el Gobierno Municipal de Altamira cuentan con un aliado, y en su servidora, una amiga que seguir\u00e1 trabajando por el bienestar de la gente\u201d.<\/p>\n<p>&nbsp;<\/p>\n<p>Por su parte, el rector de la Universidad Tecnol\u00f3gica de Altamira, Isaac Rebaj Sevcovicius, reconoci\u00f3 el invaluable trabajo realizado bajo el liderazgo de la presidenta municipal, Alma Laura Ampar\u00e1n Cruz, quien ha desempe\u00f1ado un gobierno de la mano de los diferentes sectores de la sociedad, impulsando la educaci\u00f3n en todos sus niveles.<\/p>\n<p>&nbsp;<\/p>\n<p>\u201cNo me queda la menor duda que hoy nos acompa\u00f1a una gran l\u00edder que desde que se convirti\u00f3 en alcaldesa, Altamira es sin\u00f3nimo de desarrollo y crecimiento. Tenemos a una mujer con visi\u00f3n, con pasi\u00f3n y determinaci\u00f3n, alguien que lleva a Altamira en el coraz\u00f3n convirti\u00e9ndonos as\u00ed, gracias a su trabajo inalcanzable, en el polo de desarrollo y oportunidades m\u00e1s importante del Estado\u201d, subray\u00f3.<\/p>\n<p>&nbsp;<\/p>\n<p>Tambi\u00e9n acudieron, el secretario de Bienestar Social, Alfredo Polanco Aguilar; el director de Administraci\u00f3n y Finanzas de la Universidad Tecnol\u00f3gica de Altamira, Eduardo Nader Manzur; colaboradores del gobierno altamirense, as\u00ed como estudiantes de las diferentes carreras profesionales de esta instituci\u00f3n educativa.<\/p>\n","protected":false},"excerpt":{"rendered":"<p>*En Encuentro Con Estudiantes De La UT Altamira, La Alcaldesa Reafirm\u00f3 Su Compromiso De Continuar Laborando A Favor De La&hellip;<\/p>\n","protected":false},"author":1,"featured_media":0,"comment_status":"open","ping_status":"open","sticky":false,"template":"","format":"standard","meta":{"footnotes":""},"categories":[5],"tags":[],"class_list":["post-813","post","type-post","status-publish","format-standard","hentry","category-altamira"],"yoast_head":"<!-- This site is optimized with the Yoast SEO plugin v27.5 - https:\/\/yoast.com\/product\/yoast-seo-wordpress\/ -->\n<title>\u201cTRABAJAMOS POR EL BIENESTAR DE LOS ALTAMIRENSES\u2019\u2019: ALMA LAURA AMPAR\u00c1N - EL INFORMATIVO DE TAMAULIPAS<\/title>\n<meta name=\"description\" content=\"*En Encuentro Con Estudiantes De La UT Altamira, La Alcaldesa Reafirm\u00f3 Su Compromiso De Continuar Laborando A Favor De La Juventud Y La Educaci\u00f3n.\" \/>\n<meta name=\"robots\" content=\"index, follow, max-snippet:-1, max-image-preview:large, max-video-preview:-1\" \/>\n<link rel=\"canonical\" href=\"https:\/\/elinformativotam.com\/index.php\/2019\/11\/22\/trabajamos-por-el-bienestar-de-los-altamirenses-alma-laura-amparan\/\" \/>\n<meta property=\"og:locale\" content=\"es_MX\" \/>\n<meta property=\"og:type\" content=\"article\" \/>\n<meta property=\"og:title\" content=\"\u201cTRABAJAMOS POR EL BIENESTAR DE LOS ALTAMIRENSES\u2019\u2019: ALMA LAURA AMPAR\u00c1N - EL INFORMATIVO DE TAMAULIPAS\" \/>\n<meta property=\"og:description\" content=\"*En Encuentro Con Estudiantes De La UT Altamira, La Alcaldesa Reafirm\u00f3 Su Compromiso De Continuar Laborando A Favor De La Juventud Y La Educaci\u00f3n.\" \/>\n<meta property=\"og:url\" content=\"https:\/\/elinformativotam.com\/index.php\/2019\/11\/22\/trabajamos-por-el-bienestar-de-los-altamirenses-alma-laura-amparan\/\" \/>\n<meta property=\"og:site_name\" content=\"EL INFORMATIVO DE TAMAULIPAS\" \/>\n<meta property=\"article:published_time\" content=\"2019-11-23T01:52:08+00:00\" \/>\n<meta property=\"og:image\" content=\"http:\/\/elinformativotam.com\/wp-content\/uploads\/2019\/11\/laura-2-300x225.jpg\" \/>\n<meta name=\"author\" content=\"El Informativo Tam\" \/>\n<meta name=\"twitter:card\" content=\"summary_large_image\" \/>\n<meta name=\"twitter:label1\" content=\"Escrito por\" \/>\n\t<meta name=\"twitter:data1\" content=\"El Informativo Tam\" \/>\n\t<meta name=\"twitter:label2\" content=\"Tiempo de lectura\" \/>\n\t<meta name=\"twitter:data2\" content=\"3 minutos\" \/>\n<script type=\"application\/ld+json\" class=\"yoast-schema-graph\">{\"@context\":\"https:\\\/\\\/schema.org\",\"@graph\":[{\"@type\":\"Article\",\"@id\":\"https:\\\/\\\/elinformativotam.com\\\/index.php\\\/2019\\\/11\\\/22\\\/trabajamos-por-el-bienestar-de-los-altamirenses-alma-laura-amparan\\\/#article\",\"isPartOf\":{\"@id\":\"https:\\\/\\\/elinformativotam.com\\\/index.php\\\/2019\\\/11\\\/22\\\/trabajamos-por-el-bienestar-de-los-altamirenses-alma-laura-amparan\\\/\"},\"author\":{\"name\":\"El Informativo Tam\",\"@id\":\"https:\\\/\\\/elinformativotam.com\\\/#\\\/schema\\\/person\\\/78e08040eed0f6110f0c5f83b6153590\"},\"headline\":\"\u201cTRABAJAMOS POR EL BIENESTAR DE LOS ALTAMIRENSES\u2019\u2019: ALMA LAURA AMPAR\u00c1N\",\"datePublished\":\"2019-11-23T01:52:08+00:00\",\"mainEntityOfPage\":{\"@id\":\"https:\\\/\\\/elinformativotam.com\\\/index.php\\\/2019\\\/11\\\/22\\\/trabajamos-por-el-bienestar-de-los-altamirenses-alma-laura-amparan\\\/\"},\"wordCount\":583,\"commentCount\":0,\"publisher\":{\"@id\":\"https:\\\/\\\/elinformativotam.com\\\/#organization\"},\"image\":{\"@id\":\"https:\\\/\\\/elinformativotam.com\\\/index.php\\\/2019\\\/11\\\/22\\\/trabajamos-por-el-bienestar-de-los-altamirenses-alma-laura-amparan\\\/#primaryimage\"},\"thumbnailUrl\":\"http:\\\/\\\/elinformativotam.com\\\/wp-content\\\/uploads\\\/2019\\\/11\\\/laura-2-300x225.jpg\",\"articleSection\":[\"Altamira\"],\"inLanguage\":\"es\",\"potentialAction\":[{\"@type\":\"CommentAction\",\"name\":\"Comment\",\"target\":[\"https:\\\/\\\/elinformativotam.com\\\/index.php\\\/2019\\\/11\\\/22\\\/trabajamos-por-el-bienestar-de-los-altamirenses-alma-laura-amparan\\\/#respond\"]}]},{\"@type\":\"WebPage\",\"@id\":\"https:\\\/\\\/elinformativotam.com\\\/index.php\\\/2019\\\/11\\\/22\\\/trabajamos-por-el-bienestar-de-los-altamirenses-alma-laura-amparan\\\/\",\"url\":\"https:\\\/\\\/elinformativotam.com\\\/index.php\\\/2019\\\/11\\\/22\\\/trabajamos-por-el-bienestar-de-los-altamirenses-alma-laura-amparan\\\/\",\"name\":\"\u201cTRABAJAMOS POR EL BIENESTAR DE LOS ALTAMIRENSES\u2019\u2019: ALMA LAURA AMPAR\u00c1N - EL INFORMATIVO DE TAMAULIPAS\",\"isPartOf\":{\"@id\":\"https:\\\/\\\/elinformativotam.com\\\/#website\"},\"primaryImageOfPage\":{\"@id\":\"https:\\\/\\\/elinformativotam.com\\\/index.php\\\/2019\\\/11\\\/22\\\/trabajamos-por-el-bienestar-de-los-altamirenses-alma-laura-amparan\\\/#primaryimage\"},\"image\":{\"@id\":\"https:\\\/\\\/elinformativotam.com\\\/index.php\\\/2019\\\/11\\\/22\\\/trabajamos-por-el-bienestar-de-los-altamirenses-alma-laura-amparan\\\/#primaryimage\"},\"thumbnailUrl\":\"http:\\\/\\\/elinformativotam.com\\\/wp-content\\\/uploads\\\/2019\\\/11\\\/laura-2-300x225.jpg\",\"datePublished\":\"2019-11-23T01:52:08+00:00\",\"description\":\"*En Encuentro Con Estudiantes De La UT Altamira, La Alcaldesa Reafirm\u00f3 Su Compromiso De Continuar Laborando A Favor De La Juventud Y La Educaci\u00f3n.\",\"inLanguage\":\"es\",\"potentialAction\":[{\"@type\":\"ReadAction\",\"target\":[\"https:\\\/\\\/elinformativotam.com\\\/index.php\\\/2019\\\/11\\\/22\\\/trabajamos-por-el-bienestar-de-los-altamirenses-alma-laura-amparan\\\/\"]}]},{\"@type\":\"ImageObject\",\"inLanguage\":\"es\",\"@id\":\"https:\\\/\\\/elinformativotam.com\\\/index.php\\\/2019\\\/11\\\/22\\\/trabajamos-por-el-bienestar-de-los-altamirenses-alma-laura-amparan\\\/#primaryimage\",\"url\":\"http:\\\/\\\/elinformativotam.com\\\/wp-content\\\/uploads\\\/2019\\\/11\\\/laura-2-300x225.jpg\",\"contentUrl\":\"http:\\\/\\\/elinformativotam.com\\\/wp-content\\\/uploads\\\/2019\\\/11\\\/laura-2-300x225.jpg\"},{\"@type\":\"WebSite\",\"@id\":\"https:\\\/\\\/elinformativotam.com\\\/#website\",\"url\":\"https:\\\/\\\/elinformativotam.com\\\/\",\"name\":\"EL INFORMATIVO DE TAMAULIPAS\",\"description\":\"Desde la Zona Metropolitana Para Todo M\u00e9xico\",\"publisher\":{\"@id\":\"https:\\\/\\\/elinformativotam.com\\\/#organization\"},\"potentialAction\":[{\"@type\":\"SearchAction\",\"target\":{\"@type\":\"EntryPoint\",\"urlTemplate\":\"https:\\\/\\\/elinformativotam.com\\\/?s={search_term_string}\"},\"query-input\":{\"@type\":\"PropertyValueSpecification\",\"valueRequired\":true,\"valueName\":\"search_term_string\"}}],\"inLanguage\":\"es\"},{\"@type\":\"Organization\",\"@id\":\"https:\\\/\\\/elinformativotam.com\\\/#organization\",\"name\":\"EL INFORMATIVO DE TAMAULIPAS\",\"url\":\"https:\\\/\\\/elinformativotam.com\\\/\",\"logo\":{\"@type\":\"ImageObject\",\"inLanguage\":\"es\",\"@id\":\"https:\\\/\\\/elinformativotam.com\\\/#\\\/schema\\\/logo\\\/image\\\/\",\"url\":\"https:\\\/\\\/elinformativotam.com\\\/wp-content\\\/uploads\\\/2026\\\/02\\\/Cabezal.png\",\"contentUrl\":\"https:\\\/\\\/elinformativotam.com\\\/wp-content\\\/uploads\\\/2026\\\/02\\\/Cabezal.png\",\"width\":960,\"height\":640,\"caption\":\"EL INFORMATIVO DE TAMAULIPAS\"},\"image\":{\"@id\":\"https:\\\/\\\/elinformativotam.com\\\/#\\\/schema\\\/logo\\\/image\\\/\"}},{\"@type\":\"Person\",\"@id\":\"https:\\\/\\\/elinformativotam.com\\\/#\\\/schema\\\/person\\\/78e08040eed0f6110f0c5f83b6153590\",\"name\":\"El Informativo Tam\",\"image\":{\"@type\":\"ImageObject\",\"inLanguage\":\"es\",\"@id\":\"https:\\\/\\\/secure.gravatar.com\\\/avatar\\\/f3b7ad3af540688955925ac610647be00b0cf41feea9c4978b73a707ee86bc53?s=96&d=mm&r=g\",\"url\":\"https:\\\/\\\/secure.gravatar.com\\\/avatar\\\/f3b7ad3af540688955925ac610647be00b0cf41feea9c4978b73a707ee86bc53?s=96&d=mm&r=g\",\"contentUrl\":\"https:\\\/\\\/secure.gravatar.com\\\/avatar\\\/f3b7ad3af540688955925ac610647be00b0cf41feea9c4978b73a707ee86bc53?s=96&d=mm&r=g\",\"caption\":\"El Informativo Tam\"}}]}<\/script>\n<!-- \/ Yoast SEO plugin. -->","yoast_head_json":{"title":"\u201cTRABAJAMOS POR EL BIENESTAR DE LOS ALTAMIRENSES\u2019\u2019: ALMA LAURA AMPAR\u00c1N - EL INFORMATIVO DE TAMAULIPAS","description":"*En Encuentro Con Estudiantes De La UT Altamira, La Alcaldesa Reafirm\u00f3 Su Compromiso De Continuar Laborando A Favor De La Juventud Y La Educaci\u00f3n.","robots":{"index":"index","follow":"follow","max-snippet":"max-snippet:-1","max-image-preview":"max-image-preview:large","max-video-preview":"max-video-preview:-1"},"canonical":"https:\/\/elinformativotam.com\/index.php\/2019\/11\/22\/trabajamos-por-el-bienestar-de-los-altamirenses-alma-laura-amparan\/","og_locale":"es_MX","og_type":"article","og_title":"\u201cTRABAJAMOS POR EL BIENESTAR DE LOS ALTAMIRENSES\u2019\u2019: ALMA LAURA AMPAR\u00c1N - EL INFORMATIVO DE TAMAULIPAS","og_description":"*En Encuentro Con Estudiantes De La UT Altamira, La Alcaldesa Reafirm\u00f3 Su Compromiso De Continuar Laborando A Favor De La Juventud Y La Educaci\u00f3n.","og_url":"https:\/\/elinformativotam.com\/index.php\/2019\/11\/22\/trabajamos-por-el-bienestar-de-los-altamirenses-alma-laura-amparan\/","og_site_name":"EL INFORMATIVO DE TAMAULIPAS","article_published_time":"2019-11-23T01:52:08+00:00","og_image":[{"url":"http:\/\/elinformativotam.com\/wp-content\/uploads\/2019\/11\/laura-2-300x225.jpg","type":"","width":"","height":""}],"author":"El Informativo Tam","twitter_card":"summary_large_image","twitter_misc":{"Escrito por":"El Informativo Tam","Tiempo de lectura":"3 minutos"},"schema":{"@context":"https:\/\/schema.org","@graph":[{"@type":"Article","@id":"https:\/\/elinformativotam.com\/index.php\/2019\/11\/22\/trabajamos-por-el-bienestar-de-los-altamirenses-alma-laura-amparan\/#article","isPartOf":{"@id":"https:\/\/elinformativotam.com\/index.php\/2019\/11\/22\/trabajamos-por-el-bienestar-de-los-altamirenses-alma-laura-amparan\/"},"author":{"name":"El Informativo Tam","@id":"https:\/\/elinformativotam.com\/#\/schema\/person\/78e08040eed0f6110f0c5f83b6153590"},"headline":"\u201cTRABAJAMOS POR EL BIENESTAR DE LOS ALTAMIRENSES\u2019\u2019: ALMA LAURA AMPAR\u00c1N","datePublished":"2019-11-23T01:52:08+00:00","mainEntityOfPage":{"@id":"https:\/\/elinformativotam.com\/index.php\/2019\/11\/22\/trabajamos-por-el-bienestar-de-los-altamirenses-alma-laura-amparan\/"},"wordCount":583,"commentCount":0,"publisher":{"@id":"https:\/\/elinformativotam.com\/#organization"},"image":{"@id":"https:\/\/elinformativotam.com\/index.php\/2019\/11\/22\/trabajamos-por-el-bienestar-de-los-altamirenses-alma-laura-amparan\/#primaryimage"},"thumbnailUrl":"http:\/\/elinformativotam.com\/wp-content\/uploads\/2019\/11\/laura-2-300x225.jpg","articleSection":["Altamira"],"inLanguage":"es","potentialAction":[{"@type":"CommentAction","name":"Comment","target":["https:\/\/elinformativotam.com\/index.php\/2019\/11\/22\/trabajamos-por-el-bienestar-de-los-altamirenses-alma-laura-amparan\/#respond"]}]},{"@type":"WebPage","@id":"https:\/\/elinformativotam.com\/index.php\/2019\/11\/22\/trabajamos-por-el-bienestar-de-los-altamirenses-alma-laura-amparan\/","url":"https:\/\/elinformativotam.com\/index.php\/2019\/11\/22\/trabajamos-por-el-bienestar-de-los-altamirenses-alma-laura-amparan\/","name":"\u201cTRABAJAMOS POR EL BIENESTAR DE LOS ALTAMIRENSES\u2019\u2019: ALMA LAURA AMPAR\u00c1N - EL INFORMATIVO DE TAMAULIPAS","isPartOf":{"@id":"https:\/\/elinformativotam.com\/#website"},"primaryImageOfPage":{"@id":"https:\/\/elinformativotam.com\/index.php\/2019\/11\/22\/trabajamos-por-el-bienestar-de-los-altamirenses-alma-laura-amparan\/#primaryimage"},"image":{"@id":"https:\/\/elinformativotam.com\/index.php\/2019\/11\/22\/trabajamos-por-el-bienestar-de-los-altamirenses-alma-laura-amparan\/#primaryimage"},"thumbnailUrl":"http:\/\/elinformativotam.com\/wp-content\/uploads\/2019\/11\/laura-2-300x225.jpg","datePublished":"2019-11-23T01:52:08+00:00","description":"*En Encuentro Con Estudiantes De La UT Altamira, La Alcaldesa Reafirm\u00f3 Su Compromiso De Continuar Laborando A Favor De La Juventud Y La Educaci\u00f3n.","inLanguage":"es","potentialAction":[{"@type":"ReadAction","target":["https:\/\/elinformativotam.com\/index.php\/2019\/11\/22\/trabajamos-por-el-bienestar-de-los-altamirenses-alma-laura-amparan\/"]}]},{"@type":"ImageObject","inLanguage":"es","@id":"https:\/\/elinformativotam.com\/index.php\/2019\/11\/22\/trabajamos-por-el-bienestar-de-los-altamirenses-alma-laura-amparan\/#primaryimage","url":"http:\/\/elinformativotam.com\/wp-content\/uploads\/2019\/11\/laura-2-300x225.jpg","contentUrl":"http:\/\/elinformativotam.com\/wp-content\/uploads\/2019\/11\/laura-2-300x225.jpg"},{"@type":"WebSite","@id":"https:\/\/elinformativotam.com\/#website","url":"https:\/\/elinformativotam.com\/","name":"EL INFORMATIVO DE TAMAULIPAS","description":"Desde la Zona Metropolitana Para Todo M\u00e9xico","publisher":{"@id":"https:\/\/elinformativotam.com\/#organization"},"potentialAction":[{"@type":"SearchAction","target":{"@type":"EntryPoint","urlTemplate":"https:\/\/elinformativotam.com\/?s={search_term_string}"},"query-input":{"@type":"PropertyValueSpecification","valueRequired":true,"valueName":"search_term_string"}}],"inLanguage":"es"},{"@type":"Organization","@id":"https:\/\/elinformativotam.com\/#organization","name":"EL INFORMATIVO DE TAMAULIPAS","url":"https:\/\/elinformativotam.com\/","logo":{"@type":"ImageObject","inLanguage":"es","@id":"https:\/\/elinformativotam.com\/#\/schema\/logo\/image\/","url":"https:\/\/elinformativotam.com\/wp-content\/uploads\/2026\/02\/Cabezal.png","contentUrl":"https:\/\/elinformativotam.com\/wp-content\/uploads\/2026\/02\/Cabezal.png","width":960,"height":640,"caption":"EL INFORMATIVO DE TAMAULIPAS"},"image":{"@id":"https:\/\/elinformativotam.com\/#\/schema\/logo\/image\/"}},{"@type":"Person","@id":"https:\/\/elinformativotam.com\/#\/schema\/person\/78e08040eed0f6110f0c5f83b6153590","name":"El Informativo Tam","image":{"@type":"ImageObject","inLanguage":"es","@id":"https:\/\/secure.gravatar.com\/avatar\/f3b7ad3af540688955925ac610647be00b0cf41feea9c4978b73a707ee86bc53?s=96&d=mm&r=g","url":"https:\/\/secure.gravatar.com\/avatar\/f3b7ad3af540688955925ac610647be00b0cf41feea9c4978b73a707ee86bc53?s=96&d=mm&r=g","contentUrl":"https:\/\/secure.gravatar.com\/avatar\/f3b7ad3af540688955925ac610647be00b0cf41feea9c4978b73a707ee86bc53?s=96&d=mm&r=g","caption":"El Informativo Tam"}}]}},"_links":{"self":[{"href":"https:\/\/elinformativotam.com\/index.php\/wp-json\/wp\/v2\/posts\/813","targetHints":{"allow":["GET"]}}],"collection":[{"href":"https:\/\/elinformativotam.com\/index.php\/wp-json\/wp\/v2\/posts"}],"about":[{"href":"https:\/\/elinformativotam.com\/index.php\/wp-json\/wp\/v2\/types\/post"}],"author":[{"embeddable":true,"href":"https:\/\/elinformativotam.com\/index.php\/wp-json\/wp\/v2\/users\/1"}],"replies":[{"embeddable":true,"href":"https:\/\/elinformativotam.com\/index.php\/wp-json\/wp\/v2\/comments?post=813"}],"version-history":[{"count":0,"href":"https:\/\/elinformativotam.com\/index.php\/wp-json\/wp\/v2\/posts\/813\/revisions"}],"wp:attachment":[{"href":"https:\/\/elinformativotam.com\/index.php\/wp-json\/wp\/v2\/media?parent=813"}],"wp:term":[{"taxonomy":"category","embeddable":true,"href":"https:\/\/elinformativotam.com\/index.php\/wp-json\/wp\/v2\/categories?post=813"},{"taxonomy":"post_tag","embeddable":true,"href":"https:\/\/elinformativotam.com\/index.php\/wp-json\/wp\/v2\/tags?post=813"}],"curies":[{"name":"wp","href":"https:\/\/api.w.org\/{rel}","templated":true}]}}