{"id":722,"date":"2019-11-18T10:31:05","date_gmt":"2019-11-18T16:31:05","guid":{"rendered":"http:\/\/elinformativotam.com\/?p=722"},"modified":"2019-11-18T10:31:05","modified_gmt":"2019-11-18T16:31:05","slug":"van-proyectos-de-estudiantes-tamaulipecos-a-dubai-y-new-york","status":"publish","type":"post","link":"https:\/\/elinformativotam.com\/index.php\/2019\/11\/18\/van-proyectos-de-estudiantes-tamaulipecos-a-dubai-y-new-york\/","title":{"rendered":"VAN PROYECTOS DE ESTUDIANTES TAMAULIPECOS A DUB\u00c1I Y NEW YORK"},"content":{"rendered":"<p>Ciudad Victoria, Tamaulipas.- Con la participaci\u00f3n de 101 proyectos de 380 participantes de Instituciones de Preescolar, Primaria, Educaci\u00f3n Media Superior y Superior del Estado, la Secretar\u00eda de Educaci\u00f3n de Tamaulipas y el\u00a0 Consejo Tamaulipeco de Ciencia y Tecnolog\u00eda finalizaron el 21 Certamen Estatal de Creatividad e Innovaci\u00f3n Tecnol\u00f3gica Expociencias Tamaulipas 2019.<\/p>\n<p>&nbsp;<\/p>\n<p>Fue una muestra de proyectos y prototipos que dan una soluci\u00f3n pr\u00e1ctica a problemas espec\u00edficos, adem\u00e1s con este Certamen se da continuaci\u00f3n a la instrucci\u00f3n del Gobernador Francisco Garc\u00eda Cabeza de Vaca de seguir impulsando la innovaci\u00f3n, la ciencia aplicada y las diferentes tecnolog\u00edas, para continuar en el camino del desarrollo econ\u00f3mico en Tamaulipas.<\/p>\n<p><img loading=\"lazy\" decoding=\"async\" class=\" wp-image-723 aligncenter\" src=\"https:\/\/elinformativotam.com\/wp-content\/uploads\/2019\/11\/Marca.-2-300x216.jpg\" alt=\"\" width=\"674\" height=\"485\" \/><\/p>\n<p>Se obtuvieron 2 acreditaciones internacionales: con el proyecto \u201cProducci\u00f3n de radio f\u00e1rmacos marcados con 11C mediante la electr\u00f3lisis de desechos biol\u00f3gicos para diagn\u00f3stico de c\u00e1ncer \u201d que gan\u00f3 la acreditaci\u00f3n internacional a Expociencias Asia 2020 Dub\u00e1i, EAU y el proyecto \u201cSistema inteligente para la acci\u00f3n aut\u00f3noma de Invidente\u201d a Genius Olympiad 2020, Nueva York, EUA.<\/p>\n<p>&nbsp;<\/p>\n<p>As\u00ed mismo se obtuvieron 38 acreditaciones a Expociencias Nacional a efectuarse en Monterrey, NL el 28 y 29 de noviembre del 2019.<\/p>\n","protected":false},"excerpt":{"rendered":"<p>Ciudad Victoria, Tamaulipas.- Con la participaci\u00f3n de 101 proyectos de 380 participantes de Instituciones de Preescolar, Primaria, Educaci\u00f3n Media Superior&hellip;<\/p>\n","protected":false},"author":1,"featured_media":0,"comment_status":"open","ping_status":"open","sticky":false,"template":"","format":"standard","meta":{"footnotes":""},"categories":[6],"tags":[],"class_list":["post-722","post","type-post","status-publish","format-standard","hentry","category-tamaulipas"],"yoast_head":"<!-- This site is optimized with the Yoast SEO plugin v27.5 - https:\/\/yoast.com\/product\/yoast-seo-wordpress\/ -->\n<title>VAN PROYECTOS DE ESTUDIANTES TAMAULIPECOS A DUB\u00c1I Y NEW YORK - EL INFORMATIVO DE TAMAULIPAS<\/title>\n<meta name=\"description\" content=\"Ciudad Victoria, Tamaulipas.- Con la participaci\u00f3n de 101 proyectos de 380 participantes de Instituciones de Preescolar, Primaria, Educaci\u00f3n Media\" \/>\n<meta name=\"robots\" content=\"index, follow, max-snippet:-1, max-image-preview:large, max-video-preview:-1\" \/>\n<link rel=\"canonical\" href=\"https:\/\/elinformativotam.com\/index.php\/2019\/11\/18\/van-proyectos-de-estudiantes-tamaulipecos-a-dubai-y-new-york\/\" \/>\n<meta property=\"og:locale\" content=\"es_MX\" \/>\n<meta property=\"og:type\" content=\"article\" \/>\n<meta property=\"og:title\" content=\"VAN PROYECTOS DE ESTUDIANTES TAMAULIPECOS A DUB\u00c1I Y NEW YORK - EL INFORMATIVO DE TAMAULIPAS\" \/>\n<meta property=\"og:description\" content=\"Ciudad Victoria, Tamaulipas.- Con la participaci\u00f3n de 101 proyectos de 380 participantes de Instituciones de Preescolar, Primaria, Educaci\u00f3n Media\" \/>\n<meta property=\"og:url\" content=\"https:\/\/elinformativotam.com\/index.php\/2019\/11\/18\/van-proyectos-de-estudiantes-tamaulipecos-a-dubai-y-new-york\/\" \/>\n<meta property=\"og:site_name\" content=\"EL INFORMATIVO DE TAMAULIPAS\" \/>\n<meta property=\"article:published_time\" content=\"2019-11-18T16:31:05+00:00\" \/>\n<meta property=\"og:image\" content=\"http:\/\/elinformativotam.com\/wp-content\/uploads\/2019\/11\/Marca.-2-300x216.jpg\" \/>\n<meta name=\"author\" content=\"El Informativo Tam\" \/>\n<meta name=\"twitter:card\" content=\"summary_large_image\" \/>\n<meta name=\"twitter:label1\" content=\"Escrito por\" \/>\n\t<meta name=\"twitter:data1\" content=\"El Informativo Tam\" \/>\n\t<meta name=\"twitter:label2\" content=\"Tiempo de lectura\" \/>\n\t<meta name=\"twitter:data2\" content=\"1 minuto\" \/>\n<script type=\"application\/ld+json\" class=\"yoast-schema-graph\">{\"@context\":\"https:\\\/\\\/schema.org\",\"@graph\":[{\"@type\":\"Article\",\"@id\":\"https:\\\/\\\/elinformativotam.com\\\/index.php\\\/2019\\\/11\\\/18\\\/van-proyectos-de-estudiantes-tamaulipecos-a-dubai-y-new-york\\\/#article\",\"isPartOf\":{\"@id\":\"https:\\\/\\\/elinformativotam.com\\\/index.php\\\/2019\\\/11\\\/18\\\/van-proyectos-de-estudiantes-tamaulipecos-a-dubai-y-new-york\\\/\"},\"author\":{\"name\":\"El Informativo Tam\",\"@id\":\"https:\\\/\\\/elinformativotam.com\\\/#\\\/schema\\\/person\\\/78e08040eed0f6110f0c5f83b6153590\"},\"headline\":\"VAN PROYECTOS DE ESTUDIANTES TAMAULIPECOS A DUB\u00c1I Y NEW YORK\",\"datePublished\":\"2019-11-18T16:31:05+00:00\",\"mainEntityOfPage\":{\"@id\":\"https:\\\/\\\/elinformativotam.com\\\/index.php\\\/2019\\\/11\\\/18\\\/van-proyectos-de-estudiantes-tamaulipecos-a-dubai-y-new-york\\\/\"},\"wordCount\":211,\"commentCount\":0,\"publisher\":{\"@id\":\"https:\\\/\\\/elinformativotam.com\\\/#organization\"},\"image\":{\"@id\":\"https:\\\/\\\/elinformativotam.com\\\/index.php\\\/2019\\\/11\\\/18\\\/van-proyectos-de-estudiantes-tamaulipecos-a-dubai-y-new-york\\\/#primaryimage\"},\"thumbnailUrl\":\"http:\\\/\\\/elinformativotam.com\\\/wp-content\\\/uploads\\\/2019\\\/11\\\/Marca.-2-300x216.jpg\",\"articleSection\":[\"Tamaulipas\"],\"inLanguage\":\"es\",\"potentialAction\":[{\"@type\":\"CommentAction\",\"name\":\"Comment\",\"target\":[\"https:\\\/\\\/elinformativotam.com\\\/index.php\\\/2019\\\/11\\\/18\\\/van-proyectos-de-estudiantes-tamaulipecos-a-dubai-y-new-york\\\/#respond\"]}]},{\"@type\":\"WebPage\",\"@id\":\"https:\\\/\\\/elinformativotam.com\\\/index.php\\\/2019\\\/11\\\/18\\\/van-proyectos-de-estudiantes-tamaulipecos-a-dubai-y-new-york\\\/\",\"url\":\"https:\\\/\\\/elinformativotam.com\\\/index.php\\\/2019\\\/11\\\/18\\\/van-proyectos-de-estudiantes-tamaulipecos-a-dubai-y-new-york\\\/\",\"name\":\"VAN PROYECTOS DE ESTUDIANTES TAMAULIPECOS A DUB\u00c1I Y NEW YORK - EL INFORMATIVO DE TAMAULIPAS\",\"isPartOf\":{\"@id\":\"https:\\\/\\\/elinformativotam.com\\\/#website\"},\"primaryImageOfPage\":{\"@id\":\"https:\\\/\\\/elinformativotam.com\\\/index.php\\\/2019\\\/11\\\/18\\\/van-proyectos-de-estudiantes-tamaulipecos-a-dubai-y-new-york\\\/#primaryimage\"},\"image\":{\"@id\":\"https:\\\/\\\/elinformativotam.com\\\/index.php\\\/2019\\\/11\\\/18\\\/van-proyectos-de-estudiantes-tamaulipecos-a-dubai-y-new-york\\\/#primaryimage\"},\"thumbnailUrl\":\"http:\\\/\\\/elinformativotam.com\\\/wp-content\\\/uploads\\\/2019\\\/11\\\/Marca.-2-300x216.jpg\",\"datePublished\":\"2019-11-18T16:31:05+00:00\",\"description\":\"Ciudad Victoria, Tamaulipas.- Con la participaci\u00f3n de 101 proyectos de 380 participantes de Instituciones de Preescolar, Primaria, Educaci\u00f3n Media\",\"inLanguage\":\"es\",\"potentialAction\":[{\"@type\":\"ReadAction\",\"target\":[\"https:\\\/\\\/elinformativotam.com\\\/index.php\\\/2019\\\/11\\\/18\\\/van-proyectos-de-estudiantes-tamaulipecos-a-dubai-y-new-york\\\/\"]}]},{\"@type\":\"ImageObject\",\"inLanguage\":\"es\",\"@id\":\"https:\\\/\\\/elinformativotam.com\\\/index.php\\\/2019\\\/11\\\/18\\\/van-proyectos-de-estudiantes-tamaulipecos-a-dubai-y-new-york\\\/#primaryimage\",\"url\":\"http:\\\/\\\/elinformativotam.com\\\/wp-content\\\/uploads\\\/2019\\\/11\\\/Marca.-2-300x216.jpg\",\"contentUrl\":\"http:\\\/\\\/elinformativotam.com\\\/wp-content\\\/uploads\\\/2019\\\/11\\\/Marca.-2-300x216.jpg\"},{\"@type\":\"WebSite\",\"@id\":\"https:\\\/\\\/elinformativotam.com\\\/#website\",\"url\":\"https:\\\/\\\/elinformativotam.com\\\/\",\"name\":\"EL INFORMATIVO DE TAMAULIPAS\",\"description\":\"Desde la Zona Metropolitana Para Todo M\u00e9xico\",\"publisher\":{\"@id\":\"https:\\\/\\\/elinformativotam.com\\\/#organization\"},\"potentialAction\":[{\"@type\":\"SearchAction\",\"target\":{\"@type\":\"EntryPoint\",\"urlTemplate\":\"https:\\\/\\\/elinformativotam.com\\\/?s={search_term_string}\"},\"query-input\":{\"@type\":\"PropertyValueSpecification\",\"valueRequired\":true,\"valueName\":\"search_term_string\"}}],\"inLanguage\":\"es\"},{\"@type\":\"Organization\",\"@id\":\"https:\\\/\\\/elinformativotam.com\\\/#organization\",\"name\":\"EL INFORMATIVO DE TAMAULIPAS\",\"url\":\"https:\\\/\\\/elinformativotam.com\\\/\",\"logo\":{\"@type\":\"ImageObject\",\"inLanguage\":\"es\",\"@id\":\"https:\\\/\\\/elinformativotam.com\\\/#\\\/schema\\\/logo\\\/image\\\/\",\"url\":\"https:\\\/\\\/elinformativotam.com\\\/wp-content\\\/uploads\\\/2026\\\/02\\\/Cabezal.png\",\"contentUrl\":\"https:\\\/\\\/elinformativotam.com\\\/wp-content\\\/uploads\\\/2026\\\/02\\\/Cabezal.png\",\"width\":960,\"height\":640,\"caption\":\"EL INFORMATIVO DE TAMAULIPAS\"},\"image\":{\"@id\":\"https:\\\/\\\/elinformativotam.com\\\/#\\\/schema\\\/logo\\\/image\\\/\"}},{\"@type\":\"Person\",\"@id\":\"https:\\\/\\\/elinformativotam.com\\\/#\\\/schema\\\/person\\\/78e08040eed0f6110f0c5f83b6153590\",\"name\":\"El Informativo Tam\",\"image\":{\"@type\":\"ImageObject\",\"inLanguage\":\"es\",\"@id\":\"https:\\\/\\\/secure.gravatar.com\\\/avatar\\\/f3b7ad3af540688955925ac610647be00b0cf41feea9c4978b73a707ee86bc53?s=96&d=mm&r=g\",\"url\":\"https:\\\/\\\/secure.gravatar.com\\\/avatar\\\/f3b7ad3af540688955925ac610647be00b0cf41feea9c4978b73a707ee86bc53?s=96&d=mm&r=g\",\"contentUrl\":\"https:\\\/\\\/secure.gravatar.com\\\/avatar\\\/f3b7ad3af540688955925ac610647be00b0cf41feea9c4978b73a707ee86bc53?s=96&d=mm&r=g\",\"caption\":\"El Informativo Tam\"}}]}<\/script>\n<!-- \/ Yoast SEO plugin. -->","yoast_head_json":{"title":"VAN PROYECTOS DE ESTUDIANTES TAMAULIPECOS A DUB\u00c1I Y NEW YORK - EL INFORMATIVO DE TAMAULIPAS","description":"Ciudad Victoria, Tamaulipas.- Con la participaci\u00f3n de 101 proyectos de 380 participantes de Instituciones de Preescolar, Primaria, Educaci\u00f3n Media","robots":{"index":"index","follow":"follow","max-snippet":"max-snippet:-1","max-image-preview":"max-image-preview:large","max-video-preview":"max-video-preview:-1"},"canonical":"https:\/\/elinformativotam.com\/index.php\/2019\/11\/18\/van-proyectos-de-estudiantes-tamaulipecos-a-dubai-y-new-york\/","og_locale":"es_MX","og_type":"article","og_title":"VAN PROYECTOS DE ESTUDIANTES TAMAULIPECOS A DUB\u00c1I Y NEW YORK - EL INFORMATIVO DE TAMAULIPAS","og_description":"Ciudad Victoria, Tamaulipas.- Con la participaci\u00f3n de 101 proyectos de 380 participantes de Instituciones de Preescolar, Primaria, Educaci\u00f3n Media","og_url":"https:\/\/elinformativotam.com\/index.php\/2019\/11\/18\/van-proyectos-de-estudiantes-tamaulipecos-a-dubai-y-new-york\/","og_site_name":"EL INFORMATIVO DE TAMAULIPAS","article_published_time":"2019-11-18T16:31:05+00:00","og_image":[{"url":"http:\/\/elinformativotam.com\/wp-content\/uploads\/2019\/11\/Marca.-2-300x216.jpg","type":"","width":"","height":""}],"author":"El Informativo Tam","twitter_card":"summary_large_image","twitter_misc":{"Escrito por":"El Informativo Tam","Tiempo de lectura":"1 minuto"},"schema":{"@context":"https:\/\/schema.org","@graph":[{"@type":"Article","@id":"https:\/\/elinformativotam.com\/index.php\/2019\/11\/18\/van-proyectos-de-estudiantes-tamaulipecos-a-dubai-y-new-york\/#article","isPartOf":{"@id":"https:\/\/elinformativotam.com\/index.php\/2019\/11\/18\/van-proyectos-de-estudiantes-tamaulipecos-a-dubai-y-new-york\/"},"author":{"name":"El Informativo Tam","@id":"https:\/\/elinformativotam.com\/#\/schema\/person\/78e08040eed0f6110f0c5f83b6153590"},"headline":"VAN PROYECTOS DE ESTUDIANTES TAMAULIPECOS A DUB\u00c1I Y NEW YORK","datePublished":"2019-11-18T16:31:05+00:00","mainEntityOfPage":{"@id":"https:\/\/elinformativotam.com\/index.php\/2019\/11\/18\/van-proyectos-de-estudiantes-tamaulipecos-a-dubai-y-new-york\/"},"wordCount":211,"commentCount":0,"publisher":{"@id":"https:\/\/elinformativotam.com\/#organization"},"image":{"@id":"https:\/\/elinformativotam.com\/index.php\/2019\/11\/18\/van-proyectos-de-estudiantes-tamaulipecos-a-dubai-y-new-york\/#primaryimage"},"thumbnailUrl":"http:\/\/elinformativotam.com\/wp-content\/uploads\/2019\/11\/Marca.-2-300x216.jpg","articleSection":["Tamaulipas"],"inLanguage":"es","potentialAction":[{"@type":"CommentAction","name":"Comment","target":["https:\/\/elinformativotam.com\/index.php\/2019\/11\/18\/van-proyectos-de-estudiantes-tamaulipecos-a-dubai-y-new-york\/#respond"]}]},{"@type":"WebPage","@id":"https:\/\/elinformativotam.com\/index.php\/2019\/11\/18\/van-proyectos-de-estudiantes-tamaulipecos-a-dubai-y-new-york\/","url":"https:\/\/elinformativotam.com\/index.php\/2019\/11\/18\/van-proyectos-de-estudiantes-tamaulipecos-a-dubai-y-new-york\/","name":"VAN PROYECTOS DE ESTUDIANTES TAMAULIPECOS A DUB\u00c1I Y NEW YORK - EL INFORMATIVO DE TAMAULIPAS","isPartOf":{"@id":"https:\/\/elinformativotam.com\/#website"},"primaryImageOfPage":{"@id":"https:\/\/elinformativotam.com\/index.php\/2019\/11\/18\/van-proyectos-de-estudiantes-tamaulipecos-a-dubai-y-new-york\/#primaryimage"},"image":{"@id":"https:\/\/elinformativotam.com\/index.php\/2019\/11\/18\/van-proyectos-de-estudiantes-tamaulipecos-a-dubai-y-new-york\/#primaryimage"},"thumbnailUrl":"http:\/\/elinformativotam.com\/wp-content\/uploads\/2019\/11\/Marca.-2-300x216.jpg","datePublished":"2019-11-18T16:31:05+00:00","description":"Ciudad Victoria, Tamaulipas.- Con la participaci\u00f3n de 101 proyectos de 380 participantes de Instituciones de Preescolar, Primaria, Educaci\u00f3n Media","inLanguage":"es","potentialAction":[{"@type":"ReadAction","target":["https:\/\/elinformativotam.com\/index.php\/2019\/11\/18\/van-proyectos-de-estudiantes-tamaulipecos-a-dubai-y-new-york\/"]}]},{"@type":"ImageObject","inLanguage":"es","@id":"https:\/\/elinformativotam.com\/index.php\/2019\/11\/18\/van-proyectos-de-estudiantes-tamaulipecos-a-dubai-y-new-york\/#primaryimage","url":"http:\/\/elinformativotam.com\/wp-content\/uploads\/2019\/11\/Marca.-2-300x216.jpg","contentUrl":"http:\/\/elinformativotam.com\/wp-content\/uploads\/2019\/11\/Marca.-2-300x216.jpg"},{"@type":"WebSite","@id":"https:\/\/elinformativotam.com\/#website","url":"https:\/\/elinformativotam.com\/","name":"EL INFORMATIVO DE TAMAULIPAS","description":"Desde la Zona Metropolitana Para Todo M\u00e9xico","publisher":{"@id":"https:\/\/elinformativotam.com\/#organization"},"potentialAction":[{"@type":"SearchAction","target":{"@type":"EntryPoint","urlTemplate":"https:\/\/elinformativotam.com\/?s={search_term_string}"},"query-input":{"@type":"PropertyValueSpecification","valueRequired":true,"valueName":"search_term_string"}}],"inLanguage":"es"},{"@type":"Organization","@id":"https:\/\/elinformativotam.com\/#organization","name":"EL INFORMATIVO DE TAMAULIPAS","url":"https:\/\/elinformativotam.com\/","logo":{"@type":"ImageObject","inLanguage":"es","@id":"https:\/\/elinformativotam.com\/#\/schema\/logo\/image\/","url":"https:\/\/elinformativotam.com\/wp-content\/uploads\/2026\/02\/Cabezal.png","contentUrl":"https:\/\/elinformativotam.com\/wp-content\/uploads\/2026\/02\/Cabezal.png","width":960,"height":640,"caption":"EL INFORMATIVO DE TAMAULIPAS"},"image":{"@id":"https:\/\/elinformativotam.com\/#\/schema\/logo\/image\/"}},{"@type":"Person","@id":"https:\/\/elinformativotam.com\/#\/schema\/person\/78e08040eed0f6110f0c5f83b6153590","name":"El Informativo Tam","image":{"@type":"ImageObject","inLanguage":"es","@id":"https:\/\/secure.gravatar.com\/avatar\/f3b7ad3af540688955925ac610647be00b0cf41feea9c4978b73a707ee86bc53?s=96&d=mm&r=g","url":"https:\/\/secure.gravatar.com\/avatar\/f3b7ad3af540688955925ac610647be00b0cf41feea9c4978b73a707ee86bc53?s=96&d=mm&r=g","contentUrl":"https:\/\/secure.gravatar.com\/avatar\/f3b7ad3af540688955925ac610647be00b0cf41feea9c4978b73a707ee86bc53?s=96&d=mm&r=g","caption":"El Informativo Tam"}}]}},"_links":{"self":[{"href":"https:\/\/elinformativotam.com\/index.php\/wp-json\/wp\/v2\/posts\/722","targetHints":{"allow":["GET"]}}],"collection":[{"href":"https:\/\/elinformativotam.com\/index.php\/wp-json\/wp\/v2\/posts"}],"about":[{"href":"https:\/\/elinformativotam.com\/index.php\/wp-json\/wp\/v2\/types\/post"}],"author":[{"embeddable":true,"href":"https:\/\/elinformativotam.com\/index.php\/wp-json\/wp\/v2\/users\/1"}],"replies":[{"embeddable":true,"href":"https:\/\/elinformativotam.com\/index.php\/wp-json\/wp\/v2\/comments?post=722"}],"version-history":[{"count":0,"href":"https:\/\/elinformativotam.com\/index.php\/wp-json\/wp\/v2\/posts\/722\/revisions"}],"wp:attachment":[{"href":"https:\/\/elinformativotam.com\/index.php\/wp-json\/wp\/v2\/media?parent=722"}],"wp:term":[{"taxonomy":"category","embeddable":true,"href":"https:\/\/elinformativotam.com\/index.php\/wp-json\/wp\/v2\/categories?post=722"},{"taxonomy":"post_tag","embeddable":true,"href":"https:\/\/elinformativotam.com\/index.php\/wp-json\/wp\/v2\/tags?post=722"}],"curies":[{"name":"wp","href":"https:\/\/api.w.org\/{rel}","templated":true}]}}