{"id":694,"date":"2019-11-15T22:26:11","date_gmt":"2019-11-16T04:26:11","guid":{"rendered":"http:\/\/elinformativotam.com\/?p=694"},"modified":"2019-11-15T22:26:11","modified_gmt":"2019-11-16T04:26:11","slug":"mas-de-18-mil-maderenses-beneficiados-con-rescate-lagunario-de-adrian-oseguera","status":"publish","type":"post","link":"https:\/\/elinformativotam.com\/index.php\/2019\/11\/15\/mas-de-18-mil-maderenses-beneficiados-con-rescate-lagunario-de-adrian-oseguera\/","title":{"rendered":"M\u00c1S DE 18 MIL MADERENSES BENEFICIADOS CON RESCATE LAGUNARIO DE ADRI\u00c1N OSEGUERA"},"content":{"rendered":"<p>Con la r\u00e1pida y acertada respuesta del Gobierno Municipal de Ciudad Madero para llevar a cabo el\u00a0 rescate del sistema Lagunario, el alcalde Adri\u00e1n Oseguera Kernion, ha dado certidumbre a m\u00e1s de 18 mil maderenses que viven colindantes a los cuerpos de agua, elevando as\u00ed la plusval\u00eda de sus tierras.<\/p>\n<p>&nbsp;<\/p>\n<p>Lo anterior fue reafirmado durante la inauguraci\u00f3n de los trabajos de limpieza y desazolve de la laguna \u201cLos Patos\u201d con la que el Presidente Municipal dio tranquilidad a m\u00e1s de 2 mil maderenses, incrementando la captaci\u00f3n de aguas pluviales, y con ello, llevando a la baja los efectos de inundaci\u00f3n en la urbe petrolera.<\/p>\n<p>&nbsp;<\/p>\n<p>\u201cComo me compromet\u00ed, vengo a entregar los trabajos de limpieza en esta laguna y en los canales aleda\u00f1os. Con estas acciones, el agua que cae en nuestra ciudad fluye ahora m\u00e1s r\u00e1pido hacia nuestros cuerpos de agua, evitando que los hogares se vean afectados. Lo constatamos en las recientes precipitaciones\u201d, asegur\u00f3 Oseguera Kernion.<\/p>\n<p>&nbsp;<\/p>\n<p>En este sentido, destac\u00f3 que las lagunas del municipio petrolero ser\u00e1n convertidas en importantes puntos tur\u00edsticos que beneficiar\u00e1n con generaci\u00f3n de empleo a las familias maderenses, por lo que hizo un llamado a la poblaci\u00f3n para evitar la contaminaci\u00f3n de los cuerpos de agua.<\/p>\n<p>&nbsp;<\/p>\n<p><img loading=\"lazy\" decoding=\"async\" class=\" wp-image-696 aligncenter\" src=\"https:\/\/elinformativotam.com\/wp-content\/uploads\/2019\/11\/adrian-300x211.jpg\" alt=\"\" width=\"739\" height=\"520\" \/><\/p>\n<p>&nbsp;<\/p>\n<p>&nbsp;<\/p>\n<p>De acuerdo con la Direcci\u00f3n general de Obras P\u00fablicas, la limpieza de la laguna en menci\u00f3n requiri\u00f3 una inversi\u00f3n de 1, 832,755.54 pesos y fue ejercida con el programa \u201cFondo para Entidades Federativas y Municipios Productores de Hidrocarburos Regi\u00f3n Mar\u00edtima, ejercicio 2019\u201d.<\/p>\n<p>&nbsp;<\/p>\n<p>La laguna \u201cLos Patos\u201d es el segundo cuerpo de agua que entrega la actual administraci\u00f3n de los cinco que ser\u00e1n rescatados, siendo el primero la laguna La Ilusi\u00f3n donde fueron sembradas 10 mil tilapias para la creaci\u00f3n de una laguna sustentable, y pr\u00f3ximamente, ser\u00e1 entregada tambi\u00e9n la limpieza de la laguna Nuevo Amanecer: un cuerpo de agua de 14 hect\u00e1reas con la que finalmente Oseguera Kernion beneficia a m\u00e1s de 18 mil maderenses.<\/p>\n","protected":false},"excerpt":{"rendered":"<p>Con la r\u00e1pida y acertada respuesta del Gobierno Municipal de Ciudad Madero para llevar a cabo el\u00a0 rescate del sistema&hellip;<\/p>\n","protected":false},"author":1,"featured_media":0,"comment_status":"open","ping_status":"open","sticky":false,"template":"","format":"standard","meta":{"footnotes":""},"categories":[4],"tags":[],"class_list":["post-694","post","type-post","status-publish","format-standard","hentry","category-madero"],"yoast_head":"<!-- This site is optimized with the Yoast SEO plugin v27.5 - https:\/\/yoast.com\/product\/yoast-seo-wordpress\/ -->\n<title>M\u00c1S DE 18 MIL MADERENSES BENEFICIADOS CON RESCATE LAGUNARIO DE ADRI\u00c1N OSEGUERA - EL INFORMATIVO DE TAMAULIPAS<\/title>\n<meta name=\"description\" content=\"Con la r\u00e1pida y acertada respuesta del Gobierno Municipal de Ciudad Madero para llevar a cabo el\u00a0 rescate del sistema Lagunario, el alcalde Adri\u00e1n\" \/>\n<meta name=\"robots\" content=\"index, follow, max-snippet:-1, max-image-preview:large, max-video-preview:-1\" \/>\n<link rel=\"canonical\" href=\"https:\/\/elinformativotam.com\/index.php\/2019\/11\/15\/mas-de-18-mil-maderenses-beneficiados-con-rescate-lagunario-de-adrian-oseguera\/\" \/>\n<meta property=\"og:locale\" content=\"es_MX\" \/>\n<meta property=\"og:type\" content=\"article\" \/>\n<meta property=\"og:title\" content=\"M\u00c1S DE 18 MIL MADERENSES BENEFICIADOS CON RESCATE LAGUNARIO DE ADRI\u00c1N OSEGUERA - EL INFORMATIVO DE TAMAULIPAS\" \/>\n<meta property=\"og:description\" content=\"Con la r\u00e1pida y acertada respuesta del Gobierno Municipal de Ciudad Madero para llevar a cabo el\u00a0 rescate del sistema Lagunario, el alcalde Adri\u00e1n\" \/>\n<meta property=\"og:url\" content=\"https:\/\/elinformativotam.com\/index.php\/2019\/11\/15\/mas-de-18-mil-maderenses-beneficiados-con-rescate-lagunario-de-adrian-oseguera\/\" \/>\n<meta property=\"og:site_name\" content=\"EL INFORMATIVO DE TAMAULIPAS\" \/>\n<meta property=\"article:published_time\" content=\"2019-11-16T04:26:11+00:00\" \/>\n<meta property=\"og:image\" content=\"http:\/\/elinformativotam.com\/wp-content\/uploads\/2019\/11\/adrian-300x211.jpg\" \/>\n<meta name=\"author\" content=\"El Informativo Tam\" \/>\n<meta name=\"twitter:card\" content=\"summary_large_image\" \/>\n<meta name=\"twitter:label1\" content=\"Escrito por\" \/>\n\t<meta name=\"twitter:data1\" content=\"El Informativo Tam\" \/>\n\t<meta name=\"twitter:label2\" content=\"Tiempo de lectura\" \/>\n\t<meta name=\"twitter:data2\" content=\"2 minutos\" \/>\n<script type=\"application\/ld+json\" class=\"yoast-schema-graph\">{\"@context\":\"https:\\\/\\\/schema.org\",\"@graph\":[{\"@type\":\"Article\",\"@id\":\"https:\\\/\\\/elinformativotam.com\\\/index.php\\\/2019\\\/11\\\/15\\\/mas-de-18-mil-maderenses-beneficiados-con-rescate-lagunario-de-adrian-oseguera\\\/#article\",\"isPartOf\":{\"@id\":\"https:\\\/\\\/elinformativotam.com\\\/index.php\\\/2019\\\/11\\\/15\\\/mas-de-18-mil-maderenses-beneficiados-con-rescate-lagunario-de-adrian-oseguera\\\/\"},\"author\":{\"name\":\"El Informativo Tam\",\"@id\":\"https:\\\/\\\/elinformativotam.com\\\/#\\\/schema\\\/person\\\/78e08040eed0f6110f0c5f83b6153590\"},\"headline\":\"M\u00c1S DE 18 MIL MADERENSES BENEFICIADOS CON RESCATE LAGUNARIO DE ADRI\u00c1N OSEGUERA\",\"datePublished\":\"2019-11-16T04:26:11+00:00\",\"mainEntityOfPage\":{\"@id\":\"https:\\\/\\\/elinformativotam.com\\\/index.php\\\/2019\\\/11\\\/15\\\/mas-de-18-mil-maderenses-beneficiados-con-rescate-lagunario-de-adrian-oseguera\\\/\"},\"wordCount\":359,\"commentCount\":0,\"publisher\":{\"@id\":\"https:\\\/\\\/elinformativotam.com\\\/#organization\"},\"image\":{\"@id\":\"https:\\\/\\\/elinformativotam.com\\\/index.php\\\/2019\\\/11\\\/15\\\/mas-de-18-mil-maderenses-beneficiados-con-rescate-lagunario-de-adrian-oseguera\\\/#primaryimage\"},\"thumbnailUrl\":\"http:\\\/\\\/elinformativotam.com\\\/wp-content\\\/uploads\\\/2019\\\/11\\\/adrian-300x211.jpg\",\"articleSection\":[\"Cd Madero\"],\"inLanguage\":\"es\",\"potentialAction\":[{\"@type\":\"CommentAction\",\"name\":\"Comment\",\"target\":[\"https:\\\/\\\/elinformativotam.com\\\/index.php\\\/2019\\\/11\\\/15\\\/mas-de-18-mil-maderenses-beneficiados-con-rescate-lagunario-de-adrian-oseguera\\\/#respond\"]}]},{\"@type\":\"WebPage\",\"@id\":\"https:\\\/\\\/elinformativotam.com\\\/index.php\\\/2019\\\/11\\\/15\\\/mas-de-18-mil-maderenses-beneficiados-con-rescate-lagunario-de-adrian-oseguera\\\/\",\"url\":\"https:\\\/\\\/elinformativotam.com\\\/index.php\\\/2019\\\/11\\\/15\\\/mas-de-18-mil-maderenses-beneficiados-con-rescate-lagunario-de-adrian-oseguera\\\/\",\"name\":\"M\u00c1S DE 18 MIL MADERENSES BENEFICIADOS CON RESCATE LAGUNARIO DE ADRI\u00c1N OSEGUERA - EL INFORMATIVO DE TAMAULIPAS\",\"isPartOf\":{\"@id\":\"https:\\\/\\\/elinformativotam.com\\\/#website\"},\"primaryImageOfPage\":{\"@id\":\"https:\\\/\\\/elinformativotam.com\\\/index.php\\\/2019\\\/11\\\/15\\\/mas-de-18-mil-maderenses-beneficiados-con-rescate-lagunario-de-adrian-oseguera\\\/#primaryimage\"},\"image\":{\"@id\":\"https:\\\/\\\/elinformativotam.com\\\/index.php\\\/2019\\\/11\\\/15\\\/mas-de-18-mil-maderenses-beneficiados-con-rescate-lagunario-de-adrian-oseguera\\\/#primaryimage\"},\"thumbnailUrl\":\"http:\\\/\\\/elinformativotam.com\\\/wp-content\\\/uploads\\\/2019\\\/11\\\/adrian-300x211.jpg\",\"datePublished\":\"2019-11-16T04:26:11+00:00\",\"description\":\"Con la r\u00e1pida y acertada respuesta del Gobierno Municipal de Ciudad Madero para llevar a cabo el\u00a0 rescate del sistema Lagunario, el alcalde Adri\u00e1n\",\"inLanguage\":\"es\",\"potentialAction\":[{\"@type\":\"ReadAction\",\"target\":[\"https:\\\/\\\/elinformativotam.com\\\/index.php\\\/2019\\\/11\\\/15\\\/mas-de-18-mil-maderenses-beneficiados-con-rescate-lagunario-de-adrian-oseguera\\\/\"]}]},{\"@type\":\"ImageObject\",\"inLanguage\":\"es\",\"@id\":\"https:\\\/\\\/elinformativotam.com\\\/index.php\\\/2019\\\/11\\\/15\\\/mas-de-18-mil-maderenses-beneficiados-con-rescate-lagunario-de-adrian-oseguera\\\/#primaryimage\",\"url\":\"http:\\\/\\\/elinformativotam.com\\\/wp-content\\\/uploads\\\/2019\\\/11\\\/adrian-300x211.jpg\",\"contentUrl\":\"http:\\\/\\\/elinformativotam.com\\\/wp-content\\\/uploads\\\/2019\\\/11\\\/adrian-300x211.jpg\"},{\"@type\":\"WebSite\",\"@id\":\"https:\\\/\\\/elinformativotam.com\\\/#website\",\"url\":\"https:\\\/\\\/elinformativotam.com\\\/\",\"name\":\"EL INFORMATIVO DE TAMAULIPAS\",\"description\":\"Desde la Zona Metropolitana Para Todo M\u00e9xico\",\"publisher\":{\"@id\":\"https:\\\/\\\/elinformativotam.com\\\/#organization\"},\"potentialAction\":[{\"@type\":\"SearchAction\",\"target\":{\"@type\":\"EntryPoint\",\"urlTemplate\":\"https:\\\/\\\/elinformativotam.com\\\/?s={search_term_string}\"},\"query-input\":{\"@type\":\"PropertyValueSpecification\",\"valueRequired\":true,\"valueName\":\"search_term_string\"}}],\"inLanguage\":\"es\"},{\"@type\":\"Organization\",\"@id\":\"https:\\\/\\\/elinformativotam.com\\\/#organization\",\"name\":\"EL INFORMATIVO DE TAMAULIPAS\",\"url\":\"https:\\\/\\\/elinformativotam.com\\\/\",\"logo\":{\"@type\":\"ImageObject\",\"inLanguage\":\"es\",\"@id\":\"https:\\\/\\\/elinformativotam.com\\\/#\\\/schema\\\/logo\\\/image\\\/\",\"url\":\"https:\\\/\\\/elinformativotam.com\\\/wp-content\\\/uploads\\\/2026\\\/02\\\/Cabezal.png\",\"contentUrl\":\"https:\\\/\\\/elinformativotam.com\\\/wp-content\\\/uploads\\\/2026\\\/02\\\/Cabezal.png\",\"width\":960,\"height\":640,\"caption\":\"EL INFORMATIVO DE TAMAULIPAS\"},\"image\":{\"@id\":\"https:\\\/\\\/elinformativotam.com\\\/#\\\/schema\\\/logo\\\/image\\\/\"}},{\"@type\":\"Person\",\"@id\":\"https:\\\/\\\/elinformativotam.com\\\/#\\\/schema\\\/person\\\/78e08040eed0f6110f0c5f83b6153590\",\"name\":\"El Informativo Tam\",\"image\":{\"@type\":\"ImageObject\",\"inLanguage\":\"es\",\"@id\":\"https:\\\/\\\/secure.gravatar.com\\\/avatar\\\/f3b7ad3af540688955925ac610647be00b0cf41feea9c4978b73a707ee86bc53?s=96&d=mm&r=g\",\"url\":\"https:\\\/\\\/secure.gravatar.com\\\/avatar\\\/f3b7ad3af540688955925ac610647be00b0cf41feea9c4978b73a707ee86bc53?s=96&d=mm&r=g\",\"contentUrl\":\"https:\\\/\\\/secure.gravatar.com\\\/avatar\\\/f3b7ad3af540688955925ac610647be00b0cf41feea9c4978b73a707ee86bc53?s=96&d=mm&r=g\",\"caption\":\"El Informativo Tam\"}}]}<\/script>\n<!-- \/ Yoast SEO plugin. -->","yoast_head_json":{"title":"M\u00c1S DE 18 MIL MADERENSES BENEFICIADOS CON RESCATE LAGUNARIO DE ADRI\u00c1N OSEGUERA - EL INFORMATIVO DE TAMAULIPAS","description":"Con la r\u00e1pida y acertada respuesta del Gobierno Municipal de Ciudad Madero para llevar a cabo el\u00a0 rescate del sistema Lagunario, el alcalde Adri\u00e1n","robots":{"index":"index","follow":"follow","max-snippet":"max-snippet:-1","max-image-preview":"max-image-preview:large","max-video-preview":"max-video-preview:-1"},"canonical":"https:\/\/elinformativotam.com\/index.php\/2019\/11\/15\/mas-de-18-mil-maderenses-beneficiados-con-rescate-lagunario-de-adrian-oseguera\/","og_locale":"es_MX","og_type":"article","og_title":"M\u00c1S DE 18 MIL MADERENSES BENEFICIADOS CON RESCATE LAGUNARIO DE ADRI\u00c1N OSEGUERA - EL INFORMATIVO DE TAMAULIPAS","og_description":"Con la r\u00e1pida y acertada respuesta del Gobierno Municipal de Ciudad Madero para llevar a cabo el\u00a0 rescate del sistema Lagunario, el alcalde Adri\u00e1n","og_url":"https:\/\/elinformativotam.com\/index.php\/2019\/11\/15\/mas-de-18-mil-maderenses-beneficiados-con-rescate-lagunario-de-adrian-oseguera\/","og_site_name":"EL INFORMATIVO DE TAMAULIPAS","article_published_time":"2019-11-16T04:26:11+00:00","og_image":[{"url":"http:\/\/elinformativotam.com\/wp-content\/uploads\/2019\/11\/adrian-300x211.jpg","type":"","width":"","height":""}],"author":"El Informativo Tam","twitter_card":"summary_large_image","twitter_misc":{"Escrito por":"El Informativo Tam","Tiempo de lectura":"2 minutos"},"schema":{"@context":"https:\/\/schema.org","@graph":[{"@type":"Article","@id":"https:\/\/elinformativotam.com\/index.php\/2019\/11\/15\/mas-de-18-mil-maderenses-beneficiados-con-rescate-lagunario-de-adrian-oseguera\/#article","isPartOf":{"@id":"https:\/\/elinformativotam.com\/index.php\/2019\/11\/15\/mas-de-18-mil-maderenses-beneficiados-con-rescate-lagunario-de-adrian-oseguera\/"},"author":{"name":"El Informativo Tam","@id":"https:\/\/elinformativotam.com\/#\/schema\/person\/78e08040eed0f6110f0c5f83b6153590"},"headline":"M\u00c1S DE 18 MIL MADERENSES BENEFICIADOS CON RESCATE LAGUNARIO DE ADRI\u00c1N OSEGUERA","datePublished":"2019-11-16T04:26:11+00:00","mainEntityOfPage":{"@id":"https:\/\/elinformativotam.com\/index.php\/2019\/11\/15\/mas-de-18-mil-maderenses-beneficiados-con-rescate-lagunario-de-adrian-oseguera\/"},"wordCount":359,"commentCount":0,"publisher":{"@id":"https:\/\/elinformativotam.com\/#organization"},"image":{"@id":"https:\/\/elinformativotam.com\/index.php\/2019\/11\/15\/mas-de-18-mil-maderenses-beneficiados-con-rescate-lagunario-de-adrian-oseguera\/#primaryimage"},"thumbnailUrl":"http:\/\/elinformativotam.com\/wp-content\/uploads\/2019\/11\/adrian-300x211.jpg","articleSection":["Cd Madero"],"inLanguage":"es","potentialAction":[{"@type":"CommentAction","name":"Comment","target":["https:\/\/elinformativotam.com\/index.php\/2019\/11\/15\/mas-de-18-mil-maderenses-beneficiados-con-rescate-lagunario-de-adrian-oseguera\/#respond"]}]},{"@type":"WebPage","@id":"https:\/\/elinformativotam.com\/index.php\/2019\/11\/15\/mas-de-18-mil-maderenses-beneficiados-con-rescate-lagunario-de-adrian-oseguera\/","url":"https:\/\/elinformativotam.com\/index.php\/2019\/11\/15\/mas-de-18-mil-maderenses-beneficiados-con-rescate-lagunario-de-adrian-oseguera\/","name":"M\u00c1S DE 18 MIL MADERENSES BENEFICIADOS CON RESCATE LAGUNARIO DE ADRI\u00c1N OSEGUERA - EL INFORMATIVO DE TAMAULIPAS","isPartOf":{"@id":"https:\/\/elinformativotam.com\/#website"},"primaryImageOfPage":{"@id":"https:\/\/elinformativotam.com\/index.php\/2019\/11\/15\/mas-de-18-mil-maderenses-beneficiados-con-rescate-lagunario-de-adrian-oseguera\/#primaryimage"},"image":{"@id":"https:\/\/elinformativotam.com\/index.php\/2019\/11\/15\/mas-de-18-mil-maderenses-beneficiados-con-rescate-lagunario-de-adrian-oseguera\/#primaryimage"},"thumbnailUrl":"http:\/\/elinformativotam.com\/wp-content\/uploads\/2019\/11\/adrian-300x211.jpg","datePublished":"2019-11-16T04:26:11+00:00","description":"Con la r\u00e1pida y acertada respuesta del Gobierno Municipal de Ciudad Madero para llevar a cabo el\u00a0 rescate del sistema Lagunario, el alcalde Adri\u00e1n","inLanguage":"es","potentialAction":[{"@type":"ReadAction","target":["https:\/\/elinformativotam.com\/index.php\/2019\/11\/15\/mas-de-18-mil-maderenses-beneficiados-con-rescate-lagunario-de-adrian-oseguera\/"]}]},{"@type":"ImageObject","inLanguage":"es","@id":"https:\/\/elinformativotam.com\/index.php\/2019\/11\/15\/mas-de-18-mil-maderenses-beneficiados-con-rescate-lagunario-de-adrian-oseguera\/#primaryimage","url":"http:\/\/elinformativotam.com\/wp-content\/uploads\/2019\/11\/adrian-300x211.jpg","contentUrl":"http:\/\/elinformativotam.com\/wp-content\/uploads\/2019\/11\/adrian-300x211.jpg"},{"@type":"WebSite","@id":"https:\/\/elinformativotam.com\/#website","url":"https:\/\/elinformativotam.com\/","name":"EL INFORMATIVO DE TAMAULIPAS","description":"Desde la Zona Metropolitana Para Todo M\u00e9xico","publisher":{"@id":"https:\/\/elinformativotam.com\/#organization"},"potentialAction":[{"@type":"SearchAction","target":{"@type":"EntryPoint","urlTemplate":"https:\/\/elinformativotam.com\/?s={search_term_string}"},"query-input":{"@type":"PropertyValueSpecification","valueRequired":true,"valueName":"search_term_string"}}],"inLanguage":"es"},{"@type":"Organization","@id":"https:\/\/elinformativotam.com\/#organization","name":"EL INFORMATIVO DE TAMAULIPAS","url":"https:\/\/elinformativotam.com\/","logo":{"@type":"ImageObject","inLanguage":"es","@id":"https:\/\/elinformativotam.com\/#\/schema\/logo\/image\/","url":"https:\/\/elinformativotam.com\/wp-content\/uploads\/2026\/02\/Cabezal.png","contentUrl":"https:\/\/elinformativotam.com\/wp-content\/uploads\/2026\/02\/Cabezal.png","width":960,"height":640,"caption":"EL INFORMATIVO DE TAMAULIPAS"},"image":{"@id":"https:\/\/elinformativotam.com\/#\/schema\/logo\/image\/"}},{"@type":"Person","@id":"https:\/\/elinformativotam.com\/#\/schema\/person\/78e08040eed0f6110f0c5f83b6153590","name":"El Informativo Tam","image":{"@type":"ImageObject","inLanguage":"es","@id":"https:\/\/secure.gravatar.com\/avatar\/f3b7ad3af540688955925ac610647be00b0cf41feea9c4978b73a707ee86bc53?s=96&d=mm&r=g","url":"https:\/\/secure.gravatar.com\/avatar\/f3b7ad3af540688955925ac610647be00b0cf41feea9c4978b73a707ee86bc53?s=96&d=mm&r=g","contentUrl":"https:\/\/secure.gravatar.com\/avatar\/f3b7ad3af540688955925ac610647be00b0cf41feea9c4978b73a707ee86bc53?s=96&d=mm&r=g","caption":"El Informativo Tam"}}]}},"_links":{"self":[{"href":"https:\/\/elinformativotam.com\/index.php\/wp-json\/wp\/v2\/posts\/694","targetHints":{"allow":["GET"]}}],"collection":[{"href":"https:\/\/elinformativotam.com\/index.php\/wp-json\/wp\/v2\/posts"}],"about":[{"href":"https:\/\/elinformativotam.com\/index.php\/wp-json\/wp\/v2\/types\/post"}],"author":[{"embeddable":true,"href":"https:\/\/elinformativotam.com\/index.php\/wp-json\/wp\/v2\/users\/1"}],"replies":[{"embeddable":true,"href":"https:\/\/elinformativotam.com\/index.php\/wp-json\/wp\/v2\/comments?post=694"}],"version-history":[{"count":0,"href":"https:\/\/elinformativotam.com\/index.php\/wp-json\/wp\/v2\/posts\/694\/revisions"}],"wp:attachment":[{"href":"https:\/\/elinformativotam.com\/index.php\/wp-json\/wp\/v2\/media?parent=694"}],"wp:term":[{"taxonomy":"category","embeddable":true,"href":"https:\/\/elinformativotam.com\/index.php\/wp-json\/wp\/v2\/categories?post=694"},{"taxonomy":"post_tag","embeddable":true,"href":"https:\/\/elinformativotam.com\/index.php\/wp-json\/wp\/v2\/tags?post=694"}],"curies":[{"name":"wp","href":"https:\/\/api.w.org\/{rel}","templated":true}]}}