{"id":640,"date":"2019-11-11T21:42:07","date_gmt":"2019-11-12T03:42:07","guid":{"rendered":"http:\/\/elinformativotam.com\/?p=640"},"modified":"2019-11-11T21:42:07","modified_gmt":"2019-11-12T03:42:07","slug":"mi-compromiso-con-la-educacion-seguira-siendo-el-numero-uno-alma-laura-amparan","status":"publish","type":"post","link":"https:\/\/elinformativotam.com\/index.php\/2019\/11\/11\/mi-compromiso-con-la-educacion-seguira-siendo-el-numero-uno-alma-laura-amparan\/","title":{"rendered":"\u201cMI COMPROMISO CON LA EDUCACI\u00d3N, SEGUIR\u00c1 SIENDO EL N\u00daMERO UNO\u2019\u2019: ALMA LAURA AMPAR\u00c1N"},"content":{"rendered":"<p>*Traslada Gobierno De Altamira Programa Ciclo Municipal Educativo \u201cSe Trata De Ti\u201d A Escuelas Del Ejido Jos\u00e9 Mar\u00eda Luis Mora (Las Margaritas)<\/p>\n<p>&nbsp;<\/p>\n<p>Llevando los diversos beneficios que ofrece el Gobierno de Altamira al sector educativo, la alcaldesa Alma Laura Ampar\u00e1n Cruz encabez\u00f3 la implementaci\u00f3n del programa Ciclo Municipal Educativo \u201cSe Trata de Ti\u201d en la Escuela Primaria \u201cGuadalupe Victoria\u2019\u2019, en el ejido Jos\u00e9 Mar\u00eda Luis Mora (Las Margaritas), esquema que tambi\u00e9n abarcar\u00e1 al Jard\u00edn de Ni\u00f1os \u201cJuana de Asbaje y Ram\u00edrez\u2019\u2019 y a la Telesecundaria \u201cJos\u00e9 Mar\u00eda Luis Mora\u2019\u2019.<\/p>\n<p>&nbsp;<\/p>\n<p>Ante la comunidad estudiantil de la citada localidad rural, maestros y padres de familia, la jefa edilicia expres\u00f3 que Altamira se distingue por ser un municipio pionero en Tamaulipas al implementar de forma permanente mecanismos din\u00e1micos, formativos y pedag\u00f3gicos, dirigidos a fortalecer el tejido social y que sirven para forjar los h\u00e1bitos y valores de las ni\u00f1as, ni\u00f1os y j\u00f3venes profesionistas del futuro.<\/p>\n<p>&nbsp;<\/p>\n<p>\u201cHoy traemos a tres instituciones educativas de este ejido una semana de trabajo con distintos talleres, pl\u00e1ticas y actividades relacionadas con las secretar\u00edas que conforman la administraci\u00f3n p\u00fablica municipal, porque mi compromiso con la educaci\u00f3n es y seguir\u00e1 siendo el n\u00famero uno\u201d, detall\u00f3.<\/p>\n<p>&nbsp;<\/p>\n<p>Asimismo, indic\u00f3 que trabajando de la mano con el gobernador del Estado, Francisco Garc\u00eda Cabeza de Vaca, el gobierno de la ciudad seguir\u00e1 trasladando acciones y beneficio a cada escuela del municipio.<\/p>\n<p>&nbsp;<\/p>\n<p>\u201cCuando trabajamos en equipo contribuimos a generar la grandeza de nuestra gente. Porque en Altamira se trata de ustedes, Se Trata de Ti\u201d, expres\u00f3 Ampar\u00e1n Cruz, quien adem\u00e1s entreg\u00f3 material deportivo y did\u00e1ctico al alumnado de los tres planteles educativos.<\/p>\n<p>&nbsp;<\/p>\n<p>Por su parte, el titular del CREDE en Altamira, Jos\u00e9 Alan\u00eds Mendo reconoci\u00f3 la invaluable labor desempe\u00f1ada por el gobierno que encabeza la alcaldesa Alma Laura Ampar\u00e1n Cruz, quien le apuesta a la educaci\u00f3n a trav\u00e9s de importantes apoyos como los son becas, infraestructura educativa, as\u00ed como el Ciclo Municipal Educativo, mediante el cual se contribuye a la formaci\u00f3n acad\u00e9mica de los alumnos y se fortalecen los valores humanos.<\/p>\n<p>&nbsp;<\/p>\n<p>&nbsp;<\/p>\n<p><img loading=\"lazy\" decoding=\"async\" class=\" wp-image-641 aligncenter\" src=\"https:\/\/elinformativotam.com\/wp-content\/uploads\/2019\/11\/alma-300x169.jpeg\" alt=\"\" width=\"738\" height=\"416\" \/><\/p>\n<p>&nbsp;<\/p>\n<p>&nbsp;<\/p>\n<p>\u201cEn el gobierno de todos, mantenemos vigente el compromiso de trabajar por una mejor educaci\u00f3n y agradecemos la labor incansable de la alcaldesa Alma Laura Ampar\u00e1n. Tamaulipas nos demanda seguir trabajando en unidad Gobierno Municipal y Gobierno del Estado, realizando acciones de cambio, dando pasos firmes a favor de la educaci\u00f3n de Altamira y de Tamaulipas\u201d, mencion\u00f3.<\/p>\n<p>&nbsp;<\/p>\n<p>El director de la Escuela Primaria \u201cGuadalupe Victoria\u201d, Mario Herrera Mart\u00edn, agradeci\u00f3 a la alcaldesa por brindar sanitarios dignos y agua potable para su adecuado funcionamiento y junto con la alumna Karely Irasema M\u00e9ndez Ram\u00edrez, destac\u00f3 el importante apoyo que la presente administraci\u00f3n municipal brinda a la educaci\u00f3n.<\/p>\n<p>&nbsp;<\/p>\n<p>Acompa\u00f1ada por s\u00edndicos y regidores del Ayuntamiento, as\u00ed como del alumnado, Ampar\u00e1n Cruz procedi\u00f3 a labores de reforestaci\u00f3n en las \u00e1reas verdes de esta escuela, adem\u00e1s de dar inicio al programa de Huertos Saludables Escolares.<\/p>\n<p>&nbsp;<\/p>\n<p>Tambi\u00e9n estuvieron presentes, el director de Educaci\u00f3n, Juan Antonio Chong Mart\u00ednez; el subdelegado municipal de la Zona Norte, Francisco M\u00e1rquez Aguilar; la presidenta de la Asociaci\u00f3n de Padres de Familia, Rosa Itzel Ram\u00edrez Aguilar, y la presidenta del Consejo de Participaci\u00f3n Social, Paloma Reyes S\u00e1nchez.<\/p>\n","protected":false},"excerpt":{"rendered":"<p>*Traslada Gobierno De Altamira Programa Ciclo Municipal Educativo \u201cSe Trata De Ti\u201d A Escuelas Del Ejido Jos\u00e9 Mar\u00eda Luis Mora&hellip;<\/p>\n","protected":false},"author":1,"featured_media":0,"comment_status":"open","ping_status":"open","sticky":false,"template":"","format":"standard","meta":{"footnotes":""},"categories":[5],"tags":[],"class_list":["post-640","post","type-post","status-publish","format-standard","hentry","category-altamira"],"yoast_head":"<!-- This site is optimized with the Yoast SEO plugin v27.5 - https:\/\/yoast.com\/product\/yoast-seo-wordpress\/ -->\n<title>\u201cMI COMPROMISO CON LA EDUCACI\u00d3N, SEGUIR\u00c1 SIENDO EL N\u00daMERO UNO\u2019\u2019: ALMA LAURA AMPAR\u00c1N - EL INFORMATIVO DE TAMAULIPAS<\/title>\n<meta name=\"description\" content=\"*Traslada Gobierno De Altamira Programa Ciclo Municipal Educativo \u201cSe Trata De Ti\u201d A Escuelas Del Ejido Jos\u00e9 Mar\u00eda Luis Mora (Las Margaritas) &nbsp;\" \/>\n<meta name=\"robots\" content=\"index, follow, max-snippet:-1, max-image-preview:large, max-video-preview:-1\" \/>\n<link rel=\"canonical\" href=\"https:\/\/elinformativotam.com\/index.php\/2019\/11\/11\/mi-compromiso-con-la-educacion-seguira-siendo-el-numero-uno-alma-laura-amparan\/\" \/>\n<meta property=\"og:locale\" content=\"es_MX\" \/>\n<meta property=\"og:type\" content=\"article\" \/>\n<meta property=\"og:title\" content=\"\u201cMI COMPROMISO CON LA EDUCACI\u00d3N, SEGUIR\u00c1 SIENDO EL N\u00daMERO UNO\u2019\u2019: ALMA LAURA AMPAR\u00c1N - EL INFORMATIVO DE TAMAULIPAS\" \/>\n<meta property=\"og:description\" content=\"*Traslada Gobierno De Altamira Programa Ciclo Municipal Educativo \u201cSe Trata De Ti\u201d A Escuelas Del Ejido Jos\u00e9 Mar\u00eda Luis Mora (Las Margaritas) &nbsp;\" \/>\n<meta property=\"og:url\" content=\"https:\/\/elinformativotam.com\/index.php\/2019\/11\/11\/mi-compromiso-con-la-educacion-seguira-siendo-el-numero-uno-alma-laura-amparan\/\" \/>\n<meta property=\"og:site_name\" content=\"EL INFORMATIVO DE TAMAULIPAS\" \/>\n<meta property=\"article:published_time\" content=\"2019-11-12T03:42:07+00:00\" \/>\n<meta property=\"og:image\" content=\"http:\/\/elinformativotam.com\/wp-content\/uploads\/2019\/11\/alma-300x169.jpeg\" \/>\n<meta name=\"author\" content=\"El Informativo Tam\" \/>\n<meta name=\"twitter:card\" content=\"summary_large_image\" \/>\n<meta name=\"twitter:label1\" content=\"Escrito por\" \/>\n\t<meta name=\"twitter:data1\" content=\"El Informativo Tam\" \/>\n\t<meta name=\"twitter:label2\" content=\"Tiempo de lectura\" \/>\n\t<meta name=\"twitter:data2\" content=\"3 minutos\" \/>\n<script type=\"application\/ld+json\" class=\"yoast-schema-graph\">{\"@context\":\"https:\\\/\\\/schema.org\",\"@graph\":[{\"@type\":\"Article\",\"@id\":\"https:\\\/\\\/elinformativotam.com\\\/index.php\\\/2019\\\/11\\\/11\\\/mi-compromiso-con-la-educacion-seguira-siendo-el-numero-uno-alma-laura-amparan\\\/#article\",\"isPartOf\":{\"@id\":\"https:\\\/\\\/elinformativotam.com\\\/index.php\\\/2019\\\/11\\\/11\\\/mi-compromiso-con-la-educacion-seguira-siendo-el-numero-uno-alma-laura-amparan\\\/\"},\"author\":{\"name\":\"El Informativo Tam\",\"@id\":\"https:\\\/\\\/elinformativotam.com\\\/#\\\/schema\\\/person\\\/78e08040eed0f6110f0c5f83b6153590\"},\"headline\":\"\u201cMI COMPROMISO CON LA EDUCACI\u00d3N, SEGUIR\u00c1 SIENDO EL N\u00daMERO UNO\u2019\u2019: ALMA LAURA AMPAR\u00c1N\",\"datePublished\":\"2019-11-12T03:42:07+00:00\",\"mainEntityOfPage\":{\"@id\":\"https:\\\/\\\/elinformativotam.com\\\/index.php\\\/2019\\\/11\\\/11\\\/mi-compromiso-con-la-educacion-seguira-siendo-el-numero-uno-alma-laura-amparan\\\/\"},\"wordCount\":603,\"commentCount\":0,\"publisher\":{\"@id\":\"https:\\\/\\\/elinformativotam.com\\\/#organization\"},\"image\":{\"@id\":\"https:\\\/\\\/elinformativotam.com\\\/index.php\\\/2019\\\/11\\\/11\\\/mi-compromiso-con-la-educacion-seguira-siendo-el-numero-uno-alma-laura-amparan\\\/#primaryimage\"},\"thumbnailUrl\":\"http:\\\/\\\/elinformativotam.com\\\/wp-content\\\/uploads\\\/2019\\\/11\\\/alma-300x169.jpeg\",\"articleSection\":[\"Altamira\"],\"inLanguage\":\"es\",\"potentialAction\":[{\"@type\":\"CommentAction\",\"name\":\"Comment\",\"target\":[\"https:\\\/\\\/elinformativotam.com\\\/index.php\\\/2019\\\/11\\\/11\\\/mi-compromiso-con-la-educacion-seguira-siendo-el-numero-uno-alma-laura-amparan\\\/#respond\"]}]},{\"@type\":\"WebPage\",\"@id\":\"https:\\\/\\\/elinformativotam.com\\\/index.php\\\/2019\\\/11\\\/11\\\/mi-compromiso-con-la-educacion-seguira-siendo-el-numero-uno-alma-laura-amparan\\\/\",\"url\":\"https:\\\/\\\/elinformativotam.com\\\/index.php\\\/2019\\\/11\\\/11\\\/mi-compromiso-con-la-educacion-seguira-siendo-el-numero-uno-alma-laura-amparan\\\/\",\"name\":\"\u201cMI COMPROMISO CON LA EDUCACI\u00d3N, SEGUIR\u00c1 SIENDO EL N\u00daMERO UNO\u2019\u2019: ALMA LAURA AMPAR\u00c1N - EL INFORMATIVO DE TAMAULIPAS\",\"isPartOf\":{\"@id\":\"https:\\\/\\\/elinformativotam.com\\\/#website\"},\"primaryImageOfPage\":{\"@id\":\"https:\\\/\\\/elinformativotam.com\\\/index.php\\\/2019\\\/11\\\/11\\\/mi-compromiso-con-la-educacion-seguira-siendo-el-numero-uno-alma-laura-amparan\\\/#primaryimage\"},\"image\":{\"@id\":\"https:\\\/\\\/elinformativotam.com\\\/index.php\\\/2019\\\/11\\\/11\\\/mi-compromiso-con-la-educacion-seguira-siendo-el-numero-uno-alma-laura-amparan\\\/#primaryimage\"},\"thumbnailUrl\":\"http:\\\/\\\/elinformativotam.com\\\/wp-content\\\/uploads\\\/2019\\\/11\\\/alma-300x169.jpeg\",\"datePublished\":\"2019-11-12T03:42:07+00:00\",\"description\":\"*Traslada Gobierno De Altamira Programa Ciclo Municipal Educativo \u201cSe Trata De Ti\u201d A Escuelas Del Ejido Jos\u00e9 Mar\u00eda Luis Mora (Las Margaritas) &nbsp;\",\"inLanguage\":\"es\",\"potentialAction\":[{\"@type\":\"ReadAction\",\"target\":[\"https:\\\/\\\/elinformativotam.com\\\/index.php\\\/2019\\\/11\\\/11\\\/mi-compromiso-con-la-educacion-seguira-siendo-el-numero-uno-alma-laura-amparan\\\/\"]}]},{\"@type\":\"ImageObject\",\"inLanguage\":\"es\",\"@id\":\"https:\\\/\\\/elinformativotam.com\\\/index.php\\\/2019\\\/11\\\/11\\\/mi-compromiso-con-la-educacion-seguira-siendo-el-numero-uno-alma-laura-amparan\\\/#primaryimage\",\"url\":\"http:\\\/\\\/elinformativotam.com\\\/wp-content\\\/uploads\\\/2019\\\/11\\\/alma-300x169.jpeg\",\"contentUrl\":\"http:\\\/\\\/elinformativotam.com\\\/wp-content\\\/uploads\\\/2019\\\/11\\\/alma-300x169.jpeg\"},{\"@type\":\"WebSite\",\"@id\":\"https:\\\/\\\/elinformativotam.com\\\/#website\",\"url\":\"https:\\\/\\\/elinformativotam.com\\\/\",\"name\":\"EL INFORMATIVO DE TAMAULIPAS\",\"description\":\"Desde la Zona Metropolitana Para Todo M\u00e9xico\",\"publisher\":{\"@id\":\"https:\\\/\\\/elinformativotam.com\\\/#organization\"},\"potentialAction\":[{\"@type\":\"SearchAction\",\"target\":{\"@type\":\"EntryPoint\",\"urlTemplate\":\"https:\\\/\\\/elinformativotam.com\\\/?s={search_term_string}\"},\"query-input\":{\"@type\":\"PropertyValueSpecification\",\"valueRequired\":true,\"valueName\":\"search_term_string\"}}],\"inLanguage\":\"es\"},{\"@type\":\"Organization\",\"@id\":\"https:\\\/\\\/elinformativotam.com\\\/#organization\",\"name\":\"EL INFORMATIVO DE TAMAULIPAS\",\"url\":\"https:\\\/\\\/elinformativotam.com\\\/\",\"logo\":{\"@type\":\"ImageObject\",\"inLanguage\":\"es\",\"@id\":\"https:\\\/\\\/elinformativotam.com\\\/#\\\/schema\\\/logo\\\/image\\\/\",\"url\":\"https:\\\/\\\/elinformativotam.com\\\/wp-content\\\/uploads\\\/2026\\\/02\\\/Cabezal.png\",\"contentUrl\":\"https:\\\/\\\/elinformativotam.com\\\/wp-content\\\/uploads\\\/2026\\\/02\\\/Cabezal.png\",\"width\":960,\"height\":640,\"caption\":\"EL INFORMATIVO DE TAMAULIPAS\"},\"image\":{\"@id\":\"https:\\\/\\\/elinformativotam.com\\\/#\\\/schema\\\/logo\\\/image\\\/\"}},{\"@type\":\"Person\",\"@id\":\"https:\\\/\\\/elinformativotam.com\\\/#\\\/schema\\\/person\\\/78e08040eed0f6110f0c5f83b6153590\",\"name\":\"El Informativo Tam\",\"image\":{\"@type\":\"ImageObject\",\"inLanguage\":\"es\",\"@id\":\"https:\\\/\\\/secure.gravatar.com\\\/avatar\\\/f3b7ad3af540688955925ac610647be00b0cf41feea9c4978b73a707ee86bc53?s=96&d=mm&r=g\",\"url\":\"https:\\\/\\\/secure.gravatar.com\\\/avatar\\\/f3b7ad3af540688955925ac610647be00b0cf41feea9c4978b73a707ee86bc53?s=96&d=mm&r=g\",\"contentUrl\":\"https:\\\/\\\/secure.gravatar.com\\\/avatar\\\/f3b7ad3af540688955925ac610647be00b0cf41feea9c4978b73a707ee86bc53?s=96&d=mm&r=g\",\"caption\":\"El Informativo Tam\"}}]}<\/script>\n<!-- \/ Yoast SEO plugin. -->","yoast_head_json":{"title":"\u201cMI COMPROMISO CON LA EDUCACI\u00d3N, SEGUIR\u00c1 SIENDO EL N\u00daMERO UNO\u2019\u2019: ALMA LAURA AMPAR\u00c1N - EL INFORMATIVO DE TAMAULIPAS","description":"*Traslada Gobierno De Altamira Programa Ciclo Municipal Educativo \u201cSe Trata De Ti\u201d A Escuelas Del Ejido Jos\u00e9 Mar\u00eda Luis Mora (Las Margaritas) &nbsp;","robots":{"index":"index","follow":"follow","max-snippet":"max-snippet:-1","max-image-preview":"max-image-preview:large","max-video-preview":"max-video-preview:-1"},"canonical":"https:\/\/elinformativotam.com\/index.php\/2019\/11\/11\/mi-compromiso-con-la-educacion-seguira-siendo-el-numero-uno-alma-laura-amparan\/","og_locale":"es_MX","og_type":"article","og_title":"\u201cMI COMPROMISO CON LA EDUCACI\u00d3N, SEGUIR\u00c1 SIENDO EL N\u00daMERO UNO\u2019\u2019: ALMA LAURA AMPAR\u00c1N - EL INFORMATIVO DE TAMAULIPAS","og_description":"*Traslada Gobierno De Altamira Programa Ciclo Municipal Educativo \u201cSe Trata De Ti\u201d A Escuelas Del Ejido Jos\u00e9 Mar\u00eda Luis Mora (Las Margaritas) &nbsp;","og_url":"https:\/\/elinformativotam.com\/index.php\/2019\/11\/11\/mi-compromiso-con-la-educacion-seguira-siendo-el-numero-uno-alma-laura-amparan\/","og_site_name":"EL INFORMATIVO DE TAMAULIPAS","article_published_time":"2019-11-12T03:42:07+00:00","og_image":[{"url":"http:\/\/elinformativotam.com\/wp-content\/uploads\/2019\/11\/alma-300x169.jpeg","type":"","width":"","height":""}],"author":"El Informativo Tam","twitter_card":"summary_large_image","twitter_misc":{"Escrito por":"El Informativo Tam","Tiempo de lectura":"3 minutos"},"schema":{"@context":"https:\/\/schema.org","@graph":[{"@type":"Article","@id":"https:\/\/elinformativotam.com\/index.php\/2019\/11\/11\/mi-compromiso-con-la-educacion-seguira-siendo-el-numero-uno-alma-laura-amparan\/#article","isPartOf":{"@id":"https:\/\/elinformativotam.com\/index.php\/2019\/11\/11\/mi-compromiso-con-la-educacion-seguira-siendo-el-numero-uno-alma-laura-amparan\/"},"author":{"name":"El Informativo Tam","@id":"https:\/\/elinformativotam.com\/#\/schema\/person\/78e08040eed0f6110f0c5f83b6153590"},"headline":"\u201cMI COMPROMISO CON LA EDUCACI\u00d3N, SEGUIR\u00c1 SIENDO EL N\u00daMERO UNO\u2019\u2019: ALMA LAURA AMPAR\u00c1N","datePublished":"2019-11-12T03:42:07+00:00","mainEntityOfPage":{"@id":"https:\/\/elinformativotam.com\/index.php\/2019\/11\/11\/mi-compromiso-con-la-educacion-seguira-siendo-el-numero-uno-alma-laura-amparan\/"},"wordCount":603,"commentCount":0,"publisher":{"@id":"https:\/\/elinformativotam.com\/#organization"},"image":{"@id":"https:\/\/elinformativotam.com\/index.php\/2019\/11\/11\/mi-compromiso-con-la-educacion-seguira-siendo-el-numero-uno-alma-laura-amparan\/#primaryimage"},"thumbnailUrl":"http:\/\/elinformativotam.com\/wp-content\/uploads\/2019\/11\/alma-300x169.jpeg","articleSection":["Altamira"],"inLanguage":"es","potentialAction":[{"@type":"CommentAction","name":"Comment","target":["https:\/\/elinformativotam.com\/index.php\/2019\/11\/11\/mi-compromiso-con-la-educacion-seguira-siendo-el-numero-uno-alma-laura-amparan\/#respond"]}]},{"@type":"WebPage","@id":"https:\/\/elinformativotam.com\/index.php\/2019\/11\/11\/mi-compromiso-con-la-educacion-seguira-siendo-el-numero-uno-alma-laura-amparan\/","url":"https:\/\/elinformativotam.com\/index.php\/2019\/11\/11\/mi-compromiso-con-la-educacion-seguira-siendo-el-numero-uno-alma-laura-amparan\/","name":"\u201cMI COMPROMISO CON LA EDUCACI\u00d3N, SEGUIR\u00c1 SIENDO EL N\u00daMERO UNO\u2019\u2019: ALMA LAURA AMPAR\u00c1N - EL INFORMATIVO DE TAMAULIPAS","isPartOf":{"@id":"https:\/\/elinformativotam.com\/#website"},"primaryImageOfPage":{"@id":"https:\/\/elinformativotam.com\/index.php\/2019\/11\/11\/mi-compromiso-con-la-educacion-seguira-siendo-el-numero-uno-alma-laura-amparan\/#primaryimage"},"image":{"@id":"https:\/\/elinformativotam.com\/index.php\/2019\/11\/11\/mi-compromiso-con-la-educacion-seguira-siendo-el-numero-uno-alma-laura-amparan\/#primaryimage"},"thumbnailUrl":"http:\/\/elinformativotam.com\/wp-content\/uploads\/2019\/11\/alma-300x169.jpeg","datePublished":"2019-11-12T03:42:07+00:00","description":"*Traslada Gobierno De Altamira Programa Ciclo Municipal Educativo \u201cSe Trata De Ti\u201d A Escuelas Del Ejido Jos\u00e9 Mar\u00eda Luis Mora (Las Margaritas) &nbsp;","inLanguage":"es","potentialAction":[{"@type":"ReadAction","target":["https:\/\/elinformativotam.com\/index.php\/2019\/11\/11\/mi-compromiso-con-la-educacion-seguira-siendo-el-numero-uno-alma-laura-amparan\/"]}]},{"@type":"ImageObject","inLanguage":"es","@id":"https:\/\/elinformativotam.com\/index.php\/2019\/11\/11\/mi-compromiso-con-la-educacion-seguira-siendo-el-numero-uno-alma-laura-amparan\/#primaryimage","url":"http:\/\/elinformativotam.com\/wp-content\/uploads\/2019\/11\/alma-300x169.jpeg","contentUrl":"http:\/\/elinformativotam.com\/wp-content\/uploads\/2019\/11\/alma-300x169.jpeg"},{"@type":"WebSite","@id":"https:\/\/elinformativotam.com\/#website","url":"https:\/\/elinformativotam.com\/","name":"EL INFORMATIVO DE TAMAULIPAS","description":"Desde la Zona Metropolitana Para Todo M\u00e9xico","publisher":{"@id":"https:\/\/elinformativotam.com\/#organization"},"potentialAction":[{"@type":"SearchAction","target":{"@type":"EntryPoint","urlTemplate":"https:\/\/elinformativotam.com\/?s={search_term_string}"},"query-input":{"@type":"PropertyValueSpecification","valueRequired":true,"valueName":"search_term_string"}}],"inLanguage":"es"},{"@type":"Organization","@id":"https:\/\/elinformativotam.com\/#organization","name":"EL INFORMATIVO DE TAMAULIPAS","url":"https:\/\/elinformativotam.com\/","logo":{"@type":"ImageObject","inLanguage":"es","@id":"https:\/\/elinformativotam.com\/#\/schema\/logo\/image\/","url":"https:\/\/elinformativotam.com\/wp-content\/uploads\/2026\/02\/Cabezal.png","contentUrl":"https:\/\/elinformativotam.com\/wp-content\/uploads\/2026\/02\/Cabezal.png","width":960,"height":640,"caption":"EL INFORMATIVO DE TAMAULIPAS"},"image":{"@id":"https:\/\/elinformativotam.com\/#\/schema\/logo\/image\/"}},{"@type":"Person","@id":"https:\/\/elinformativotam.com\/#\/schema\/person\/78e08040eed0f6110f0c5f83b6153590","name":"El Informativo Tam","image":{"@type":"ImageObject","inLanguage":"es","@id":"https:\/\/secure.gravatar.com\/avatar\/f3b7ad3af540688955925ac610647be00b0cf41feea9c4978b73a707ee86bc53?s=96&d=mm&r=g","url":"https:\/\/secure.gravatar.com\/avatar\/f3b7ad3af540688955925ac610647be00b0cf41feea9c4978b73a707ee86bc53?s=96&d=mm&r=g","contentUrl":"https:\/\/secure.gravatar.com\/avatar\/f3b7ad3af540688955925ac610647be00b0cf41feea9c4978b73a707ee86bc53?s=96&d=mm&r=g","caption":"El Informativo Tam"}}]}},"_links":{"self":[{"href":"https:\/\/elinformativotam.com\/index.php\/wp-json\/wp\/v2\/posts\/640","targetHints":{"allow":["GET"]}}],"collection":[{"href":"https:\/\/elinformativotam.com\/index.php\/wp-json\/wp\/v2\/posts"}],"about":[{"href":"https:\/\/elinformativotam.com\/index.php\/wp-json\/wp\/v2\/types\/post"}],"author":[{"embeddable":true,"href":"https:\/\/elinformativotam.com\/index.php\/wp-json\/wp\/v2\/users\/1"}],"replies":[{"embeddable":true,"href":"https:\/\/elinformativotam.com\/index.php\/wp-json\/wp\/v2\/comments?post=640"}],"version-history":[{"count":0,"href":"https:\/\/elinformativotam.com\/index.php\/wp-json\/wp\/v2\/posts\/640\/revisions"}],"wp:attachment":[{"href":"https:\/\/elinformativotam.com\/index.php\/wp-json\/wp\/v2\/media?parent=640"}],"wp:term":[{"taxonomy":"category","embeddable":true,"href":"https:\/\/elinformativotam.com\/index.php\/wp-json\/wp\/v2\/categories?post=640"},{"taxonomy":"post_tag","embeddable":true,"href":"https:\/\/elinformativotam.com\/index.php\/wp-json\/wp\/v2\/tags?post=640"}],"curies":[{"name":"wp","href":"https:\/\/api.w.org\/{rel}","templated":true}]}}