{"id":6173,"date":"2020-05-15T16:51:41","date_gmt":"2020-05-15T22:51:41","guid":{"rendered":"http:\/\/elinformativotam.com\/?p=6173"},"modified":"2020-05-15T16:51:41","modified_gmt":"2020-05-15T22:51:41","slug":"mantienen-ritmo-de-recoleccion-de-basura-en-ciudad-madero","status":"publish","type":"post","link":"https:\/\/elinformativotam.com\/index.php\/2020\/05\/15\/mantienen-ritmo-de-recoleccion-de-basura-en-ciudad-madero\/","title":{"rendered":"MANTIENEN RITMO DE RECOLECCI\u00d3N DE BASURA EN CIUDAD MADERO"},"content":{"rendered":"<p>El Gobierno que preside el alcalde Adri\u00e1n Oseguera Kernion, mantiene su ritmo en la recolecci\u00f3n de basura por toda Ciudad Madero, cubriendo las distintas rutas establecidas, con las debidas medidas sanitarias.<\/p>\n<p>&nbsp;<\/p>\n<p>Jos\u00e9 Rafael Morales Solano, director de Servicios P\u00fablicos, mencion\u00f3 que los horarios y d\u00edas de recolecci\u00f3n contin\u00faan de manera normal, portando los trabajadores guantes y cubrebocas para evitar contagios.<\/p>\n<p>&nbsp;<\/p>\n<p>A su vez, se\u00f1al\u00f3 que en materia operativa se cuenta con 18 camiones recolectores mediante los cuales se ofrece el servicio en las 32 rutas de los cuales 16 son por turno de d\u00eda, y la misma cantidad en la tarde, siendo suficientes para brindar el servicio a la poblaci\u00f3n.<\/p>\n<p>&nbsp;<\/p>\n<p>Finalmente, Morales Solano reiter\u00f3 que las acciones de salud son permanentes y de ser necesario, se reforzar\u00e1 en algunos sectores. Solicit\u00f3 adem\u00e1s el apoyo a la ciudadan\u00eda para sacar las bolsas de basura debidamente cerradas y en el momento en el que pasen los camiones recolectores.<\/p>\n","protected":false},"excerpt":{"rendered":"<p>El Gobierno que preside el alcalde Adri\u00e1n Oseguera Kernion, mantiene su ritmo en la recolecci\u00f3n de basura por toda Ciudad&hellip;<\/p>\n","protected":false},"author":1,"featured_media":0,"comment_status":"open","ping_status":"open","sticky":false,"template":"","format":"standard","meta":{"footnotes":""},"categories":[4],"tags":[],"class_list":["post-6173","post","type-post","status-publish","format-standard","hentry","category-madero"],"yoast_head":"<!-- This site is optimized with the Yoast SEO plugin v27.5 - https:\/\/yoast.com\/product\/yoast-seo-wordpress\/ -->\n<title>MANTIENEN RITMO DE RECOLECCI\u00d3N DE BASURA EN CIUDAD MADERO - EL INFORMATIVO DE TAMAULIPAS<\/title>\n<meta name=\"description\" content=\"El Gobierno que preside el alcalde Adri\u00e1n Oseguera Kernion, mantiene su ritmo en la recolecci\u00f3n de basura por toda Ciudad Madero, cubriendo las distintas\" \/>\n<meta name=\"robots\" content=\"index, follow, max-snippet:-1, max-image-preview:large, max-video-preview:-1\" \/>\n<link rel=\"canonical\" href=\"https:\/\/elinformativotam.com\/index.php\/2020\/05\/15\/mantienen-ritmo-de-recoleccion-de-basura-en-ciudad-madero\/\" \/>\n<meta property=\"og:locale\" content=\"es_MX\" \/>\n<meta property=\"og:type\" content=\"article\" \/>\n<meta property=\"og:title\" content=\"MANTIENEN RITMO DE RECOLECCI\u00d3N DE BASURA EN CIUDAD MADERO - EL INFORMATIVO DE TAMAULIPAS\" \/>\n<meta property=\"og:description\" content=\"El Gobierno que preside el alcalde Adri\u00e1n Oseguera Kernion, mantiene su ritmo en la recolecci\u00f3n de basura por toda Ciudad Madero, cubriendo las distintas\" \/>\n<meta property=\"og:url\" content=\"https:\/\/elinformativotam.com\/index.php\/2020\/05\/15\/mantienen-ritmo-de-recoleccion-de-basura-en-ciudad-madero\/\" \/>\n<meta property=\"og:site_name\" content=\"EL INFORMATIVO DE TAMAULIPAS\" \/>\n<meta property=\"article:published_time\" content=\"2020-05-15T22:51:41+00:00\" \/>\n<meta name=\"author\" content=\"El Informativo Tam\" \/>\n<meta name=\"twitter:card\" content=\"summary_large_image\" \/>\n<meta name=\"twitter:label1\" content=\"Escrito por\" \/>\n\t<meta name=\"twitter:data1\" content=\"El Informativo Tam\" \/>\n\t<meta name=\"twitter:label2\" content=\"Tiempo de lectura\" \/>\n\t<meta name=\"twitter:data2\" content=\"1 minuto\" \/>\n<script type=\"application\/ld+json\" class=\"yoast-schema-graph\">{\"@context\":\"https:\\\/\\\/schema.org\",\"@graph\":[{\"@type\":\"Article\",\"@id\":\"https:\\\/\\\/elinformativotam.com\\\/index.php\\\/2020\\\/05\\\/15\\\/mantienen-ritmo-de-recoleccion-de-basura-en-ciudad-madero\\\/#article\",\"isPartOf\":{\"@id\":\"https:\\\/\\\/elinformativotam.com\\\/index.php\\\/2020\\\/05\\\/15\\\/mantienen-ritmo-de-recoleccion-de-basura-en-ciudad-madero\\\/\"},\"author\":{\"name\":\"El Informativo Tam\",\"@id\":\"https:\\\/\\\/elinformativotam.com\\\/#\\\/schema\\\/person\\\/78e08040eed0f6110f0c5f83b6153590\"},\"headline\":\"MANTIENEN RITMO DE RECOLECCI\u00d3N DE BASURA EN CIUDAD MADERO\",\"datePublished\":\"2020-05-15T22:51:41+00:00\",\"mainEntityOfPage\":{\"@id\":\"https:\\\/\\\/elinformativotam.com\\\/index.php\\\/2020\\\/05\\\/15\\\/mantienen-ritmo-de-recoleccion-de-basura-en-ciudad-madero\\\/\"},\"wordCount\":177,\"commentCount\":0,\"publisher\":{\"@id\":\"https:\\\/\\\/elinformativotam.com\\\/#organization\"},\"articleSection\":[\"Cd Madero\"],\"inLanguage\":\"es\",\"potentialAction\":[{\"@type\":\"CommentAction\",\"name\":\"Comment\",\"target\":[\"https:\\\/\\\/elinformativotam.com\\\/index.php\\\/2020\\\/05\\\/15\\\/mantienen-ritmo-de-recoleccion-de-basura-en-ciudad-madero\\\/#respond\"]}]},{\"@type\":\"WebPage\",\"@id\":\"https:\\\/\\\/elinformativotam.com\\\/index.php\\\/2020\\\/05\\\/15\\\/mantienen-ritmo-de-recoleccion-de-basura-en-ciudad-madero\\\/\",\"url\":\"https:\\\/\\\/elinformativotam.com\\\/index.php\\\/2020\\\/05\\\/15\\\/mantienen-ritmo-de-recoleccion-de-basura-en-ciudad-madero\\\/\",\"name\":\"MANTIENEN RITMO DE RECOLECCI\u00d3N DE BASURA EN CIUDAD MADERO - EL INFORMATIVO DE TAMAULIPAS\",\"isPartOf\":{\"@id\":\"https:\\\/\\\/elinformativotam.com\\\/#website\"},\"datePublished\":\"2020-05-15T22:51:41+00:00\",\"description\":\"El Gobierno que preside el alcalde Adri\u00e1n Oseguera Kernion, mantiene su ritmo en la recolecci\u00f3n de basura por toda Ciudad Madero, cubriendo las distintas\",\"inLanguage\":\"es\",\"potentialAction\":[{\"@type\":\"ReadAction\",\"target\":[\"https:\\\/\\\/elinformativotam.com\\\/index.php\\\/2020\\\/05\\\/15\\\/mantienen-ritmo-de-recoleccion-de-basura-en-ciudad-madero\\\/\"]}]},{\"@type\":\"WebSite\",\"@id\":\"https:\\\/\\\/elinformativotam.com\\\/#website\",\"url\":\"https:\\\/\\\/elinformativotam.com\\\/\",\"name\":\"EL INFORMATIVO DE TAMAULIPAS\",\"description\":\"Desde la Zona Metropolitana Para Todo M\u00e9xico\",\"publisher\":{\"@id\":\"https:\\\/\\\/elinformativotam.com\\\/#organization\"},\"potentialAction\":[{\"@type\":\"SearchAction\",\"target\":{\"@type\":\"EntryPoint\",\"urlTemplate\":\"https:\\\/\\\/elinformativotam.com\\\/?s={search_term_string}\"},\"query-input\":{\"@type\":\"PropertyValueSpecification\",\"valueRequired\":true,\"valueName\":\"search_term_string\"}}],\"inLanguage\":\"es\"},{\"@type\":\"Organization\",\"@id\":\"https:\\\/\\\/elinformativotam.com\\\/#organization\",\"name\":\"EL INFORMATIVO DE TAMAULIPAS\",\"url\":\"https:\\\/\\\/elinformativotam.com\\\/\",\"logo\":{\"@type\":\"ImageObject\",\"inLanguage\":\"es\",\"@id\":\"https:\\\/\\\/elinformativotam.com\\\/#\\\/schema\\\/logo\\\/image\\\/\",\"url\":\"https:\\\/\\\/elinformativotam.com\\\/wp-content\\\/uploads\\\/2026\\\/02\\\/Cabezal.png\",\"contentUrl\":\"https:\\\/\\\/elinformativotam.com\\\/wp-content\\\/uploads\\\/2026\\\/02\\\/Cabezal.png\",\"width\":960,\"height\":640,\"caption\":\"EL INFORMATIVO DE TAMAULIPAS\"},\"image\":{\"@id\":\"https:\\\/\\\/elinformativotam.com\\\/#\\\/schema\\\/logo\\\/image\\\/\"}},{\"@type\":\"Person\",\"@id\":\"https:\\\/\\\/elinformativotam.com\\\/#\\\/schema\\\/person\\\/78e08040eed0f6110f0c5f83b6153590\",\"name\":\"El Informativo Tam\",\"image\":{\"@type\":\"ImageObject\",\"inLanguage\":\"es\",\"@id\":\"https:\\\/\\\/secure.gravatar.com\\\/avatar\\\/f3b7ad3af540688955925ac610647be00b0cf41feea9c4978b73a707ee86bc53?s=96&d=mm&r=g\",\"url\":\"https:\\\/\\\/secure.gravatar.com\\\/avatar\\\/f3b7ad3af540688955925ac610647be00b0cf41feea9c4978b73a707ee86bc53?s=96&d=mm&r=g\",\"contentUrl\":\"https:\\\/\\\/secure.gravatar.com\\\/avatar\\\/f3b7ad3af540688955925ac610647be00b0cf41feea9c4978b73a707ee86bc53?s=96&d=mm&r=g\",\"caption\":\"El Informativo Tam\"}}]}<\/script>\n<!-- \/ Yoast SEO plugin. -->","yoast_head_json":{"title":"MANTIENEN RITMO DE RECOLECCI\u00d3N DE BASURA EN CIUDAD MADERO - EL INFORMATIVO DE TAMAULIPAS","description":"El Gobierno que preside el alcalde Adri\u00e1n Oseguera Kernion, mantiene su ritmo en la recolecci\u00f3n de basura por toda Ciudad Madero, cubriendo las distintas","robots":{"index":"index","follow":"follow","max-snippet":"max-snippet:-1","max-image-preview":"max-image-preview:large","max-video-preview":"max-video-preview:-1"},"canonical":"https:\/\/elinformativotam.com\/index.php\/2020\/05\/15\/mantienen-ritmo-de-recoleccion-de-basura-en-ciudad-madero\/","og_locale":"es_MX","og_type":"article","og_title":"MANTIENEN RITMO DE RECOLECCI\u00d3N DE BASURA EN CIUDAD MADERO - EL INFORMATIVO DE TAMAULIPAS","og_description":"El Gobierno que preside el alcalde Adri\u00e1n Oseguera Kernion, mantiene su ritmo en la recolecci\u00f3n de basura por toda Ciudad Madero, cubriendo las distintas","og_url":"https:\/\/elinformativotam.com\/index.php\/2020\/05\/15\/mantienen-ritmo-de-recoleccion-de-basura-en-ciudad-madero\/","og_site_name":"EL INFORMATIVO DE TAMAULIPAS","article_published_time":"2020-05-15T22:51:41+00:00","author":"El Informativo Tam","twitter_card":"summary_large_image","twitter_misc":{"Escrito por":"El Informativo Tam","Tiempo de lectura":"1 minuto"},"schema":{"@context":"https:\/\/schema.org","@graph":[{"@type":"Article","@id":"https:\/\/elinformativotam.com\/index.php\/2020\/05\/15\/mantienen-ritmo-de-recoleccion-de-basura-en-ciudad-madero\/#article","isPartOf":{"@id":"https:\/\/elinformativotam.com\/index.php\/2020\/05\/15\/mantienen-ritmo-de-recoleccion-de-basura-en-ciudad-madero\/"},"author":{"name":"El Informativo Tam","@id":"https:\/\/elinformativotam.com\/#\/schema\/person\/78e08040eed0f6110f0c5f83b6153590"},"headline":"MANTIENEN RITMO DE RECOLECCI\u00d3N DE BASURA EN CIUDAD MADERO","datePublished":"2020-05-15T22:51:41+00:00","mainEntityOfPage":{"@id":"https:\/\/elinformativotam.com\/index.php\/2020\/05\/15\/mantienen-ritmo-de-recoleccion-de-basura-en-ciudad-madero\/"},"wordCount":177,"commentCount":0,"publisher":{"@id":"https:\/\/elinformativotam.com\/#organization"},"articleSection":["Cd Madero"],"inLanguage":"es","potentialAction":[{"@type":"CommentAction","name":"Comment","target":["https:\/\/elinformativotam.com\/index.php\/2020\/05\/15\/mantienen-ritmo-de-recoleccion-de-basura-en-ciudad-madero\/#respond"]}]},{"@type":"WebPage","@id":"https:\/\/elinformativotam.com\/index.php\/2020\/05\/15\/mantienen-ritmo-de-recoleccion-de-basura-en-ciudad-madero\/","url":"https:\/\/elinformativotam.com\/index.php\/2020\/05\/15\/mantienen-ritmo-de-recoleccion-de-basura-en-ciudad-madero\/","name":"MANTIENEN RITMO DE RECOLECCI\u00d3N DE BASURA EN CIUDAD MADERO - EL INFORMATIVO DE TAMAULIPAS","isPartOf":{"@id":"https:\/\/elinformativotam.com\/#website"},"datePublished":"2020-05-15T22:51:41+00:00","description":"El Gobierno que preside el alcalde Adri\u00e1n Oseguera Kernion, mantiene su ritmo en la recolecci\u00f3n de basura por toda Ciudad Madero, cubriendo las distintas","inLanguage":"es","potentialAction":[{"@type":"ReadAction","target":["https:\/\/elinformativotam.com\/index.php\/2020\/05\/15\/mantienen-ritmo-de-recoleccion-de-basura-en-ciudad-madero\/"]}]},{"@type":"WebSite","@id":"https:\/\/elinformativotam.com\/#website","url":"https:\/\/elinformativotam.com\/","name":"EL INFORMATIVO DE TAMAULIPAS","description":"Desde la Zona Metropolitana Para Todo M\u00e9xico","publisher":{"@id":"https:\/\/elinformativotam.com\/#organization"},"potentialAction":[{"@type":"SearchAction","target":{"@type":"EntryPoint","urlTemplate":"https:\/\/elinformativotam.com\/?s={search_term_string}"},"query-input":{"@type":"PropertyValueSpecification","valueRequired":true,"valueName":"search_term_string"}}],"inLanguage":"es"},{"@type":"Organization","@id":"https:\/\/elinformativotam.com\/#organization","name":"EL INFORMATIVO DE TAMAULIPAS","url":"https:\/\/elinformativotam.com\/","logo":{"@type":"ImageObject","inLanguage":"es","@id":"https:\/\/elinformativotam.com\/#\/schema\/logo\/image\/","url":"https:\/\/elinformativotam.com\/wp-content\/uploads\/2026\/02\/Cabezal.png","contentUrl":"https:\/\/elinformativotam.com\/wp-content\/uploads\/2026\/02\/Cabezal.png","width":960,"height":640,"caption":"EL INFORMATIVO DE TAMAULIPAS"},"image":{"@id":"https:\/\/elinformativotam.com\/#\/schema\/logo\/image\/"}},{"@type":"Person","@id":"https:\/\/elinformativotam.com\/#\/schema\/person\/78e08040eed0f6110f0c5f83b6153590","name":"El Informativo Tam","image":{"@type":"ImageObject","inLanguage":"es","@id":"https:\/\/secure.gravatar.com\/avatar\/f3b7ad3af540688955925ac610647be00b0cf41feea9c4978b73a707ee86bc53?s=96&d=mm&r=g","url":"https:\/\/secure.gravatar.com\/avatar\/f3b7ad3af540688955925ac610647be00b0cf41feea9c4978b73a707ee86bc53?s=96&d=mm&r=g","contentUrl":"https:\/\/secure.gravatar.com\/avatar\/f3b7ad3af540688955925ac610647be00b0cf41feea9c4978b73a707ee86bc53?s=96&d=mm&r=g","caption":"El Informativo Tam"}}]}},"_links":{"self":[{"href":"https:\/\/elinformativotam.com\/index.php\/wp-json\/wp\/v2\/posts\/6173","targetHints":{"allow":["GET"]}}],"collection":[{"href":"https:\/\/elinformativotam.com\/index.php\/wp-json\/wp\/v2\/posts"}],"about":[{"href":"https:\/\/elinformativotam.com\/index.php\/wp-json\/wp\/v2\/types\/post"}],"author":[{"embeddable":true,"href":"https:\/\/elinformativotam.com\/index.php\/wp-json\/wp\/v2\/users\/1"}],"replies":[{"embeddable":true,"href":"https:\/\/elinformativotam.com\/index.php\/wp-json\/wp\/v2\/comments?post=6173"}],"version-history":[{"count":0,"href":"https:\/\/elinformativotam.com\/index.php\/wp-json\/wp\/v2\/posts\/6173\/revisions"}],"wp:attachment":[{"href":"https:\/\/elinformativotam.com\/index.php\/wp-json\/wp\/v2\/media?parent=6173"}],"wp:term":[{"taxonomy":"category","embeddable":true,"href":"https:\/\/elinformativotam.com\/index.php\/wp-json\/wp\/v2\/categories?post=6173"},{"taxonomy":"post_tag","embeddable":true,"href":"https:\/\/elinformativotam.com\/index.php\/wp-json\/wp\/v2\/tags?post=6173"}],"curies":[{"name":"wp","href":"https:\/\/api.w.org\/{rel}","templated":true}]}}