{"id":6166,"date":"2020-05-15T16:39:58","date_gmt":"2020-05-15T22:39:58","guid":{"rendered":"http:\/\/elinformativotam.com\/?p=6166"},"modified":"2020-05-15T16:39:58","modified_gmt":"2020-05-15T22:39:58","slug":"gerente-de-comapa-visita-importante-obra-estatal-en-zona-centro-de-tampico","status":"publish","type":"post","link":"https:\/\/elinformativotam.com\/index.php\/2020\/05\/15\/gerente-de-comapa-visita-importante-obra-estatal-en-zona-centro-de-tampico\/","title":{"rendered":"GERENTE DE COMAPA VISITA IMPORTANTE OBRA ESTATAL EN ZONA CENTRO DE TAMPICO"},"content":{"rendered":"<p>Esta tarde el Gerente General de COMAPA Zona Conurbada, Jorge Federico Rivera Schotte realiz\u00f3 una visita de obra del Gobierno de Tamaulipas, en la que pudo visualizar los trabajos de\u00a0 sustituci\u00f3n de tuber\u00eda de la l\u00ednea general de agua potable en la calle Zaragoza y Altamira de la Zona Centro de Tampico; esto como parte de la modernizaci\u00f3n de infraestructura hidr\u00e1ulica que se lleva a cabo por instrucciones del Gobernador del Estado Francisco Garc\u00eda Cabeza de Vaca.<\/p>\n<p>&nbsp;<\/p>\n<p>Estas acciones corresponden al proyecto de rehabilitaci\u00f3n de la red primaria de agua potable en la parte Poniente de la Zona Centro, en la que se sustituir\u00e1n m\u00e1s de 7 mil metros de tuber\u00eda de PVC y la instalaci\u00f3n de mil 500 tomas domiciliarias, con la finalidad de mejorar la distribuci\u00f3n del vital l\u00edquido de ese sector as\u00ed como mayor presi\u00f3n en la red, disminuci\u00f3n de p\u00e9rdidas de agua potable por fugas, menor turbiedad, mayor durabilidad de la red, entre otras; d\u00e1ndole soluci\u00f3n a la problem\u00e1tica t\u00e9cnica que durante d\u00e9cadas han padecido en la Zona Centro debido a lo obsoleto de sus l\u00edneas de conducci\u00f3n.<\/p>\n<p>&nbsp;<\/p>\n<p>Con estas obras el Gobierno de Tamaulipas y la Comisi\u00f3n Municipal de Agua Potable y Alcantarillado hacen patente el compromiso asumido por el Titular del Ejecutivo Estatal de trabajar en beneficio de la ciudadan\u00eda las veinticuatro horas del d\u00eda los siete d\u00edas de la semana, realizando obras que mejoren la calidad de los Tamaulipecos.<\/p>\n","protected":false},"excerpt":{"rendered":"<p>Esta tarde el Gerente General de COMAPA Zona Conurbada, Jorge Federico Rivera Schotte realiz\u00f3 una visita de obra del Gobierno&hellip;<\/p>\n","protected":false},"author":1,"featured_media":0,"comment_status":"open","ping_status":"open","sticky":false,"template":"","format":"standard","meta":{"footnotes":""},"categories":[3],"tags":[],"class_list":["post-6166","post","type-post","status-publish","format-standard","hentry","category-tampico"],"yoast_head":"<!-- This site is optimized with the Yoast SEO plugin v27.5 - https:\/\/yoast.com\/product\/yoast-seo-wordpress\/ -->\n<title>GERENTE DE COMAPA VISITA IMPORTANTE OBRA ESTATAL EN ZONA CENTRO DE TAMPICO - EL INFORMATIVO DE TAMAULIPAS<\/title>\n<meta name=\"description\" content=\"Esta tarde el Gerente General de COMAPA Zona Conurbada, Jorge Federico Rivera Schotte realiz\u00f3 una visita de obra del Gobierno de Tamaulipas, en la que\" \/>\n<meta name=\"robots\" content=\"index, follow, max-snippet:-1, max-image-preview:large, max-video-preview:-1\" \/>\n<link rel=\"canonical\" href=\"https:\/\/elinformativotam.com\/index.php\/2020\/05\/15\/gerente-de-comapa-visita-importante-obra-estatal-en-zona-centro-de-tampico\/\" \/>\n<meta property=\"og:locale\" content=\"es_MX\" \/>\n<meta property=\"og:type\" content=\"article\" \/>\n<meta property=\"og:title\" content=\"GERENTE DE COMAPA VISITA IMPORTANTE OBRA ESTATAL EN ZONA CENTRO DE TAMPICO - EL INFORMATIVO DE TAMAULIPAS\" \/>\n<meta property=\"og:description\" content=\"Esta tarde el Gerente General de COMAPA Zona Conurbada, Jorge Federico Rivera Schotte realiz\u00f3 una visita de obra del Gobierno de Tamaulipas, en la que\" \/>\n<meta property=\"og:url\" content=\"https:\/\/elinformativotam.com\/index.php\/2020\/05\/15\/gerente-de-comapa-visita-importante-obra-estatal-en-zona-centro-de-tampico\/\" \/>\n<meta property=\"og:site_name\" content=\"EL INFORMATIVO DE TAMAULIPAS\" \/>\n<meta property=\"article:published_time\" content=\"2020-05-15T22:39:58+00:00\" \/>\n<meta name=\"author\" content=\"El Informativo Tam\" \/>\n<meta name=\"twitter:card\" content=\"summary_large_image\" \/>\n<meta name=\"twitter:label1\" content=\"Escrito por\" \/>\n\t<meta name=\"twitter:data1\" content=\"El Informativo Tam\" \/>\n\t<meta name=\"twitter:label2\" content=\"Tiempo de lectura\" \/>\n\t<meta name=\"twitter:data2\" content=\"1 minuto\" \/>\n<script type=\"application\/ld+json\" class=\"yoast-schema-graph\">{\"@context\":\"https:\\\/\\\/schema.org\",\"@graph\":[{\"@type\":\"Article\",\"@id\":\"https:\\\/\\\/elinformativotam.com\\\/index.php\\\/2020\\\/05\\\/15\\\/gerente-de-comapa-visita-importante-obra-estatal-en-zona-centro-de-tampico\\\/#article\",\"isPartOf\":{\"@id\":\"https:\\\/\\\/elinformativotam.com\\\/index.php\\\/2020\\\/05\\\/15\\\/gerente-de-comapa-visita-importante-obra-estatal-en-zona-centro-de-tampico\\\/\"},\"author\":{\"name\":\"El Informativo Tam\",\"@id\":\"https:\\\/\\\/elinformativotam.com\\\/#\\\/schema\\\/person\\\/78e08040eed0f6110f0c5f83b6153590\"},\"headline\":\"GERENTE DE COMAPA VISITA IMPORTANTE OBRA ESTATAL EN ZONA CENTRO DE TAMPICO\",\"datePublished\":\"2020-05-15T22:39:58+00:00\",\"mainEntityOfPage\":{\"@id\":\"https:\\\/\\\/elinformativotam.com\\\/index.php\\\/2020\\\/05\\\/15\\\/gerente-de-comapa-visita-importante-obra-estatal-en-zona-centro-de-tampico\\\/\"},\"wordCount\":275,\"commentCount\":0,\"publisher\":{\"@id\":\"https:\\\/\\\/elinformativotam.com\\\/#organization\"},\"articleSection\":[\"Tampico\"],\"inLanguage\":\"es\",\"potentialAction\":[{\"@type\":\"CommentAction\",\"name\":\"Comment\",\"target\":[\"https:\\\/\\\/elinformativotam.com\\\/index.php\\\/2020\\\/05\\\/15\\\/gerente-de-comapa-visita-importante-obra-estatal-en-zona-centro-de-tampico\\\/#respond\"]}]},{\"@type\":\"WebPage\",\"@id\":\"https:\\\/\\\/elinformativotam.com\\\/index.php\\\/2020\\\/05\\\/15\\\/gerente-de-comapa-visita-importante-obra-estatal-en-zona-centro-de-tampico\\\/\",\"url\":\"https:\\\/\\\/elinformativotam.com\\\/index.php\\\/2020\\\/05\\\/15\\\/gerente-de-comapa-visita-importante-obra-estatal-en-zona-centro-de-tampico\\\/\",\"name\":\"GERENTE DE COMAPA VISITA IMPORTANTE OBRA ESTATAL EN ZONA CENTRO DE TAMPICO - EL INFORMATIVO DE TAMAULIPAS\",\"isPartOf\":{\"@id\":\"https:\\\/\\\/elinformativotam.com\\\/#website\"},\"datePublished\":\"2020-05-15T22:39:58+00:00\",\"description\":\"Esta tarde el Gerente General de COMAPA Zona Conurbada, Jorge Federico Rivera Schotte realiz\u00f3 una visita de obra del Gobierno de Tamaulipas, en la que\",\"inLanguage\":\"es\",\"potentialAction\":[{\"@type\":\"ReadAction\",\"target\":[\"https:\\\/\\\/elinformativotam.com\\\/index.php\\\/2020\\\/05\\\/15\\\/gerente-de-comapa-visita-importante-obra-estatal-en-zona-centro-de-tampico\\\/\"]}]},{\"@type\":\"WebSite\",\"@id\":\"https:\\\/\\\/elinformativotam.com\\\/#website\",\"url\":\"https:\\\/\\\/elinformativotam.com\\\/\",\"name\":\"EL INFORMATIVO DE TAMAULIPAS\",\"description\":\"Desde la Zona Metropolitana Para Todo M\u00e9xico\",\"publisher\":{\"@id\":\"https:\\\/\\\/elinformativotam.com\\\/#organization\"},\"potentialAction\":[{\"@type\":\"SearchAction\",\"target\":{\"@type\":\"EntryPoint\",\"urlTemplate\":\"https:\\\/\\\/elinformativotam.com\\\/?s={search_term_string}\"},\"query-input\":{\"@type\":\"PropertyValueSpecification\",\"valueRequired\":true,\"valueName\":\"search_term_string\"}}],\"inLanguage\":\"es\"},{\"@type\":\"Organization\",\"@id\":\"https:\\\/\\\/elinformativotam.com\\\/#organization\",\"name\":\"EL INFORMATIVO DE TAMAULIPAS\",\"url\":\"https:\\\/\\\/elinformativotam.com\\\/\",\"logo\":{\"@type\":\"ImageObject\",\"inLanguage\":\"es\",\"@id\":\"https:\\\/\\\/elinformativotam.com\\\/#\\\/schema\\\/logo\\\/image\\\/\",\"url\":\"https:\\\/\\\/elinformativotam.com\\\/wp-content\\\/uploads\\\/2026\\\/02\\\/Cabezal.png\",\"contentUrl\":\"https:\\\/\\\/elinformativotam.com\\\/wp-content\\\/uploads\\\/2026\\\/02\\\/Cabezal.png\",\"width\":960,\"height\":640,\"caption\":\"EL INFORMATIVO DE TAMAULIPAS\"},\"image\":{\"@id\":\"https:\\\/\\\/elinformativotam.com\\\/#\\\/schema\\\/logo\\\/image\\\/\"}},{\"@type\":\"Person\",\"@id\":\"https:\\\/\\\/elinformativotam.com\\\/#\\\/schema\\\/person\\\/78e08040eed0f6110f0c5f83b6153590\",\"name\":\"El Informativo Tam\",\"image\":{\"@type\":\"ImageObject\",\"inLanguage\":\"es\",\"@id\":\"https:\\\/\\\/secure.gravatar.com\\\/avatar\\\/f3b7ad3af540688955925ac610647be00b0cf41feea9c4978b73a707ee86bc53?s=96&d=mm&r=g\",\"url\":\"https:\\\/\\\/secure.gravatar.com\\\/avatar\\\/f3b7ad3af540688955925ac610647be00b0cf41feea9c4978b73a707ee86bc53?s=96&d=mm&r=g\",\"contentUrl\":\"https:\\\/\\\/secure.gravatar.com\\\/avatar\\\/f3b7ad3af540688955925ac610647be00b0cf41feea9c4978b73a707ee86bc53?s=96&d=mm&r=g\",\"caption\":\"El Informativo Tam\"}}]}<\/script>\n<!-- \/ Yoast SEO plugin. -->","yoast_head_json":{"title":"GERENTE DE COMAPA VISITA IMPORTANTE OBRA ESTATAL EN ZONA CENTRO DE TAMPICO - EL INFORMATIVO DE TAMAULIPAS","description":"Esta tarde el Gerente General de COMAPA Zona Conurbada, Jorge Federico Rivera Schotte realiz\u00f3 una visita de obra del Gobierno de Tamaulipas, en la que","robots":{"index":"index","follow":"follow","max-snippet":"max-snippet:-1","max-image-preview":"max-image-preview:large","max-video-preview":"max-video-preview:-1"},"canonical":"https:\/\/elinformativotam.com\/index.php\/2020\/05\/15\/gerente-de-comapa-visita-importante-obra-estatal-en-zona-centro-de-tampico\/","og_locale":"es_MX","og_type":"article","og_title":"GERENTE DE COMAPA VISITA IMPORTANTE OBRA ESTATAL EN ZONA CENTRO DE TAMPICO - EL INFORMATIVO DE TAMAULIPAS","og_description":"Esta tarde el Gerente General de COMAPA Zona Conurbada, Jorge Federico Rivera Schotte realiz\u00f3 una visita de obra del Gobierno de Tamaulipas, en la que","og_url":"https:\/\/elinformativotam.com\/index.php\/2020\/05\/15\/gerente-de-comapa-visita-importante-obra-estatal-en-zona-centro-de-tampico\/","og_site_name":"EL INFORMATIVO DE TAMAULIPAS","article_published_time":"2020-05-15T22:39:58+00:00","author":"El Informativo Tam","twitter_card":"summary_large_image","twitter_misc":{"Escrito por":"El Informativo Tam","Tiempo de lectura":"1 minuto"},"schema":{"@context":"https:\/\/schema.org","@graph":[{"@type":"Article","@id":"https:\/\/elinformativotam.com\/index.php\/2020\/05\/15\/gerente-de-comapa-visita-importante-obra-estatal-en-zona-centro-de-tampico\/#article","isPartOf":{"@id":"https:\/\/elinformativotam.com\/index.php\/2020\/05\/15\/gerente-de-comapa-visita-importante-obra-estatal-en-zona-centro-de-tampico\/"},"author":{"name":"El Informativo Tam","@id":"https:\/\/elinformativotam.com\/#\/schema\/person\/78e08040eed0f6110f0c5f83b6153590"},"headline":"GERENTE DE COMAPA VISITA IMPORTANTE OBRA ESTATAL EN ZONA CENTRO DE TAMPICO","datePublished":"2020-05-15T22:39:58+00:00","mainEntityOfPage":{"@id":"https:\/\/elinformativotam.com\/index.php\/2020\/05\/15\/gerente-de-comapa-visita-importante-obra-estatal-en-zona-centro-de-tampico\/"},"wordCount":275,"commentCount":0,"publisher":{"@id":"https:\/\/elinformativotam.com\/#organization"},"articleSection":["Tampico"],"inLanguage":"es","potentialAction":[{"@type":"CommentAction","name":"Comment","target":["https:\/\/elinformativotam.com\/index.php\/2020\/05\/15\/gerente-de-comapa-visita-importante-obra-estatal-en-zona-centro-de-tampico\/#respond"]}]},{"@type":"WebPage","@id":"https:\/\/elinformativotam.com\/index.php\/2020\/05\/15\/gerente-de-comapa-visita-importante-obra-estatal-en-zona-centro-de-tampico\/","url":"https:\/\/elinformativotam.com\/index.php\/2020\/05\/15\/gerente-de-comapa-visita-importante-obra-estatal-en-zona-centro-de-tampico\/","name":"GERENTE DE COMAPA VISITA IMPORTANTE OBRA ESTATAL EN ZONA CENTRO DE TAMPICO - EL INFORMATIVO DE TAMAULIPAS","isPartOf":{"@id":"https:\/\/elinformativotam.com\/#website"},"datePublished":"2020-05-15T22:39:58+00:00","description":"Esta tarde el Gerente General de COMAPA Zona Conurbada, Jorge Federico Rivera Schotte realiz\u00f3 una visita de obra del Gobierno de Tamaulipas, en la que","inLanguage":"es","potentialAction":[{"@type":"ReadAction","target":["https:\/\/elinformativotam.com\/index.php\/2020\/05\/15\/gerente-de-comapa-visita-importante-obra-estatal-en-zona-centro-de-tampico\/"]}]},{"@type":"WebSite","@id":"https:\/\/elinformativotam.com\/#website","url":"https:\/\/elinformativotam.com\/","name":"EL INFORMATIVO DE TAMAULIPAS","description":"Desde la Zona Metropolitana Para Todo M\u00e9xico","publisher":{"@id":"https:\/\/elinformativotam.com\/#organization"},"potentialAction":[{"@type":"SearchAction","target":{"@type":"EntryPoint","urlTemplate":"https:\/\/elinformativotam.com\/?s={search_term_string}"},"query-input":{"@type":"PropertyValueSpecification","valueRequired":true,"valueName":"search_term_string"}}],"inLanguage":"es"},{"@type":"Organization","@id":"https:\/\/elinformativotam.com\/#organization","name":"EL INFORMATIVO DE TAMAULIPAS","url":"https:\/\/elinformativotam.com\/","logo":{"@type":"ImageObject","inLanguage":"es","@id":"https:\/\/elinformativotam.com\/#\/schema\/logo\/image\/","url":"https:\/\/elinformativotam.com\/wp-content\/uploads\/2026\/02\/Cabezal.png","contentUrl":"https:\/\/elinformativotam.com\/wp-content\/uploads\/2026\/02\/Cabezal.png","width":960,"height":640,"caption":"EL INFORMATIVO DE TAMAULIPAS"},"image":{"@id":"https:\/\/elinformativotam.com\/#\/schema\/logo\/image\/"}},{"@type":"Person","@id":"https:\/\/elinformativotam.com\/#\/schema\/person\/78e08040eed0f6110f0c5f83b6153590","name":"El Informativo Tam","image":{"@type":"ImageObject","inLanguage":"es","@id":"https:\/\/secure.gravatar.com\/avatar\/f3b7ad3af540688955925ac610647be00b0cf41feea9c4978b73a707ee86bc53?s=96&d=mm&r=g","url":"https:\/\/secure.gravatar.com\/avatar\/f3b7ad3af540688955925ac610647be00b0cf41feea9c4978b73a707ee86bc53?s=96&d=mm&r=g","contentUrl":"https:\/\/secure.gravatar.com\/avatar\/f3b7ad3af540688955925ac610647be00b0cf41feea9c4978b73a707ee86bc53?s=96&d=mm&r=g","caption":"El Informativo Tam"}}]}},"_links":{"self":[{"href":"https:\/\/elinformativotam.com\/index.php\/wp-json\/wp\/v2\/posts\/6166","targetHints":{"allow":["GET"]}}],"collection":[{"href":"https:\/\/elinformativotam.com\/index.php\/wp-json\/wp\/v2\/posts"}],"about":[{"href":"https:\/\/elinformativotam.com\/index.php\/wp-json\/wp\/v2\/types\/post"}],"author":[{"embeddable":true,"href":"https:\/\/elinformativotam.com\/index.php\/wp-json\/wp\/v2\/users\/1"}],"replies":[{"embeddable":true,"href":"https:\/\/elinformativotam.com\/index.php\/wp-json\/wp\/v2\/comments?post=6166"}],"version-history":[{"count":0,"href":"https:\/\/elinformativotam.com\/index.php\/wp-json\/wp\/v2\/posts\/6166\/revisions"}],"wp:attachment":[{"href":"https:\/\/elinformativotam.com\/index.php\/wp-json\/wp\/v2\/media?parent=6166"}],"wp:term":[{"taxonomy":"category","embeddable":true,"href":"https:\/\/elinformativotam.com\/index.php\/wp-json\/wp\/v2\/categories?post=6166"},{"taxonomy":"post_tag","embeddable":true,"href":"https:\/\/elinformativotam.com\/index.php\/wp-json\/wp\/v2\/tags?post=6166"}],"curies":[{"name":"wp","href":"https:\/\/api.w.org\/{rel}","templated":true}]}}