{"id":5939,"date":"2020-05-09T13:35:45","date_gmt":"2020-05-09T19:35:45","guid":{"rendered":"http:\/\/elinformativotam.com\/?p=5939"},"modified":"2020-05-09T13:35:45","modified_gmt":"2020-05-09T19:35:45","slug":"impulsan-programa-de-embellecimiento-en-ciudad-madero","status":"publish","type":"post","link":"https:\/\/elinformativotam.com\/index.php\/2020\/05\/09\/impulsan-programa-de-embellecimiento-en-ciudad-madero\/","title":{"rendered":"IMPULSAN PROGRAMA DE EMBELLECIMIENTO EN CIUDAD MADERO."},"content":{"rendered":"<p>Dentro del programa de embellecimiento de Ciudad Madero, el Gobierno Municipal contin\u00faa trabajando en el mantenimiento de las diferentes plazas p\u00fablicas, a fin de que se encuentren limpias y en buenas condiciones para su uso una vez que termine la contingencia sanitaria.<\/p>\n<p>&nbsp;<\/p>\n<p>Lo anterior fue informado por el director de Servicios P\u00fablicos, Jos\u00e9 Rafael Morales Solano, quien agreg\u00f3 que desde el inicio de la administraci\u00f3n, que preside el alcalde Adri\u00e1n Oseguera Kernion, se trabaja en estas acciones con el prop\u00f3sito de brindar espacios dignos a la ciudadan\u00eda para la convivencia familiar.<\/p>\n<p>&nbsp;<\/p>\n<p>Detall\u00f3 que en dichos trabajos participan tres cuadrillas del departamento de Control y Mantenimiento, quienes efect\u00faan la limpieza general de las \u00e1reas verdes, consistentes en pintura de jardineras, cordones, poda de \u00e1rboles y barrido, entre otras tareas.<\/p>\n<p>&nbsp;<\/p>\n<p>El funcionario municipal mencion\u00f3 que recientemente se trabaj\u00f3 en la plaza Miramar, localizada sobre la avenida Tamaulipas con avenida Monterrey.<\/p>\n<p>&nbsp;<\/p>\n<p>Coment\u00f3 que tambi\u00e9n fueron rehabilitadas \u00e1reas p\u00fablicas en colonias como: Los Pinos, Ampliaci\u00f3n Los Pinos y Luna Luna, permitiendo ofrecer a los maderenses \u00f3ptimos espacios de recreaci\u00f3n; labores de embellecimiento que contin\u00faan por todo Ciudad Madero.<\/p>\n","protected":false},"excerpt":{"rendered":"<p>Dentro del programa de embellecimiento de Ciudad Madero, el Gobierno Municipal contin\u00faa trabajando en el mantenimiento de las diferentes plazas&hellip;<\/p>\n","protected":false},"author":1,"featured_media":0,"comment_status":"open","ping_status":"open","sticky":false,"template":"","format":"standard","meta":{"footnotes":""},"categories":[4],"tags":[],"class_list":["post-5939","post","type-post","status-publish","format-standard","hentry","category-madero"],"yoast_head":"<!-- This site is optimized with the Yoast SEO plugin v27.5 - https:\/\/yoast.com\/product\/yoast-seo-wordpress\/ -->\n<title>IMPULSAN PROGRAMA DE EMBELLECIMIENTO EN CIUDAD MADERO. - EL INFORMATIVO DE TAMAULIPAS<\/title>\n<meta name=\"description\" content=\"Dentro del programa de embellecimiento de Ciudad Madero, el Gobierno Municipal contin\u00faa trabajando en el mantenimiento de las diferentes plazas p\u00fablicas,\" \/>\n<meta name=\"robots\" content=\"index, follow, max-snippet:-1, max-image-preview:large, max-video-preview:-1\" \/>\n<link rel=\"canonical\" href=\"https:\/\/elinformativotam.com\/index.php\/2020\/05\/09\/impulsan-programa-de-embellecimiento-en-ciudad-madero\/\" \/>\n<meta property=\"og:locale\" content=\"es_MX\" \/>\n<meta property=\"og:type\" content=\"article\" \/>\n<meta property=\"og:title\" content=\"IMPULSAN PROGRAMA DE EMBELLECIMIENTO EN CIUDAD MADERO. - EL INFORMATIVO DE TAMAULIPAS\" \/>\n<meta property=\"og:description\" content=\"Dentro del programa de embellecimiento de Ciudad Madero, el Gobierno Municipal contin\u00faa trabajando en el mantenimiento de las diferentes plazas p\u00fablicas,\" \/>\n<meta property=\"og:url\" content=\"https:\/\/elinformativotam.com\/index.php\/2020\/05\/09\/impulsan-programa-de-embellecimiento-en-ciudad-madero\/\" \/>\n<meta property=\"og:site_name\" content=\"EL INFORMATIVO DE TAMAULIPAS\" \/>\n<meta property=\"article:published_time\" content=\"2020-05-09T19:35:45+00:00\" \/>\n<meta name=\"author\" content=\"El Informativo Tam\" \/>\n<meta name=\"twitter:card\" content=\"summary_large_image\" \/>\n<meta name=\"twitter:label1\" content=\"Escrito por\" \/>\n\t<meta name=\"twitter:data1\" content=\"El Informativo Tam\" \/>\n\t<meta name=\"twitter:label2\" content=\"Tiempo de lectura\" \/>\n\t<meta name=\"twitter:data2\" content=\"1 minuto\" \/>\n<script type=\"application\/ld+json\" class=\"yoast-schema-graph\">{\"@context\":\"https:\\\/\\\/schema.org\",\"@graph\":[{\"@type\":\"Article\",\"@id\":\"https:\\\/\\\/elinformativotam.com\\\/index.php\\\/2020\\\/05\\\/09\\\/impulsan-programa-de-embellecimiento-en-ciudad-madero\\\/#article\",\"isPartOf\":{\"@id\":\"https:\\\/\\\/elinformativotam.com\\\/index.php\\\/2020\\\/05\\\/09\\\/impulsan-programa-de-embellecimiento-en-ciudad-madero\\\/\"},\"author\":{\"name\":\"El Informativo Tam\",\"@id\":\"https:\\\/\\\/elinformativotam.com\\\/#\\\/schema\\\/person\\\/78e08040eed0f6110f0c5f83b6153590\"},\"headline\":\"IMPULSAN PROGRAMA DE EMBELLECIMIENTO EN CIUDAD MADERO.\",\"datePublished\":\"2020-05-09T19:35:45+00:00\",\"mainEntityOfPage\":{\"@id\":\"https:\\\/\\\/elinformativotam.com\\\/index.php\\\/2020\\\/05\\\/09\\\/impulsan-programa-de-embellecimiento-en-ciudad-madero\\\/\"},\"wordCount\":208,\"commentCount\":0,\"publisher\":{\"@id\":\"https:\\\/\\\/elinformativotam.com\\\/#organization\"},\"articleSection\":[\"Cd Madero\"],\"inLanguage\":\"es\",\"potentialAction\":[{\"@type\":\"CommentAction\",\"name\":\"Comment\",\"target\":[\"https:\\\/\\\/elinformativotam.com\\\/index.php\\\/2020\\\/05\\\/09\\\/impulsan-programa-de-embellecimiento-en-ciudad-madero\\\/#respond\"]}]},{\"@type\":\"WebPage\",\"@id\":\"https:\\\/\\\/elinformativotam.com\\\/index.php\\\/2020\\\/05\\\/09\\\/impulsan-programa-de-embellecimiento-en-ciudad-madero\\\/\",\"url\":\"https:\\\/\\\/elinformativotam.com\\\/index.php\\\/2020\\\/05\\\/09\\\/impulsan-programa-de-embellecimiento-en-ciudad-madero\\\/\",\"name\":\"IMPULSAN PROGRAMA DE EMBELLECIMIENTO EN CIUDAD MADERO. - EL INFORMATIVO DE TAMAULIPAS\",\"isPartOf\":{\"@id\":\"https:\\\/\\\/elinformativotam.com\\\/#website\"},\"datePublished\":\"2020-05-09T19:35:45+00:00\",\"description\":\"Dentro del programa de embellecimiento de Ciudad Madero, el Gobierno Municipal contin\u00faa trabajando en el mantenimiento de las diferentes plazas p\u00fablicas,\",\"inLanguage\":\"es\",\"potentialAction\":[{\"@type\":\"ReadAction\",\"target\":[\"https:\\\/\\\/elinformativotam.com\\\/index.php\\\/2020\\\/05\\\/09\\\/impulsan-programa-de-embellecimiento-en-ciudad-madero\\\/\"]}]},{\"@type\":\"WebSite\",\"@id\":\"https:\\\/\\\/elinformativotam.com\\\/#website\",\"url\":\"https:\\\/\\\/elinformativotam.com\\\/\",\"name\":\"EL INFORMATIVO DE TAMAULIPAS\",\"description\":\"Desde la Zona Metropolitana Para Todo M\u00e9xico\",\"publisher\":{\"@id\":\"https:\\\/\\\/elinformativotam.com\\\/#organization\"},\"potentialAction\":[{\"@type\":\"SearchAction\",\"target\":{\"@type\":\"EntryPoint\",\"urlTemplate\":\"https:\\\/\\\/elinformativotam.com\\\/?s={search_term_string}\"},\"query-input\":{\"@type\":\"PropertyValueSpecification\",\"valueRequired\":true,\"valueName\":\"search_term_string\"}}],\"inLanguage\":\"es\"},{\"@type\":\"Organization\",\"@id\":\"https:\\\/\\\/elinformativotam.com\\\/#organization\",\"name\":\"EL INFORMATIVO DE TAMAULIPAS\",\"url\":\"https:\\\/\\\/elinformativotam.com\\\/\",\"logo\":{\"@type\":\"ImageObject\",\"inLanguage\":\"es\",\"@id\":\"https:\\\/\\\/elinformativotam.com\\\/#\\\/schema\\\/logo\\\/image\\\/\",\"url\":\"https:\\\/\\\/elinformativotam.com\\\/wp-content\\\/uploads\\\/2026\\\/02\\\/Cabezal.png\",\"contentUrl\":\"https:\\\/\\\/elinformativotam.com\\\/wp-content\\\/uploads\\\/2026\\\/02\\\/Cabezal.png\",\"width\":960,\"height\":640,\"caption\":\"EL INFORMATIVO DE TAMAULIPAS\"},\"image\":{\"@id\":\"https:\\\/\\\/elinformativotam.com\\\/#\\\/schema\\\/logo\\\/image\\\/\"}},{\"@type\":\"Person\",\"@id\":\"https:\\\/\\\/elinformativotam.com\\\/#\\\/schema\\\/person\\\/78e08040eed0f6110f0c5f83b6153590\",\"name\":\"El Informativo Tam\",\"image\":{\"@type\":\"ImageObject\",\"inLanguage\":\"es\",\"@id\":\"https:\\\/\\\/secure.gravatar.com\\\/avatar\\\/f3b7ad3af540688955925ac610647be00b0cf41feea9c4978b73a707ee86bc53?s=96&d=mm&r=g\",\"url\":\"https:\\\/\\\/secure.gravatar.com\\\/avatar\\\/f3b7ad3af540688955925ac610647be00b0cf41feea9c4978b73a707ee86bc53?s=96&d=mm&r=g\",\"contentUrl\":\"https:\\\/\\\/secure.gravatar.com\\\/avatar\\\/f3b7ad3af540688955925ac610647be00b0cf41feea9c4978b73a707ee86bc53?s=96&d=mm&r=g\",\"caption\":\"El Informativo Tam\"}}]}<\/script>\n<!-- \/ Yoast SEO plugin. -->","yoast_head_json":{"title":"IMPULSAN PROGRAMA DE EMBELLECIMIENTO EN CIUDAD MADERO. - EL INFORMATIVO DE TAMAULIPAS","description":"Dentro del programa de embellecimiento de Ciudad Madero, el Gobierno Municipal contin\u00faa trabajando en el mantenimiento de las diferentes plazas p\u00fablicas,","robots":{"index":"index","follow":"follow","max-snippet":"max-snippet:-1","max-image-preview":"max-image-preview:large","max-video-preview":"max-video-preview:-1"},"canonical":"https:\/\/elinformativotam.com\/index.php\/2020\/05\/09\/impulsan-programa-de-embellecimiento-en-ciudad-madero\/","og_locale":"es_MX","og_type":"article","og_title":"IMPULSAN PROGRAMA DE EMBELLECIMIENTO EN CIUDAD MADERO. - EL INFORMATIVO DE TAMAULIPAS","og_description":"Dentro del programa de embellecimiento de Ciudad Madero, el Gobierno Municipal contin\u00faa trabajando en el mantenimiento de las diferentes plazas p\u00fablicas,","og_url":"https:\/\/elinformativotam.com\/index.php\/2020\/05\/09\/impulsan-programa-de-embellecimiento-en-ciudad-madero\/","og_site_name":"EL INFORMATIVO DE TAMAULIPAS","article_published_time":"2020-05-09T19:35:45+00:00","author":"El Informativo Tam","twitter_card":"summary_large_image","twitter_misc":{"Escrito por":"El Informativo Tam","Tiempo de lectura":"1 minuto"},"schema":{"@context":"https:\/\/schema.org","@graph":[{"@type":"Article","@id":"https:\/\/elinformativotam.com\/index.php\/2020\/05\/09\/impulsan-programa-de-embellecimiento-en-ciudad-madero\/#article","isPartOf":{"@id":"https:\/\/elinformativotam.com\/index.php\/2020\/05\/09\/impulsan-programa-de-embellecimiento-en-ciudad-madero\/"},"author":{"name":"El Informativo Tam","@id":"https:\/\/elinformativotam.com\/#\/schema\/person\/78e08040eed0f6110f0c5f83b6153590"},"headline":"IMPULSAN PROGRAMA DE EMBELLECIMIENTO EN CIUDAD MADERO.","datePublished":"2020-05-09T19:35:45+00:00","mainEntityOfPage":{"@id":"https:\/\/elinformativotam.com\/index.php\/2020\/05\/09\/impulsan-programa-de-embellecimiento-en-ciudad-madero\/"},"wordCount":208,"commentCount":0,"publisher":{"@id":"https:\/\/elinformativotam.com\/#organization"},"articleSection":["Cd Madero"],"inLanguage":"es","potentialAction":[{"@type":"CommentAction","name":"Comment","target":["https:\/\/elinformativotam.com\/index.php\/2020\/05\/09\/impulsan-programa-de-embellecimiento-en-ciudad-madero\/#respond"]}]},{"@type":"WebPage","@id":"https:\/\/elinformativotam.com\/index.php\/2020\/05\/09\/impulsan-programa-de-embellecimiento-en-ciudad-madero\/","url":"https:\/\/elinformativotam.com\/index.php\/2020\/05\/09\/impulsan-programa-de-embellecimiento-en-ciudad-madero\/","name":"IMPULSAN PROGRAMA DE EMBELLECIMIENTO EN CIUDAD MADERO. - EL INFORMATIVO DE TAMAULIPAS","isPartOf":{"@id":"https:\/\/elinformativotam.com\/#website"},"datePublished":"2020-05-09T19:35:45+00:00","description":"Dentro del programa de embellecimiento de Ciudad Madero, el Gobierno Municipal contin\u00faa trabajando en el mantenimiento de las diferentes plazas p\u00fablicas,","inLanguage":"es","potentialAction":[{"@type":"ReadAction","target":["https:\/\/elinformativotam.com\/index.php\/2020\/05\/09\/impulsan-programa-de-embellecimiento-en-ciudad-madero\/"]}]},{"@type":"WebSite","@id":"https:\/\/elinformativotam.com\/#website","url":"https:\/\/elinformativotam.com\/","name":"EL INFORMATIVO DE TAMAULIPAS","description":"Desde la Zona Metropolitana Para Todo M\u00e9xico","publisher":{"@id":"https:\/\/elinformativotam.com\/#organization"},"potentialAction":[{"@type":"SearchAction","target":{"@type":"EntryPoint","urlTemplate":"https:\/\/elinformativotam.com\/?s={search_term_string}"},"query-input":{"@type":"PropertyValueSpecification","valueRequired":true,"valueName":"search_term_string"}}],"inLanguage":"es"},{"@type":"Organization","@id":"https:\/\/elinformativotam.com\/#organization","name":"EL INFORMATIVO DE TAMAULIPAS","url":"https:\/\/elinformativotam.com\/","logo":{"@type":"ImageObject","inLanguage":"es","@id":"https:\/\/elinformativotam.com\/#\/schema\/logo\/image\/","url":"https:\/\/elinformativotam.com\/wp-content\/uploads\/2026\/02\/Cabezal.png","contentUrl":"https:\/\/elinformativotam.com\/wp-content\/uploads\/2026\/02\/Cabezal.png","width":960,"height":640,"caption":"EL INFORMATIVO DE TAMAULIPAS"},"image":{"@id":"https:\/\/elinformativotam.com\/#\/schema\/logo\/image\/"}},{"@type":"Person","@id":"https:\/\/elinformativotam.com\/#\/schema\/person\/78e08040eed0f6110f0c5f83b6153590","name":"El Informativo Tam","image":{"@type":"ImageObject","inLanguage":"es","@id":"https:\/\/secure.gravatar.com\/avatar\/f3b7ad3af540688955925ac610647be00b0cf41feea9c4978b73a707ee86bc53?s=96&d=mm&r=g","url":"https:\/\/secure.gravatar.com\/avatar\/f3b7ad3af540688955925ac610647be00b0cf41feea9c4978b73a707ee86bc53?s=96&d=mm&r=g","contentUrl":"https:\/\/secure.gravatar.com\/avatar\/f3b7ad3af540688955925ac610647be00b0cf41feea9c4978b73a707ee86bc53?s=96&d=mm&r=g","caption":"El Informativo Tam"}}]}},"_links":{"self":[{"href":"https:\/\/elinformativotam.com\/index.php\/wp-json\/wp\/v2\/posts\/5939","targetHints":{"allow":["GET"]}}],"collection":[{"href":"https:\/\/elinformativotam.com\/index.php\/wp-json\/wp\/v2\/posts"}],"about":[{"href":"https:\/\/elinformativotam.com\/index.php\/wp-json\/wp\/v2\/types\/post"}],"author":[{"embeddable":true,"href":"https:\/\/elinformativotam.com\/index.php\/wp-json\/wp\/v2\/users\/1"}],"replies":[{"embeddable":true,"href":"https:\/\/elinformativotam.com\/index.php\/wp-json\/wp\/v2\/comments?post=5939"}],"version-history":[{"count":0,"href":"https:\/\/elinformativotam.com\/index.php\/wp-json\/wp\/v2\/posts\/5939\/revisions"}],"wp:attachment":[{"href":"https:\/\/elinformativotam.com\/index.php\/wp-json\/wp\/v2\/media?parent=5939"}],"wp:term":[{"taxonomy":"category","embeddable":true,"href":"https:\/\/elinformativotam.com\/index.php\/wp-json\/wp\/v2\/categories?post=5939"},{"taxonomy":"post_tag","embeddable":true,"href":"https:\/\/elinformativotam.com\/index.php\/wp-json\/wp\/v2\/tags?post=5939"}],"curies":[{"name":"wp","href":"https:\/\/api.w.org\/{rel}","templated":true}]}}