{"id":5934,"date":"2020-05-09T13:32:26","date_gmt":"2020-05-09T19:32:26","guid":{"rendered":"http:\/\/elinformativotam.com\/?p=5934"},"modified":"2020-05-09T13:32:26","modified_gmt":"2020-05-09T19:32:26","slug":"acerca-dif-madero-apoyos-a-los-mas-vulnerables","status":"publish","type":"post","link":"https:\/\/elinformativotam.com\/index.php\/2020\/05\/09\/acerca-dif-madero-apoyos-a-los-mas-vulnerables\/","title":{"rendered":"ACERCA DIF MADERO APOYOS A LOS M\u00c1S VULNERABLES"},"content":{"rendered":"<p>Comprometidos en apoyar a los m\u00e1s vulnerables, el Sistema DIF Madero que preside la Sra. Ana Cristina Organista de Oseguera, hizo entrega de paquetes alimentarios y pa\u00f1ales a personas con discapacidad.<\/p>\n<p>&nbsp;<\/p>\n<p>Estos beneficios, expres\u00f3 la titular del DIF en la urbe petrolera, son parte del programa &#8220;Sin L\u00edmites&#8221; y fueron enviados por el Sistema para el Desarrollo Integral de la Familia de Tamaulipas.<\/p>\n<p>&nbsp;<\/p>\n<p>Asimismo, la primera dama en el municipio, se\u00f1al\u00f3 que la despensa y los paquetes de pa\u00f1ales fueron llevados hasta los hogares de los beneficiados, siguiendo los protocolos que las autoridades de Salud, han emitido para evitar el contagio de Covid-19.<\/p>\n<p>&nbsp;<\/p>\n<p>Por \u00faltimo, la presidenta del organismo asistencial en Madero, reiter\u00f3 el compromiso que junto al DIF Tamaulipas tienen para lograr que las personas que m\u00e1s lo necesitan contin\u00faen recibiendo ayuda.<\/p>\n","protected":false},"excerpt":{"rendered":"<p>Comprometidos en apoyar a los m\u00e1s vulnerables, el Sistema DIF Madero que preside la Sra. Ana Cristina Organista de Oseguera,&hellip;<\/p>\n","protected":false},"author":1,"featured_media":0,"comment_status":"open","ping_status":"open","sticky":false,"template":"","format":"standard","meta":{"footnotes":""},"categories":[4],"tags":[],"class_list":["post-5934","post","type-post","status-publish","format-standard","hentry","category-madero"],"yoast_head":"<!-- This site is optimized with the Yoast SEO plugin v27.5 - https:\/\/yoast.com\/product\/yoast-seo-wordpress\/ -->\n<title>ACERCA DIF MADERO APOYOS A LOS M\u00c1S VULNERABLES - EL INFORMATIVO DE TAMAULIPAS<\/title>\n<meta name=\"description\" content=\"Comprometidos en apoyar a los m\u00e1s vulnerables, el Sistema DIF Madero que preside la Sra. Ana Cristina Organista de Oseguera, hizo entrega de paquetes\" \/>\n<meta name=\"robots\" content=\"index, follow, max-snippet:-1, max-image-preview:large, max-video-preview:-1\" \/>\n<link rel=\"canonical\" href=\"https:\/\/elinformativotam.com\/index.php\/2020\/05\/09\/acerca-dif-madero-apoyos-a-los-mas-vulnerables\/\" \/>\n<meta property=\"og:locale\" content=\"es_MX\" \/>\n<meta property=\"og:type\" content=\"article\" \/>\n<meta property=\"og:title\" content=\"ACERCA DIF MADERO APOYOS A LOS M\u00c1S VULNERABLES - EL INFORMATIVO DE TAMAULIPAS\" \/>\n<meta property=\"og:description\" content=\"Comprometidos en apoyar a los m\u00e1s vulnerables, el Sistema DIF Madero que preside la Sra. Ana Cristina Organista de Oseguera, hizo entrega de paquetes\" \/>\n<meta property=\"og:url\" content=\"https:\/\/elinformativotam.com\/index.php\/2020\/05\/09\/acerca-dif-madero-apoyos-a-los-mas-vulnerables\/\" \/>\n<meta property=\"og:site_name\" content=\"EL INFORMATIVO DE TAMAULIPAS\" \/>\n<meta property=\"article:published_time\" content=\"2020-05-09T19:32:26+00:00\" \/>\n<meta name=\"author\" content=\"El Informativo Tam\" \/>\n<meta name=\"twitter:card\" content=\"summary_large_image\" \/>\n<meta name=\"twitter:label1\" content=\"Escrito por\" \/>\n\t<meta name=\"twitter:data1\" content=\"El Informativo Tam\" \/>\n\t<meta name=\"twitter:label2\" content=\"Tiempo de lectura\" \/>\n\t<meta name=\"twitter:data2\" content=\"1 minuto\" \/>\n<script type=\"application\/ld+json\" class=\"yoast-schema-graph\">{\"@context\":\"https:\\\/\\\/schema.org\",\"@graph\":[{\"@type\":\"Article\",\"@id\":\"https:\\\/\\\/elinformativotam.com\\\/index.php\\\/2020\\\/05\\\/09\\\/acerca-dif-madero-apoyos-a-los-mas-vulnerables\\\/#article\",\"isPartOf\":{\"@id\":\"https:\\\/\\\/elinformativotam.com\\\/index.php\\\/2020\\\/05\\\/09\\\/acerca-dif-madero-apoyos-a-los-mas-vulnerables\\\/\"},\"author\":{\"name\":\"El Informativo Tam\",\"@id\":\"https:\\\/\\\/elinformativotam.com\\\/#\\\/schema\\\/person\\\/78e08040eed0f6110f0c5f83b6153590\"},\"headline\":\"ACERCA DIF MADERO APOYOS A LOS M\u00c1S VULNERABLES\",\"datePublished\":\"2020-05-09T19:32:26+00:00\",\"mainEntityOfPage\":{\"@id\":\"https:\\\/\\\/elinformativotam.com\\\/index.php\\\/2020\\\/05\\\/09\\\/acerca-dif-madero-apoyos-a-los-mas-vulnerables\\\/\"},\"wordCount\":152,\"commentCount\":0,\"publisher\":{\"@id\":\"https:\\\/\\\/elinformativotam.com\\\/#organization\"},\"articleSection\":[\"Cd Madero\"],\"inLanguage\":\"es\",\"potentialAction\":[{\"@type\":\"CommentAction\",\"name\":\"Comment\",\"target\":[\"https:\\\/\\\/elinformativotam.com\\\/index.php\\\/2020\\\/05\\\/09\\\/acerca-dif-madero-apoyos-a-los-mas-vulnerables\\\/#respond\"]}]},{\"@type\":\"WebPage\",\"@id\":\"https:\\\/\\\/elinformativotam.com\\\/index.php\\\/2020\\\/05\\\/09\\\/acerca-dif-madero-apoyos-a-los-mas-vulnerables\\\/\",\"url\":\"https:\\\/\\\/elinformativotam.com\\\/index.php\\\/2020\\\/05\\\/09\\\/acerca-dif-madero-apoyos-a-los-mas-vulnerables\\\/\",\"name\":\"ACERCA DIF MADERO APOYOS A LOS M\u00c1S VULNERABLES - EL INFORMATIVO DE TAMAULIPAS\",\"isPartOf\":{\"@id\":\"https:\\\/\\\/elinformativotam.com\\\/#website\"},\"datePublished\":\"2020-05-09T19:32:26+00:00\",\"description\":\"Comprometidos en apoyar a los m\u00e1s vulnerables, el Sistema DIF Madero que preside la Sra. Ana Cristina Organista de Oseguera, hizo entrega de paquetes\",\"inLanguage\":\"es\",\"potentialAction\":[{\"@type\":\"ReadAction\",\"target\":[\"https:\\\/\\\/elinformativotam.com\\\/index.php\\\/2020\\\/05\\\/09\\\/acerca-dif-madero-apoyos-a-los-mas-vulnerables\\\/\"]}]},{\"@type\":\"WebSite\",\"@id\":\"https:\\\/\\\/elinformativotam.com\\\/#website\",\"url\":\"https:\\\/\\\/elinformativotam.com\\\/\",\"name\":\"EL INFORMATIVO DE TAMAULIPAS\",\"description\":\"Desde la Zona Metropolitana Para Todo M\u00e9xico\",\"publisher\":{\"@id\":\"https:\\\/\\\/elinformativotam.com\\\/#organization\"},\"potentialAction\":[{\"@type\":\"SearchAction\",\"target\":{\"@type\":\"EntryPoint\",\"urlTemplate\":\"https:\\\/\\\/elinformativotam.com\\\/?s={search_term_string}\"},\"query-input\":{\"@type\":\"PropertyValueSpecification\",\"valueRequired\":true,\"valueName\":\"search_term_string\"}}],\"inLanguage\":\"es\"},{\"@type\":\"Organization\",\"@id\":\"https:\\\/\\\/elinformativotam.com\\\/#organization\",\"name\":\"EL INFORMATIVO DE TAMAULIPAS\",\"url\":\"https:\\\/\\\/elinformativotam.com\\\/\",\"logo\":{\"@type\":\"ImageObject\",\"inLanguage\":\"es\",\"@id\":\"https:\\\/\\\/elinformativotam.com\\\/#\\\/schema\\\/logo\\\/image\\\/\",\"url\":\"https:\\\/\\\/elinformativotam.com\\\/wp-content\\\/uploads\\\/2026\\\/02\\\/Cabezal.png\",\"contentUrl\":\"https:\\\/\\\/elinformativotam.com\\\/wp-content\\\/uploads\\\/2026\\\/02\\\/Cabezal.png\",\"width\":960,\"height\":640,\"caption\":\"EL INFORMATIVO DE TAMAULIPAS\"},\"image\":{\"@id\":\"https:\\\/\\\/elinformativotam.com\\\/#\\\/schema\\\/logo\\\/image\\\/\"}},{\"@type\":\"Person\",\"@id\":\"https:\\\/\\\/elinformativotam.com\\\/#\\\/schema\\\/person\\\/78e08040eed0f6110f0c5f83b6153590\",\"name\":\"El Informativo Tam\",\"image\":{\"@type\":\"ImageObject\",\"inLanguage\":\"es\",\"@id\":\"https:\\\/\\\/secure.gravatar.com\\\/avatar\\\/f3b7ad3af540688955925ac610647be00b0cf41feea9c4978b73a707ee86bc53?s=96&d=mm&r=g\",\"url\":\"https:\\\/\\\/secure.gravatar.com\\\/avatar\\\/f3b7ad3af540688955925ac610647be00b0cf41feea9c4978b73a707ee86bc53?s=96&d=mm&r=g\",\"contentUrl\":\"https:\\\/\\\/secure.gravatar.com\\\/avatar\\\/f3b7ad3af540688955925ac610647be00b0cf41feea9c4978b73a707ee86bc53?s=96&d=mm&r=g\",\"caption\":\"El Informativo Tam\"}}]}<\/script>\n<!-- \/ Yoast SEO plugin. -->","yoast_head_json":{"title":"ACERCA DIF MADERO APOYOS A LOS M\u00c1S VULNERABLES - EL INFORMATIVO DE TAMAULIPAS","description":"Comprometidos en apoyar a los m\u00e1s vulnerables, el Sistema DIF Madero que preside la Sra. Ana Cristina Organista de Oseguera, hizo entrega de paquetes","robots":{"index":"index","follow":"follow","max-snippet":"max-snippet:-1","max-image-preview":"max-image-preview:large","max-video-preview":"max-video-preview:-1"},"canonical":"https:\/\/elinformativotam.com\/index.php\/2020\/05\/09\/acerca-dif-madero-apoyos-a-los-mas-vulnerables\/","og_locale":"es_MX","og_type":"article","og_title":"ACERCA DIF MADERO APOYOS A LOS M\u00c1S VULNERABLES - EL INFORMATIVO DE TAMAULIPAS","og_description":"Comprometidos en apoyar a los m\u00e1s vulnerables, el Sistema DIF Madero que preside la Sra. Ana Cristina Organista de Oseguera, hizo entrega de paquetes","og_url":"https:\/\/elinformativotam.com\/index.php\/2020\/05\/09\/acerca-dif-madero-apoyos-a-los-mas-vulnerables\/","og_site_name":"EL INFORMATIVO DE TAMAULIPAS","article_published_time":"2020-05-09T19:32:26+00:00","author":"El Informativo Tam","twitter_card":"summary_large_image","twitter_misc":{"Escrito por":"El Informativo Tam","Tiempo de lectura":"1 minuto"},"schema":{"@context":"https:\/\/schema.org","@graph":[{"@type":"Article","@id":"https:\/\/elinformativotam.com\/index.php\/2020\/05\/09\/acerca-dif-madero-apoyos-a-los-mas-vulnerables\/#article","isPartOf":{"@id":"https:\/\/elinformativotam.com\/index.php\/2020\/05\/09\/acerca-dif-madero-apoyos-a-los-mas-vulnerables\/"},"author":{"name":"El Informativo Tam","@id":"https:\/\/elinformativotam.com\/#\/schema\/person\/78e08040eed0f6110f0c5f83b6153590"},"headline":"ACERCA DIF MADERO APOYOS A LOS M\u00c1S VULNERABLES","datePublished":"2020-05-09T19:32:26+00:00","mainEntityOfPage":{"@id":"https:\/\/elinformativotam.com\/index.php\/2020\/05\/09\/acerca-dif-madero-apoyos-a-los-mas-vulnerables\/"},"wordCount":152,"commentCount":0,"publisher":{"@id":"https:\/\/elinformativotam.com\/#organization"},"articleSection":["Cd Madero"],"inLanguage":"es","potentialAction":[{"@type":"CommentAction","name":"Comment","target":["https:\/\/elinformativotam.com\/index.php\/2020\/05\/09\/acerca-dif-madero-apoyos-a-los-mas-vulnerables\/#respond"]}]},{"@type":"WebPage","@id":"https:\/\/elinformativotam.com\/index.php\/2020\/05\/09\/acerca-dif-madero-apoyos-a-los-mas-vulnerables\/","url":"https:\/\/elinformativotam.com\/index.php\/2020\/05\/09\/acerca-dif-madero-apoyos-a-los-mas-vulnerables\/","name":"ACERCA DIF MADERO APOYOS A LOS M\u00c1S VULNERABLES - EL INFORMATIVO DE TAMAULIPAS","isPartOf":{"@id":"https:\/\/elinformativotam.com\/#website"},"datePublished":"2020-05-09T19:32:26+00:00","description":"Comprometidos en apoyar a los m\u00e1s vulnerables, el Sistema DIF Madero que preside la Sra. Ana Cristina Organista de Oseguera, hizo entrega de paquetes","inLanguage":"es","potentialAction":[{"@type":"ReadAction","target":["https:\/\/elinformativotam.com\/index.php\/2020\/05\/09\/acerca-dif-madero-apoyos-a-los-mas-vulnerables\/"]}]},{"@type":"WebSite","@id":"https:\/\/elinformativotam.com\/#website","url":"https:\/\/elinformativotam.com\/","name":"EL INFORMATIVO DE TAMAULIPAS","description":"Desde la Zona Metropolitana Para Todo M\u00e9xico","publisher":{"@id":"https:\/\/elinformativotam.com\/#organization"},"potentialAction":[{"@type":"SearchAction","target":{"@type":"EntryPoint","urlTemplate":"https:\/\/elinformativotam.com\/?s={search_term_string}"},"query-input":{"@type":"PropertyValueSpecification","valueRequired":true,"valueName":"search_term_string"}}],"inLanguage":"es"},{"@type":"Organization","@id":"https:\/\/elinformativotam.com\/#organization","name":"EL INFORMATIVO DE TAMAULIPAS","url":"https:\/\/elinformativotam.com\/","logo":{"@type":"ImageObject","inLanguage":"es","@id":"https:\/\/elinformativotam.com\/#\/schema\/logo\/image\/","url":"https:\/\/elinformativotam.com\/wp-content\/uploads\/2026\/02\/Cabezal.png","contentUrl":"https:\/\/elinformativotam.com\/wp-content\/uploads\/2026\/02\/Cabezal.png","width":960,"height":640,"caption":"EL INFORMATIVO DE TAMAULIPAS"},"image":{"@id":"https:\/\/elinformativotam.com\/#\/schema\/logo\/image\/"}},{"@type":"Person","@id":"https:\/\/elinformativotam.com\/#\/schema\/person\/78e08040eed0f6110f0c5f83b6153590","name":"El Informativo Tam","image":{"@type":"ImageObject","inLanguage":"es","@id":"https:\/\/secure.gravatar.com\/avatar\/f3b7ad3af540688955925ac610647be00b0cf41feea9c4978b73a707ee86bc53?s=96&d=mm&r=g","url":"https:\/\/secure.gravatar.com\/avatar\/f3b7ad3af540688955925ac610647be00b0cf41feea9c4978b73a707ee86bc53?s=96&d=mm&r=g","contentUrl":"https:\/\/secure.gravatar.com\/avatar\/f3b7ad3af540688955925ac610647be00b0cf41feea9c4978b73a707ee86bc53?s=96&d=mm&r=g","caption":"El Informativo Tam"}}]}},"_links":{"self":[{"href":"https:\/\/elinformativotam.com\/index.php\/wp-json\/wp\/v2\/posts\/5934","targetHints":{"allow":["GET"]}}],"collection":[{"href":"https:\/\/elinformativotam.com\/index.php\/wp-json\/wp\/v2\/posts"}],"about":[{"href":"https:\/\/elinformativotam.com\/index.php\/wp-json\/wp\/v2\/types\/post"}],"author":[{"embeddable":true,"href":"https:\/\/elinformativotam.com\/index.php\/wp-json\/wp\/v2\/users\/1"}],"replies":[{"embeddable":true,"href":"https:\/\/elinformativotam.com\/index.php\/wp-json\/wp\/v2\/comments?post=5934"}],"version-history":[{"count":0,"href":"https:\/\/elinformativotam.com\/index.php\/wp-json\/wp\/v2\/posts\/5934\/revisions"}],"wp:attachment":[{"href":"https:\/\/elinformativotam.com\/index.php\/wp-json\/wp\/v2\/media?parent=5934"}],"wp:term":[{"taxonomy":"category","embeddable":true,"href":"https:\/\/elinformativotam.com\/index.php\/wp-json\/wp\/v2\/categories?post=5934"},{"taxonomy":"post_tag","embeddable":true,"href":"https:\/\/elinformativotam.com\/index.php\/wp-json\/wp\/v2\/tags?post=5934"}],"curies":[{"name":"wp","href":"https:\/\/api.w.org\/{rel}","templated":true}]}}