{"id":5931,"date":"2020-05-09T12:48:02","date_gmt":"2020-05-09T18:48:02","guid":{"rendered":"http:\/\/elinformativotam.com\/?p=5931"},"modified":"2020-05-09T12:48:02","modified_gmt":"2020-05-09T18:48:02","slug":"recupera-gobierno-de-altamira-espacios-publicos-del-municipio","status":"publish","type":"post","link":"https:\/\/elinformativotam.com\/index.php\/2020\/05\/09\/recupera-gobierno-de-altamira-espacios-publicos-del-municipio\/","title":{"rendered":"RECUPERA GOBIERNO DE ALTAMIRA ESPACIOS P\u00daBLICOS DEL MUNICIPIO."},"content":{"rendered":"<h2><em><strong>*MEDIANTE UN OPERATIVO PARA LA RECUPERACI\u00d3N DE \u00c1REAS OCUPADAS POR ESTABLECIMIENTOS COMERCIALES, INVASI\u00d3N DE \u00c1REAS VERDES, VIALIDADES Y BANQUETAS, EN EL FRACCIONAMIENTO JARDINES DE ARBOLEDAS.<\/strong><\/em><\/h2>\n<p>&nbsp;<\/p>\n<p>Con el objetivo de mantener el orden y la legalidad en cuanto a los diferentes espacios p\u00fablicos del municipio, por instrucciones de la alcaldesa de Altamira, Alma Laura Ampar\u00e1n Cruz, la Direcci\u00f3n Jur\u00eddica de la Secretar\u00eda de Obras P\u00fablicas, Desarrollo Urbano, Ecolog\u00eda y Medio Ambiente llev\u00f3 a cabo un operativo para la recuperaci\u00f3n de \u00e1reas ocupadas por establecimientos comerciales, invasi\u00f3n de \u00e1reas verdes, vialidades y banquetas, en el Fraccionamiento Jardines de Arboledas.<\/p>\n<p>&nbsp;<\/p>\n<p>Las acciones en menci\u00f3n estuvieron a cargo del Lic. Erick Vel\u00e1zquez Romero, Lic. Jes\u00fas Leonel Morales Rodr\u00edguez, Lic. Eduardo L\u00f3pez Tinoco, Ing. Jorge Betancourt Llera, Lic. Carlos Antonio Cepeda Rojas y Carlos Enrique Almaguer Jim\u00e9nez, en coordinaci\u00f3n con la Direcci\u00f3n General Jur\u00eddica representada por los licenciados Sergio Alberto Enr\u00edquez Roque y Jorge Eduardo Vincent V\u00e1zquez; colaborando tambi\u00e9n el Lic. Jos\u00e9 Luis Valdez Trujillo, de la coordinaci\u00f3n de Mercados, as\u00ed como personal de la Direcci\u00f3n de Tr\u00e1nsito y Vialidad, y elementos de la Polic\u00eda Estatal Acreditable.<\/p>\n<p>&nbsp;<\/p>\n<p>Como parte de estas labores, se abord\u00f3 la entrada del Fraccionamiento Jardines de Arboledas detectando la existencia de diversos negocios de venta de comida establecidos en \u00e1reas verdes, entre ellos, una cerrajer\u00eda, dos puestos de venta de comida, ambos con techado de estructura met\u00e1lica, procediendo a notificar a los invasores para la desocupaci\u00f3n inmediata de las \u00e1reas p\u00fablicas municipales, por lo que los propietarios iniciaron trabajos de desarme de sus techados.<\/p>\n<p>&nbsp;<\/p>\n<p>Por su parte, personal de Tr\u00e1nsito y Vialidad, apoyados por gr\u00faas, procedieron al retiro de \u201cremolques\u201d estacionados o abandonados en la v\u00eda p\u00fablica de este conjunto habitacional. Asimismo, con el apoyo de Tr\u00e1nsito se procedi\u00f3 a remover remolques y dos carros port\u00e1tiles para venta de alimentos que obstru\u00edan la v\u00eda p\u00fablica, afectando adem\u00e1s el libre tr\u00e1nsito y colocando al transe\u00fante en indefensi\u00f3n ante un accidente automovil\u00edstico; tambi\u00e9n se quitaron anuncios publicitarios que se encontraban clavados al suelo.<\/p>\n<p>&nbsp;<\/p>\n<p>Durante la diligencia fueron encontrados negocios que exhib\u00edan sus productos en la banqueta, obstruyendo el paso, por lo que sus propietarios y\/o encargados fueron apercibidos y se estuvo presente hasta su total liberaci\u00f3n de la v\u00eda p\u00fablica (banqueta).<\/p>\n<p>&nbsp;<\/p>\n<p>Cabe hacer menci\u00f3n que durante este recorrido personal de Desarrollo Urbano se percat\u00f3 de la falta de licencia de una construcci\u00f3n en casa habitaci\u00f3n, procediendo a la colocaci\u00f3n de sellos y cintas de suspensi\u00f3n de obra, notificando tambi\u00e9n un citatorio para que asista el propietario a regularizar dicha situaci\u00f3n ante la autoridad municipal.<\/p>\n","protected":false},"excerpt":{"rendered":"<p>*MEDIANTE UN OPERATIVO PARA LA RECUPERACI\u00d3N DE \u00c1REAS OCUPADAS POR ESTABLECIMIENTOS COMERCIALES, INVASI\u00d3N DE \u00c1REAS VERDES, VIALIDADES Y BANQUETAS, EN&hellip;<\/p>\n","protected":false},"author":1,"featured_media":0,"comment_status":"open","ping_status":"open","sticky":false,"template":"","format":"standard","meta":{"footnotes":""},"categories":[5],"tags":[],"class_list":["post-5931","post","type-post","status-publish","format-standard","hentry","category-altamira"],"yoast_head":"<!-- This site is optimized with the Yoast SEO plugin v27.5 - https:\/\/yoast.com\/product\/yoast-seo-wordpress\/ -->\n<title>RECUPERA GOBIERNO DE ALTAMIRA ESPACIOS P\u00daBLICOS DEL MUNICIPIO. - EL INFORMATIVO DE TAMAULIPAS<\/title>\n<meta name=\"description\" content=\"*MEDIANTE UN OPERATIVO PARA LA RECUPERACI\u00d3N DE \u00c1REAS OCUPADAS POR ESTABLECIMIENTOS COMERCIALES, INVASI\u00d3N DE \u00c1REAS VERDES, VIALIDADES Y BANQUETAS, EN EL\" \/>\n<meta name=\"robots\" content=\"index, follow, max-snippet:-1, max-image-preview:large, max-video-preview:-1\" \/>\n<link rel=\"canonical\" href=\"https:\/\/elinformativotam.com\/index.php\/2020\/05\/09\/recupera-gobierno-de-altamira-espacios-publicos-del-municipio\/\" \/>\n<meta property=\"og:locale\" content=\"es_MX\" \/>\n<meta property=\"og:type\" content=\"article\" \/>\n<meta property=\"og:title\" content=\"RECUPERA GOBIERNO DE ALTAMIRA ESPACIOS P\u00daBLICOS DEL MUNICIPIO. - EL INFORMATIVO DE TAMAULIPAS\" \/>\n<meta property=\"og:description\" content=\"*MEDIANTE UN OPERATIVO PARA LA RECUPERACI\u00d3N DE \u00c1REAS OCUPADAS POR ESTABLECIMIENTOS COMERCIALES, INVASI\u00d3N DE \u00c1REAS VERDES, VIALIDADES Y BANQUETAS, EN EL\" \/>\n<meta property=\"og:url\" content=\"https:\/\/elinformativotam.com\/index.php\/2020\/05\/09\/recupera-gobierno-de-altamira-espacios-publicos-del-municipio\/\" \/>\n<meta property=\"og:site_name\" content=\"EL INFORMATIVO DE TAMAULIPAS\" \/>\n<meta property=\"article:published_time\" content=\"2020-05-09T18:48:02+00:00\" \/>\n<meta name=\"author\" content=\"El Informativo Tam\" \/>\n<meta name=\"twitter:card\" content=\"summary_large_image\" \/>\n<meta name=\"twitter:label1\" content=\"Escrito por\" \/>\n\t<meta name=\"twitter:data1\" content=\"El Informativo Tam\" \/>\n\t<meta name=\"twitter:label2\" content=\"Tiempo de lectura\" \/>\n\t<meta name=\"twitter:data2\" content=\"2 minutos\" \/>\n<script type=\"application\/ld+json\" class=\"yoast-schema-graph\">{\"@context\":\"https:\\\/\\\/schema.org\",\"@graph\":[{\"@type\":\"Article\",\"@id\":\"https:\\\/\\\/elinformativotam.com\\\/index.php\\\/2020\\\/05\\\/09\\\/recupera-gobierno-de-altamira-espacios-publicos-del-municipio\\\/#article\",\"isPartOf\":{\"@id\":\"https:\\\/\\\/elinformativotam.com\\\/index.php\\\/2020\\\/05\\\/09\\\/recupera-gobierno-de-altamira-espacios-publicos-del-municipio\\\/\"},\"author\":{\"name\":\"El Informativo Tam\",\"@id\":\"https:\\\/\\\/elinformativotam.com\\\/#\\\/schema\\\/person\\\/78e08040eed0f6110f0c5f83b6153590\"},\"headline\":\"RECUPERA GOBIERNO DE ALTAMIRA ESPACIOS P\u00daBLICOS DEL MUNICIPIO.\",\"datePublished\":\"2020-05-09T18:48:02+00:00\",\"mainEntityOfPage\":{\"@id\":\"https:\\\/\\\/elinformativotam.com\\\/index.php\\\/2020\\\/05\\\/09\\\/recupera-gobierno-de-altamira-espacios-publicos-del-municipio\\\/\"},\"wordCount\":494,\"commentCount\":0,\"publisher\":{\"@id\":\"https:\\\/\\\/elinformativotam.com\\\/#organization\"},\"articleSection\":[\"Altamira\"],\"inLanguage\":\"es\",\"potentialAction\":[{\"@type\":\"CommentAction\",\"name\":\"Comment\",\"target\":[\"https:\\\/\\\/elinformativotam.com\\\/index.php\\\/2020\\\/05\\\/09\\\/recupera-gobierno-de-altamira-espacios-publicos-del-municipio\\\/#respond\"]}]},{\"@type\":\"WebPage\",\"@id\":\"https:\\\/\\\/elinformativotam.com\\\/index.php\\\/2020\\\/05\\\/09\\\/recupera-gobierno-de-altamira-espacios-publicos-del-municipio\\\/\",\"url\":\"https:\\\/\\\/elinformativotam.com\\\/index.php\\\/2020\\\/05\\\/09\\\/recupera-gobierno-de-altamira-espacios-publicos-del-municipio\\\/\",\"name\":\"RECUPERA GOBIERNO DE ALTAMIRA ESPACIOS P\u00daBLICOS DEL MUNICIPIO. - EL INFORMATIVO DE TAMAULIPAS\",\"isPartOf\":{\"@id\":\"https:\\\/\\\/elinformativotam.com\\\/#website\"},\"datePublished\":\"2020-05-09T18:48:02+00:00\",\"description\":\"*MEDIANTE UN OPERATIVO PARA LA RECUPERACI\u00d3N DE \u00c1REAS OCUPADAS POR ESTABLECIMIENTOS COMERCIALES, INVASI\u00d3N DE \u00c1REAS VERDES, VIALIDADES Y BANQUETAS, EN EL\",\"inLanguage\":\"es\",\"potentialAction\":[{\"@type\":\"ReadAction\",\"target\":[\"https:\\\/\\\/elinformativotam.com\\\/index.php\\\/2020\\\/05\\\/09\\\/recupera-gobierno-de-altamira-espacios-publicos-del-municipio\\\/\"]}]},{\"@type\":\"WebSite\",\"@id\":\"https:\\\/\\\/elinformativotam.com\\\/#website\",\"url\":\"https:\\\/\\\/elinformativotam.com\\\/\",\"name\":\"EL INFORMATIVO DE TAMAULIPAS\",\"description\":\"Desde la Zona Metropolitana Para Todo M\u00e9xico\",\"publisher\":{\"@id\":\"https:\\\/\\\/elinformativotam.com\\\/#organization\"},\"potentialAction\":[{\"@type\":\"SearchAction\",\"target\":{\"@type\":\"EntryPoint\",\"urlTemplate\":\"https:\\\/\\\/elinformativotam.com\\\/?s={search_term_string}\"},\"query-input\":{\"@type\":\"PropertyValueSpecification\",\"valueRequired\":true,\"valueName\":\"search_term_string\"}}],\"inLanguage\":\"es\"},{\"@type\":\"Organization\",\"@id\":\"https:\\\/\\\/elinformativotam.com\\\/#organization\",\"name\":\"EL INFORMATIVO DE TAMAULIPAS\",\"url\":\"https:\\\/\\\/elinformativotam.com\\\/\",\"logo\":{\"@type\":\"ImageObject\",\"inLanguage\":\"es\",\"@id\":\"https:\\\/\\\/elinformativotam.com\\\/#\\\/schema\\\/logo\\\/image\\\/\",\"url\":\"https:\\\/\\\/elinformativotam.com\\\/wp-content\\\/uploads\\\/2026\\\/02\\\/Cabezal.png\",\"contentUrl\":\"https:\\\/\\\/elinformativotam.com\\\/wp-content\\\/uploads\\\/2026\\\/02\\\/Cabezal.png\",\"width\":960,\"height\":640,\"caption\":\"EL INFORMATIVO DE TAMAULIPAS\"},\"image\":{\"@id\":\"https:\\\/\\\/elinformativotam.com\\\/#\\\/schema\\\/logo\\\/image\\\/\"}},{\"@type\":\"Person\",\"@id\":\"https:\\\/\\\/elinformativotam.com\\\/#\\\/schema\\\/person\\\/78e08040eed0f6110f0c5f83b6153590\",\"name\":\"El Informativo Tam\",\"image\":{\"@type\":\"ImageObject\",\"inLanguage\":\"es\",\"@id\":\"https:\\\/\\\/secure.gravatar.com\\\/avatar\\\/f3b7ad3af540688955925ac610647be00b0cf41feea9c4978b73a707ee86bc53?s=96&d=mm&r=g\",\"url\":\"https:\\\/\\\/secure.gravatar.com\\\/avatar\\\/f3b7ad3af540688955925ac610647be00b0cf41feea9c4978b73a707ee86bc53?s=96&d=mm&r=g\",\"contentUrl\":\"https:\\\/\\\/secure.gravatar.com\\\/avatar\\\/f3b7ad3af540688955925ac610647be00b0cf41feea9c4978b73a707ee86bc53?s=96&d=mm&r=g\",\"caption\":\"El Informativo Tam\"}}]}<\/script>\n<!-- \/ Yoast SEO plugin. -->","yoast_head_json":{"title":"RECUPERA GOBIERNO DE ALTAMIRA ESPACIOS P\u00daBLICOS DEL MUNICIPIO. - EL INFORMATIVO DE TAMAULIPAS","description":"*MEDIANTE UN OPERATIVO PARA LA RECUPERACI\u00d3N DE \u00c1REAS OCUPADAS POR ESTABLECIMIENTOS COMERCIALES, INVASI\u00d3N DE \u00c1REAS VERDES, VIALIDADES Y BANQUETAS, EN EL","robots":{"index":"index","follow":"follow","max-snippet":"max-snippet:-1","max-image-preview":"max-image-preview:large","max-video-preview":"max-video-preview:-1"},"canonical":"https:\/\/elinformativotam.com\/index.php\/2020\/05\/09\/recupera-gobierno-de-altamira-espacios-publicos-del-municipio\/","og_locale":"es_MX","og_type":"article","og_title":"RECUPERA GOBIERNO DE ALTAMIRA ESPACIOS P\u00daBLICOS DEL MUNICIPIO. - EL INFORMATIVO DE TAMAULIPAS","og_description":"*MEDIANTE UN OPERATIVO PARA LA RECUPERACI\u00d3N DE \u00c1REAS OCUPADAS POR ESTABLECIMIENTOS COMERCIALES, INVASI\u00d3N DE \u00c1REAS VERDES, VIALIDADES Y BANQUETAS, EN EL","og_url":"https:\/\/elinformativotam.com\/index.php\/2020\/05\/09\/recupera-gobierno-de-altamira-espacios-publicos-del-municipio\/","og_site_name":"EL INFORMATIVO DE TAMAULIPAS","article_published_time":"2020-05-09T18:48:02+00:00","author":"El Informativo Tam","twitter_card":"summary_large_image","twitter_misc":{"Escrito por":"El Informativo Tam","Tiempo de lectura":"2 minutos"},"schema":{"@context":"https:\/\/schema.org","@graph":[{"@type":"Article","@id":"https:\/\/elinformativotam.com\/index.php\/2020\/05\/09\/recupera-gobierno-de-altamira-espacios-publicos-del-municipio\/#article","isPartOf":{"@id":"https:\/\/elinformativotam.com\/index.php\/2020\/05\/09\/recupera-gobierno-de-altamira-espacios-publicos-del-municipio\/"},"author":{"name":"El Informativo Tam","@id":"https:\/\/elinformativotam.com\/#\/schema\/person\/78e08040eed0f6110f0c5f83b6153590"},"headline":"RECUPERA GOBIERNO DE ALTAMIRA ESPACIOS P\u00daBLICOS DEL MUNICIPIO.","datePublished":"2020-05-09T18:48:02+00:00","mainEntityOfPage":{"@id":"https:\/\/elinformativotam.com\/index.php\/2020\/05\/09\/recupera-gobierno-de-altamira-espacios-publicos-del-municipio\/"},"wordCount":494,"commentCount":0,"publisher":{"@id":"https:\/\/elinformativotam.com\/#organization"},"articleSection":["Altamira"],"inLanguage":"es","potentialAction":[{"@type":"CommentAction","name":"Comment","target":["https:\/\/elinformativotam.com\/index.php\/2020\/05\/09\/recupera-gobierno-de-altamira-espacios-publicos-del-municipio\/#respond"]}]},{"@type":"WebPage","@id":"https:\/\/elinformativotam.com\/index.php\/2020\/05\/09\/recupera-gobierno-de-altamira-espacios-publicos-del-municipio\/","url":"https:\/\/elinformativotam.com\/index.php\/2020\/05\/09\/recupera-gobierno-de-altamira-espacios-publicos-del-municipio\/","name":"RECUPERA GOBIERNO DE ALTAMIRA ESPACIOS P\u00daBLICOS DEL MUNICIPIO. - EL INFORMATIVO DE TAMAULIPAS","isPartOf":{"@id":"https:\/\/elinformativotam.com\/#website"},"datePublished":"2020-05-09T18:48:02+00:00","description":"*MEDIANTE UN OPERATIVO PARA LA RECUPERACI\u00d3N DE \u00c1REAS OCUPADAS POR ESTABLECIMIENTOS COMERCIALES, INVASI\u00d3N DE \u00c1REAS VERDES, VIALIDADES Y BANQUETAS, EN EL","inLanguage":"es","potentialAction":[{"@type":"ReadAction","target":["https:\/\/elinformativotam.com\/index.php\/2020\/05\/09\/recupera-gobierno-de-altamira-espacios-publicos-del-municipio\/"]}]},{"@type":"WebSite","@id":"https:\/\/elinformativotam.com\/#website","url":"https:\/\/elinformativotam.com\/","name":"EL INFORMATIVO DE TAMAULIPAS","description":"Desde la Zona Metropolitana Para Todo M\u00e9xico","publisher":{"@id":"https:\/\/elinformativotam.com\/#organization"},"potentialAction":[{"@type":"SearchAction","target":{"@type":"EntryPoint","urlTemplate":"https:\/\/elinformativotam.com\/?s={search_term_string}"},"query-input":{"@type":"PropertyValueSpecification","valueRequired":true,"valueName":"search_term_string"}}],"inLanguage":"es"},{"@type":"Organization","@id":"https:\/\/elinformativotam.com\/#organization","name":"EL INFORMATIVO DE TAMAULIPAS","url":"https:\/\/elinformativotam.com\/","logo":{"@type":"ImageObject","inLanguage":"es","@id":"https:\/\/elinformativotam.com\/#\/schema\/logo\/image\/","url":"https:\/\/elinformativotam.com\/wp-content\/uploads\/2026\/02\/Cabezal.png","contentUrl":"https:\/\/elinformativotam.com\/wp-content\/uploads\/2026\/02\/Cabezal.png","width":960,"height":640,"caption":"EL INFORMATIVO DE TAMAULIPAS"},"image":{"@id":"https:\/\/elinformativotam.com\/#\/schema\/logo\/image\/"}},{"@type":"Person","@id":"https:\/\/elinformativotam.com\/#\/schema\/person\/78e08040eed0f6110f0c5f83b6153590","name":"El Informativo Tam","image":{"@type":"ImageObject","inLanguage":"es","@id":"https:\/\/secure.gravatar.com\/avatar\/f3b7ad3af540688955925ac610647be00b0cf41feea9c4978b73a707ee86bc53?s=96&d=mm&r=g","url":"https:\/\/secure.gravatar.com\/avatar\/f3b7ad3af540688955925ac610647be00b0cf41feea9c4978b73a707ee86bc53?s=96&d=mm&r=g","contentUrl":"https:\/\/secure.gravatar.com\/avatar\/f3b7ad3af540688955925ac610647be00b0cf41feea9c4978b73a707ee86bc53?s=96&d=mm&r=g","caption":"El Informativo Tam"}}]}},"_links":{"self":[{"href":"https:\/\/elinformativotam.com\/index.php\/wp-json\/wp\/v2\/posts\/5931","targetHints":{"allow":["GET"]}}],"collection":[{"href":"https:\/\/elinformativotam.com\/index.php\/wp-json\/wp\/v2\/posts"}],"about":[{"href":"https:\/\/elinformativotam.com\/index.php\/wp-json\/wp\/v2\/types\/post"}],"author":[{"embeddable":true,"href":"https:\/\/elinformativotam.com\/index.php\/wp-json\/wp\/v2\/users\/1"}],"replies":[{"embeddable":true,"href":"https:\/\/elinformativotam.com\/index.php\/wp-json\/wp\/v2\/comments?post=5931"}],"version-history":[{"count":0,"href":"https:\/\/elinformativotam.com\/index.php\/wp-json\/wp\/v2\/posts\/5931\/revisions"}],"wp:attachment":[{"href":"https:\/\/elinformativotam.com\/index.php\/wp-json\/wp\/v2\/media?parent=5931"}],"wp:term":[{"taxonomy":"category","embeddable":true,"href":"https:\/\/elinformativotam.com\/index.php\/wp-json\/wp\/v2\/categories?post=5931"},{"taxonomy":"post_tag","embeddable":true,"href":"https:\/\/elinformativotam.com\/index.php\/wp-json\/wp\/v2\/tags?post=5931"}],"curies":[{"name":"wp","href":"https:\/\/api.w.org\/{rel}","templated":true}]}}