{"id":5924,"date":"2020-05-09T12:01:59","date_gmt":"2020-05-09T18:01:59","guid":{"rendered":"http:\/\/elinformativotam.com\/?p=5924"},"modified":"2020-05-09T12:01:59","modified_gmt":"2020-05-09T18:01:59","slug":"cfe-realiza-mantenimiento-correctivo-en-sus-torres-de-alta-tension","status":"publish","type":"post","link":"https:\/\/elinformativotam.com\/index.php\/2020\/05\/09\/cfe-realiza-mantenimiento-correctivo-en-sus-torres-de-alta-tension\/","title":{"rendered":"CFE REALIZA MANTENIMIENTO CORRECTIVO EN SUS TORRES DE ALTA TENSI\u00d3N"},"content":{"rendered":"<p>Personal de la Comisi\u00f3n Federal de Electricidad desde el pasado viernes y el d\u00eda de hoy s\u00e1bado realiza trabajos de mantenimiento preventivo correctivo en una de sus Torres de alta tensi\u00f3n que el pasado fin de semana estallo y puso en jaque a los vecinos de la colonia Tampico Altamira.<\/p>\n<p>&nbsp;<\/p>\n<p>Recordemos que por este medio el pasado s\u00e1bado dos de mayo por la ma\u00f1ana les informamos\u00a0 que \u00a0vecinos de la colonia Tampico Altamira ubicada al sur de la ciudad de Altamira, vivieron el susto de sus vidas al escuchar un fuerte estruendo proveniente de una de las torres\u00a0 de alta tensi\u00f3n de electricidad\u00a0 propiedad de la Comisi\u00f3n Federal de Electricidad que cruzan por dicho sector de ese municipio.<\/p>\n<p>&nbsp;<\/p>\n<p>Cabe destacar que ya en el \u00a0lugar acudi\u00f3 personal de la para estatal para realiz\u00f3 labores de mantenimiento correctivo en las interconexiones\u00a0 de los cables, adem\u00e1s de reajustar los tensores de l\u00ednea y as\u00ed evitar alguna cat\u00e1strofe de funestas consecuencias.<\/p>\n","protected":false},"excerpt":{"rendered":"<p>Personal de la Comisi\u00f3n Federal de Electricidad desde el pasado viernes y el d\u00eda de hoy s\u00e1bado realiza trabajos de&hellip;<\/p>\n","protected":false},"author":1,"featured_media":0,"comment_status":"open","ping_status":"open","sticky":false,"template":"","format":"standard","meta":{"footnotes":""},"categories":[5],"tags":[],"class_list":["post-5924","post","type-post","status-publish","format-standard","hentry","category-altamira"],"yoast_head":"<!-- This site is optimized with the Yoast SEO plugin v27.5 - https:\/\/yoast.com\/product\/yoast-seo-wordpress\/ -->\n<title>CFE REALIZA MANTENIMIENTO CORRECTIVO EN SUS TORRES DE ALTA TENSI\u00d3N - EL INFORMATIVO DE TAMAULIPAS<\/title>\n<meta name=\"description\" content=\"Personal de la Comisi\u00f3n Federal de Electricidad desde el pasado viernes y el d\u00eda de hoy s\u00e1bado realiza trabajos de mantenimiento preventivo correctivo en\" \/>\n<meta name=\"robots\" content=\"index, follow, max-snippet:-1, max-image-preview:large, max-video-preview:-1\" \/>\n<link rel=\"canonical\" href=\"https:\/\/elinformativotam.com\/index.php\/2020\/05\/09\/cfe-realiza-mantenimiento-correctivo-en-sus-torres-de-alta-tension\/\" \/>\n<meta property=\"og:locale\" content=\"es_MX\" \/>\n<meta property=\"og:type\" content=\"article\" \/>\n<meta property=\"og:title\" content=\"CFE REALIZA MANTENIMIENTO CORRECTIVO EN SUS TORRES DE ALTA TENSI\u00d3N - EL INFORMATIVO DE TAMAULIPAS\" \/>\n<meta property=\"og:description\" content=\"Personal de la Comisi\u00f3n Federal de Electricidad desde el pasado viernes y el d\u00eda de hoy s\u00e1bado realiza trabajos de mantenimiento preventivo correctivo en\" \/>\n<meta property=\"og:url\" content=\"https:\/\/elinformativotam.com\/index.php\/2020\/05\/09\/cfe-realiza-mantenimiento-correctivo-en-sus-torres-de-alta-tension\/\" \/>\n<meta property=\"og:site_name\" content=\"EL INFORMATIVO DE TAMAULIPAS\" \/>\n<meta property=\"article:published_time\" content=\"2020-05-09T18:01:59+00:00\" \/>\n<meta name=\"author\" content=\"El Informativo Tam\" \/>\n<meta name=\"twitter:card\" content=\"summary_large_image\" \/>\n<meta name=\"twitter:label1\" content=\"Escrito por\" \/>\n\t<meta name=\"twitter:data1\" content=\"El Informativo Tam\" \/>\n\t<meta name=\"twitter:label2\" content=\"Tiempo de lectura\" \/>\n\t<meta name=\"twitter:data2\" content=\"1 minuto\" \/>\n<script type=\"application\/ld+json\" class=\"yoast-schema-graph\">{\"@context\":\"https:\\\/\\\/schema.org\",\"@graph\":[{\"@type\":\"Article\",\"@id\":\"https:\\\/\\\/elinformativotam.com\\\/index.php\\\/2020\\\/05\\\/09\\\/cfe-realiza-mantenimiento-correctivo-en-sus-torres-de-alta-tension\\\/#article\",\"isPartOf\":{\"@id\":\"https:\\\/\\\/elinformativotam.com\\\/index.php\\\/2020\\\/05\\\/09\\\/cfe-realiza-mantenimiento-correctivo-en-sus-torres-de-alta-tension\\\/\"},\"author\":{\"name\":\"El Informativo Tam\",\"@id\":\"https:\\\/\\\/elinformativotam.com\\\/#\\\/schema\\\/person\\\/78e08040eed0f6110f0c5f83b6153590\"},\"headline\":\"CFE REALIZA MANTENIMIENTO CORRECTIVO EN SUS TORRES DE ALTA TENSI\u00d3N\",\"datePublished\":\"2020-05-09T18:01:59+00:00\",\"mainEntityOfPage\":{\"@id\":\"https:\\\/\\\/elinformativotam.com\\\/index.php\\\/2020\\\/05\\\/09\\\/cfe-realiza-mantenimiento-correctivo-en-sus-torres-de-alta-tension\\\/\"},\"wordCount\":182,\"commentCount\":0,\"publisher\":{\"@id\":\"https:\\\/\\\/elinformativotam.com\\\/#organization\"},\"articleSection\":[\"Altamira\"],\"inLanguage\":\"es\",\"potentialAction\":[{\"@type\":\"CommentAction\",\"name\":\"Comment\",\"target\":[\"https:\\\/\\\/elinformativotam.com\\\/index.php\\\/2020\\\/05\\\/09\\\/cfe-realiza-mantenimiento-correctivo-en-sus-torres-de-alta-tension\\\/#respond\"]}]},{\"@type\":\"WebPage\",\"@id\":\"https:\\\/\\\/elinformativotam.com\\\/index.php\\\/2020\\\/05\\\/09\\\/cfe-realiza-mantenimiento-correctivo-en-sus-torres-de-alta-tension\\\/\",\"url\":\"https:\\\/\\\/elinformativotam.com\\\/index.php\\\/2020\\\/05\\\/09\\\/cfe-realiza-mantenimiento-correctivo-en-sus-torres-de-alta-tension\\\/\",\"name\":\"CFE REALIZA MANTENIMIENTO CORRECTIVO EN SUS TORRES DE ALTA TENSI\u00d3N - EL INFORMATIVO DE TAMAULIPAS\",\"isPartOf\":{\"@id\":\"https:\\\/\\\/elinformativotam.com\\\/#website\"},\"datePublished\":\"2020-05-09T18:01:59+00:00\",\"description\":\"Personal de la Comisi\u00f3n Federal de Electricidad desde el pasado viernes y el d\u00eda de hoy s\u00e1bado realiza trabajos de mantenimiento preventivo correctivo en\",\"inLanguage\":\"es\",\"potentialAction\":[{\"@type\":\"ReadAction\",\"target\":[\"https:\\\/\\\/elinformativotam.com\\\/index.php\\\/2020\\\/05\\\/09\\\/cfe-realiza-mantenimiento-correctivo-en-sus-torres-de-alta-tension\\\/\"]}]},{\"@type\":\"WebSite\",\"@id\":\"https:\\\/\\\/elinformativotam.com\\\/#website\",\"url\":\"https:\\\/\\\/elinformativotam.com\\\/\",\"name\":\"EL INFORMATIVO DE TAMAULIPAS\",\"description\":\"Desde la Zona Metropolitana Para Todo M\u00e9xico\",\"publisher\":{\"@id\":\"https:\\\/\\\/elinformativotam.com\\\/#organization\"},\"potentialAction\":[{\"@type\":\"SearchAction\",\"target\":{\"@type\":\"EntryPoint\",\"urlTemplate\":\"https:\\\/\\\/elinformativotam.com\\\/?s={search_term_string}\"},\"query-input\":{\"@type\":\"PropertyValueSpecification\",\"valueRequired\":true,\"valueName\":\"search_term_string\"}}],\"inLanguage\":\"es\"},{\"@type\":\"Organization\",\"@id\":\"https:\\\/\\\/elinformativotam.com\\\/#organization\",\"name\":\"EL INFORMATIVO DE TAMAULIPAS\",\"url\":\"https:\\\/\\\/elinformativotam.com\\\/\",\"logo\":{\"@type\":\"ImageObject\",\"inLanguage\":\"es\",\"@id\":\"https:\\\/\\\/elinformativotam.com\\\/#\\\/schema\\\/logo\\\/image\\\/\",\"url\":\"https:\\\/\\\/elinformativotam.com\\\/wp-content\\\/uploads\\\/2026\\\/02\\\/Cabezal.png\",\"contentUrl\":\"https:\\\/\\\/elinformativotam.com\\\/wp-content\\\/uploads\\\/2026\\\/02\\\/Cabezal.png\",\"width\":960,\"height\":640,\"caption\":\"EL INFORMATIVO DE TAMAULIPAS\"},\"image\":{\"@id\":\"https:\\\/\\\/elinformativotam.com\\\/#\\\/schema\\\/logo\\\/image\\\/\"}},{\"@type\":\"Person\",\"@id\":\"https:\\\/\\\/elinformativotam.com\\\/#\\\/schema\\\/person\\\/78e08040eed0f6110f0c5f83b6153590\",\"name\":\"El Informativo Tam\",\"image\":{\"@type\":\"ImageObject\",\"inLanguage\":\"es\",\"@id\":\"https:\\\/\\\/secure.gravatar.com\\\/avatar\\\/f3b7ad3af540688955925ac610647be00b0cf41feea9c4978b73a707ee86bc53?s=96&d=mm&r=g\",\"url\":\"https:\\\/\\\/secure.gravatar.com\\\/avatar\\\/f3b7ad3af540688955925ac610647be00b0cf41feea9c4978b73a707ee86bc53?s=96&d=mm&r=g\",\"contentUrl\":\"https:\\\/\\\/secure.gravatar.com\\\/avatar\\\/f3b7ad3af540688955925ac610647be00b0cf41feea9c4978b73a707ee86bc53?s=96&d=mm&r=g\",\"caption\":\"El Informativo Tam\"}}]}<\/script>\n<!-- \/ Yoast SEO plugin. -->","yoast_head_json":{"title":"CFE REALIZA MANTENIMIENTO CORRECTIVO EN SUS TORRES DE ALTA TENSI\u00d3N - EL INFORMATIVO DE TAMAULIPAS","description":"Personal de la Comisi\u00f3n Federal de Electricidad desde el pasado viernes y el d\u00eda de hoy s\u00e1bado realiza trabajos de mantenimiento preventivo correctivo en","robots":{"index":"index","follow":"follow","max-snippet":"max-snippet:-1","max-image-preview":"max-image-preview:large","max-video-preview":"max-video-preview:-1"},"canonical":"https:\/\/elinformativotam.com\/index.php\/2020\/05\/09\/cfe-realiza-mantenimiento-correctivo-en-sus-torres-de-alta-tension\/","og_locale":"es_MX","og_type":"article","og_title":"CFE REALIZA MANTENIMIENTO CORRECTIVO EN SUS TORRES DE ALTA TENSI\u00d3N - EL INFORMATIVO DE TAMAULIPAS","og_description":"Personal de la Comisi\u00f3n Federal de Electricidad desde el pasado viernes y el d\u00eda de hoy s\u00e1bado realiza trabajos de mantenimiento preventivo correctivo en","og_url":"https:\/\/elinformativotam.com\/index.php\/2020\/05\/09\/cfe-realiza-mantenimiento-correctivo-en-sus-torres-de-alta-tension\/","og_site_name":"EL INFORMATIVO DE TAMAULIPAS","article_published_time":"2020-05-09T18:01:59+00:00","author":"El Informativo Tam","twitter_card":"summary_large_image","twitter_misc":{"Escrito por":"El Informativo Tam","Tiempo de lectura":"1 minuto"},"schema":{"@context":"https:\/\/schema.org","@graph":[{"@type":"Article","@id":"https:\/\/elinformativotam.com\/index.php\/2020\/05\/09\/cfe-realiza-mantenimiento-correctivo-en-sus-torres-de-alta-tension\/#article","isPartOf":{"@id":"https:\/\/elinformativotam.com\/index.php\/2020\/05\/09\/cfe-realiza-mantenimiento-correctivo-en-sus-torres-de-alta-tension\/"},"author":{"name":"El Informativo Tam","@id":"https:\/\/elinformativotam.com\/#\/schema\/person\/78e08040eed0f6110f0c5f83b6153590"},"headline":"CFE REALIZA MANTENIMIENTO CORRECTIVO EN SUS TORRES DE ALTA TENSI\u00d3N","datePublished":"2020-05-09T18:01:59+00:00","mainEntityOfPage":{"@id":"https:\/\/elinformativotam.com\/index.php\/2020\/05\/09\/cfe-realiza-mantenimiento-correctivo-en-sus-torres-de-alta-tension\/"},"wordCount":182,"commentCount":0,"publisher":{"@id":"https:\/\/elinformativotam.com\/#organization"},"articleSection":["Altamira"],"inLanguage":"es","potentialAction":[{"@type":"CommentAction","name":"Comment","target":["https:\/\/elinformativotam.com\/index.php\/2020\/05\/09\/cfe-realiza-mantenimiento-correctivo-en-sus-torres-de-alta-tension\/#respond"]}]},{"@type":"WebPage","@id":"https:\/\/elinformativotam.com\/index.php\/2020\/05\/09\/cfe-realiza-mantenimiento-correctivo-en-sus-torres-de-alta-tension\/","url":"https:\/\/elinformativotam.com\/index.php\/2020\/05\/09\/cfe-realiza-mantenimiento-correctivo-en-sus-torres-de-alta-tension\/","name":"CFE REALIZA MANTENIMIENTO CORRECTIVO EN SUS TORRES DE ALTA TENSI\u00d3N - EL INFORMATIVO DE TAMAULIPAS","isPartOf":{"@id":"https:\/\/elinformativotam.com\/#website"},"datePublished":"2020-05-09T18:01:59+00:00","description":"Personal de la Comisi\u00f3n Federal de Electricidad desde el pasado viernes y el d\u00eda de hoy s\u00e1bado realiza trabajos de mantenimiento preventivo correctivo en","inLanguage":"es","potentialAction":[{"@type":"ReadAction","target":["https:\/\/elinformativotam.com\/index.php\/2020\/05\/09\/cfe-realiza-mantenimiento-correctivo-en-sus-torres-de-alta-tension\/"]}]},{"@type":"WebSite","@id":"https:\/\/elinformativotam.com\/#website","url":"https:\/\/elinformativotam.com\/","name":"EL INFORMATIVO DE TAMAULIPAS","description":"Desde la Zona Metropolitana Para Todo M\u00e9xico","publisher":{"@id":"https:\/\/elinformativotam.com\/#organization"},"potentialAction":[{"@type":"SearchAction","target":{"@type":"EntryPoint","urlTemplate":"https:\/\/elinformativotam.com\/?s={search_term_string}"},"query-input":{"@type":"PropertyValueSpecification","valueRequired":true,"valueName":"search_term_string"}}],"inLanguage":"es"},{"@type":"Organization","@id":"https:\/\/elinformativotam.com\/#organization","name":"EL INFORMATIVO DE TAMAULIPAS","url":"https:\/\/elinformativotam.com\/","logo":{"@type":"ImageObject","inLanguage":"es","@id":"https:\/\/elinformativotam.com\/#\/schema\/logo\/image\/","url":"https:\/\/elinformativotam.com\/wp-content\/uploads\/2026\/02\/Cabezal.png","contentUrl":"https:\/\/elinformativotam.com\/wp-content\/uploads\/2026\/02\/Cabezal.png","width":960,"height":640,"caption":"EL INFORMATIVO DE TAMAULIPAS"},"image":{"@id":"https:\/\/elinformativotam.com\/#\/schema\/logo\/image\/"}},{"@type":"Person","@id":"https:\/\/elinformativotam.com\/#\/schema\/person\/78e08040eed0f6110f0c5f83b6153590","name":"El Informativo Tam","image":{"@type":"ImageObject","inLanguage":"es","@id":"https:\/\/secure.gravatar.com\/avatar\/f3b7ad3af540688955925ac610647be00b0cf41feea9c4978b73a707ee86bc53?s=96&d=mm&r=g","url":"https:\/\/secure.gravatar.com\/avatar\/f3b7ad3af540688955925ac610647be00b0cf41feea9c4978b73a707ee86bc53?s=96&d=mm&r=g","contentUrl":"https:\/\/secure.gravatar.com\/avatar\/f3b7ad3af540688955925ac610647be00b0cf41feea9c4978b73a707ee86bc53?s=96&d=mm&r=g","caption":"El Informativo Tam"}}]}},"_links":{"self":[{"href":"https:\/\/elinformativotam.com\/index.php\/wp-json\/wp\/v2\/posts\/5924","targetHints":{"allow":["GET"]}}],"collection":[{"href":"https:\/\/elinformativotam.com\/index.php\/wp-json\/wp\/v2\/posts"}],"about":[{"href":"https:\/\/elinformativotam.com\/index.php\/wp-json\/wp\/v2\/types\/post"}],"author":[{"embeddable":true,"href":"https:\/\/elinformativotam.com\/index.php\/wp-json\/wp\/v2\/users\/1"}],"replies":[{"embeddable":true,"href":"https:\/\/elinformativotam.com\/index.php\/wp-json\/wp\/v2\/comments?post=5924"}],"version-history":[{"count":0,"href":"https:\/\/elinformativotam.com\/index.php\/wp-json\/wp\/v2\/posts\/5924\/revisions"}],"wp:attachment":[{"href":"https:\/\/elinformativotam.com\/index.php\/wp-json\/wp\/v2\/media?parent=5924"}],"wp:term":[{"taxonomy":"category","embeddable":true,"href":"https:\/\/elinformativotam.com\/index.php\/wp-json\/wp\/v2\/categories?post=5924"},{"taxonomy":"post_tag","embeddable":true,"href":"https:\/\/elinformativotam.com\/index.php\/wp-json\/wp\/v2\/tags?post=5924"}],"curies":[{"name":"wp","href":"https:\/\/api.w.org\/{rel}","templated":true}]}}