{"id":5921,"date":"2020-05-08T18:37:12","date_gmt":"2020-05-09T00:37:12","guid":{"rendered":"http:\/\/elinformativotam.com\/?p=5921"},"modified":"2020-05-08T18:37:12","modified_gmt":"2020-05-09T00:37:12","slug":"beneficia-gobierno-de-alma-laura-amparan-a-mas-familias-con-apoyos-alimenticios","status":"publish","type":"post","link":"https:\/\/elinformativotam.com\/index.php\/2020\/05\/08\/beneficia-gobierno-de-alma-laura-amparan-a-mas-familias-con-apoyos-alimenticios\/","title":{"rendered":"BENEFICIA GOBIERNO DE ALMA LAURA AMPAR\u00c1N A M\u00c1S FAMILIAS CON APOYOS ALIMENTICIOS"},"content":{"rendered":"<h2><em><strong>*En Coordinaci\u00f3n Con El Sistema DIF Altamira Se Han Entregado M\u00e1s De 30 Mil Despensas<\/strong><\/em><\/h2>\n<p>&nbsp;<\/p>\n<p>Como muestra del trabajo conjunto entre el gobierno de la ciudad, el Sistema DIF Altamira y la iniciativa privada, la alcaldesa Alma Laura Ampar\u00e1n Cruz, acompa\u00f1ada por la presidenta del DIF Municipal, Lic. Alma Laura Hern\u00e1ndez Ampar\u00e1n, entreg\u00f3 paquetes alimenticios, as\u00ed como fruta y verdura, a familias de la colonia Adolfo L\u00f3pez Mateos donde reafirm\u00f3 el total respaldo de su administraci\u00f3n a los sectores m\u00e1s vulnerables ante la contingencia sanitaria derivada por el COVID 19.<\/p>\n<p>&nbsp;<\/p>\n<p>Continuando con la entrega de apoyos a quienes m\u00e1s lo necesitan, derivado de la sinergia con el sector empresarial, la jefa edilicia, la titular del DIF Altamira y colaboradores de la empresa Petroplus, distribuyeron despensas donadas por mencionada compa\u00f1\u00eda a familias de la colonia Mart\u00edn A. Mart\u00ednez con el fin de garantizarles su bienestar durante esta pandemia.<\/p>\n<p>&nbsp;<\/p>\n<p>La alcaldesa Alma Laura Ampar\u00e1n refiri\u00f3 que este importante apoyo forma parte de las m\u00e1s de 30 mil despensas entregadas hasta el momento a trav\u00e9s de diferentes programas del Gobierno Municipal de Altamira, adem\u00e1s de donativos por parte de empresas socialmente responsables.<\/p>\n<p>&nbsp;<\/p>\n<p>\u201cTodos los d\u00edas estamos yendo a las colonias, entregando estas despensas directamente en las casas para que ninguna familia se quede sin el apoyo. Las familias de Altamira no est\u00e1n solas, aqu\u00ed estamos para serviles y para ver por ellas \u201c, puntualiz\u00f3.<\/p>\n<p>&nbsp;<\/p>\n<p>De igual manera, Ampar\u00e1n Cruz y Hern\u00e1ndez Ampar\u00e1n encabezaron la distribuci\u00f3n de paquetes con productos de la canasta b\u00e1sica a residentes de los sectores 2 y 3 de la colonia Los Presidentes, exhortando a la poblaci\u00f3n a quedarse en casa e indicando que s\u00f3lo colaborando juntos, sociedad y gobierno, se podr\u00e1 superar la actual contingencia sanitaria.<\/p>\n<p>&nbsp;<\/p>\n<p>Tambi\u00e9n participaron, el secretario de Bienestar Social, Alfredo Polanco Aguilar, y la directora del DIF Altamira, Laura Emilia Castillo Medina<\/p>\n","protected":false},"excerpt":{"rendered":"<p>*En Coordinaci\u00f3n Con El Sistema DIF Altamira Se Han Entregado M\u00e1s De 30 Mil Despensas &nbsp; Como muestra del trabajo&hellip;<\/p>\n","protected":false},"author":1,"featured_media":0,"comment_status":"open","ping_status":"open","sticky":false,"template":"","format":"standard","meta":{"footnotes":""},"categories":[5],"tags":[],"class_list":["post-5921","post","type-post","status-publish","format-standard","hentry","category-altamira"],"yoast_head":"<!-- This site is optimized with the Yoast SEO plugin v27.5 - https:\/\/yoast.com\/product\/yoast-seo-wordpress\/ -->\n<title>BENEFICIA GOBIERNO DE ALMA LAURA AMPAR\u00c1N A M\u00c1S FAMILIAS CON APOYOS ALIMENTICIOS - EL INFORMATIVO DE TAMAULIPAS<\/title>\n<meta name=\"description\" content=\"*En Coordinaci\u00f3n Con El Sistema DIF Altamira Se Han Entregado M\u00e1s De 30 Mil Despensas &nbsp; Como muestra del trabajo conjunto entre el gobierno de la\" \/>\n<meta name=\"robots\" content=\"index, follow, max-snippet:-1, max-image-preview:large, max-video-preview:-1\" \/>\n<link rel=\"canonical\" href=\"https:\/\/elinformativotam.com\/index.php\/2020\/05\/08\/beneficia-gobierno-de-alma-laura-amparan-a-mas-familias-con-apoyos-alimenticios\/\" \/>\n<meta property=\"og:locale\" content=\"es_MX\" \/>\n<meta property=\"og:type\" content=\"article\" \/>\n<meta property=\"og:title\" content=\"BENEFICIA GOBIERNO DE ALMA LAURA AMPAR\u00c1N A M\u00c1S FAMILIAS CON APOYOS ALIMENTICIOS - EL INFORMATIVO DE TAMAULIPAS\" \/>\n<meta property=\"og:description\" content=\"*En Coordinaci\u00f3n Con El Sistema DIF Altamira Se Han Entregado M\u00e1s De 30 Mil Despensas &nbsp; Como muestra del trabajo conjunto entre el gobierno de la\" \/>\n<meta property=\"og:url\" content=\"https:\/\/elinformativotam.com\/index.php\/2020\/05\/08\/beneficia-gobierno-de-alma-laura-amparan-a-mas-familias-con-apoyos-alimenticios\/\" \/>\n<meta property=\"og:site_name\" content=\"EL INFORMATIVO DE TAMAULIPAS\" \/>\n<meta property=\"article:published_time\" content=\"2020-05-09T00:37:12+00:00\" \/>\n<meta name=\"author\" content=\"El Informativo Tam\" \/>\n<meta name=\"twitter:card\" content=\"summary_large_image\" \/>\n<meta name=\"twitter:label1\" content=\"Escrito por\" \/>\n\t<meta name=\"twitter:data1\" content=\"El Informativo Tam\" \/>\n\t<meta name=\"twitter:label2\" content=\"Tiempo de lectura\" \/>\n\t<meta name=\"twitter:data2\" content=\"2 minutos\" \/>\n<script type=\"application\/ld+json\" class=\"yoast-schema-graph\">{\"@context\":\"https:\\\/\\\/schema.org\",\"@graph\":[{\"@type\":\"Article\",\"@id\":\"https:\\\/\\\/elinformativotam.com\\\/index.php\\\/2020\\\/05\\\/08\\\/beneficia-gobierno-de-alma-laura-amparan-a-mas-familias-con-apoyos-alimenticios\\\/#article\",\"isPartOf\":{\"@id\":\"https:\\\/\\\/elinformativotam.com\\\/index.php\\\/2020\\\/05\\\/08\\\/beneficia-gobierno-de-alma-laura-amparan-a-mas-familias-con-apoyos-alimenticios\\\/\"},\"author\":{\"name\":\"El Informativo Tam\",\"@id\":\"https:\\\/\\\/elinformativotam.com\\\/#\\\/schema\\\/person\\\/78e08040eed0f6110f0c5f83b6153590\"},\"headline\":\"BENEFICIA GOBIERNO DE ALMA LAURA AMPAR\u00c1N A M\u00c1S FAMILIAS CON APOYOS ALIMENTICIOS\",\"datePublished\":\"2020-05-09T00:37:12+00:00\",\"mainEntityOfPage\":{\"@id\":\"https:\\\/\\\/elinformativotam.com\\\/index.php\\\/2020\\\/05\\\/08\\\/beneficia-gobierno-de-alma-laura-amparan-a-mas-familias-con-apoyos-alimenticios\\\/\"},\"wordCount\":348,\"commentCount\":0,\"publisher\":{\"@id\":\"https:\\\/\\\/elinformativotam.com\\\/#organization\"},\"articleSection\":[\"Altamira\"],\"inLanguage\":\"es\",\"potentialAction\":[{\"@type\":\"CommentAction\",\"name\":\"Comment\",\"target\":[\"https:\\\/\\\/elinformativotam.com\\\/index.php\\\/2020\\\/05\\\/08\\\/beneficia-gobierno-de-alma-laura-amparan-a-mas-familias-con-apoyos-alimenticios\\\/#respond\"]}]},{\"@type\":\"WebPage\",\"@id\":\"https:\\\/\\\/elinformativotam.com\\\/index.php\\\/2020\\\/05\\\/08\\\/beneficia-gobierno-de-alma-laura-amparan-a-mas-familias-con-apoyos-alimenticios\\\/\",\"url\":\"https:\\\/\\\/elinformativotam.com\\\/index.php\\\/2020\\\/05\\\/08\\\/beneficia-gobierno-de-alma-laura-amparan-a-mas-familias-con-apoyos-alimenticios\\\/\",\"name\":\"BENEFICIA GOBIERNO DE ALMA LAURA AMPAR\u00c1N A M\u00c1S FAMILIAS CON APOYOS ALIMENTICIOS - EL INFORMATIVO DE TAMAULIPAS\",\"isPartOf\":{\"@id\":\"https:\\\/\\\/elinformativotam.com\\\/#website\"},\"datePublished\":\"2020-05-09T00:37:12+00:00\",\"description\":\"*En Coordinaci\u00f3n Con El Sistema DIF Altamira Se Han Entregado M\u00e1s De 30 Mil Despensas &nbsp; Como muestra del trabajo conjunto entre el gobierno de la\",\"inLanguage\":\"es\",\"potentialAction\":[{\"@type\":\"ReadAction\",\"target\":[\"https:\\\/\\\/elinformativotam.com\\\/index.php\\\/2020\\\/05\\\/08\\\/beneficia-gobierno-de-alma-laura-amparan-a-mas-familias-con-apoyos-alimenticios\\\/\"]}]},{\"@type\":\"WebSite\",\"@id\":\"https:\\\/\\\/elinformativotam.com\\\/#website\",\"url\":\"https:\\\/\\\/elinformativotam.com\\\/\",\"name\":\"EL INFORMATIVO DE TAMAULIPAS\",\"description\":\"Desde la Zona Metropolitana Para Todo M\u00e9xico\",\"publisher\":{\"@id\":\"https:\\\/\\\/elinformativotam.com\\\/#organization\"},\"potentialAction\":[{\"@type\":\"SearchAction\",\"target\":{\"@type\":\"EntryPoint\",\"urlTemplate\":\"https:\\\/\\\/elinformativotam.com\\\/?s={search_term_string}\"},\"query-input\":{\"@type\":\"PropertyValueSpecification\",\"valueRequired\":true,\"valueName\":\"search_term_string\"}}],\"inLanguage\":\"es\"},{\"@type\":\"Organization\",\"@id\":\"https:\\\/\\\/elinformativotam.com\\\/#organization\",\"name\":\"EL INFORMATIVO DE TAMAULIPAS\",\"url\":\"https:\\\/\\\/elinformativotam.com\\\/\",\"logo\":{\"@type\":\"ImageObject\",\"inLanguage\":\"es\",\"@id\":\"https:\\\/\\\/elinformativotam.com\\\/#\\\/schema\\\/logo\\\/image\\\/\",\"url\":\"https:\\\/\\\/elinformativotam.com\\\/wp-content\\\/uploads\\\/2026\\\/02\\\/Cabezal.png\",\"contentUrl\":\"https:\\\/\\\/elinformativotam.com\\\/wp-content\\\/uploads\\\/2026\\\/02\\\/Cabezal.png\",\"width\":960,\"height\":640,\"caption\":\"EL INFORMATIVO DE TAMAULIPAS\"},\"image\":{\"@id\":\"https:\\\/\\\/elinformativotam.com\\\/#\\\/schema\\\/logo\\\/image\\\/\"}},{\"@type\":\"Person\",\"@id\":\"https:\\\/\\\/elinformativotam.com\\\/#\\\/schema\\\/person\\\/78e08040eed0f6110f0c5f83b6153590\",\"name\":\"El Informativo Tam\",\"image\":{\"@type\":\"ImageObject\",\"inLanguage\":\"es\",\"@id\":\"https:\\\/\\\/secure.gravatar.com\\\/avatar\\\/f3b7ad3af540688955925ac610647be00b0cf41feea9c4978b73a707ee86bc53?s=96&d=mm&r=g\",\"url\":\"https:\\\/\\\/secure.gravatar.com\\\/avatar\\\/f3b7ad3af540688955925ac610647be00b0cf41feea9c4978b73a707ee86bc53?s=96&d=mm&r=g\",\"contentUrl\":\"https:\\\/\\\/secure.gravatar.com\\\/avatar\\\/f3b7ad3af540688955925ac610647be00b0cf41feea9c4978b73a707ee86bc53?s=96&d=mm&r=g\",\"caption\":\"El Informativo Tam\"}}]}<\/script>\n<!-- \/ Yoast SEO plugin. -->","yoast_head_json":{"title":"BENEFICIA GOBIERNO DE ALMA LAURA AMPAR\u00c1N A M\u00c1S FAMILIAS CON APOYOS ALIMENTICIOS - EL INFORMATIVO DE TAMAULIPAS","description":"*En Coordinaci\u00f3n Con El Sistema DIF Altamira Se Han Entregado M\u00e1s De 30 Mil Despensas &nbsp; Como muestra del trabajo conjunto entre el gobierno de la","robots":{"index":"index","follow":"follow","max-snippet":"max-snippet:-1","max-image-preview":"max-image-preview:large","max-video-preview":"max-video-preview:-1"},"canonical":"https:\/\/elinformativotam.com\/index.php\/2020\/05\/08\/beneficia-gobierno-de-alma-laura-amparan-a-mas-familias-con-apoyos-alimenticios\/","og_locale":"es_MX","og_type":"article","og_title":"BENEFICIA GOBIERNO DE ALMA LAURA AMPAR\u00c1N A M\u00c1S FAMILIAS CON APOYOS ALIMENTICIOS - EL INFORMATIVO DE TAMAULIPAS","og_description":"*En Coordinaci\u00f3n Con El Sistema DIF Altamira Se Han Entregado M\u00e1s De 30 Mil Despensas &nbsp; Como muestra del trabajo conjunto entre el gobierno de la","og_url":"https:\/\/elinformativotam.com\/index.php\/2020\/05\/08\/beneficia-gobierno-de-alma-laura-amparan-a-mas-familias-con-apoyos-alimenticios\/","og_site_name":"EL INFORMATIVO DE TAMAULIPAS","article_published_time":"2020-05-09T00:37:12+00:00","author":"El Informativo Tam","twitter_card":"summary_large_image","twitter_misc":{"Escrito por":"El Informativo Tam","Tiempo de lectura":"2 minutos"},"schema":{"@context":"https:\/\/schema.org","@graph":[{"@type":"Article","@id":"https:\/\/elinformativotam.com\/index.php\/2020\/05\/08\/beneficia-gobierno-de-alma-laura-amparan-a-mas-familias-con-apoyos-alimenticios\/#article","isPartOf":{"@id":"https:\/\/elinformativotam.com\/index.php\/2020\/05\/08\/beneficia-gobierno-de-alma-laura-amparan-a-mas-familias-con-apoyos-alimenticios\/"},"author":{"name":"El Informativo Tam","@id":"https:\/\/elinformativotam.com\/#\/schema\/person\/78e08040eed0f6110f0c5f83b6153590"},"headline":"BENEFICIA GOBIERNO DE ALMA LAURA AMPAR\u00c1N A M\u00c1S FAMILIAS CON APOYOS ALIMENTICIOS","datePublished":"2020-05-09T00:37:12+00:00","mainEntityOfPage":{"@id":"https:\/\/elinformativotam.com\/index.php\/2020\/05\/08\/beneficia-gobierno-de-alma-laura-amparan-a-mas-familias-con-apoyos-alimenticios\/"},"wordCount":348,"commentCount":0,"publisher":{"@id":"https:\/\/elinformativotam.com\/#organization"},"articleSection":["Altamira"],"inLanguage":"es","potentialAction":[{"@type":"CommentAction","name":"Comment","target":["https:\/\/elinformativotam.com\/index.php\/2020\/05\/08\/beneficia-gobierno-de-alma-laura-amparan-a-mas-familias-con-apoyos-alimenticios\/#respond"]}]},{"@type":"WebPage","@id":"https:\/\/elinformativotam.com\/index.php\/2020\/05\/08\/beneficia-gobierno-de-alma-laura-amparan-a-mas-familias-con-apoyos-alimenticios\/","url":"https:\/\/elinformativotam.com\/index.php\/2020\/05\/08\/beneficia-gobierno-de-alma-laura-amparan-a-mas-familias-con-apoyos-alimenticios\/","name":"BENEFICIA GOBIERNO DE ALMA LAURA AMPAR\u00c1N A M\u00c1S FAMILIAS CON APOYOS ALIMENTICIOS - EL INFORMATIVO DE TAMAULIPAS","isPartOf":{"@id":"https:\/\/elinformativotam.com\/#website"},"datePublished":"2020-05-09T00:37:12+00:00","description":"*En Coordinaci\u00f3n Con El Sistema DIF Altamira Se Han Entregado M\u00e1s De 30 Mil Despensas &nbsp; Como muestra del trabajo conjunto entre el gobierno de la","inLanguage":"es","potentialAction":[{"@type":"ReadAction","target":["https:\/\/elinformativotam.com\/index.php\/2020\/05\/08\/beneficia-gobierno-de-alma-laura-amparan-a-mas-familias-con-apoyos-alimenticios\/"]}]},{"@type":"WebSite","@id":"https:\/\/elinformativotam.com\/#website","url":"https:\/\/elinformativotam.com\/","name":"EL INFORMATIVO DE TAMAULIPAS","description":"Desde la Zona Metropolitana Para Todo M\u00e9xico","publisher":{"@id":"https:\/\/elinformativotam.com\/#organization"},"potentialAction":[{"@type":"SearchAction","target":{"@type":"EntryPoint","urlTemplate":"https:\/\/elinformativotam.com\/?s={search_term_string}"},"query-input":{"@type":"PropertyValueSpecification","valueRequired":true,"valueName":"search_term_string"}}],"inLanguage":"es"},{"@type":"Organization","@id":"https:\/\/elinformativotam.com\/#organization","name":"EL INFORMATIVO DE TAMAULIPAS","url":"https:\/\/elinformativotam.com\/","logo":{"@type":"ImageObject","inLanguage":"es","@id":"https:\/\/elinformativotam.com\/#\/schema\/logo\/image\/","url":"https:\/\/elinformativotam.com\/wp-content\/uploads\/2026\/02\/Cabezal.png","contentUrl":"https:\/\/elinformativotam.com\/wp-content\/uploads\/2026\/02\/Cabezal.png","width":960,"height":640,"caption":"EL INFORMATIVO DE TAMAULIPAS"},"image":{"@id":"https:\/\/elinformativotam.com\/#\/schema\/logo\/image\/"}},{"@type":"Person","@id":"https:\/\/elinformativotam.com\/#\/schema\/person\/78e08040eed0f6110f0c5f83b6153590","name":"El Informativo Tam","image":{"@type":"ImageObject","inLanguage":"es","@id":"https:\/\/secure.gravatar.com\/avatar\/f3b7ad3af540688955925ac610647be00b0cf41feea9c4978b73a707ee86bc53?s=96&d=mm&r=g","url":"https:\/\/secure.gravatar.com\/avatar\/f3b7ad3af540688955925ac610647be00b0cf41feea9c4978b73a707ee86bc53?s=96&d=mm&r=g","contentUrl":"https:\/\/secure.gravatar.com\/avatar\/f3b7ad3af540688955925ac610647be00b0cf41feea9c4978b73a707ee86bc53?s=96&d=mm&r=g","caption":"El Informativo Tam"}}]}},"_links":{"self":[{"href":"https:\/\/elinformativotam.com\/index.php\/wp-json\/wp\/v2\/posts\/5921","targetHints":{"allow":["GET"]}}],"collection":[{"href":"https:\/\/elinformativotam.com\/index.php\/wp-json\/wp\/v2\/posts"}],"about":[{"href":"https:\/\/elinformativotam.com\/index.php\/wp-json\/wp\/v2\/types\/post"}],"author":[{"embeddable":true,"href":"https:\/\/elinformativotam.com\/index.php\/wp-json\/wp\/v2\/users\/1"}],"replies":[{"embeddable":true,"href":"https:\/\/elinformativotam.com\/index.php\/wp-json\/wp\/v2\/comments?post=5921"}],"version-history":[{"count":0,"href":"https:\/\/elinformativotam.com\/index.php\/wp-json\/wp\/v2\/posts\/5921\/revisions"}],"wp:attachment":[{"href":"https:\/\/elinformativotam.com\/index.php\/wp-json\/wp\/v2\/media?parent=5921"}],"wp:term":[{"taxonomy":"category","embeddable":true,"href":"https:\/\/elinformativotam.com\/index.php\/wp-json\/wp\/v2\/categories?post=5921"},{"taxonomy":"post_tag","embeddable":true,"href":"https:\/\/elinformativotam.com\/index.php\/wp-json\/wp\/v2\/tags?post=5921"}],"curies":[{"name":"wp","href":"https:\/\/api.w.org\/{rel}","templated":true}]}}