{"id":5919,"date":"2020-05-08T18:31:06","date_gmt":"2020-05-09T00:31:06","guid":{"rendered":"http:\/\/elinformativotam.com\/?p=5919"},"modified":"2020-05-08T18:31:06","modified_gmt":"2020-05-09T00:31:06","slug":"mon-maron-dona-30-litros-de-gel-antibacterial-y-felicita-al-cuerpo-policiaco","status":"publish","type":"post","link":"https:\/\/elinformativotam.com\/index.php\/2020\/05\/08\/mon-maron-dona-30-litros-de-gel-antibacterial-y-felicita-al-cuerpo-policiaco\/","title":{"rendered":"MON MAR\u00d3N DONA 30 LITROS DE GEL ANTIBACTERIAL Y FELICITA AL CUERPO POLIC\u00cdACO"},"content":{"rendered":"<h2><strong><em>*La labor polic\u00edaca es fundamental para continuar los logros a favor de la paz y tranquilidad social en el sur de Tamaulipas.<\/em><\/strong><\/h2>\n<p>&nbsp;<\/p>\n<p>Con el objetivo de apoyar a la polic\u00eda estatal, el Diputado Local Mon Mar\u00f3n entreg\u00f3 30 litros de gel antibacterial para prevenir riesgo de contagio por COVID-19 en sus tareas diarias de vigilancia y rondines en las diferentes colonias de la zona sur de Tamaulipas.<\/p>\n<p>&nbsp;<\/p>\n<p>En las instalaciones de la Polic\u00eda Estatal en Tampico, Mon Mar\u00f3n dijo que los ocho galones de este insumo b\u00e1sico de higiene son muy relevantes para su protecci\u00f3n en el cuidado de su salud durante su labor diaria ya que est\u00e1n expuestos al momento de tener contacto con la ciudadan\u00eda en general. En ese sentido aseguro que es fundamental que cada elemento polic\u00edaco este saludable para que pueda continuar con su desempe\u00f1o a favor de la ciudadan\u00eda, para mantener el orden social y la paz.<\/p>\n<p>&nbsp;<\/p>\n<p>\u201cMe siento muy orgulloso de la labor que realiza cada polic\u00eda, se ha visto notoriamente, han logrado un cambio importante , como lo es la disminuci\u00f3n de la inseguridad y mejoramiento de los indicadores. Se ha reflejando una amplia reducci\u00f3n de delitos del orden local como robo a casa habitaci\u00f3n , a comercios o de autos y de alto impacto como secuestros, extorsiones, entre otros.\u00a0 Sin duda es la suma de las estrategias implementadas por el Gobernador Francisco Garc\u00eda Cabeza de Vaca para avanzar hacia la tranquilidad y paz social de las familias del sur de Tamaulipas y la suma de acciones con el Gobierno Municipal que encabeza Chucho Nader \u201d se\u00f1alo.<\/p>\n<p>&nbsp;<\/p>\n<p>Indico el Legislador Local, que garantizar la salud de los polic\u00edas estatales ante esta pandemia provocada por el Coronavirus es fundamental, ya que permite seguir avanzando en la consolidaci\u00f3n de Tamaulipas, estado que por quinto mes consecutivo est\u00e1 por debajo de la media nacional en seis delitos, como lo son homicidio culposo, secuestro, robo a casa habitaci\u00f3n, comercio o auto y la reducci\u00f3n de los delitos patrimoniales a la mitad, desde febrero del presente a\u00f1o en nuestra entidad.<\/p>\n<p>&nbsp;<\/p>\n<p>Finalmente Mon Mar\u00f3n expreso que en base a los indicadores del INEGI la zona conurbada se encuentra dentro de las primeras tres mejor evaluadas a nivel nacional en temas de percepci\u00f3n de seguridad. Resalt\u00f3 la gran labor que est\u00e1n realizando los integrantes de la Mesa Ciudadana de Seguridad y Justicia de Tampico, Madero y Altamira en conjunto con las autoridades estatale<\/p>\n","protected":false},"excerpt":{"rendered":"<p>*La labor polic\u00edaca es fundamental para continuar los logros a favor de la paz y tranquilidad social en el sur&hellip;<\/p>\n","protected":false},"author":1,"featured_media":0,"comment_status":"open","ping_status":"open","sticky":false,"template":"","format":"standard","meta":{"footnotes":""},"categories":[3],"tags":[],"class_list":["post-5919","post","type-post","status-publish","format-standard","hentry","category-tampico"],"yoast_head":"<!-- This site is optimized with the Yoast SEO plugin v27.5 - https:\/\/yoast.com\/product\/yoast-seo-wordpress\/ -->\n<title>MON MAR\u00d3N DONA 30 LITROS DE GEL ANTIBACTERIAL Y FELICITA AL CUERPO POLIC\u00cdACO - EL INFORMATIVO DE TAMAULIPAS<\/title>\n<meta name=\"description\" content=\"*La labor polic\u00edaca es fundamental para continuar los logros a favor de la paz y tranquilidad social en el sur de Tamaulipas. &nbsp; Con el objetivo de\" \/>\n<meta name=\"robots\" content=\"index, follow, max-snippet:-1, max-image-preview:large, max-video-preview:-1\" \/>\n<link rel=\"canonical\" href=\"https:\/\/elinformativotam.com\/index.php\/2020\/05\/08\/mon-maron-dona-30-litros-de-gel-antibacterial-y-felicita-al-cuerpo-policiaco\/\" \/>\n<meta property=\"og:locale\" content=\"es_MX\" \/>\n<meta property=\"og:type\" content=\"article\" \/>\n<meta property=\"og:title\" content=\"MON MAR\u00d3N DONA 30 LITROS DE GEL ANTIBACTERIAL Y FELICITA AL CUERPO POLIC\u00cdACO - EL INFORMATIVO DE TAMAULIPAS\" \/>\n<meta property=\"og:description\" content=\"*La labor polic\u00edaca es fundamental para continuar los logros a favor de la paz y tranquilidad social en el sur de Tamaulipas. &nbsp; Con el objetivo de\" \/>\n<meta property=\"og:url\" content=\"https:\/\/elinformativotam.com\/index.php\/2020\/05\/08\/mon-maron-dona-30-litros-de-gel-antibacterial-y-felicita-al-cuerpo-policiaco\/\" \/>\n<meta property=\"og:site_name\" content=\"EL INFORMATIVO DE TAMAULIPAS\" \/>\n<meta property=\"article:published_time\" content=\"2020-05-09T00:31:06+00:00\" \/>\n<meta name=\"author\" content=\"El Informativo Tam\" \/>\n<meta name=\"twitter:card\" content=\"summary_large_image\" \/>\n<meta name=\"twitter:label1\" content=\"Escrito por\" \/>\n\t<meta name=\"twitter:data1\" content=\"El Informativo Tam\" \/>\n\t<meta name=\"twitter:label2\" content=\"Tiempo de lectura\" \/>\n\t<meta name=\"twitter:data2\" content=\"2 minutos\" \/>\n<script type=\"application\/ld+json\" class=\"yoast-schema-graph\">{\"@context\":\"https:\\\/\\\/schema.org\",\"@graph\":[{\"@type\":\"Article\",\"@id\":\"https:\\\/\\\/elinformativotam.com\\\/index.php\\\/2020\\\/05\\\/08\\\/mon-maron-dona-30-litros-de-gel-antibacterial-y-felicita-al-cuerpo-policiaco\\\/#article\",\"isPartOf\":{\"@id\":\"https:\\\/\\\/elinformativotam.com\\\/index.php\\\/2020\\\/05\\\/08\\\/mon-maron-dona-30-litros-de-gel-antibacterial-y-felicita-al-cuerpo-policiaco\\\/\"},\"author\":{\"name\":\"El Informativo Tam\",\"@id\":\"https:\\\/\\\/elinformativotam.com\\\/#\\\/schema\\\/person\\\/78e08040eed0f6110f0c5f83b6153590\"},\"headline\":\"MON MAR\u00d3N DONA 30 LITROS DE GEL ANTIBACTERIAL Y FELICITA AL CUERPO POLIC\u00cdACO\",\"datePublished\":\"2020-05-09T00:31:06+00:00\",\"mainEntityOfPage\":{\"@id\":\"https:\\\/\\\/elinformativotam.com\\\/index.php\\\/2020\\\/05\\\/08\\\/mon-maron-dona-30-litros-de-gel-antibacterial-y-felicita-al-cuerpo-policiaco\\\/\"},\"wordCount\":444,\"commentCount\":0,\"publisher\":{\"@id\":\"https:\\\/\\\/elinformativotam.com\\\/#organization\"},\"articleSection\":[\"Tampico\"],\"inLanguage\":\"es\",\"potentialAction\":[{\"@type\":\"CommentAction\",\"name\":\"Comment\",\"target\":[\"https:\\\/\\\/elinformativotam.com\\\/index.php\\\/2020\\\/05\\\/08\\\/mon-maron-dona-30-litros-de-gel-antibacterial-y-felicita-al-cuerpo-policiaco\\\/#respond\"]}]},{\"@type\":\"WebPage\",\"@id\":\"https:\\\/\\\/elinformativotam.com\\\/index.php\\\/2020\\\/05\\\/08\\\/mon-maron-dona-30-litros-de-gel-antibacterial-y-felicita-al-cuerpo-policiaco\\\/\",\"url\":\"https:\\\/\\\/elinformativotam.com\\\/index.php\\\/2020\\\/05\\\/08\\\/mon-maron-dona-30-litros-de-gel-antibacterial-y-felicita-al-cuerpo-policiaco\\\/\",\"name\":\"MON MAR\u00d3N DONA 30 LITROS DE GEL ANTIBACTERIAL Y FELICITA AL CUERPO POLIC\u00cdACO - EL INFORMATIVO DE TAMAULIPAS\",\"isPartOf\":{\"@id\":\"https:\\\/\\\/elinformativotam.com\\\/#website\"},\"datePublished\":\"2020-05-09T00:31:06+00:00\",\"description\":\"*La labor polic\u00edaca es fundamental para continuar los logros a favor de la paz y tranquilidad social en el sur de Tamaulipas. &nbsp; Con el objetivo de\",\"inLanguage\":\"es\",\"potentialAction\":[{\"@type\":\"ReadAction\",\"target\":[\"https:\\\/\\\/elinformativotam.com\\\/index.php\\\/2020\\\/05\\\/08\\\/mon-maron-dona-30-litros-de-gel-antibacterial-y-felicita-al-cuerpo-policiaco\\\/\"]}]},{\"@type\":\"WebSite\",\"@id\":\"https:\\\/\\\/elinformativotam.com\\\/#website\",\"url\":\"https:\\\/\\\/elinformativotam.com\\\/\",\"name\":\"EL INFORMATIVO DE TAMAULIPAS\",\"description\":\"Desde la Zona Metropolitana Para Todo M\u00e9xico\",\"publisher\":{\"@id\":\"https:\\\/\\\/elinformativotam.com\\\/#organization\"},\"potentialAction\":[{\"@type\":\"SearchAction\",\"target\":{\"@type\":\"EntryPoint\",\"urlTemplate\":\"https:\\\/\\\/elinformativotam.com\\\/?s={search_term_string}\"},\"query-input\":{\"@type\":\"PropertyValueSpecification\",\"valueRequired\":true,\"valueName\":\"search_term_string\"}}],\"inLanguage\":\"es\"},{\"@type\":\"Organization\",\"@id\":\"https:\\\/\\\/elinformativotam.com\\\/#organization\",\"name\":\"EL INFORMATIVO DE TAMAULIPAS\",\"url\":\"https:\\\/\\\/elinformativotam.com\\\/\",\"logo\":{\"@type\":\"ImageObject\",\"inLanguage\":\"es\",\"@id\":\"https:\\\/\\\/elinformativotam.com\\\/#\\\/schema\\\/logo\\\/image\\\/\",\"url\":\"https:\\\/\\\/elinformativotam.com\\\/wp-content\\\/uploads\\\/2026\\\/02\\\/Cabezal.png\",\"contentUrl\":\"https:\\\/\\\/elinformativotam.com\\\/wp-content\\\/uploads\\\/2026\\\/02\\\/Cabezal.png\",\"width\":960,\"height\":640,\"caption\":\"EL INFORMATIVO DE TAMAULIPAS\"},\"image\":{\"@id\":\"https:\\\/\\\/elinformativotam.com\\\/#\\\/schema\\\/logo\\\/image\\\/\"}},{\"@type\":\"Person\",\"@id\":\"https:\\\/\\\/elinformativotam.com\\\/#\\\/schema\\\/person\\\/78e08040eed0f6110f0c5f83b6153590\",\"name\":\"El Informativo Tam\",\"image\":{\"@type\":\"ImageObject\",\"inLanguage\":\"es\",\"@id\":\"https:\\\/\\\/secure.gravatar.com\\\/avatar\\\/f3b7ad3af540688955925ac610647be00b0cf41feea9c4978b73a707ee86bc53?s=96&d=mm&r=g\",\"url\":\"https:\\\/\\\/secure.gravatar.com\\\/avatar\\\/f3b7ad3af540688955925ac610647be00b0cf41feea9c4978b73a707ee86bc53?s=96&d=mm&r=g\",\"contentUrl\":\"https:\\\/\\\/secure.gravatar.com\\\/avatar\\\/f3b7ad3af540688955925ac610647be00b0cf41feea9c4978b73a707ee86bc53?s=96&d=mm&r=g\",\"caption\":\"El Informativo Tam\"}}]}<\/script>\n<!-- \/ Yoast SEO plugin. -->","yoast_head_json":{"title":"MON MAR\u00d3N DONA 30 LITROS DE GEL ANTIBACTERIAL Y FELICITA AL CUERPO POLIC\u00cdACO - EL INFORMATIVO DE TAMAULIPAS","description":"*La labor polic\u00edaca es fundamental para continuar los logros a favor de la paz y tranquilidad social en el sur de Tamaulipas. &nbsp; Con el objetivo de","robots":{"index":"index","follow":"follow","max-snippet":"max-snippet:-1","max-image-preview":"max-image-preview:large","max-video-preview":"max-video-preview:-1"},"canonical":"https:\/\/elinformativotam.com\/index.php\/2020\/05\/08\/mon-maron-dona-30-litros-de-gel-antibacterial-y-felicita-al-cuerpo-policiaco\/","og_locale":"es_MX","og_type":"article","og_title":"MON MAR\u00d3N DONA 30 LITROS DE GEL ANTIBACTERIAL Y FELICITA AL CUERPO POLIC\u00cdACO - EL INFORMATIVO DE TAMAULIPAS","og_description":"*La labor polic\u00edaca es fundamental para continuar los logros a favor de la paz y tranquilidad social en el sur de Tamaulipas. &nbsp; Con el objetivo de","og_url":"https:\/\/elinformativotam.com\/index.php\/2020\/05\/08\/mon-maron-dona-30-litros-de-gel-antibacterial-y-felicita-al-cuerpo-policiaco\/","og_site_name":"EL INFORMATIVO DE TAMAULIPAS","article_published_time":"2020-05-09T00:31:06+00:00","author":"El Informativo Tam","twitter_card":"summary_large_image","twitter_misc":{"Escrito por":"El Informativo Tam","Tiempo de lectura":"2 minutos"},"schema":{"@context":"https:\/\/schema.org","@graph":[{"@type":"Article","@id":"https:\/\/elinformativotam.com\/index.php\/2020\/05\/08\/mon-maron-dona-30-litros-de-gel-antibacterial-y-felicita-al-cuerpo-policiaco\/#article","isPartOf":{"@id":"https:\/\/elinformativotam.com\/index.php\/2020\/05\/08\/mon-maron-dona-30-litros-de-gel-antibacterial-y-felicita-al-cuerpo-policiaco\/"},"author":{"name":"El Informativo Tam","@id":"https:\/\/elinformativotam.com\/#\/schema\/person\/78e08040eed0f6110f0c5f83b6153590"},"headline":"MON MAR\u00d3N DONA 30 LITROS DE GEL ANTIBACTERIAL Y FELICITA AL CUERPO POLIC\u00cdACO","datePublished":"2020-05-09T00:31:06+00:00","mainEntityOfPage":{"@id":"https:\/\/elinformativotam.com\/index.php\/2020\/05\/08\/mon-maron-dona-30-litros-de-gel-antibacterial-y-felicita-al-cuerpo-policiaco\/"},"wordCount":444,"commentCount":0,"publisher":{"@id":"https:\/\/elinformativotam.com\/#organization"},"articleSection":["Tampico"],"inLanguage":"es","potentialAction":[{"@type":"CommentAction","name":"Comment","target":["https:\/\/elinformativotam.com\/index.php\/2020\/05\/08\/mon-maron-dona-30-litros-de-gel-antibacterial-y-felicita-al-cuerpo-policiaco\/#respond"]}]},{"@type":"WebPage","@id":"https:\/\/elinformativotam.com\/index.php\/2020\/05\/08\/mon-maron-dona-30-litros-de-gel-antibacterial-y-felicita-al-cuerpo-policiaco\/","url":"https:\/\/elinformativotam.com\/index.php\/2020\/05\/08\/mon-maron-dona-30-litros-de-gel-antibacterial-y-felicita-al-cuerpo-policiaco\/","name":"MON MAR\u00d3N DONA 30 LITROS DE GEL ANTIBACTERIAL Y FELICITA AL CUERPO POLIC\u00cdACO - EL INFORMATIVO DE TAMAULIPAS","isPartOf":{"@id":"https:\/\/elinformativotam.com\/#website"},"datePublished":"2020-05-09T00:31:06+00:00","description":"*La labor polic\u00edaca es fundamental para continuar los logros a favor de la paz y tranquilidad social en el sur de Tamaulipas. &nbsp; Con el objetivo de","inLanguage":"es","potentialAction":[{"@type":"ReadAction","target":["https:\/\/elinformativotam.com\/index.php\/2020\/05\/08\/mon-maron-dona-30-litros-de-gel-antibacterial-y-felicita-al-cuerpo-policiaco\/"]}]},{"@type":"WebSite","@id":"https:\/\/elinformativotam.com\/#website","url":"https:\/\/elinformativotam.com\/","name":"EL INFORMATIVO DE TAMAULIPAS","description":"Desde la Zona Metropolitana Para Todo M\u00e9xico","publisher":{"@id":"https:\/\/elinformativotam.com\/#organization"},"potentialAction":[{"@type":"SearchAction","target":{"@type":"EntryPoint","urlTemplate":"https:\/\/elinformativotam.com\/?s={search_term_string}"},"query-input":{"@type":"PropertyValueSpecification","valueRequired":true,"valueName":"search_term_string"}}],"inLanguage":"es"},{"@type":"Organization","@id":"https:\/\/elinformativotam.com\/#organization","name":"EL INFORMATIVO DE TAMAULIPAS","url":"https:\/\/elinformativotam.com\/","logo":{"@type":"ImageObject","inLanguage":"es","@id":"https:\/\/elinformativotam.com\/#\/schema\/logo\/image\/","url":"https:\/\/elinformativotam.com\/wp-content\/uploads\/2026\/02\/Cabezal.png","contentUrl":"https:\/\/elinformativotam.com\/wp-content\/uploads\/2026\/02\/Cabezal.png","width":960,"height":640,"caption":"EL INFORMATIVO DE TAMAULIPAS"},"image":{"@id":"https:\/\/elinformativotam.com\/#\/schema\/logo\/image\/"}},{"@type":"Person","@id":"https:\/\/elinformativotam.com\/#\/schema\/person\/78e08040eed0f6110f0c5f83b6153590","name":"El Informativo Tam","image":{"@type":"ImageObject","inLanguage":"es","@id":"https:\/\/secure.gravatar.com\/avatar\/f3b7ad3af540688955925ac610647be00b0cf41feea9c4978b73a707ee86bc53?s=96&d=mm&r=g","url":"https:\/\/secure.gravatar.com\/avatar\/f3b7ad3af540688955925ac610647be00b0cf41feea9c4978b73a707ee86bc53?s=96&d=mm&r=g","contentUrl":"https:\/\/secure.gravatar.com\/avatar\/f3b7ad3af540688955925ac610647be00b0cf41feea9c4978b73a707ee86bc53?s=96&d=mm&r=g","caption":"El Informativo Tam"}}]}},"_links":{"self":[{"href":"https:\/\/elinformativotam.com\/index.php\/wp-json\/wp\/v2\/posts\/5919","targetHints":{"allow":["GET"]}}],"collection":[{"href":"https:\/\/elinformativotam.com\/index.php\/wp-json\/wp\/v2\/posts"}],"about":[{"href":"https:\/\/elinformativotam.com\/index.php\/wp-json\/wp\/v2\/types\/post"}],"author":[{"embeddable":true,"href":"https:\/\/elinformativotam.com\/index.php\/wp-json\/wp\/v2\/users\/1"}],"replies":[{"embeddable":true,"href":"https:\/\/elinformativotam.com\/index.php\/wp-json\/wp\/v2\/comments?post=5919"}],"version-history":[{"count":0,"href":"https:\/\/elinformativotam.com\/index.php\/wp-json\/wp\/v2\/posts\/5919\/revisions"}],"wp:attachment":[{"href":"https:\/\/elinformativotam.com\/index.php\/wp-json\/wp\/v2\/media?parent=5919"}],"wp:term":[{"taxonomy":"category","embeddable":true,"href":"https:\/\/elinformativotam.com\/index.php\/wp-json\/wp\/v2\/categories?post=5919"},{"taxonomy":"post_tag","embeddable":true,"href":"https:\/\/elinformativotam.com\/index.php\/wp-json\/wp\/v2\/tags?post=5919"}],"curies":[{"name":"wp","href":"https:\/\/api.w.org\/{rel}","templated":true}]}}