{"id":5903,"date":"2020-05-08T18:06:57","date_gmt":"2020-05-09T00:06:57","guid":{"rendered":"http:\/\/elinformativotam.com\/?p=5903"},"modified":"2020-05-08T18:06:57","modified_gmt":"2020-05-09T00:06:57","slug":"entrega-ayuntamiento-de-madero-3-mil-despensas-a-familias-vulnerables","status":"publish","type":"post","link":"https:\/\/elinformativotam.com\/index.php\/2020\/05\/08\/entrega-ayuntamiento-de-madero-3-mil-despensas-a-familias-vulnerables\/","title":{"rendered":"ENTREGA AYUNTAMIENTO DE MADERO 3 MIL DESPENSAS A FAMILIAS VULNERABLES."},"content":{"rendered":"<p>Cd.Madero, Tamaulipas.- El ayuntamiento de Ciudad Madero, contin\u00faa apoyando a las familias de sectores m\u00e1s vulnerables afectados por la contingencia sanitaria derivada del Covid-19, siendo distribuidas hasta el momento 3 mil despensas casa por casa.<\/p>\n<p>&nbsp;<\/p>\n<p>Jes\u00fas Su\u00e1rez Mata, director de Participaci\u00f3n Ciudadana, se\u00f1al\u00f3 que se est\u00e1n realizando recorridos por lo sectores de la zona norte de la ciudad con alto \u00edndice de bajos recursos econ\u00f3micos que se tienen detectados con base en un estudio.<\/p>\n<p>&nbsp;<\/p>\n<p>\u201cEn los recorridos que hemos realizado por los diversos sectores del municipio,\u00a0 el propio alcalde ha estado proporcionando las despensas a la ciudadan\u00eda, adem\u00e1s de que tambi\u00e9n les ha llevado acciones de sanitizaci\u00f3n para frenar los contagios\u201d.<\/p>\n<p>&nbsp;<\/p>\n<p>Explic\u00f3 que durante la entrega se cumple con las recomendaciones sanitarias respetando la sana distancia, no saludando de mano y\u00a0 portando cubrebocas y guantes.<\/p>\n<p>&nbsp;<\/p>\n<p>Mencion\u00f3 que se visitar\u00e1 por ejemplo la colonia Miramar, para beneficiar a m\u00e1s familias que lo requieren dentro de esta contingencia sanitaria que enfrenta el pa\u00eds, entregando estos apoyos alimentarios que se obtuvieron con recursos propios del municipio y aportaciones de empresas.<\/p>\n","protected":false},"excerpt":{"rendered":"<p>Cd.Madero, Tamaulipas.- El ayuntamiento de Ciudad Madero, contin\u00faa apoyando a las familias de sectores m\u00e1s vulnerables afectados por la contingencia&hellip;<\/p>\n","protected":false},"author":1,"featured_media":0,"comment_status":"open","ping_status":"open","sticky":false,"template":"","format":"standard","meta":{"footnotes":""},"categories":[4],"tags":[],"class_list":["post-5903","post","type-post","status-publish","format-standard","hentry","category-madero"],"yoast_head":"<!-- This site is optimized with the Yoast SEO plugin v27.5 - https:\/\/yoast.com\/product\/yoast-seo-wordpress\/ -->\n<title>ENTREGA AYUNTAMIENTO DE MADERO 3 MIL DESPENSAS A FAMILIAS VULNERABLES. - EL INFORMATIVO DE TAMAULIPAS<\/title>\n<meta name=\"description\" content=\"Cd.Madero, Tamaulipas.- El ayuntamiento de Ciudad Madero, contin\u00faa apoyando a las familias de sectores m\u00e1s vulnerables afectados por la contingencia\" \/>\n<meta name=\"robots\" content=\"index, follow, max-snippet:-1, max-image-preview:large, max-video-preview:-1\" \/>\n<link rel=\"canonical\" href=\"https:\/\/elinformativotam.com\/index.php\/2020\/05\/08\/entrega-ayuntamiento-de-madero-3-mil-despensas-a-familias-vulnerables\/\" \/>\n<meta property=\"og:locale\" content=\"es_MX\" \/>\n<meta property=\"og:type\" content=\"article\" \/>\n<meta property=\"og:title\" content=\"ENTREGA AYUNTAMIENTO DE MADERO 3 MIL DESPENSAS A FAMILIAS VULNERABLES. - EL INFORMATIVO DE TAMAULIPAS\" \/>\n<meta property=\"og:description\" content=\"Cd.Madero, Tamaulipas.- El ayuntamiento de Ciudad Madero, contin\u00faa apoyando a las familias de sectores m\u00e1s vulnerables afectados por la contingencia\" \/>\n<meta property=\"og:url\" content=\"https:\/\/elinformativotam.com\/index.php\/2020\/05\/08\/entrega-ayuntamiento-de-madero-3-mil-despensas-a-familias-vulnerables\/\" \/>\n<meta property=\"og:site_name\" content=\"EL INFORMATIVO DE TAMAULIPAS\" \/>\n<meta property=\"article:published_time\" content=\"2020-05-09T00:06:57+00:00\" \/>\n<meta name=\"author\" content=\"El Informativo Tam\" \/>\n<meta name=\"twitter:card\" content=\"summary_large_image\" \/>\n<meta name=\"twitter:label1\" content=\"Escrito por\" \/>\n\t<meta name=\"twitter:data1\" content=\"El Informativo Tam\" \/>\n\t<meta name=\"twitter:label2\" content=\"Tiempo de lectura\" \/>\n\t<meta name=\"twitter:data2\" content=\"1 minuto\" \/>\n<script type=\"application\/ld+json\" class=\"yoast-schema-graph\">{\"@context\":\"https:\\\/\\\/schema.org\",\"@graph\":[{\"@type\":\"Article\",\"@id\":\"https:\\\/\\\/elinformativotam.com\\\/index.php\\\/2020\\\/05\\\/08\\\/entrega-ayuntamiento-de-madero-3-mil-despensas-a-familias-vulnerables\\\/#article\",\"isPartOf\":{\"@id\":\"https:\\\/\\\/elinformativotam.com\\\/index.php\\\/2020\\\/05\\\/08\\\/entrega-ayuntamiento-de-madero-3-mil-despensas-a-familias-vulnerables\\\/\"},\"author\":{\"name\":\"El Informativo Tam\",\"@id\":\"https:\\\/\\\/elinformativotam.com\\\/#\\\/schema\\\/person\\\/78e08040eed0f6110f0c5f83b6153590\"},\"headline\":\"ENTREGA AYUNTAMIENTO DE MADERO 3 MIL DESPENSAS A FAMILIAS VULNERABLES.\",\"datePublished\":\"2020-05-09T00:06:57+00:00\",\"mainEntityOfPage\":{\"@id\":\"https:\\\/\\\/elinformativotam.com\\\/index.php\\\/2020\\\/05\\\/08\\\/entrega-ayuntamiento-de-madero-3-mil-despensas-a-familias-vulnerables\\\/\"},\"wordCount\":205,\"commentCount\":0,\"publisher\":{\"@id\":\"https:\\\/\\\/elinformativotam.com\\\/#organization\"},\"articleSection\":[\"Cd Madero\"],\"inLanguage\":\"es\",\"potentialAction\":[{\"@type\":\"CommentAction\",\"name\":\"Comment\",\"target\":[\"https:\\\/\\\/elinformativotam.com\\\/index.php\\\/2020\\\/05\\\/08\\\/entrega-ayuntamiento-de-madero-3-mil-despensas-a-familias-vulnerables\\\/#respond\"]}]},{\"@type\":\"WebPage\",\"@id\":\"https:\\\/\\\/elinformativotam.com\\\/index.php\\\/2020\\\/05\\\/08\\\/entrega-ayuntamiento-de-madero-3-mil-despensas-a-familias-vulnerables\\\/\",\"url\":\"https:\\\/\\\/elinformativotam.com\\\/index.php\\\/2020\\\/05\\\/08\\\/entrega-ayuntamiento-de-madero-3-mil-despensas-a-familias-vulnerables\\\/\",\"name\":\"ENTREGA AYUNTAMIENTO DE MADERO 3 MIL DESPENSAS A FAMILIAS VULNERABLES. - EL INFORMATIVO DE TAMAULIPAS\",\"isPartOf\":{\"@id\":\"https:\\\/\\\/elinformativotam.com\\\/#website\"},\"datePublished\":\"2020-05-09T00:06:57+00:00\",\"description\":\"Cd.Madero, Tamaulipas.- El ayuntamiento de Ciudad Madero, contin\u00faa apoyando a las familias de sectores m\u00e1s vulnerables afectados por la contingencia\",\"inLanguage\":\"es\",\"potentialAction\":[{\"@type\":\"ReadAction\",\"target\":[\"https:\\\/\\\/elinformativotam.com\\\/index.php\\\/2020\\\/05\\\/08\\\/entrega-ayuntamiento-de-madero-3-mil-despensas-a-familias-vulnerables\\\/\"]}]},{\"@type\":\"WebSite\",\"@id\":\"https:\\\/\\\/elinformativotam.com\\\/#website\",\"url\":\"https:\\\/\\\/elinformativotam.com\\\/\",\"name\":\"EL INFORMATIVO DE TAMAULIPAS\",\"description\":\"Desde la Zona Metropolitana Para Todo M\u00e9xico\",\"publisher\":{\"@id\":\"https:\\\/\\\/elinformativotam.com\\\/#organization\"},\"potentialAction\":[{\"@type\":\"SearchAction\",\"target\":{\"@type\":\"EntryPoint\",\"urlTemplate\":\"https:\\\/\\\/elinformativotam.com\\\/?s={search_term_string}\"},\"query-input\":{\"@type\":\"PropertyValueSpecification\",\"valueRequired\":true,\"valueName\":\"search_term_string\"}}],\"inLanguage\":\"es\"},{\"@type\":\"Organization\",\"@id\":\"https:\\\/\\\/elinformativotam.com\\\/#organization\",\"name\":\"EL INFORMATIVO DE TAMAULIPAS\",\"url\":\"https:\\\/\\\/elinformativotam.com\\\/\",\"logo\":{\"@type\":\"ImageObject\",\"inLanguage\":\"es\",\"@id\":\"https:\\\/\\\/elinformativotam.com\\\/#\\\/schema\\\/logo\\\/image\\\/\",\"url\":\"https:\\\/\\\/elinformativotam.com\\\/wp-content\\\/uploads\\\/2026\\\/02\\\/Cabezal.png\",\"contentUrl\":\"https:\\\/\\\/elinformativotam.com\\\/wp-content\\\/uploads\\\/2026\\\/02\\\/Cabezal.png\",\"width\":960,\"height\":640,\"caption\":\"EL INFORMATIVO DE TAMAULIPAS\"},\"image\":{\"@id\":\"https:\\\/\\\/elinformativotam.com\\\/#\\\/schema\\\/logo\\\/image\\\/\"}},{\"@type\":\"Person\",\"@id\":\"https:\\\/\\\/elinformativotam.com\\\/#\\\/schema\\\/person\\\/78e08040eed0f6110f0c5f83b6153590\",\"name\":\"El Informativo Tam\",\"image\":{\"@type\":\"ImageObject\",\"inLanguage\":\"es\",\"@id\":\"https:\\\/\\\/secure.gravatar.com\\\/avatar\\\/f3b7ad3af540688955925ac610647be00b0cf41feea9c4978b73a707ee86bc53?s=96&d=mm&r=g\",\"url\":\"https:\\\/\\\/secure.gravatar.com\\\/avatar\\\/f3b7ad3af540688955925ac610647be00b0cf41feea9c4978b73a707ee86bc53?s=96&d=mm&r=g\",\"contentUrl\":\"https:\\\/\\\/secure.gravatar.com\\\/avatar\\\/f3b7ad3af540688955925ac610647be00b0cf41feea9c4978b73a707ee86bc53?s=96&d=mm&r=g\",\"caption\":\"El Informativo Tam\"}}]}<\/script>\n<!-- \/ Yoast SEO plugin. -->","yoast_head_json":{"title":"ENTREGA AYUNTAMIENTO DE MADERO 3 MIL DESPENSAS A FAMILIAS VULNERABLES. - EL INFORMATIVO DE TAMAULIPAS","description":"Cd.Madero, Tamaulipas.- El ayuntamiento de Ciudad Madero, contin\u00faa apoyando a las familias de sectores m\u00e1s vulnerables afectados por la contingencia","robots":{"index":"index","follow":"follow","max-snippet":"max-snippet:-1","max-image-preview":"max-image-preview:large","max-video-preview":"max-video-preview:-1"},"canonical":"https:\/\/elinformativotam.com\/index.php\/2020\/05\/08\/entrega-ayuntamiento-de-madero-3-mil-despensas-a-familias-vulnerables\/","og_locale":"es_MX","og_type":"article","og_title":"ENTREGA AYUNTAMIENTO DE MADERO 3 MIL DESPENSAS A FAMILIAS VULNERABLES. - EL INFORMATIVO DE TAMAULIPAS","og_description":"Cd.Madero, Tamaulipas.- El ayuntamiento de Ciudad Madero, contin\u00faa apoyando a las familias de sectores m\u00e1s vulnerables afectados por la contingencia","og_url":"https:\/\/elinformativotam.com\/index.php\/2020\/05\/08\/entrega-ayuntamiento-de-madero-3-mil-despensas-a-familias-vulnerables\/","og_site_name":"EL INFORMATIVO DE TAMAULIPAS","article_published_time":"2020-05-09T00:06:57+00:00","author":"El Informativo Tam","twitter_card":"summary_large_image","twitter_misc":{"Escrito por":"El Informativo Tam","Tiempo de lectura":"1 minuto"},"schema":{"@context":"https:\/\/schema.org","@graph":[{"@type":"Article","@id":"https:\/\/elinformativotam.com\/index.php\/2020\/05\/08\/entrega-ayuntamiento-de-madero-3-mil-despensas-a-familias-vulnerables\/#article","isPartOf":{"@id":"https:\/\/elinformativotam.com\/index.php\/2020\/05\/08\/entrega-ayuntamiento-de-madero-3-mil-despensas-a-familias-vulnerables\/"},"author":{"name":"El Informativo Tam","@id":"https:\/\/elinformativotam.com\/#\/schema\/person\/78e08040eed0f6110f0c5f83b6153590"},"headline":"ENTREGA AYUNTAMIENTO DE MADERO 3 MIL DESPENSAS A FAMILIAS VULNERABLES.","datePublished":"2020-05-09T00:06:57+00:00","mainEntityOfPage":{"@id":"https:\/\/elinformativotam.com\/index.php\/2020\/05\/08\/entrega-ayuntamiento-de-madero-3-mil-despensas-a-familias-vulnerables\/"},"wordCount":205,"commentCount":0,"publisher":{"@id":"https:\/\/elinformativotam.com\/#organization"},"articleSection":["Cd Madero"],"inLanguage":"es","potentialAction":[{"@type":"CommentAction","name":"Comment","target":["https:\/\/elinformativotam.com\/index.php\/2020\/05\/08\/entrega-ayuntamiento-de-madero-3-mil-despensas-a-familias-vulnerables\/#respond"]}]},{"@type":"WebPage","@id":"https:\/\/elinformativotam.com\/index.php\/2020\/05\/08\/entrega-ayuntamiento-de-madero-3-mil-despensas-a-familias-vulnerables\/","url":"https:\/\/elinformativotam.com\/index.php\/2020\/05\/08\/entrega-ayuntamiento-de-madero-3-mil-despensas-a-familias-vulnerables\/","name":"ENTREGA AYUNTAMIENTO DE MADERO 3 MIL DESPENSAS A FAMILIAS VULNERABLES. - EL INFORMATIVO DE TAMAULIPAS","isPartOf":{"@id":"https:\/\/elinformativotam.com\/#website"},"datePublished":"2020-05-09T00:06:57+00:00","description":"Cd.Madero, Tamaulipas.- El ayuntamiento de Ciudad Madero, contin\u00faa apoyando a las familias de sectores m\u00e1s vulnerables afectados por la contingencia","inLanguage":"es","potentialAction":[{"@type":"ReadAction","target":["https:\/\/elinformativotam.com\/index.php\/2020\/05\/08\/entrega-ayuntamiento-de-madero-3-mil-despensas-a-familias-vulnerables\/"]}]},{"@type":"WebSite","@id":"https:\/\/elinformativotam.com\/#website","url":"https:\/\/elinformativotam.com\/","name":"EL INFORMATIVO DE TAMAULIPAS","description":"Desde la Zona Metropolitana Para Todo M\u00e9xico","publisher":{"@id":"https:\/\/elinformativotam.com\/#organization"},"potentialAction":[{"@type":"SearchAction","target":{"@type":"EntryPoint","urlTemplate":"https:\/\/elinformativotam.com\/?s={search_term_string}"},"query-input":{"@type":"PropertyValueSpecification","valueRequired":true,"valueName":"search_term_string"}}],"inLanguage":"es"},{"@type":"Organization","@id":"https:\/\/elinformativotam.com\/#organization","name":"EL INFORMATIVO DE TAMAULIPAS","url":"https:\/\/elinformativotam.com\/","logo":{"@type":"ImageObject","inLanguage":"es","@id":"https:\/\/elinformativotam.com\/#\/schema\/logo\/image\/","url":"https:\/\/elinformativotam.com\/wp-content\/uploads\/2026\/02\/Cabezal.png","contentUrl":"https:\/\/elinformativotam.com\/wp-content\/uploads\/2026\/02\/Cabezal.png","width":960,"height":640,"caption":"EL INFORMATIVO DE TAMAULIPAS"},"image":{"@id":"https:\/\/elinformativotam.com\/#\/schema\/logo\/image\/"}},{"@type":"Person","@id":"https:\/\/elinformativotam.com\/#\/schema\/person\/78e08040eed0f6110f0c5f83b6153590","name":"El Informativo Tam","image":{"@type":"ImageObject","inLanguage":"es","@id":"https:\/\/secure.gravatar.com\/avatar\/f3b7ad3af540688955925ac610647be00b0cf41feea9c4978b73a707ee86bc53?s=96&d=mm&r=g","url":"https:\/\/secure.gravatar.com\/avatar\/f3b7ad3af540688955925ac610647be00b0cf41feea9c4978b73a707ee86bc53?s=96&d=mm&r=g","contentUrl":"https:\/\/secure.gravatar.com\/avatar\/f3b7ad3af540688955925ac610647be00b0cf41feea9c4978b73a707ee86bc53?s=96&d=mm&r=g","caption":"El Informativo Tam"}}]}},"_links":{"self":[{"href":"https:\/\/elinformativotam.com\/index.php\/wp-json\/wp\/v2\/posts\/5903","targetHints":{"allow":["GET"]}}],"collection":[{"href":"https:\/\/elinformativotam.com\/index.php\/wp-json\/wp\/v2\/posts"}],"about":[{"href":"https:\/\/elinformativotam.com\/index.php\/wp-json\/wp\/v2\/types\/post"}],"author":[{"embeddable":true,"href":"https:\/\/elinformativotam.com\/index.php\/wp-json\/wp\/v2\/users\/1"}],"replies":[{"embeddable":true,"href":"https:\/\/elinformativotam.com\/index.php\/wp-json\/wp\/v2\/comments?post=5903"}],"version-history":[{"count":0,"href":"https:\/\/elinformativotam.com\/index.php\/wp-json\/wp\/v2\/posts\/5903\/revisions"}],"wp:attachment":[{"href":"https:\/\/elinformativotam.com\/index.php\/wp-json\/wp\/v2\/media?parent=5903"}],"wp:term":[{"taxonomy":"category","embeddable":true,"href":"https:\/\/elinformativotam.com\/index.php\/wp-json\/wp\/v2\/categories?post=5903"},{"taxonomy":"post_tag","embeddable":true,"href":"https:\/\/elinformativotam.com\/index.php\/wp-json\/wp\/v2\/tags?post=5903"}],"curies":[{"name":"wp","href":"https:\/\/api.w.org\/{rel}","templated":true}]}}