{"id":5901,"date":"2020-05-08T18:02:15","date_gmt":"2020-05-09T00:02:15","guid":{"rendered":"http:\/\/elinformativotam.com\/?p=5901"},"modified":"2020-05-08T18:02:15","modified_gmt":"2020-05-09T00:02:15","slug":"plataformeros-no-son-sometidos-a-pruebas-de-covid-al-bajar-de-sus-centros-de-trabajo","status":"publish","type":"post","link":"https:\/\/elinformativotam.com\/index.php\/2020\/05\/08\/plataformeros-no-son-sometidos-a-pruebas-de-covid-al-bajar-de-sus-centros-de-trabajo\/","title":{"rendered":"PLATAFORMEROS NO SON SOMETIDOS A PRUEBAS DE COVID AL BAJAR DE SUS CENTROS DE TRABAJO."},"content":{"rendered":"<p>Cd. Madero.- Los casi 400 trabajadores plataformeros del sur del estado, siempre est\u00e1n dispuestos a acatar las disposiciones sanitarias, pero dirigentes de la secci\u00f3n 47 reconocen que al bajar de las plataformas no se les realiza ning\u00fan ex\u00e1men para saber su estado de salud.<\/p>\n<p>&nbsp;<\/p>\n<p>Eduardo Garc\u00eda V\u00e1zquez, presidente del Grupo Tamaulipas de la secci\u00f3n 47, dijo que al bajar solo pasan por una sanitizaci\u00f3n, pero est\u00e1n a la espera de la instrucci\u00f3n para lo que es un filtro sanitario.<\/p>\n<p>&nbsp;<\/p>\n<p>Indic\u00f3 que sus compa\u00f1eros siguen viajando, trabajando, por ello es que buscan se les indique las acciones a implementar.<\/p>\n<p>&nbsp;<\/p>\n<p>&#8220;Negativo, cuando se bajan \u00fanicamente lo hacen para pasar por los filtros que est\u00e1n establecidos en los diversos accesos hacia los puntos de abordo a nuestros trabajos y ya posteriormente hay que viajar y cada quien hace sus estudios&#8221;.<\/p>\n<p>&nbsp;<\/p>\n<p>Resalt\u00f3 que las unidades de transporte salen de Ciudad del Carmen hacia los diferentes destinos, y hacen un recorrido, por Veracruz, llegan a Poza Rica y posteriormente a Ciudad Madero, tras 20 horas de camino.<\/p>\n<p>&nbsp;<\/p>\n<p>Lament\u00f3 que se haya extendido la pandemia, ya que en las instalaciones de las plataformas hubo muchos contagios, en el transcurso de los viajes se han dado muchos contagios m\u00e1s.<\/p>\n","protected":false},"excerpt":{"rendered":"<p>Cd. Madero.- Los casi 400 trabajadores plataformeros del sur del estado, siempre est\u00e1n dispuestos a acatar las disposiciones sanitarias, pero&hellip;<\/p>\n","protected":false},"author":1,"featured_media":0,"comment_status":"open","ping_status":"open","sticky":false,"template":"","format":"standard","meta":{"footnotes":""},"categories":[4],"tags":[],"class_list":["post-5901","post","type-post","status-publish","format-standard","hentry","category-madero"],"yoast_head":"<!-- This site is optimized with the Yoast SEO plugin v27.5 - https:\/\/yoast.com\/product\/yoast-seo-wordpress\/ -->\n<title>PLATAFORMEROS NO SON SOMETIDOS A PRUEBAS DE COVID AL BAJAR DE SUS CENTROS DE TRABAJO. - EL INFORMATIVO DE TAMAULIPAS<\/title>\n<meta name=\"description\" content=\"Cd. Madero.- Los casi 400 trabajadores plataformeros del sur del estado, siempre est\u00e1n dispuestos a acatar las disposiciones sanitarias, pero dirigentes\" \/>\n<meta name=\"robots\" content=\"index, follow, max-snippet:-1, max-image-preview:large, max-video-preview:-1\" \/>\n<link rel=\"canonical\" href=\"https:\/\/elinformativotam.com\/index.php\/2020\/05\/08\/plataformeros-no-son-sometidos-a-pruebas-de-covid-al-bajar-de-sus-centros-de-trabajo\/\" \/>\n<meta property=\"og:locale\" content=\"es_MX\" \/>\n<meta property=\"og:type\" content=\"article\" \/>\n<meta property=\"og:title\" content=\"PLATAFORMEROS NO SON SOMETIDOS A PRUEBAS DE COVID AL BAJAR DE SUS CENTROS DE TRABAJO. - EL INFORMATIVO DE TAMAULIPAS\" \/>\n<meta property=\"og:description\" content=\"Cd. Madero.- Los casi 400 trabajadores plataformeros del sur del estado, siempre est\u00e1n dispuestos a acatar las disposiciones sanitarias, pero dirigentes\" \/>\n<meta property=\"og:url\" content=\"https:\/\/elinformativotam.com\/index.php\/2020\/05\/08\/plataformeros-no-son-sometidos-a-pruebas-de-covid-al-bajar-de-sus-centros-de-trabajo\/\" \/>\n<meta property=\"og:site_name\" content=\"EL INFORMATIVO DE TAMAULIPAS\" \/>\n<meta property=\"article:published_time\" content=\"2020-05-09T00:02:15+00:00\" \/>\n<meta name=\"author\" content=\"El Informativo Tam\" \/>\n<meta name=\"twitter:card\" content=\"summary_large_image\" \/>\n<meta name=\"twitter:label1\" content=\"Escrito por\" \/>\n\t<meta name=\"twitter:data1\" content=\"El Informativo Tam\" \/>\n\t<meta name=\"twitter:label2\" content=\"Tiempo de lectura\" \/>\n\t<meta name=\"twitter:data2\" content=\"1 minuto\" \/>\n<script type=\"application\/ld+json\" class=\"yoast-schema-graph\">{\"@context\":\"https:\\\/\\\/schema.org\",\"@graph\":[{\"@type\":\"Article\",\"@id\":\"https:\\\/\\\/elinformativotam.com\\\/index.php\\\/2020\\\/05\\\/08\\\/plataformeros-no-son-sometidos-a-pruebas-de-covid-al-bajar-de-sus-centros-de-trabajo\\\/#article\",\"isPartOf\":{\"@id\":\"https:\\\/\\\/elinformativotam.com\\\/index.php\\\/2020\\\/05\\\/08\\\/plataformeros-no-son-sometidos-a-pruebas-de-covid-al-bajar-de-sus-centros-de-trabajo\\\/\"},\"author\":{\"name\":\"El Informativo Tam\",\"@id\":\"https:\\\/\\\/elinformativotam.com\\\/#\\\/schema\\\/person\\\/78e08040eed0f6110f0c5f83b6153590\"},\"headline\":\"PLATAFORMEROS NO SON SOMETIDOS A PRUEBAS DE COVID AL BAJAR DE SUS CENTROS DE TRABAJO.\",\"datePublished\":\"2020-05-09T00:02:15+00:00\",\"mainEntityOfPage\":{\"@id\":\"https:\\\/\\\/elinformativotam.com\\\/index.php\\\/2020\\\/05\\\/08\\\/plataformeros-no-son-sometidos-a-pruebas-de-covid-al-bajar-de-sus-centros-de-trabajo\\\/\"},\"wordCount\":232,\"commentCount\":0,\"publisher\":{\"@id\":\"https:\\\/\\\/elinformativotam.com\\\/#organization\"},\"articleSection\":[\"Cd Madero\"],\"inLanguage\":\"es\",\"potentialAction\":[{\"@type\":\"CommentAction\",\"name\":\"Comment\",\"target\":[\"https:\\\/\\\/elinformativotam.com\\\/index.php\\\/2020\\\/05\\\/08\\\/plataformeros-no-son-sometidos-a-pruebas-de-covid-al-bajar-de-sus-centros-de-trabajo\\\/#respond\"]}]},{\"@type\":\"WebPage\",\"@id\":\"https:\\\/\\\/elinformativotam.com\\\/index.php\\\/2020\\\/05\\\/08\\\/plataformeros-no-son-sometidos-a-pruebas-de-covid-al-bajar-de-sus-centros-de-trabajo\\\/\",\"url\":\"https:\\\/\\\/elinformativotam.com\\\/index.php\\\/2020\\\/05\\\/08\\\/plataformeros-no-son-sometidos-a-pruebas-de-covid-al-bajar-de-sus-centros-de-trabajo\\\/\",\"name\":\"PLATAFORMEROS NO SON SOMETIDOS A PRUEBAS DE COVID AL BAJAR DE SUS CENTROS DE TRABAJO. - EL INFORMATIVO DE TAMAULIPAS\",\"isPartOf\":{\"@id\":\"https:\\\/\\\/elinformativotam.com\\\/#website\"},\"datePublished\":\"2020-05-09T00:02:15+00:00\",\"description\":\"Cd. Madero.- Los casi 400 trabajadores plataformeros del sur del estado, siempre est\u00e1n dispuestos a acatar las disposiciones sanitarias, pero dirigentes\",\"inLanguage\":\"es\",\"potentialAction\":[{\"@type\":\"ReadAction\",\"target\":[\"https:\\\/\\\/elinformativotam.com\\\/index.php\\\/2020\\\/05\\\/08\\\/plataformeros-no-son-sometidos-a-pruebas-de-covid-al-bajar-de-sus-centros-de-trabajo\\\/\"]}]},{\"@type\":\"WebSite\",\"@id\":\"https:\\\/\\\/elinformativotam.com\\\/#website\",\"url\":\"https:\\\/\\\/elinformativotam.com\\\/\",\"name\":\"EL INFORMATIVO DE TAMAULIPAS\",\"description\":\"Desde la Zona Metropolitana Para Todo M\u00e9xico\",\"publisher\":{\"@id\":\"https:\\\/\\\/elinformativotam.com\\\/#organization\"},\"potentialAction\":[{\"@type\":\"SearchAction\",\"target\":{\"@type\":\"EntryPoint\",\"urlTemplate\":\"https:\\\/\\\/elinformativotam.com\\\/?s={search_term_string}\"},\"query-input\":{\"@type\":\"PropertyValueSpecification\",\"valueRequired\":true,\"valueName\":\"search_term_string\"}}],\"inLanguage\":\"es\"},{\"@type\":\"Organization\",\"@id\":\"https:\\\/\\\/elinformativotam.com\\\/#organization\",\"name\":\"EL INFORMATIVO DE TAMAULIPAS\",\"url\":\"https:\\\/\\\/elinformativotam.com\\\/\",\"logo\":{\"@type\":\"ImageObject\",\"inLanguage\":\"es\",\"@id\":\"https:\\\/\\\/elinformativotam.com\\\/#\\\/schema\\\/logo\\\/image\\\/\",\"url\":\"https:\\\/\\\/elinformativotam.com\\\/wp-content\\\/uploads\\\/2026\\\/02\\\/Cabezal.png\",\"contentUrl\":\"https:\\\/\\\/elinformativotam.com\\\/wp-content\\\/uploads\\\/2026\\\/02\\\/Cabezal.png\",\"width\":960,\"height\":640,\"caption\":\"EL INFORMATIVO DE TAMAULIPAS\"},\"image\":{\"@id\":\"https:\\\/\\\/elinformativotam.com\\\/#\\\/schema\\\/logo\\\/image\\\/\"}},{\"@type\":\"Person\",\"@id\":\"https:\\\/\\\/elinformativotam.com\\\/#\\\/schema\\\/person\\\/78e08040eed0f6110f0c5f83b6153590\",\"name\":\"El Informativo Tam\",\"image\":{\"@type\":\"ImageObject\",\"inLanguage\":\"es\",\"@id\":\"https:\\\/\\\/secure.gravatar.com\\\/avatar\\\/f3b7ad3af540688955925ac610647be00b0cf41feea9c4978b73a707ee86bc53?s=96&d=mm&r=g\",\"url\":\"https:\\\/\\\/secure.gravatar.com\\\/avatar\\\/f3b7ad3af540688955925ac610647be00b0cf41feea9c4978b73a707ee86bc53?s=96&d=mm&r=g\",\"contentUrl\":\"https:\\\/\\\/secure.gravatar.com\\\/avatar\\\/f3b7ad3af540688955925ac610647be00b0cf41feea9c4978b73a707ee86bc53?s=96&d=mm&r=g\",\"caption\":\"El Informativo Tam\"}}]}<\/script>\n<!-- \/ Yoast SEO plugin. -->","yoast_head_json":{"title":"PLATAFORMEROS NO SON SOMETIDOS A PRUEBAS DE COVID AL BAJAR DE SUS CENTROS DE TRABAJO. - EL INFORMATIVO DE TAMAULIPAS","description":"Cd. Madero.- Los casi 400 trabajadores plataformeros del sur del estado, siempre est\u00e1n dispuestos a acatar las disposiciones sanitarias, pero dirigentes","robots":{"index":"index","follow":"follow","max-snippet":"max-snippet:-1","max-image-preview":"max-image-preview:large","max-video-preview":"max-video-preview:-1"},"canonical":"https:\/\/elinformativotam.com\/index.php\/2020\/05\/08\/plataformeros-no-son-sometidos-a-pruebas-de-covid-al-bajar-de-sus-centros-de-trabajo\/","og_locale":"es_MX","og_type":"article","og_title":"PLATAFORMEROS NO SON SOMETIDOS A PRUEBAS DE COVID AL BAJAR DE SUS CENTROS DE TRABAJO. - EL INFORMATIVO DE TAMAULIPAS","og_description":"Cd. Madero.- Los casi 400 trabajadores plataformeros del sur del estado, siempre est\u00e1n dispuestos a acatar las disposiciones sanitarias, pero dirigentes","og_url":"https:\/\/elinformativotam.com\/index.php\/2020\/05\/08\/plataformeros-no-son-sometidos-a-pruebas-de-covid-al-bajar-de-sus-centros-de-trabajo\/","og_site_name":"EL INFORMATIVO DE TAMAULIPAS","article_published_time":"2020-05-09T00:02:15+00:00","author":"El Informativo Tam","twitter_card":"summary_large_image","twitter_misc":{"Escrito por":"El Informativo Tam","Tiempo de lectura":"1 minuto"},"schema":{"@context":"https:\/\/schema.org","@graph":[{"@type":"Article","@id":"https:\/\/elinformativotam.com\/index.php\/2020\/05\/08\/plataformeros-no-son-sometidos-a-pruebas-de-covid-al-bajar-de-sus-centros-de-trabajo\/#article","isPartOf":{"@id":"https:\/\/elinformativotam.com\/index.php\/2020\/05\/08\/plataformeros-no-son-sometidos-a-pruebas-de-covid-al-bajar-de-sus-centros-de-trabajo\/"},"author":{"name":"El Informativo Tam","@id":"https:\/\/elinformativotam.com\/#\/schema\/person\/78e08040eed0f6110f0c5f83b6153590"},"headline":"PLATAFORMEROS NO SON SOMETIDOS A PRUEBAS DE COVID AL BAJAR DE SUS CENTROS DE TRABAJO.","datePublished":"2020-05-09T00:02:15+00:00","mainEntityOfPage":{"@id":"https:\/\/elinformativotam.com\/index.php\/2020\/05\/08\/plataformeros-no-son-sometidos-a-pruebas-de-covid-al-bajar-de-sus-centros-de-trabajo\/"},"wordCount":232,"commentCount":0,"publisher":{"@id":"https:\/\/elinformativotam.com\/#organization"},"articleSection":["Cd Madero"],"inLanguage":"es","potentialAction":[{"@type":"CommentAction","name":"Comment","target":["https:\/\/elinformativotam.com\/index.php\/2020\/05\/08\/plataformeros-no-son-sometidos-a-pruebas-de-covid-al-bajar-de-sus-centros-de-trabajo\/#respond"]}]},{"@type":"WebPage","@id":"https:\/\/elinformativotam.com\/index.php\/2020\/05\/08\/plataformeros-no-son-sometidos-a-pruebas-de-covid-al-bajar-de-sus-centros-de-trabajo\/","url":"https:\/\/elinformativotam.com\/index.php\/2020\/05\/08\/plataformeros-no-son-sometidos-a-pruebas-de-covid-al-bajar-de-sus-centros-de-trabajo\/","name":"PLATAFORMEROS NO SON SOMETIDOS A PRUEBAS DE COVID AL BAJAR DE SUS CENTROS DE TRABAJO. - EL INFORMATIVO DE TAMAULIPAS","isPartOf":{"@id":"https:\/\/elinformativotam.com\/#website"},"datePublished":"2020-05-09T00:02:15+00:00","description":"Cd. Madero.- Los casi 400 trabajadores plataformeros del sur del estado, siempre est\u00e1n dispuestos a acatar las disposiciones sanitarias, pero dirigentes","inLanguage":"es","potentialAction":[{"@type":"ReadAction","target":["https:\/\/elinformativotam.com\/index.php\/2020\/05\/08\/plataformeros-no-son-sometidos-a-pruebas-de-covid-al-bajar-de-sus-centros-de-trabajo\/"]}]},{"@type":"WebSite","@id":"https:\/\/elinformativotam.com\/#website","url":"https:\/\/elinformativotam.com\/","name":"EL INFORMATIVO DE TAMAULIPAS","description":"Desde la Zona Metropolitana Para Todo M\u00e9xico","publisher":{"@id":"https:\/\/elinformativotam.com\/#organization"},"potentialAction":[{"@type":"SearchAction","target":{"@type":"EntryPoint","urlTemplate":"https:\/\/elinformativotam.com\/?s={search_term_string}"},"query-input":{"@type":"PropertyValueSpecification","valueRequired":true,"valueName":"search_term_string"}}],"inLanguage":"es"},{"@type":"Organization","@id":"https:\/\/elinformativotam.com\/#organization","name":"EL INFORMATIVO DE TAMAULIPAS","url":"https:\/\/elinformativotam.com\/","logo":{"@type":"ImageObject","inLanguage":"es","@id":"https:\/\/elinformativotam.com\/#\/schema\/logo\/image\/","url":"https:\/\/elinformativotam.com\/wp-content\/uploads\/2026\/02\/Cabezal.png","contentUrl":"https:\/\/elinformativotam.com\/wp-content\/uploads\/2026\/02\/Cabezal.png","width":960,"height":640,"caption":"EL INFORMATIVO DE TAMAULIPAS"},"image":{"@id":"https:\/\/elinformativotam.com\/#\/schema\/logo\/image\/"}},{"@type":"Person","@id":"https:\/\/elinformativotam.com\/#\/schema\/person\/78e08040eed0f6110f0c5f83b6153590","name":"El Informativo Tam","image":{"@type":"ImageObject","inLanguage":"es","@id":"https:\/\/secure.gravatar.com\/avatar\/f3b7ad3af540688955925ac610647be00b0cf41feea9c4978b73a707ee86bc53?s=96&d=mm&r=g","url":"https:\/\/secure.gravatar.com\/avatar\/f3b7ad3af540688955925ac610647be00b0cf41feea9c4978b73a707ee86bc53?s=96&d=mm&r=g","contentUrl":"https:\/\/secure.gravatar.com\/avatar\/f3b7ad3af540688955925ac610647be00b0cf41feea9c4978b73a707ee86bc53?s=96&d=mm&r=g","caption":"El Informativo Tam"}}]}},"_links":{"self":[{"href":"https:\/\/elinformativotam.com\/index.php\/wp-json\/wp\/v2\/posts\/5901","targetHints":{"allow":["GET"]}}],"collection":[{"href":"https:\/\/elinformativotam.com\/index.php\/wp-json\/wp\/v2\/posts"}],"about":[{"href":"https:\/\/elinformativotam.com\/index.php\/wp-json\/wp\/v2\/types\/post"}],"author":[{"embeddable":true,"href":"https:\/\/elinformativotam.com\/index.php\/wp-json\/wp\/v2\/users\/1"}],"replies":[{"embeddable":true,"href":"https:\/\/elinformativotam.com\/index.php\/wp-json\/wp\/v2\/comments?post=5901"}],"version-history":[{"count":0,"href":"https:\/\/elinformativotam.com\/index.php\/wp-json\/wp\/v2\/posts\/5901\/revisions"}],"wp:attachment":[{"href":"https:\/\/elinformativotam.com\/index.php\/wp-json\/wp\/v2\/media?parent=5901"}],"wp:term":[{"taxonomy":"category","embeddable":true,"href":"https:\/\/elinformativotam.com\/index.php\/wp-json\/wp\/v2\/categories?post=5901"},{"taxonomy":"post_tag","embeddable":true,"href":"https:\/\/elinformativotam.com\/index.php\/wp-json\/wp\/v2\/tags?post=5901"}],"curies":[{"name":"wp","href":"https:\/\/api.w.org\/{rel}","templated":true}]}}