{"id":5899,"date":"2020-05-08T17:53:28","date_gmt":"2020-05-08T23:53:28","guid":{"rendered":"http:\/\/elinformativotam.com\/?p=5899"},"modified":"2020-05-08T17:53:28","modified_gmt":"2020-05-08T23:53:28","slug":"gobierno-de-adrian-oseguera-redobla-esfuerzos-en-acciones-de-limpieza","status":"publish","type":"post","link":"https:\/\/elinformativotam.com\/index.php\/2020\/05\/08\/gobierno-de-adrian-oseguera-redobla-esfuerzos-en-acciones-de-limpieza\/","title":{"rendered":"GOBIERNO DE ADRI\u00c1N OSEGUERA REDOBLA ESFUERZOS EN ACCIONES DE LIMPIEZA"},"content":{"rendered":"<p>Por instrucciones del alcalde Adri\u00e1n Oseguera Kernion, un intenso programa de limpieza p\u00fablica se lleva a cabo en Ciudad Madero, acelerando estas acciones en las diversas vialidades, canales y solares bald\u00edos, poniendo especial atenci\u00f3n en puntos prioritarios.<\/p>\n<p>&nbsp;<\/p>\n<p>Para ello, efectu\u00f3 un recorrido en el municipio acompa\u00f1ado por el director de Servicios P\u00fablicos, Rafael Morales Solano, girando instrucciones de inmediato para realizar la limpieza de las \u00e1reas antes se\u00f1aladas, particularmente de drenes pluviales a fin de prevenir estancamientos de agua durante la temporada de lluvias.<\/p>\n<p>&nbsp;<\/p>\n<p>Algunas de las colonias recorridas son: Tinaco, Revoluci\u00f3n Verde, Sim\u00f3n Rivera, 15 de Mayo, Ampliaci\u00f3n 15 de Mayo, Chisp\u00fas, Ampliaci\u00f3n Unidad Nacional y el Fraccionamiento 18 de Marzo, entre otras m\u00e1s, donde tambi\u00e9n se han recolectado cerca de 100 toneladas de desechos.<\/p>\n<p>&nbsp;<\/p>\n<p>\u201cNo daremos marcha atr\u00e1s en la limpieza de Ciudad Madero, estamos trabajando con f\u00e9rrea voluntad en la creaci\u00f3n de entornos m\u00e1s saludables para las familias, sobre todo en estos d\u00edas de contingencia sanitaria\u201d, asegur\u00f3 el Presidente Municipal, quien tambi\u00e9n encabeza diariamente las jornadas de sanitizaci\u00f3n en esta localidad.<\/p>\n<p>&nbsp;<\/p>\n<p>Tan s\u00f3lo esta semana, se llev\u00f3 a cabo la sanitizaci\u00f3n y desinfecci\u00f3n de vialidades en 21 colonias beneficiando a m\u00e1s de 50 mil 600 vecinos.<\/p>\n<p>&nbsp;<\/p>\n<p>\u201cY as\u00ed seguiremos por todo Ciudad Madero. No nos detendremos, mucho menos en estos d\u00edas donde los maderenses necesitan un Gobierno cercano y que d\u00e9 frente a la situaci\u00f3n que actualmente vivimos\u201d, finaliz\u00f3 Oseguera Kernion.<\/p>\n","protected":false},"excerpt":{"rendered":"<p>Por instrucciones del alcalde Adri\u00e1n Oseguera Kernion, un intenso programa de limpieza p\u00fablica se lleva a cabo en Ciudad Madero,&hellip;<\/p>\n","protected":false},"author":1,"featured_media":0,"comment_status":"open","ping_status":"open","sticky":false,"template":"","format":"standard","meta":{"footnotes":""},"categories":[4],"tags":[],"class_list":["post-5899","post","type-post","status-publish","format-standard","hentry","category-madero"],"yoast_head":"<!-- This site is optimized with the Yoast SEO plugin v27.5 - https:\/\/yoast.com\/product\/yoast-seo-wordpress\/ -->\n<title>GOBIERNO DE ADRI\u00c1N OSEGUERA REDOBLA ESFUERZOS EN ACCIONES DE LIMPIEZA - EL INFORMATIVO DE TAMAULIPAS<\/title>\n<meta name=\"description\" content=\"Por instrucciones del alcalde Adri\u00e1n Oseguera Kernion, un intenso programa de limpieza p\u00fablica se lleva a cabo en Ciudad Madero, acelerando estas acciones\" \/>\n<meta name=\"robots\" content=\"index, follow, max-snippet:-1, max-image-preview:large, max-video-preview:-1\" \/>\n<link rel=\"canonical\" href=\"https:\/\/elinformativotam.com\/index.php\/2020\/05\/08\/gobierno-de-adrian-oseguera-redobla-esfuerzos-en-acciones-de-limpieza\/\" \/>\n<meta property=\"og:locale\" content=\"es_MX\" \/>\n<meta property=\"og:type\" content=\"article\" \/>\n<meta property=\"og:title\" content=\"GOBIERNO DE ADRI\u00c1N OSEGUERA REDOBLA ESFUERZOS EN ACCIONES DE LIMPIEZA - EL INFORMATIVO DE TAMAULIPAS\" \/>\n<meta property=\"og:description\" content=\"Por instrucciones del alcalde Adri\u00e1n Oseguera Kernion, un intenso programa de limpieza p\u00fablica se lleva a cabo en Ciudad Madero, acelerando estas acciones\" \/>\n<meta property=\"og:url\" content=\"https:\/\/elinformativotam.com\/index.php\/2020\/05\/08\/gobierno-de-adrian-oseguera-redobla-esfuerzos-en-acciones-de-limpieza\/\" \/>\n<meta property=\"og:site_name\" content=\"EL INFORMATIVO DE TAMAULIPAS\" \/>\n<meta property=\"article:published_time\" content=\"2020-05-08T23:53:28+00:00\" \/>\n<meta name=\"author\" content=\"El Informativo Tam\" \/>\n<meta name=\"twitter:card\" content=\"summary_large_image\" \/>\n<meta name=\"twitter:label1\" content=\"Escrito por\" \/>\n\t<meta name=\"twitter:data1\" content=\"El Informativo Tam\" \/>\n\t<meta name=\"twitter:label2\" content=\"Tiempo de lectura\" \/>\n\t<meta name=\"twitter:data2\" content=\"1 minuto\" \/>\n<script type=\"application\/ld+json\" class=\"yoast-schema-graph\">{\"@context\":\"https:\\\/\\\/schema.org\",\"@graph\":[{\"@type\":\"Article\",\"@id\":\"https:\\\/\\\/elinformativotam.com\\\/index.php\\\/2020\\\/05\\\/08\\\/gobierno-de-adrian-oseguera-redobla-esfuerzos-en-acciones-de-limpieza\\\/#article\",\"isPartOf\":{\"@id\":\"https:\\\/\\\/elinformativotam.com\\\/index.php\\\/2020\\\/05\\\/08\\\/gobierno-de-adrian-oseguera-redobla-esfuerzos-en-acciones-de-limpieza\\\/\"},\"author\":{\"name\":\"El Informativo Tam\",\"@id\":\"https:\\\/\\\/elinformativotam.com\\\/#\\\/schema\\\/person\\\/78e08040eed0f6110f0c5f83b6153590\"},\"headline\":\"GOBIERNO DE ADRI\u00c1N OSEGUERA REDOBLA ESFUERZOS EN ACCIONES DE LIMPIEZA\",\"datePublished\":\"2020-05-08T23:53:28+00:00\",\"mainEntityOfPage\":{\"@id\":\"https:\\\/\\\/elinformativotam.com\\\/index.php\\\/2020\\\/05\\\/08\\\/gobierno-de-adrian-oseguera-redobla-esfuerzos-en-acciones-de-limpieza\\\/\"},\"wordCount\":270,\"commentCount\":0,\"publisher\":{\"@id\":\"https:\\\/\\\/elinformativotam.com\\\/#organization\"},\"articleSection\":[\"Cd Madero\"],\"inLanguage\":\"es\",\"potentialAction\":[{\"@type\":\"CommentAction\",\"name\":\"Comment\",\"target\":[\"https:\\\/\\\/elinformativotam.com\\\/index.php\\\/2020\\\/05\\\/08\\\/gobierno-de-adrian-oseguera-redobla-esfuerzos-en-acciones-de-limpieza\\\/#respond\"]}]},{\"@type\":\"WebPage\",\"@id\":\"https:\\\/\\\/elinformativotam.com\\\/index.php\\\/2020\\\/05\\\/08\\\/gobierno-de-adrian-oseguera-redobla-esfuerzos-en-acciones-de-limpieza\\\/\",\"url\":\"https:\\\/\\\/elinformativotam.com\\\/index.php\\\/2020\\\/05\\\/08\\\/gobierno-de-adrian-oseguera-redobla-esfuerzos-en-acciones-de-limpieza\\\/\",\"name\":\"GOBIERNO DE ADRI\u00c1N OSEGUERA REDOBLA ESFUERZOS EN ACCIONES DE LIMPIEZA - EL INFORMATIVO DE TAMAULIPAS\",\"isPartOf\":{\"@id\":\"https:\\\/\\\/elinformativotam.com\\\/#website\"},\"datePublished\":\"2020-05-08T23:53:28+00:00\",\"description\":\"Por instrucciones del alcalde Adri\u00e1n Oseguera Kernion, un intenso programa de limpieza p\u00fablica se lleva a cabo en Ciudad Madero, acelerando estas acciones\",\"inLanguage\":\"es\",\"potentialAction\":[{\"@type\":\"ReadAction\",\"target\":[\"https:\\\/\\\/elinformativotam.com\\\/index.php\\\/2020\\\/05\\\/08\\\/gobierno-de-adrian-oseguera-redobla-esfuerzos-en-acciones-de-limpieza\\\/\"]}]},{\"@type\":\"WebSite\",\"@id\":\"https:\\\/\\\/elinformativotam.com\\\/#website\",\"url\":\"https:\\\/\\\/elinformativotam.com\\\/\",\"name\":\"EL INFORMATIVO DE TAMAULIPAS\",\"description\":\"Desde la Zona Metropolitana Para Todo M\u00e9xico\",\"publisher\":{\"@id\":\"https:\\\/\\\/elinformativotam.com\\\/#organization\"},\"potentialAction\":[{\"@type\":\"SearchAction\",\"target\":{\"@type\":\"EntryPoint\",\"urlTemplate\":\"https:\\\/\\\/elinformativotam.com\\\/?s={search_term_string}\"},\"query-input\":{\"@type\":\"PropertyValueSpecification\",\"valueRequired\":true,\"valueName\":\"search_term_string\"}}],\"inLanguage\":\"es\"},{\"@type\":\"Organization\",\"@id\":\"https:\\\/\\\/elinformativotam.com\\\/#organization\",\"name\":\"EL INFORMATIVO DE TAMAULIPAS\",\"url\":\"https:\\\/\\\/elinformativotam.com\\\/\",\"logo\":{\"@type\":\"ImageObject\",\"inLanguage\":\"es\",\"@id\":\"https:\\\/\\\/elinformativotam.com\\\/#\\\/schema\\\/logo\\\/image\\\/\",\"url\":\"https:\\\/\\\/elinformativotam.com\\\/wp-content\\\/uploads\\\/2026\\\/02\\\/Cabezal.png\",\"contentUrl\":\"https:\\\/\\\/elinformativotam.com\\\/wp-content\\\/uploads\\\/2026\\\/02\\\/Cabezal.png\",\"width\":960,\"height\":640,\"caption\":\"EL INFORMATIVO DE TAMAULIPAS\"},\"image\":{\"@id\":\"https:\\\/\\\/elinformativotam.com\\\/#\\\/schema\\\/logo\\\/image\\\/\"}},{\"@type\":\"Person\",\"@id\":\"https:\\\/\\\/elinformativotam.com\\\/#\\\/schema\\\/person\\\/78e08040eed0f6110f0c5f83b6153590\",\"name\":\"El Informativo Tam\",\"image\":{\"@type\":\"ImageObject\",\"inLanguage\":\"es\",\"@id\":\"https:\\\/\\\/secure.gravatar.com\\\/avatar\\\/f3b7ad3af540688955925ac610647be00b0cf41feea9c4978b73a707ee86bc53?s=96&d=mm&r=g\",\"url\":\"https:\\\/\\\/secure.gravatar.com\\\/avatar\\\/f3b7ad3af540688955925ac610647be00b0cf41feea9c4978b73a707ee86bc53?s=96&d=mm&r=g\",\"contentUrl\":\"https:\\\/\\\/secure.gravatar.com\\\/avatar\\\/f3b7ad3af540688955925ac610647be00b0cf41feea9c4978b73a707ee86bc53?s=96&d=mm&r=g\",\"caption\":\"El Informativo Tam\"}}]}<\/script>\n<!-- \/ Yoast SEO plugin. -->","yoast_head_json":{"title":"GOBIERNO DE ADRI\u00c1N OSEGUERA REDOBLA ESFUERZOS EN ACCIONES DE LIMPIEZA - EL INFORMATIVO DE TAMAULIPAS","description":"Por instrucciones del alcalde Adri\u00e1n Oseguera Kernion, un intenso programa de limpieza p\u00fablica se lleva a cabo en Ciudad Madero, acelerando estas acciones","robots":{"index":"index","follow":"follow","max-snippet":"max-snippet:-1","max-image-preview":"max-image-preview:large","max-video-preview":"max-video-preview:-1"},"canonical":"https:\/\/elinformativotam.com\/index.php\/2020\/05\/08\/gobierno-de-adrian-oseguera-redobla-esfuerzos-en-acciones-de-limpieza\/","og_locale":"es_MX","og_type":"article","og_title":"GOBIERNO DE ADRI\u00c1N OSEGUERA REDOBLA ESFUERZOS EN ACCIONES DE LIMPIEZA - EL INFORMATIVO DE TAMAULIPAS","og_description":"Por instrucciones del alcalde Adri\u00e1n Oseguera Kernion, un intenso programa de limpieza p\u00fablica se lleva a cabo en Ciudad Madero, acelerando estas acciones","og_url":"https:\/\/elinformativotam.com\/index.php\/2020\/05\/08\/gobierno-de-adrian-oseguera-redobla-esfuerzos-en-acciones-de-limpieza\/","og_site_name":"EL INFORMATIVO DE TAMAULIPAS","article_published_time":"2020-05-08T23:53:28+00:00","author":"El Informativo Tam","twitter_card":"summary_large_image","twitter_misc":{"Escrito por":"El Informativo Tam","Tiempo de lectura":"1 minuto"},"schema":{"@context":"https:\/\/schema.org","@graph":[{"@type":"Article","@id":"https:\/\/elinformativotam.com\/index.php\/2020\/05\/08\/gobierno-de-adrian-oseguera-redobla-esfuerzos-en-acciones-de-limpieza\/#article","isPartOf":{"@id":"https:\/\/elinformativotam.com\/index.php\/2020\/05\/08\/gobierno-de-adrian-oseguera-redobla-esfuerzos-en-acciones-de-limpieza\/"},"author":{"name":"El Informativo Tam","@id":"https:\/\/elinformativotam.com\/#\/schema\/person\/78e08040eed0f6110f0c5f83b6153590"},"headline":"GOBIERNO DE ADRI\u00c1N OSEGUERA REDOBLA ESFUERZOS EN ACCIONES DE LIMPIEZA","datePublished":"2020-05-08T23:53:28+00:00","mainEntityOfPage":{"@id":"https:\/\/elinformativotam.com\/index.php\/2020\/05\/08\/gobierno-de-adrian-oseguera-redobla-esfuerzos-en-acciones-de-limpieza\/"},"wordCount":270,"commentCount":0,"publisher":{"@id":"https:\/\/elinformativotam.com\/#organization"},"articleSection":["Cd Madero"],"inLanguage":"es","potentialAction":[{"@type":"CommentAction","name":"Comment","target":["https:\/\/elinformativotam.com\/index.php\/2020\/05\/08\/gobierno-de-adrian-oseguera-redobla-esfuerzos-en-acciones-de-limpieza\/#respond"]}]},{"@type":"WebPage","@id":"https:\/\/elinformativotam.com\/index.php\/2020\/05\/08\/gobierno-de-adrian-oseguera-redobla-esfuerzos-en-acciones-de-limpieza\/","url":"https:\/\/elinformativotam.com\/index.php\/2020\/05\/08\/gobierno-de-adrian-oseguera-redobla-esfuerzos-en-acciones-de-limpieza\/","name":"GOBIERNO DE ADRI\u00c1N OSEGUERA REDOBLA ESFUERZOS EN ACCIONES DE LIMPIEZA - EL INFORMATIVO DE TAMAULIPAS","isPartOf":{"@id":"https:\/\/elinformativotam.com\/#website"},"datePublished":"2020-05-08T23:53:28+00:00","description":"Por instrucciones del alcalde Adri\u00e1n Oseguera Kernion, un intenso programa de limpieza p\u00fablica se lleva a cabo en Ciudad Madero, acelerando estas acciones","inLanguage":"es","potentialAction":[{"@type":"ReadAction","target":["https:\/\/elinformativotam.com\/index.php\/2020\/05\/08\/gobierno-de-adrian-oseguera-redobla-esfuerzos-en-acciones-de-limpieza\/"]}]},{"@type":"WebSite","@id":"https:\/\/elinformativotam.com\/#website","url":"https:\/\/elinformativotam.com\/","name":"EL INFORMATIVO DE TAMAULIPAS","description":"Desde la Zona Metropolitana Para Todo M\u00e9xico","publisher":{"@id":"https:\/\/elinformativotam.com\/#organization"},"potentialAction":[{"@type":"SearchAction","target":{"@type":"EntryPoint","urlTemplate":"https:\/\/elinformativotam.com\/?s={search_term_string}"},"query-input":{"@type":"PropertyValueSpecification","valueRequired":true,"valueName":"search_term_string"}}],"inLanguage":"es"},{"@type":"Organization","@id":"https:\/\/elinformativotam.com\/#organization","name":"EL INFORMATIVO DE TAMAULIPAS","url":"https:\/\/elinformativotam.com\/","logo":{"@type":"ImageObject","inLanguage":"es","@id":"https:\/\/elinformativotam.com\/#\/schema\/logo\/image\/","url":"https:\/\/elinformativotam.com\/wp-content\/uploads\/2026\/02\/Cabezal.png","contentUrl":"https:\/\/elinformativotam.com\/wp-content\/uploads\/2026\/02\/Cabezal.png","width":960,"height":640,"caption":"EL INFORMATIVO DE TAMAULIPAS"},"image":{"@id":"https:\/\/elinformativotam.com\/#\/schema\/logo\/image\/"}},{"@type":"Person","@id":"https:\/\/elinformativotam.com\/#\/schema\/person\/78e08040eed0f6110f0c5f83b6153590","name":"El Informativo Tam","image":{"@type":"ImageObject","inLanguage":"es","@id":"https:\/\/secure.gravatar.com\/avatar\/f3b7ad3af540688955925ac610647be00b0cf41feea9c4978b73a707ee86bc53?s=96&d=mm&r=g","url":"https:\/\/secure.gravatar.com\/avatar\/f3b7ad3af540688955925ac610647be00b0cf41feea9c4978b73a707ee86bc53?s=96&d=mm&r=g","contentUrl":"https:\/\/secure.gravatar.com\/avatar\/f3b7ad3af540688955925ac610647be00b0cf41feea9c4978b73a707ee86bc53?s=96&d=mm&r=g","caption":"El Informativo Tam"}}]}},"_links":{"self":[{"href":"https:\/\/elinformativotam.com\/index.php\/wp-json\/wp\/v2\/posts\/5899","targetHints":{"allow":["GET"]}}],"collection":[{"href":"https:\/\/elinformativotam.com\/index.php\/wp-json\/wp\/v2\/posts"}],"about":[{"href":"https:\/\/elinformativotam.com\/index.php\/wp-json\/wp\/v2\/types\/post"}],"author":[{"embeddable":true,"href":"https:\/\/elinformativotam.com\/index.php\/wp-json\/wp\/v2\/users\/1"}],"replies":[{"embeddable":true,"href":"https:\/\/elinformativotam.com\/index.php\/wp-json\/wp\/v2\/comments?post=5899"}],"version-history":[{"count":0,"href":"https:\/\/elinformativotam.com\/index.php\/wp-json\/wp\/v2\/posts\/5899\/revisions"}],"wp:attachment":[{"href":"https:\/\/elinformativotam.com\/index.php\/wp-json\/wp\/v2\/media?parent=5899"}],"wp:term":[{"taxonomy":"category","embeddable":true,"href":"https:\/\/elinformativotam.com\/index.php\/wp-json\/wp\/v2\/categories?post=5899"},{"taxonomy":"post_tag","embeddable":true,"href":"https:\/\/elinformativotam.com\/index.php\/wp-json\/wp\/v2\/tags?post=5899"}],"curies":[{"name":"wp","href":"https:\/\/api.w.org\/{rel}","templated":true}]}}