{"id":5892,"date":"2020-05-08T17:45:35","date_gmt":"2020-05-08T23:45:35","guid":{"rendered":"http:\/\/elinformativotam.com\/?p=5892"},"modified":"2020-05-08T17:45:35","modified_gmt":"2020-05-08T23:45:35","slug":"entregan-estimulos-educativos-a-estudiantes-de-madero","status":"publish","type":"post","link":"https:\/\/elinformativotam.com\/index.php\/2020\/05\/08\/entregan-estimulos-educativos-a-estudiantes-de-madero\/","title":{"rendered":"ENTREGAN EST\u00cdMULOS EDUCATIVOS A ESTUDIANTES DE MADERO"},"content":{"rendered":"<p>Cumpliendo con el compromiso de respaldar la educaci\u00f3n de ni\u00f1os y j\u00f3venes maderenses, la ma\u00f1ana de este viernes el Gobierno de Ciudad Madero, entreg\u00f3 180 est\u00edmulos educativos a igual n\u00famero de beneficiados que ser\u00e1 de gran utilidad durante esta contingencia sanitaria.<\/p>\n<p>&nbsp;<\/p>\n<p>En este sentido, Raquel Williams Pineda, directora de Atenci\u00f3n Ciudadana, manifest\u00f3 que el desarrollo de esta entrega que corresponde al mes de mayo se efectu\u00f3 acatando las medidas sanitarias emitidas por la Secretar\u00eda de Salud Federal y del Estado, haciendo uso del cubrebocas, aplicando gel antibacterial y respetando la sana distancia.<\/p>\n<p>&nbsp;<\/p>\n<p>Destac\u00f3 que este beneficio que reciben los estudiantes de bajos recursos no se ha interrumpido ante la contingencia sanitaria por Covid-19 y puntualiz\u00f3 que este beneficio es producto de la donaci\u00f3n del sueldo del alcalde Adri\u00e1n Oseguera Kernion, para favorecer el desarrollo integral de cada estudiante.<\/p>\n<p>&nbsp;<\/p>\n<p>Williams Pineda, agreg\u00f3 que el Gobierno Municipal, continuar\u00e1 realizando acciones en beneficio de la poblaci\u00f3n maderense para mejorar su calidad de vida.<\/p>\n<p>&nbsp;<\/p>\n<p>La entrega se llev\u00f3 a cabo en las instalaciones del Centro Cultural Bicentenario, ubicado en calle Ni\u00f1os H\u00e9roes, de la colonia Felipe Carrillo Puerto, donde se dieron cita padres de familia y tutores as\u00ed como personal de la administraci\u00f3n local.<\/p>\n","protected":false},"excerpt":{"rendered":"<p>Cumpliendo con el compromiso de respaldar la educaci\u00f3n de ni\u00f1os y j\u00f3venes maderenses, la ma\u00f1ana de este viernes el Gobierno&hellip;<\/p>\n","protected":false},"author":1,"featured_media":0,"comment_status":"open","ping_status":"open","sticky":false,"template":"","format":"standard","meta":{"footnotes":""},"categories":[4],"tags":[],"class_list":["post-5892","post","type-post","status-publish","format-standard","hentry","category-madero"],"yoast_head":"<!-- This site is optimized with the Yoast SEO plugin v27.5 - https:\/\/yoast.com\/product\/yoast-seo-wordpress\/ -->\n<title>ENTREGAN EST\u00cdMULOS EDUCATIVOS A ESTUDIANTES DE MADERO - EL INFORMATIVO DE TAMAULIPAS<\/title>\n<meta name=\"description\" content=\"Cumpliendo con el compromiso de respaldar la educaci\u00f3n de ni\u00f1os y j\u00f3venes maderenses, la ma\u00f1ana de este viernes el Gobierno de Ciudad Madero, entreg\u00f3 180\" \/>\n<meta name=\"robots\" content=\"index, follow, max-snippet:-1, max-image-preview:large, max-video-preview:-1\" \/>\n<link rel=\"canonical\" href=\"https:\/\/elinformativotam.com\/index.php\/2020\/05\/08\/entregan-estimulos-educativos-a-estudiantes-de-madero\/\" \/>\n<meta property=\"og:locale\" content=\"es_MX\" \/>\n<meta property=\"og:type\" content=\"article\" \/>\n<meta property=\"og:title\" content=\"ENTREGAN EST\u00cdMULOS EDUCATIVOS A ESTUDIANTES DE MADERO - EL INFORMATIVO DE TAMAULIPAS\" \/>\n<meta property=\"og:description\" content=\"Cumpliendo con el compromiso de respaldar la educaci\u00f3n de ni\u00f1os y j\u00f3venes maderenses, la ma\u00f1ana de este viernes el Gobierno de Ciudad Madero, entreg\u00f3 180\" \/>\n<meta property=\"og:url\" content=\"https:\/\/elinformativotam.com\/index.php\/2020\/05\/08\/entregan-estimulos-educativos-a-estudiantes-de-madero\/\" \/>\n<meta property=\"og:site_name\" content=\"EL INFORMATIVO DE TAMAULIPAS\" \/>\n<meta property=\"article:published_time\" content=\"2020-05-08T23:45:35+00:00\" \/>\n<meta name=\"author\" content=\"El Informativo Tam\" \/>\n<meta name=\"twitter:card\" content=\"summary_large_image\" \/>\n<meta name=\"twitter:label1\" content=\"Escrito por\" \/>\n\t<meta name=\"twitter:data1\" content=\"El Informativo Tam\" \/>\n\t<meta name=\"twitter:label2\" content=\"Tiempo de lectura\" \/>\n\t<meta name=\"twitter:data2\" content=\"1 minuto\" \/>\n<script type=\"application\/ld+json\" class=\"yoast-schema-graph\">{\"@context\":\"https:\\\/\\\/schema.org\",\"@graph\":[{\"@type\":\"Article\",\"@id\":\"https:\\\/\\\/elinformativotam.com\\\/index.php\\\/2020\\\/05\\\/08\\\/entregan-estimulos-educativos-a-estudiantes-de-madero\\\/#article\",\"isPartOf\":{\"@id\":\"https:\\\/\\\/elinformativotam.com\\\/index.php\\\/2020\\\/05\\\/08\\\/entregan-estimulos-educativos-a-estudiantes-de-madero\\\/\"},\"author\":{\"name\":\"El Informativo Tam\",\"@id\":\"https:\\\/\\\/elinformativotam.com\\\/#\\\/schema\\\/person\\\/78e08040eed0f6110f0c5f83b6153590\"},\"headline\":\"ENTREGAN EST\u00cdMULOS EDUCATIVOS A ESTUDIANTES DE MADERO\",\"datePublished\":\"2020-05-08T23:45:35+00:00\",\"mainEntityOfPage\":{\"@id\":\"https:\\\/\\\/elinformativotam.com\\\/index.php\\\/2020\\\/05\\\/08\\\/entregan-estimulos-educativos-a-estudiantes-de-madero\\\/\"},\"wordCount\":225,\"commentCount\":0,\"publisher\":{\"@id\":\"https:\\\/\\\/elinformativotam.com\\\/#organization\"},\"articleSection\":[\"Cd Madero\"],\"inLanguage\":\"es\",\"potentialAction\":[{\"@type\":\"CommentAction\",\"name\":\"Comment\",\"target\":[\"https:\\\/\\\/elinformativotam.com\\\/index.php\\\/2020\\\/05\\\/08\\\/entregan-estimulos-educativos-a-estudiantes-de-madero\\\/#respond\"]}]},{\"@type\":\"WebPage\",\"@id\":\"https:\\\/\\\/elinformativotam.com\\\/index.php\\\/2020\\\/05\\\/08\\\/entregan-estimulos-educativos-a-estudiantes-de-madero\\\/\",\"url\":\"https:\\\/\\\/elinformativotam.com\\\/index.php\\\/2020\\\/05\\\/08\\\/entregan-estimulos-educativos-a-estudiantes-de-madero\\\/\",\"name\":\"ENTREGAN EST\u00cdMULOS EDUCATIVOS A ESTUDIANTES DE MADERO - EL INFORMATIVO DE TAMAULIPAS\",\"isPartOf\":{\"@id\":\"https:\\\/\\\/elinformativotam.com\\\/#website\"},\"datePublished\":\"2020-05-08T23:45:35+00:00\",\"description\":\"Cumpliendo con el compromiso de respaldar la educaci\u00f3n de ni\u00f1os y j\u00f3venes maderenses, la ma\u00f1ana de este viernes el Gobierno de Ciudad Madero, entreg\u00f3 180\",\"inLanguage\":\"es\",\"potentialAction\":[{\"@type\":\"ReadAction\",\"target\":[\"https:\\\/\\\/elinformativotam.com\\\/index.php\\\/2020\\\/05\\\/08\\\/entregan-estimulos-educativos-a-estudiantes-de-madero\\\/\"]}]},{\"@type\":\"WebSite\",\"@id\":\"https:\\\/\\\/elinformativotam.com\\\/#website\",\"url\":\"https:\\\/\\\/elinformativotam.com\\\/\",\"name\":\"EL INFORMATIVO DE TAMAULIPAS\",\"description\":\"Desde la Zona Metropolitana Para Todo M\u00e9xico\",\"publisher\":{\"@id\":\"https:\\\/\\\/elinformativotam.com\\\/#organization\"},\"potentialAction\":[{\"@type\":\"SearchAction\",\"target\":{\"@type\":\"EntryPoint\",\"urlTemplate\":\"https:\\\/\\\/elinformativotam.com\\\/?s={search_term_string}\"},\"query-input\":{\"@type\":\"PropertyValueSpecification\",\"valueRequired\":true,\"valueName\":\"search_term_string\"}}],\"inLanguage\":\"es\"},{\"@type\":\"Organization\",\"@id\":\"https:\\\/\\\/elinformativotam.com\\\/#organization\",\"name\":\"EL INFORMATIVO DE TAMAULIPAS\",\"url\":\"https:\\\/\\\/elinformativotam.com\\\/\",\"logo\":{\"@type\":\"ImageObject\",\"inLanguage\":\"es\",\"@id\":\"https:\\\/\\\/elinformativotam.com\\\/#\\\/schema\\\/logo\\\/image\\\/\",\"url\":\"https:\\\/\\\/elinformativotam.com\\\/wp-content\\\/uploads\\\/2026\\\/02\\\/Cabezal.png\",\"contentUrl\":\"https:\\\/\\\/elinformativotam.com\\\/wp-content\\\/uploads\\\/2026\\\/02\\\/Cabezal.png\",\"width\":960,\"height\":640,\"caption\":\"EL INFORMATIVO DE TAMAULIPAS\"},\"image\":{\"@id\":\"https:\\\/\\\/elinformativotam.com\\\/#\\\/schema\\\/logo\\\/image\\\/\"}},{\"@type\":\"Person\",\"@id\":\"https:\\\/\\\/elinformativotam.com\\\/#\\\/schema\\\/person\\\/78e08040eed0f6110f0c5f83b6153590\",\"name\":\"El Informativo Tam\",\"image\":{\"@type\":\"ImageObject\",\"inLanguage\":\"es\",\"@id\":\"https:\\\/\\\/secure.gravatar.com\\\/avatar\\\/f3b7ad3af540688955925ac610647be00b0cf41feea9c4978b73a707ee86bc53?s=96&d=mm&r=g\",\"url\":\"https:\\\/\\\/secure.gravatar.com\\\/avatar\\\/f3b7ad3af540688955925ac610647be00b0cf41feea9c4978b73a707ee86bc53?s=96&d=mm&r=g\",\"contentUrl\":\"https:\\\/\\\/secure.gravatar.com\\\/avatar\\\/f3b7ad3af540688955925ac610647be00b0cf41feea9c4978b73a707ee86bc53?s=96&d=mm&r=g\",\"caption\":\"El Informativo Tam\"}}]}<\/script>\n<!-- \/ Yoast SEO plugin. -->","yoast_head_json":{"title":"ENTREGAN EST\u00cdMULOS EDUCATIVOS A ESTUDIANTES DE MADERO - EL INFORMATIVO DE TAMAULIPAS","description":"Cumpliendo con el compromiso de respaldar la educaci\u00f3n de ni\u00f1os y j\u00f3venes maderenses, la ma\u00f1ana de este viernes el Gobierno de Ciudad Madero, entreg\u00f3 180","robots":{"index":"index","follow":"follow","max-snippet":"max-snippet:-1","max-image-preview":"max-image-preview:large","max-video-preview":"max-video-preview:-1"},"canonical":"https:\/\/elinformativotam.com\/index.php\/2020\/05\/08\/entregan-estimulos-educativos-a-estudiantes-de-madero\/","og_locale":"es_MX","og_type":"article","og_title":"ENTREGAN EST\u00cdMULOS EDUCATIVOS A ESTUDIANTES DE MADERO - EL INFORMATIVO DE TAMAULIPAS","og_description":"Cumpliendo con el compromiso de respaldar la educaci\u00f3n de ni\u00f1os y j\u00f3venes maderenses, la ma\u00f1ana de este viernes el Gobierno de Ciudad Madero, entreg\u00f3 180","og_url":"https:\/\/elinformativotam.com\/index.php\/2020\/05\/08\/entregan-estimulos-educativos-a-estudiantes-de-madero\/","og_site_name":"EL INFORMATIVO DE TAMAULIPAS","article_published_time":"2020-05-08T23:45:35+00:00","author":"El Informativo Tam","twitter_card":"summary_large_image","twitter_misc":{"Escrito por":"El Informativo Tam","Tiempo de lectura":"1 minuto"},"schema":{"@context":"https:\/\/schema.org","@graph":[{"@type":"Article","@id":"https:\/\/elinformativotam.com\/index.php\/2020\/05\/08\/entregan-estimulos-educativos-a-estudiantes-de-madero\/#article","isPartOf":{"@id":"https:\/\/elinformativotam.com\/index.php\/2020\/05\/08\/entregan-estimulos-educativos-a-estudiantes-de-madero\/"},"author":{"name":"El Informativo Tam","@id":"https:\/\/elinformativotam.com\/#\/schema\/person\/78e08040eed0f6110f0c5f83b6153590"},"headline":"ENTREGAN EST\u00cdMULOS EDUCATIVOS A ESTUDIANTES DE MADERO","datePublished":"2020-05-08T23:45:35+00:00","mainEntityOfPage":{"@id":"https:\/\/elinformativotam.com\/index.php\/2020\/05\/08\/entregan-estimulos-educativos-a-estudiantes-de-madero\/"},"wordCount":225,"commentCount":0,"publisher":{"@id":"https:\/\/elinformativotam.com\/#organization"},"articleSection":["Cd Madero"],"inLanguage":"es","potentialAction":[{"@type":"CommentAction","name":"Comment","target":["https:\/\/elinformativotam.com\/index.php\/2020\/05\/08\/entregan-estimulos-educativos-a-estudiantes-de-madero\/#respond"]}]},{"@type":"WebPage","@id":"https:\/\/elinformativotam.com\/index.php\/2020\/05\/08\/entregan-estimulos-educativos-a-estudiantes-de-madero\/","url":"https:\/\/elinformativotam.com\/index.php\/2020\/05\/08\/entregan-estimulos-educativos-a-estudiantes-de-madero\/","name":"ENTREGAN EST\u00cdMULOS EDUCATIVOS A ESTUDIANTES DE MADERO - EL INFORMATIVO DE TAMAULIPAS","isPartOf":{"@id":"https:\/\/elinformativotam.com\/#website"},"datePublished":"2020-05-08T23:45:35+00:00","description":"Cumpliendo con el compromiso de respaldar la educaci\u00f3n de ni\u00f1os y j\u00f3venes maderenses, la ma\u00f1ana de este viernes el Gobierno de Ciudad Madero, entreg\u00f3 180","inLanguage":"es","potentialAction":[{"@type":"ReadAction","target":["https:\/\/elinformativotam.com\/index.php\/2020\/05\/08\/entregan-estimulos-educativos-a-estudiantes-de-madero\/"]}]},{"@type":"WebSite","@id":"https:\/\/elinformativotam.com\/#website","url":"https:\/\/elinformativotam.com\/","name":"EL INFORMATIVO DE TAMAULIPAS","description":"Desde la Zona Metropolitana Para Todo M\u00e9xico","publisher":{"@id":"https:\/\/elinformativotam.com\/#organization"},"potentialAction":[{"@type":"SearchAction","target":{"@type":"EntryPoint","urlTemplate":"https:\/\/elinformativotam.com\/?s={search_term_string}"},"query-input":{"@type":"PropertyValueSpecification","valueRequired":true,"valueName":"search_term_string"}}],"inLanguage":"es"},{"@type":"Organization","@id":"https:\/\/elinformativotam.com\/#organization","name":"EL INFORMATIVO DE TAMAULIPAS","url":"https:\/\/elinformativotam.com\/","logo":{"@type":"ImageObject","inLanguage":"es","@id":"https:\/\/elinformativotam.com\/#\/schema\/logo\/image\/","url":"https:\/\/elinformativotam.com\/wp-content\/uploads\/2026\/02\/Cabezal.png","contentUrl":"https:\/\/elinformativotam.com\/wp-content\/uploads\/2026\/02\/Cabezal.png","width":960,"height":640,"caption":"EL INFORMATIVO DE TAMAULIPAS"},"image":{"@id":"https:\/\/elinformativotam.com\/#\/schema\/logo\/image\/"}},{"@type":"Person","@id":"https:\/\/elinformativotam.com\/#\/schema\/person\/78e08040eed0f6110f0c5f83b6153590","name":"El Informativo Tam","image":{"@type":"ImageObject","inLanguage":"es","@id":"https:\/\/secure.gravatar.com\/avatar\/f3b7ad3af540688955925ac610647be00b0cf41feea9c4978b73a707ee86bc53?s=96&d=mm&r=g","url":"https:\/\/secure.gravatar.com\/avatar\/f3b7ad3af540688955925ac610647be00b0cf41feea9c4978b73a707ee86bc53?s=96&d=mm&r=g","contentUrl":"https:\/\/secure.gravatar.com\/avatar\/f3b7ad3af540688955925ac610647be00b0cf41feea9c4978b73a707ee86bc53?s=96&d=mm&r=g","caption":"El Informativo Tam"}}]}},"_links":{"self":[{"href":"https:\/\/elinformativotam.com\/index.php\/wp-json\/wp\/v2\/posts\/5892","targetHints":{"allow":["GET"]}}],"collection":[{"href":"https:\/\/elinformativotam.com\/index.php\/wp-json\/wp\/v2\/posts"}],"about":[{"href":"https:\/\/elinformativotam.com\/index.php\/wp-json\/wp\/v2\/types\/post"}],"author":[{"embeddable":true,"href":"https:\/\/elinformativotam.com\/index.php\/wp-json\/wp\/v2\/users\/1"}],"replies":[{"embeddable":true,"href":"https:\/\/elinformativotam.com\/index.php\/wp-json\/wp\/v2\/comments?post=5892"}],"version-history":[{"count":0,"href":"https:\/\/elinformativotam.com\/index.php\/wp-json\/wp\/v2\/posts\/5892\/revisions"}],"wp:attachment":[{"href":"https:\/\/elinformativotam.com\/index.php\/wp-json\/wp\/v2\/media?parent=5892"}],"wp:term":[{"taxonomy":"category","embeddable":true,"href":"https:\/\/elinformativotam.com\/index.php\/wp-json\/wp\/v2\/categories?post=5892"},{"taxonomy":"post_tag","embeddable":true,"href":"https:\/\/elinformativotam.com\/index.php\/wp-json\/wp\/v2\/tags?post=5892"}],"curies":[{"name":"wp","href":"https:\/\/api.w.org\/{rel}","templated":true}]}}