{"id":5872,"date":"2020-05-07T18:46:54","date_gmt":"2020-05-08T00:46:54","guid":{"rendered":"http:\/\/elinformativotam.com\/?p=5872"},"modified":"2020-05-07T18:46:54","modified_gmt":"2020-05-08T00:46:54","slug":"mejora-gobierno-de-alma-laura-amparan-alumbrado-publico-de-altamira","status":"publish","type":"post","link":"https:\/\/elinformativotam.com\/index.php\/2020\/05\/07\/mejora-gobierno-de-alma-laura-amparan-alumbrado-publico-de-altamira\/","title":{"rendered":"MEJORA GOBIERNO DE ALMA LAURA AMPAR\u00c1N ALUMBRADO P\u00daBLICO DE ALTAMIRA"},"content":{"rendered":"<h2><em><strong>*Mediante La Instalaci\u00f3n De M\u00e1s De 600 Luminarias De Tecnolog\u00eda Led<\/strong><\/em><\/h2>\n<p>&nbsp;<\/p>\n<p>Con el prop\u00f3sito de brindar servicios de calidad de manera permanente en cada una de las colonias y ejidos del municipio, el gobierno de Altamira, encabezado por la alcaldesa Alma Laura Ampar\u00e1n Cruz, contin\u00faa renovando el alumbrado p\u00fablico de la ciudad mediante la instalaci\u00f3n de luminarias de tecnolog\u00eda LED, que permiten mejorar la calidad de vida de los ciudadanos con vialidades bien iluminadas.<\/p>\n<p>&nbsp;<\/p>\n<p>En esta ocasi\u00f3n la presidenta municipal, supervis\u00f3 la colocaci\u00f3n de las nuevas luminarias en la colonia Tampico \u2013 Altamira, se\u00f1alando que ser\u00e1n instaladas m\u00e1s de 600 l\u00e1mparas LED en los sectores 1, 2, 3 y 4 de mencionada colonia, adem\u00e1s en las colonias, Acapulquito, Huatulquito, Floresta, y sectores aleda\u00f1os, en beneficiado de m\u00e1s de 8 mil personas.<\/p>\n<p>&nbsp;<\/p>\n<p>\u201cBrindar un alumbrado p\u00fablico de calidad es muy importante, a trav\u00e9s de estas l\u00e1mparas de tecnolog\u00eda LED se proporciona una mejor iluminaci\u00f3n. Seguiremos trabajando as\u00ed en todas las colonias de nuestro municipio\u201d, indic\u00f3.<\/p>\n<p>&nbsp;<\/p>\n<p>Se\u00f1al\u00f3 que el trabajo del Gobierno Municipal de Altamira no se detiene, proporcionando todos los d\u00edas servicios p\u00fablicos desde la zona sur hasta la zona norte de la ciudad, al igual que en cada uno de los ejidos, reforzando el rubro de alumbrado p\u00fablico, recolecci\u00f3n de basura, mantenimiento de parques y jardines, as\u00ed como el pintado de camellones y banquetas.<\/p>\n<p>&nbsp;<\/p>\n<p>\u201cSeguimos trabajando atendiendo a la ciudadan\u00eda, tambi\u00e9n mantenemos nuestro programa de descacharrizaci\u00f3n donde hemos recogido m\u00e1s de 90 toneladas de cacharros; como gobierno seguiremos haciendo y pidiendo a la ciudadan\u00eda nos siga apoyando manteniendo limpios sus patios\u201d, precis\u00f3.<\/p>\n<p>&nbsp;<\/p>\n<p>Cabe destacar que por instrucciones de la alcaldesa Alma Laura Ampar\u00e1n, en el presente a\u00f1o se busca reemplazar el viejo alumbrado de las diferentes colonias y ejidos por luminarias de tecnolog\u00eda LED, contemplado la instalaci\u00f3n de alrededor de 4 mil 500 l\u00e1mparas.<\/p>\n<p>&nbsp;<\/p>\n<p>Finalmente, la jefa edilicia reiter\u00f3 el exhorto a los ciudadanos para quedarse en casa ante la contingencia sanitaria por el COVID 19, debido a que es muy importante cumplir con las recomendaciones de la Secretar\u00eda de Salud de Tamaulipas, se\u00f1alando que solamente juntos sociedad y gobierno se podr\u00e1 superar la actual situaci\u00f3n.<\/p>\n<p>&nbsp;<\/p>\n<p>En este recorrido de supervisi\u00f3n acompa\u00f1aron a la alcaldesa, el secretario de Servicios P\u00fablicos, Armando Olvera P\u00e9rez, el secretario de Bienestar Social, Alfredo Polanco Aguilar, y el director de Salud, Abel Rojas Cortina.<\/p>\n","protected":false},"excerpt":{"rendered":"<p>*Mediante La Instalaci\u00f3n De M\u00e1s De 600 Luminarias De Tecnolog\u00eda Led &nbsp; Con el prop\u00f3sito de brindar servicios de calidad&hellip;<\/p>\n","protected":false},"author":1,"featured_media":0,"comment_status":"open","ping_status":"open","sticky":false,"template":"","format":"standard","meta":{"footnotes":""},"categories":[5],"tags":[],"class_list":["post-5872","post","type-post","status-publish","format-standard","hentry","category-altamira"],"yoast_head":"<!-- This site is optimized with the Yoast SEO plugin v27.5 - https:\/\/yoast.com\/product\/yoast-seo-wordpress\/ -->\n<title>MEJORA GOBIERNO DE ALMA LAURA AMPAR\u00c1N ALUMBRADO P\u00daBLICO DE ALTAMIRA - EL INFORMATIVO DE TAMAULIPAS<\/title>\n<meta name=\"description\" content=\"*Mediante La Instalaci\u00f3n De M\u00e1s De 600 Luminarias De Tecnolog\u00eda Led &nbsp; Con el prop\u00f3sito de brindar servicios de calidad de manera permanente en cada\" \/>\n<meta name=\"robots\" content=\"index, follow, max-snippet:-1, max-image-preview:large, max-video-preview:-1\" \/>\n<link rel=\"canonical\" href=\"https:\/\/elinformativotam.com\/index.php\/2020\/05\/07\/mejora-gobierno-de-alma-laura-amparan-alumbrado-publico-de-altamira\/\" \/>\n<meta property=\"og:locale\" content=\"es_MX\" \/>\n<meta property=\"og:type\" content=\"article\" \/>\n<meta property=\"og:title\" content=\"MEJORA GOBIERNO DE ALMA LAURA AMPAR\u00c1N ALUMBRADO P\u00daBLICO DE ALTAMIRA - EL INFORMATIVO DE TAMAULIPAS\" \/>\n<meta property=\"og:description\" content=\"*Mediante La Instalaci\u00f3n De M\u00e1s De 600 Luminarias De Tecnolog\u00eda Led &nbsp; Con el prop\u00f3sito de brindar servicios de calidad de manera permanente en cada\" \/>\n<meta property=\"og:url\" content=\"https:\/\/elinformativotam.com\/index.php\/2020\/05\/07\/mejora-gobierno-de-alma-laura-amparan-alumbrado-publico-de-altamira\/\" \/>\n<meta property=\"og:site_name\" content=\"EL INFORMATIVO DE TAMAULIPAS\" \/>\n<meta property=\"article:published_time\" content=\"2020-05-08T00:46:54+00:00\" \/>\n<meta name=\"author\" content=\"El Informativo Tam\" \/>\n<meta name=\"twitter:card\" content=\"summary_large_image\" \/>\n<meta name=\"twitter:label1\" content=\"Escrito por\" \/>\n\t<meta name=\"twitter:data1\" content=\"El Informativo Tam\" \/>\n\t<meta name=\"twitter:label2\" content=\"Tiempo de lectura\" \/>\n\t<meta name=\"twitter:data2\" content=\"2 minutos\" \/>\n<script type=\"application\/ld+json\" class=\"yoast-schema-graph\">{\"@context\":\"https:\\\/\\\/schema.org\",\"@graph\":[{\"@type\":\"Article\",\"@id\":\"https:\\\/\\\/elinformativotam.com\\\/index.php\\\/2020\\\/05\\\/07\\\/mejora-gobierno-de-alma-laura-amparan-alumbrado-publico-de-altamira\\\/#article\",\"isPartOf\":{\"@id\":\"https:\\\/\\\/elinformativotam.com\\\/index.php\\\/2020\\\/05\\\/07\\\/mejora-gobierno-de-alma-laura-amparan-alumbrado-publico-de-altamira\\\/\"},\"author\":{\"name\":\"El Informativo Tam\",\"@id\":\"https:\\\/\\\/elinformativotam.com\\\/#\\\/schema\\\/person\\\/78e08040eed0f6110f0c5f83b6153590\"},\"headline\":\"MEJORA GOBIERNO DE ALMA LAURA AMPAR\u00c1N ALUMBRADO P\u00daBLICO DE ALTAMIRA\",\"datePublished\":\"2020-05-08T00:46:54+00:00\",\"mainEntityOfPage\":{\"@id\":\"https:\\\/\\\/elinformativotam.com\\\/index.php\\\/2020\\\/05\\\/07\\\/mejora-gobierno-de-alma-laura-amparan-alumbrado-publico-de-altamira\\\/\"},\"wordCount\":442,\"commentCount\":0,\"publisher\":{\"@id\":\"https:\\\/\\\/elinformativotam.com\\\/#organization\"},\"articleSection\":[\"Altamira\"],\"inLanguage\":\"es\",\"potentialAction\":[{\"@type\":\"CommentAction\",\"name\":\"Comment\",\"target\":[\"https:\\\/\\\/elinformativotam.com\\\/index.php\\\/2020\\\/05\\\/07\\\/mejora-gobierno-de-alma-laura-amparan-alumbrado-publico-de-altamira\\\/#respond\"]}]},{\"@type\":\"WebPage\",\"@id\":\"https:\\\/\\\/elinformativotam.com\\\/index.php\\\/2020\\\/05\\\/07\\\/mejora-gobierno-de-alma-laura-amparan-alumbrado-publico-de-altamira\\\/\",\"url\":\"https:\\\/\\\/elinformativotam.com\\\/index.php\\\/2020\\\/05\\\/07\\\/mejora-gobierno-de-alma-laura-amparan-alumbrado-publico-de-altamira\\\/\",\"name\":\"MEJORA GOBIERNO DE ALMA LAURA AMPAR\u00c1N ALUMBRADO P\u00daBLICO DE ALTAMIRA - EL INFORMATIVO DE TAMAULIPAS\",\"isPartOf\":{\"@id\":\"https:\\\/\\\/elinformativotam.com\\\/#website\"},\"datePublished\":\"2020-05-08T00:46:54+00:00\",\"description\":\"*Mediante La Instalaci\u00f3n De M\u00e1s De 600 Luminarias De Tecnolog\u00eda Led &nbsp; Con el prop\u00f3sito de brindar servicios de calidad de manera permanente en cada\",\"inLanguage\":\"es\",\"potentialAction\":[{\"@type\":\"ReadAction\",\"target\":[\"https:\\\/\\\/elinformativotam.com\\\/index.php\\\/2020\\\/05\\\/07\\\/mejora-gobierno-de-alma-laura-amparan-alumbrado-publico-de-altamira\\\/\"]}]},{\"@type\":\"WebSite\",\"@id\":\"https:\\\/\\\/elinformativotam.com\\\/#website\",\"url\":\"https:\\\/\\\/elinformativotam.com\\\/\",\"name\":\"EL INFORMATIVO DE TAMAULIPAS\",\"description\":\"Desde la Zona Metropolitana Para Todo M\u00e9xico\",\"publisher\":{\"@id\":\"https:\\\/\\\/elinformativotam.com\\\/#organization\"},\"potentialAction\":[{\"@type\":\"SearchAction\",\"target\":{\"@type\":\"EntryPoint\",\"urlTemplate\":\"https:\\\/\\\/elinformativotam.com\\\/?s={search_term_string}\"},\"query-input\":{\"@type\":\"PropertyValueSpecification\",\"valueRequired\":true,\"valueName\":\"search_term_string\"}}],\"inLanguage\":\"es\"},{\"@type\":\"Organization\",\"@id\":\"https:\\\/\\\/elinformativotam.com\\\/#organization\",\"name\":\"EL INFORMATIVO DE TAMAULIPAS\",\"url\":\"https:\\\/\\\/elinformativotam.com\\\/\",\"logo\":{\"@type\":\"ImageObject\",\"inLanguage\":\"es\",\"@id\":\"https:\\\/\\\/elinformativotam.com\\\/#\\\/schema\\\/logo\\\/image\\\/\",\"url\":\"https:\\\/\\\/elinformativotam.com\\\/wp-content\\\/uploads\\\/2026\\\/02\\\/Cabezal.png\",\"contentUrl\":\"https:\\\/\\\/elinformativotam.com\\\/wp-content\\\/uploads\\\/2026\\\/02\\\/Cabezal.png\",\"width\":960,\"height\":640,\"caption\":\"EL INFORMATIVO DE TAMAULIPAS\"},\"image\":{\"@id\":\"https:\\\/\\\/elinformativotam.com\\\/#\\\/schema\\\/logo\\\/image\\\/\"}},{\"@type\":\"Person\",\"@id\":\"https:\\\/\\\/elinformativotam.com\\\/#\\\/schema\\\/person\\\/78e08040eed0f6110f0c5f83b6153590\",\"name\":\"El Informativo Tam\",\"image\":{\"@type\":\"ImageObject\",\"inLanguage\":\"es\",\"@id\":\"https:\\\/\\\/secure.gravatar.com\\\/avatar\\\/f3b7ad3af540688955925ac610647be00b0cf41feea9c4978b73a707ee86bc53?s=96&d=mm&r=g\",\"url\":\"https:\\\/\\\/secure.gravatar.com\\\/avatar\\\/f3b7ad3af540688955925ac610647be00b0cf41feea9c4978b73a707ee86bc53?s=96&d=mm&r=g\",\"contentUrl\":\"https:\\\/\\\/secure.gravatar.com\\\/avatar\\\/f3b7ad3af540688955925ac610647be00b0cf41feea9c4978b73a707ee86bc53?s=96&d=mm&r=g\",\"caption\":\"El Informativo Tam\"}}]}<\/script>\n<!-- \/ Yoast SEO plugin. -->","yoast_head_json":{"title":"MEJORA GOBIERNO DE ALMA LAURA AMPAR\u00c1N ALUMBRADO P\u00daBLICO DE ALTAMIRA - EL INFORMATIVO DE TAMAULIPAS","description":"*Mediante La Instalaci\u00f3n De M\u00e1s De 600 Luminarias De Tecnolog\u00eda Led &nbsp; Con el prop\u00f3sito de brindar servicios de calidad de manera permanente en cada","robots":{"index":"index","follow":"follow","max-snippet":"max-snippet:-1","max-image-preview":"max-image-preview:large","max-video-preview":"max-video-preview:-1"},"canonical":"https:\/\/elinformativotam.com\/index.php\/2020\/05\/07\/mejora-gobierno-de-alma-laura-amparan-alumbrado-publico-de-altamira\/","og_locale":"es_MX","og_type":"article","og_title":"MEJORA GOBIERNO DE ALMA LAURA AMPAR\u00c1N ALUMBRADO P\u00daBLICO DE ALTAMIRA - EL INFORMATIVO DE TAMAULIPAS","og_description":"*Mediante La Instalaci\u00f3n De M\u00e1s De 600 Luminarias De Tecnolog\u00eda Led &nbsp; Con el prop\u00f3sito de brindar servicios de calidad de manera permanente en cada","og_url":"https:\/\/elinformativotam.com\/index.php\/2020\/05\/07\/mejora-gobierno-de-alma-laura-amparan-alumbrado-publico-de-altamira\/","og_site_name":"EL INFORMATIVO DE TAMAULIPAS","article_published_time":"2020-05-08T00:46:54+00:00","author":"El Informativo Tam","twitter_card":"summary_large_image","twitter_misc":{"Escrito por":"El Informativo Tam","Tiempo de lectura":"2 minutos"},"schema":{"@context":"https:\/\/schema.org","@graph":[{"@type":"Article","@id":"https:\/\/elinformativotam.com\/index.php\/2020\/05\/07\/mejora-gobierno-de-alma-laura-amparan-alumbrado-publico-de-altamira\/#article","isPartOf":{"@id":"https:\/\/elinformativotam.com\/index.php\/2020\/05\/07\/mejora-gobierno-de-alma-laura-amparan-alumbrado-publico-de-altamira\/"},"author":{"name":"El Informativo Tam","@id":"https:\/\/elinformativotam.com\/#\/schema\/person\/78e08040eed0f6110f0c5f83b6153590"},"headline":"MEJORA GOBIERNO DE ALMA LAURA AMPAR\u00c1N ALUMBRADO P\u00daBLICO DE ALTAMIRA","datePublished":"2020-05-08T00:46:54+00:00","mainEntityOfPage":{"@id":"https:\/\/elinformativotam.com\/index.php\/2020\/05\/07\/mejora-gobierno-de-alma-laura-amparan-alumbrado-publico-de-altamira\/"},"wordCount":442,"commentCount":0,"publisher":{"@id":"https:\/\/elinformativotam.com\/#organization"},"articleSection":["Altamira"],"inLanguage":"es","potentialAction":[{"@type":"CommentAction","name":"Comment","target":["https:\/\/elinformativotam.com\/index.php\/2020\/05\/07\/mejora-gobierno-de-alma-laura-amparan-alumbrado-publico-de-altamira\/#respond"]}]},{"@type":"WebPage","@id":"https:\/\/elinformativotam.com\/index.php\/2020\/05\/07\/mejora-gobierno-de-alma-laura-amparan-alumbrado-publico-de-altamira\/","url":"https:\/\/elinformativotam.com\/index.php\/2020\/05\/07\/mejora-gobierno-de-alma-laura-amparan-alumbrado-publico-de-altamira\/","name":"MEJORA GOBIERNO DE ALMA LAURA AMPAR\u00c1N ALUMBRADO P\u00daBLICO DE ALTAMIRA - EL INFORMATIVO DE TAMAULIPAS","isPartOf":{"@id":"https:\/\/elinformativotam.com\/#website"},"datePublished":"2020-05-08T00:46:54+00:00","description":"*Mediante La Instalaci\u00f3n De M\u00e1s De 600 Luminarias De Tecnolog\u00eda Led &nbsp; Con el prop\u00f3sito de brindar servicios de calidad de manera permanente en cada","inLanguage":"es","potentialAction":[{"@type":"ReadAction","target":["https:\/\/elinformativotam.com\/index.php\/2020\/05\/07\/mejora-gobierno-de-alma-laura-amparan-alumbrado-publico-de-altamira\/"]}]},{"@type":"WebSite","@id":"https:\/\/elinformativotam.com\/#website","url":"https:\/\/elinformativotam.com\/","name":"EL INFORMATIVO DE TAMAULIPAS","description":"Desde la Zona Metropolitana Para Todo M\u00e9xico","publisher":{"@id":"https:\/\/elinformativotam.com\/#organization"},"potentialAction":[{"@type":"SearchAction","target":{"@type":"EntryPoint","urlTemplate":"https:\/\/elinformativotam.com\/?s={search_term_string}"},"query-input":{"@type":"PropertyValueSpecification","valueRequired":true,"valueName":"search_term_string"}}],"inLanguage":"es"},{"@type":"Organization","@id":"https:\/\/elinformativotam.com\/#organization","name":"EL INFORMATIVO DE TAMAULIPAS","url":"https:\/\/elinformativotam.com\/","logo":{"@type":"ImageObject","inLanguage":"es","@id":"https:\/\/elinformativotam.com\/#\/schema\/logo\/image\/","url":"https:\/\/elinformativotam.com\/wp-content\/uploads\/2026\/02\/Cabezal.png","contentUrl":"https:\/\/elinformativotam.com\/wp-content\/uploads\/2026\/02\/Cabezal.png","width":960,"height":640,"caption":"EL INFORMATIVO DE TAMAULIPAS"},"image":{"@id":"https:\/\/elinformativotam.com\/#\/schema\/logo\/image\/"}},{"@type":"Person","@id":"https:\/\/elinformativotam.com\/#\/schema\/person\/78e08040eed0f6110f0c5f83b6153590","name":"El Informativo Tam","image":{"@type":"ImageObject","inLanguage":"es","@id":"https:\/\/secure.gravatar.com\/avatar\/f3b7ad3af540688955925ac610647be00b0cf41feea9c4978b73a707ee86bc53?s=96&d=mm&r=g","url":"https:\/\/secure.gravatar.com\/avatar\/f3b7ad3af540688955925ac610647be00b0cf41feea9c4978b73a707ee86bc53?s=96&d=mm&r=g","contentUrl":"https:\/\/secure.gravatar.com\/avatar\/f3b7ad3af540688955925ac610647be00b0cf41feea9c4978b73a707ee86bc53?s=96&d=mm&r=g","caption":"El Informativo Tam"}}]}},"_links":{"self":[{"href":"https:\/\/elinformativotam.com\/index.php\/wp-json\/wp\/v2\/posts\/5872","targetHints":{"allow":["GET"]}}],"collection":[{"href":"https:\/\/elinformativotam.com\/index.php\/wp-json\/wp\/v2\/posts"}],"about":[{"href":"https:\/\/elinformativotam.com\/index.php\/wp-json\/wp\/v2\/types\/post"}],"author":[{"embeddable":true,"href":"https:\/\/elinformativotam.com\/index.php\/wp-json\/wp\/v2\/users\/1"}],"replies":[{"embeddable":true,"href":"https:\/\/elinformativotam.com\/index.php\/wp-json\/wp\/v2\/comments?post=5872"}],"version-history":[{"count":0,"href":"https:\/\/elinformativotam.com\/index.php\/wp-json\/wp\/v2\/posts\/5872\/revisions"}],"wp:attachment":[{"href":"https:\/\/elinformativotam.com\/index.php\/wp-json\/wp\/v2\/media?parent=5872"}],"wp:term":[{"taxonomy":"category","embeddable":true,"href":"https:\/\/elinformativotam.com\/index.php\/wp-json\/wp\/v2\/categories?post=5872"},{"taxonomy":"post_tag","embeddable":true,"href":"https:\/\/elinformativotam.com\/index.php\/wp-json\/wp\/v2\/tags?post=5872"}],"curies":[{"name":"wp","href":"https:\/\/api.w.org\/{rel}","templated":true}]}}