{"id":5864,"date":"2020-05-07T18:26:59","date_gmt":"2020-05-08T00:26:59","guid":{"rendered":"http:\/\/elinformativotam.com\/?p=5864"},"modified":"2020-05-07T18:26:59","modified_gmt":"2020-05-08T00:26:59","slug":"refuerzan-en-madero-sanitizacion-y-desinfeccion-de-espacios-publicos","status":"publish","type":"post","link":"https:\/\/elinformativotam.com\/index.php\/2020\/05\/07\/refuerzan-en-madero-sanitizacion-y-desinfeccion-de-espacios-publicos\/","title":{"rendered":"REFUERZAN EN MADERO SANITIZACI\u00d3N Y DESINFECCI\u00d3N DE ESPACIOS P\u00daBLICOS"},"content":{"rendered":"<p>La sanitizaci\u00f3n de espacios p\u00fablicos como plazas, parques y jardines ha sido reforzada por indicaciones del alcalde Adri\u00e1n Oseguera Kernion, quien hasta el momento ha dado certidumbre a cerca de 106 mil maderenses, con la desinfecci\u00f3n de puntos estrat\u00e9gicos en la ciudad.<\/p>\n<p>&nbsp;<\/p>\n<p>En este sentido, son algunos de los espacios p\u00fablicos sanitizados: la plaza Isauro Alfaro Otero, plaza Jalisco, plaza de la Pir\u00e1mide y las ubicadas en las colonias Tinaco, Revoluci\u00f3n Verde y \u00c1rbol Grande.<\/p>\n<p>&nbsp;<\/p>\n<p>\u201cCon hechos hemos demostrado que en mi Gobierno, llevar certidumbre a la poblaci\u00f3n es una acci\u00f3n constante durante la pandemia que vivimos en todo M\u00e9xico, y aunque hemos redoblado esfuerzos en la desinfecci\u00f3n de toda la ciudad, es importante que las familias sigan resguardadas para ser de los primeros municipios que salgamos de esta contingencia\u201d, expres\u00f3 Oseguera Kernion.<\/p>\n<p>&nbsp;<\/p>\n<p>Cabe mencionar que hasta la fecha, el Gobierno Municipal, a trav\u00e9s de la Direcci\u00f3n de Municipio Saludable, Protecci\u00f3n Civil, Servicios P\u00fablicos y Tr\u00e1nsito y Vialidad, ha visitado y desinfectado 45 colonias con un alcance de mil 84 manzanas.<\/p>\n<p>&nbsp;<\/p>\n<p>Finalmente, el alcalde Adri\u00e1n Oseguera Kernion hizo el exhorto a la ciudadan\u00eda de permanecer en casa y evitar visitar los diferentes espacios p\u00fablicos hasta que sea controlada la contingencia de salud por Covid-19.<\/p>\n","protected":false},"excerpt":{"rendered":"<p>La sanitizaci\u00f3n de espacios p\u00fablicos como plazas, parques y jardines ha sido reforzada por indicaciones del alcalde Adri\u00e1n Oseguera Kernion,&hellip;<\/p>\n","protected":false},"author":1,"featured_media":0,"comment_status":"open","ping_status":"open","sticky":false,"template":"","format":"standard","meta":{"footnotes":""},"categories":[4],"tags":[],"class_list":["post-5864","post","type-post","status-publish","format-standard","hentry","category-madero"],"yoast_head":"<!-- This site is optimized with the Yoast SEO plugin v27.5 - https:\/\/yoast.com\/product\/yoast-seo-wordpress\/ -->\n<title>REFUERZAN EN MADERO SANITIZACI\u00d3N Y DESINFECCI\u00d3N DE ESPACIOS P\u00daBLICOS - EL INFORMATIVO DE TAMAULIPAS<\/title>\n<meta name=\"description\" content=\"La sanitizaci\u00f3n de espacios p\u00fablicos como plazas, parques y jardines ha sido reforzada por indicaciones del alcalde Adri\u00e1n Oseguera Kernion, quien hasta\" \/>\n<meta name=\"robots\" content=\"index, follow, max-snippet:-1, max-image-preview:large, max-video-preview:-1\" \/>\n<link rel=\"canonical\" href=\"https:\/\/elinformativotam.com\/index.php\/2020\/05\/07\/refuerzan-en-madero-sanitizacion-y-desinfeccion-de-espacios-publicos\/\" \/>\n<meta property=\"og:locale\" content=\"es_MX\" \/>\n<meta property=\"og:type\" content=\"article\" \/>\n<meta property=\"og:title\" content=\"REFUERZAN EN MADERO SANITIZACI\u00d3N Y DESINFECCI\u00d3N DE ESPACIOS P\u00daBLICOS - EL INFORMATIVO DE TAMAULIPAS\" \/>\n<meta property=\"og:description\" content=\"La sanitizaci\u00f3n de espacios p\u00fablicos como plazas, parques y jardines ha sido reforzada por indicaciones del alcalde Adri\u00e1n Oseguera Kernion, quien hasta\" \/>\n<meta property=\"og:url\" content=\"https:\/\/elinformativotam.com\/index.php\/2020\/05\/07\/refuerzan-en-madero-sanitizacion-y-desinfeccion-de-espacios-publicos\/\" \/>\n<meta property=\"og:site_name\" content=\"EL INFORMATIVO DE TAMAULIPAS\" \/>\n<meta property=\"article:published_time\" content=\"2020-05-08T00:26:59+00:00\" \/>\n<meta name=\"author\" content=\"El Informativo Tam\" \/>\n<meta name=\"twitter:card\" content=\"summary_large_image\" \/>\n<meta name=\"twitter:label1\" content=\"Escrito por\" \/>\n\t<meta name=\"twitter:data1\" content=\"El Informativo Tam\" \/>\n\t<meta name=\"twitter:label2\" content=\"Tiempo de lectura\" \/>\n\t<meta name=\"twitter:data2\" content=\"1 minuto\" \/>\n<script type=\"application\/ld+json\" class=\"yoast-schema-graph\">{\"@context\":\"https:\\\/\\\/schema.org\",\"@graph\":[{\"@type\":\"Article\",\"@id\":\"https:\\\/\\\/elinformativotam.com\\\/index.php\\\/2020\\\/05\\\/07\\\/refuerzan-en-madero-sanitizacion-y-desinfeccion-de-espacios-publicos\\\/#article\",\"isPartOf\":{\"@id\":\"https:\\\/\\\/elinformativotam.com\\\/index.php\\\/2020\\\/05\\\/07\\\/refuerzan-en-madero-sanitizacion-y-desinfeccion-de-espacios-publicos\\\/\"},\"author\":{\"name\":\"El Informativo Tam\",\"@id\":\"https:\\\/\\\/elinformativotam.com\\\/#\\\/schema\\\/person\\\/78e08040eed0f6110f0c5f83b6153590\"},\"headline\":\"REFUERZAN EN MADERO SANITIZACI\u00d3N Y DESINFECCI\u00d3N DE ESPACIOS P\u00daBLICOS\",\"datePublished\":\"2020-05-08T00:26:59+00:00\",\"mainEntityOfPage\":{\"@id\":\"https:\\\/\\\/elinformativotam.com\\\/index.php\\\/2020\\\/05\\\/07\\\/refuerzan-en-madero-sanitizacion-y-desinfeccion-de-espacios-publicos\\\/\"},\"wordCount\":237,\"commentCount\":0,\"publisher\":{\"@id\":\"https:\\\/\\\/elinformativotam.com\\\/#organization\"},\"articleSection\":[\"Cd Madero\"],\"inLanguage\":\"es\",\"potentialAction\":[{\"@type\":\"CommentAction\",\"name\":\"Comment\",\"target\":[\"https:\\\/\\\/elinformativotam.com\\\/index.php\\\/2020\\\/05\\\/07\\\/refuerzan-en-madero-sanitizacion-y-desinfeccion-de-espacios-publicos\\\/#respond\"]}]},{\"@type\":\"WebPage\",\"@id\":\"https:\\\/\\\/elinformativotam.com\\\/index.php\\\/2020\\\/05\\\/07\\\/refuerzan-en-madero-sanitizacion-y-desinfeccion-de-espacios-publicos\\\/\",\"url\":\"https:\\\/\\\/elinformativotam.com\\\/index.php\\\/2020\\\/05\\\/07\\\/refuerzan-en-madero-sanitizacion-y-desinfeccion-de-espacios-publicos\\\/\",\"name\":\"REFUERZAN EN MADERO SANITIZACI\u00d3N Y DESINFECCI\u00d3N DE ESPACIOS P\u00daBLICOS - EL INFORMATIVO DE TAMAULIPAS\",\"isPartOf\":{\"@id\":\"https:\\\/\\\/elinformativotam.com\\\/#website\"},\"datePublished\":\"2020-05-08T00:26:59+00:00\",\"description\":\"La sanitizaci\u00f3n de espacios p\u00fablicos como plazas, parques y jardines ha sido reforzada por indicaciones del alcalde Adri\u00e1n Oseguera Kernion, quien hasta\",\"inLanguage\":\"es\",\"potentialAction\":[{\"@type\":\"ReadAction\",\"target\":[\"https:\\\/\\\/elinformativotam.com\\\/index.php\\\/2020\\\/05\\\/07\\\/refuerzan-en-madero-sanitizacion-y-desinfeccion-de-espacios-publicos\\\/\"]}]},{\"@type\":\"WebSite\",\"@id\":\"https:\\\/\\\/elinformativotam.com\\\/#website\",\"url\":\"https:\\\/\\\/elinformativotam.com\\\/\",\"name\":\"EL INFORMATIVO DE TAMAULIPAS\",\"description\":\"Desde la Zona Metropolitana Para Todo M\u00e9xico\",\"publisher\":{\"@id\":\"https:\\\/\\\/elinformativotam.com\\\/#organization\"},\"potentialAction\":[{\"@type\":\"SearchAction\",\"target\":{\"@type\":\"EntryPoint\",\"urlTemplate\":\"https:\\\/\\\/elinformativotam.com\\\/?s={search_term_string}\"},\"query-input\":{\"@type\":\"PropertyValueSpecification\",\"valueRequired\":true,\"valueName\":\"search_term_string\"}}],\"inLanguage\":\"es\"},{\"@type\":\"Organization\",\"@id\":\"https:\\\/\\\/elinformativotam.com\\\/#organization\",\"name\":\"EL INFORMATIVO DE TAMAULIPAS\",\"url\":\"https:\\\/\\\/elinformativotam.com\\\/\",\"logo\":{\"@type\":\"ImageObject\",\"inLanguage\":\"es\",\"@id\":\"https:\\\/\\\/elinformativotam.com\\\/#\\\/schema\\\/logo\\\/image\\\/\",\"url\":\"https:\\\/\\\/elinformativotam.com\\\/wp-content\\\/uploads\\\/2026\\\/02\\\/Cabezal.png\",\"contentUrl\":\"https:\\\/\\\/elinformativotam.com\\\/wp-content\\\/uploads\\\/2026\\\/02\\\/Cabezal.png\",\"width\":960,\"height\":640,\"caption\":\"EL INFORMATIVO DE TAMAULIPAS\"},\"image\":{\"@id\":\"https:\\\/\\\/elinformativotam.com\\\/#\\\/schema\\\/logo\\\/image\\\/\"}},{\"@type\":\"Person\",\"@id\":\"https:\\\/\\\/elinformativotam.com\\\/#\\\/schema\\\/person\\\/78e08040eed0f6110f0c5f83b6153590\",\"name\":\"El Informativo Tam\",\"image\":{\"@type\":\"ImageObject\",\"inLanguage\":\"es\",\"@id\":\"https:\\\/\\\/secure.gravatar.com\\\/avatar\\\/f3b7ad3af540688955925ac610647be00b0cf41feea9c4978b73a707ee86bc53?s=96&d=mm&r=g\",\"url\":\"https:\\\/\\\/secure.gravatar.com\\\/avatar\\\/f3b7ad3af540688955925ac610647be00b0cf41feea9c4978b73a707ee86bc53?s=96&d=mm&r=g\",\"contentUrl\":\"https:\\\/\\\/secure.gravatar.com\\\/avatar\\\/f3b7ad3af540688955925ac610647be00b0cf41feea9c4978b73a707ee86bc53?s=96&d=mm&r=g\",\"caption\":\"El Informativo Tam\"}}]}<\/script>\n<!-- \/ Yoast SEO plugin. -->","yoast_head_json":{"title":"REFUERZAN EN MADERO SANITIZACI\u00d3N Y DESINFECCI\u00d3N DE ESPACIOS P\u00daBLICOS - EL INFORMATIVO DE TAMAULIPAS","description":"La sanitizaci\u00f3n de espacios p\u00fablicos como plazas, parques y jardines ha sido reforzada por indicaciones del alcalde Adri\u00e1n Oseguera Kernion, quien hasta","robots":{"index":"index","follow":"follow","max-snippet":"max-snippet:-1","max-image-preview":"max-image-preview:large","max-video-preview":"max-video-preview:-1"},"canonical":"https:\/\/elinformativotam.com\/index.php\/2020\/05\/07\/refuerzan-en-madero-sanitizacion-y-desinfeccion-de-espacios-publicos\/","og_locale":"es_MX","og_type":"article","og_title":"REFUERZAN EN MADERO SANITIZACI\u00d3N Y DESINFECCI\u00d3N DE ESPACIOS P\u00daBLICOS - EL INFORMATIVO DE TAMAULIPAS","og_description":"La sanitizaci\u00f3n de espacios p\u00fablicos como plazas, parques y jardines ha sido reforzada por indicaciones del alcalde Adri\u00e1n Oseguera Kernion, quien hasta","og_url":"https:\/\/elinformativotam.com\/index.php\/2020\/05\/07\/refuerzan-en-madero-sanitizacion-y-desinfeccion-de-espacios-publicos\/","og_site_name":"EL INFORMATIVO DE TAMAULIPAS","article_published_time":"2020-05-08T00:26:59+00:00","author":"El Informativo Tam","twitter_card":"summary_large_image","twitter_misc":{"Escrito por":"El Informativo Tam","Tiempo de lectura":"1 minuto"},"schema":{"@context":"https:\/\/schema.org","@graph":[{"@type":"Article","@id":"https:\/\/elinformativotam.com\/index.php\/2020\/05\/07\/refuerzan-en-madero-sanitizacion-y-desinfeccion-de-espacios-publicos\/#article","isPartOf":{"@id":"https:\/\/elinformativotam.com\/index.php\/2020\/05\/07\/refuerzan-en-madero-sanitizacion-y-desinfeccion-de-espacios-publicos\/"},"author":{"name":"El Informativo Tam","@id":"https:\/\/elinformativotam.com\/#\/schema\/person\/78e08040eed0f6110f0c5f83b6153590"},"headline":"REFUERZAN EN MADERO SANITIZACI\u00d3N Y DESINFECCI\u00d3N DE ESPACIOS P\u00daBLICOS","datePublished":"2020-05-08T00:26:59+00:00","mainEntityOfPage":{"@id":"https:\/\/elinformativotam.com\/index.php\/2020\/05\/07\/refuerzan-en-madero-sanitizacion-y-desinfeccion-de-espacios-publicos\/"},"wordCount":237,"commentCount":0,"publisher":{"@id":"https:\/\/elinformativotam.com\/#organization"},"articleSection":["Cd Madero"],"inLanguage":"es","potentialAction":[{"@type":"CommentAction","name":"Comment","target":["https:\/\/elinformativotam.com\/index.php\/2020\/05\/07\/refuerzan-en-madero-sanitizacion-y-desinfeccion-de-espacios-publicos\/#respond"]}]},{"@type":"WebPage","@id":"https:\/\/elinformativotam.com\/index.php\/2020\/05\/07\/refuerzan-en-madero-sanitizacion-y-desinfeccion-de-espacios-publicos\/","url":"https:\/\/elinformativotam.com\/index.php\/2020\/05\/07\/refuerzan-en-madero-sanitizacion-y-desinfeccion-de-espacios-publicos\/","name":"REFUERZAN EN MADERO SANITIZACI\u00d3N Y DESINFECCI\u00d3N DE ESPACIOS P\u00daBLICOS - EL INFORMATIVO DE TAMAULIPAS","isPartOf":{"@id":"https:\/\/elinformativotam.com\/#website"},"datePublished":"2020-05-08T00:26:59+00:00","description":"La sanitizaci\u00f3n de espacios p\u00fablicos como plazas, parques y jardines ha sido reforzada por indicaciones del alcalde Adri\u00e1n Oseguera Kernion, quien hasta","inLanguage":"es","potentialAction":[{"@type":"ReadAction","target":["https:\/\/elinformativotam.com\/index.php\/2020\/05\/07\/refuerzan-en-madero-sanitizacion-y-desinfeccion-de-espacios-publicos\/"]}]},{"@type":"WebSite","@id":"https:\/\/elinformativotam.com\/#website","url":"https:\/\/elinformativotam.com\/","name":"EL INFORMATIVO DE TAMAULIPAS","description":"Desde la Zona Metropolitana Para Todo M\u00e9xico","publisher":{"@id":"https:\/\/elinformativotam.com\/#organization"},"potentialAction":[{"@type":"SearchAction","target":{"@type":"EntryPoint","urlTemplate":"https:\/\/elinformativotam.com\/?s={search_term_string}"},"query-input":{"@type":"PropertyValueSpecification","valueRequired":true,"valueName":"search_term_string"}}],"inLanguage":"es"},{"@type":"Organization","@id":"https:\/\/elinformativotam.com\/#organization","name":"EL INFORMATIVO DE TAMAULIPAS","url":"https:\/\/elinformativotam.com\/","logo":{"@type":"ImageObject","inLanguage":"es","@id":"https:\/\/elinformativotam.com\/#\/schema\/logo\/image\/","url":"https:\/\/elinformativotam.com\/wp-content\/uploads\/2026\/02\/Cabezal.png","contentUrl":"https:\/\/elinformativotam.com\/wp-content\/uploads\/2026\/02\/Cabezal.png","width":960,"height":640,"caption":"EL INFORMATIVO DE TAMAULIPAS"},"image":{"@id":"https:\/\/elinformativotam.com\/#\/schema\/logo\/image\/"}},{"@type":"Person","@id":"https:\/\/elinformativotam.com\/#\/schema\/person\/78e08040eed0f6110f0c5f83b6153590","name":"El Informativo Tam","image":{"@type":"ImageObject","inLanguage":"es","@id":"https:\/\/secure.gravatar.com\/avatar\/f3b7ad3af540688955925ac610647be00b0cf41feea9c4978b73a707ee86bc53?s=96&d=mm&r=g","url":"https:\/\/secure.gravatar.com\/avatar\/f3b7ad3af540688955925ac610647be00b0cf41feea9c4978b73a707ee86bc53?s=96&d=mm&r=g","contentUrl":"https:\/\/secure.gravatar.com\/avatar\/f3b7ad3af540688955925ac610647be00b0cf41feea9c4978b73a707ee86bc53?s=96&d=mm&r=g","caption":"El Informativo Tam"}}]}},"_links":{"self":[{"href":"https:\/\/elinformativotam.com\/index.php\/wp-json\/wp\/v2\/posts\/5864","targetHints":{"allow":["GET"]}}],"collection":[{"href":"https:\/\/elinformativotam.com\/index.php\/wp-json\/wp\/v2\/posts"}],"about":[{"href":"https:\/\/elinformativotam.com\/index.php\/wp-json\/wp\/v2\/types\/post"}],"author":[{"embeddable":true,"href":"https:\/\/elinformativotam.com\/index.php\/wp-json\/wp\/v2\/users\/1"}],"replies":[{"embeddable":true,"href":"https:\/\/elinformativotam.com\/index.php\/wp-json\/wp\/v2\/comments?post=5864"}],"version-history":[{"count":0,"href":"https:\/\/elinformativotam.com\/index.php\/wp-json\/wp\/v2\/posts\/5864\/revisions"}],"wp:attachment":[{"href":"https:\/\/elinformativotam.com\/index.php\/wp-json\/wp\/v2\/media?parent=5864"}],"wp:term":[{"taxonomy":"category","embeddable":true,"href":"https:\/\/elinformativotam.com\/index.php\/wp-json\/wp\/v2\/categories?post=5864"},{"taxonomy":"post_tag","embeddable":true,"href":"https:\/\/elinformativotam.com\/index.php\/wp-json\/wp\/v2\/tags?post=5864"}],"curies":[{"name":"wp","href":"https:\/\/api.w.org\/{rel}","templated":true}]}}