{"id":5851,"date":"2020-05-07T13:36:54","date_gmt":"2020-05-07T19:36:54","guid":{"rendered":"http:\/\/elinformativotam.com\/?p=5851"},"modified":"2020-05-07T13:36:54","modified_gmt":"2020-05-07T19:36:54","slug":"lluvia-registrada-en-la-zona-sur-provoca-encharcamientos-y-caida-de-un-arbol-en-madero","status":"publish","type":"post","link":"https:\/\/elinformativotam.com\/index.php\/2020\/05\/07\/lluvia-registrada-en-la-zona-sur-provoca-encharcamientos-y-caida-de-un-arbol-en-madero\/","title":{"rendered":"LLUVIA REGISTRADA EN LA ZONA SUR, PROVOCA ENCHARCAMIENTOS Y CA\u00cdDA DE UN \u00c1RBOL EN MADERO."},"content":{"rendered":"<p>Cd. Madero, Tamaulipas.- La lluvia que se registr\u00f3 durante la ma\u00f1ana de este jueves, provoc\u00f3 algunas afectaciones leves en Ciudad Madero, pero a pesar de no ser nada grave, genera problemas en algunas colonias del municipio.<\/p>\n<p>&nbsp;<\/p>\n<p>El director de protecci\u00f3n civil, Romel Mart\u00ednez Flores, se\u00f1al\u00f3 que una de las principales atenciones fue la ca\u00edda de un \u00e1rbol en la colonia Primero de Mayo, la cual se encontraba entre dos viviendas, sin que las construcciones fueran da\u00f1adas.<\/p>\n<p>&nbsp;<\/p>\n<p>Los hechos se suscitaron en el cruce de las calles Ferrer Guardia y 18 de Marzo, de este sector, hasta donde se trasladaron los elementos de bomberos para llevar a cabo el corte del \u00e1rbo para que posteriormente, personal de servicios p\u00fablicos realice el retiro del mismo.<\/p>\n<p>&nbsp;<\/p>\n<p>Detall\u00f3 que la ca\u00edda del \u00e1rbol, derrib\u00f3 algunos cables pertenecientes a la Comisi\u00f3n Federal de Electricidad.<\/p>\n<p>&nbsp;<\/p>\n<p>&#8220;Se tuvo el reporte de un \u00e1rbol ca\u00eddo con cables derribados en la colonia primero de mayo, por lo se procedi\u00f3 a cortarle las ramas y pasar el reporte a CFE&#8221;.<\/p>\n<p>&nbsp;<\/p>\n<p>Se dio a conocer que las precipitaciones pluviales, tambi\u00e9n provocaron encharcamientos en calles como la Jim\u00e9nez en la colonia Hip\u00f3dromo, as\u00ed como la calle Guatemala, en la entrada a la colonia Del Maestro, por lo que se acordonaron algunos tramos mientras el agua desfoga.<\/p>\n<p>&nbsp;<\/p>\n<p>Tambi\u00e9n se tuvieron reportes de encharcamientos en las colonias Talleres, Benito Ju\u00e1rez y ampliaci\u00f3n de la Unidad Nacional.<\/p>\n","protected":false},"excerpt":{"rendered":"<p>Cd. Madero, Tamaulipas.- La lluvia que se registr\u00f3 durante la ma\u00f1ana de este jueves, provoc\u00f3 algunas afectaciones leves en Ciudad&hellip;<\/p>\n","protected":false},"author":1,"featured_media":0,"comment_status":"open","ping_status":"open","sticky":false,"template":"","format":"standard","meta":{"footnotes":""},"categories":[4],"tags":[],"class_list":["post-5851","post","type-post","status-publish","format-standard","hentry","category-madero"],"yoast_head":"<!-- This site is optimized with the Yoast SEO plugin v27.5 - https:\/\/yoast.com\/product\/yoast-seo-wordpress\/ -->\n<title>LLUVIA REGISTRADA EN LA ZONA SUR, PROVOCA ENCHARCAMIENTOS Y CA\u00cdDA DE UN \u00c1RBOL EN MADERO. - EL INFORMATIVO DE TAMAULIPAS<\/title>\n<meta name=\"description\" content=\"Cd. Madero, Tamaulipas.- La lluvia que se registr\u00f3 durante la ma\u00f1ana de este jueves, provoc\u00f3 algunas afectaciones leves en Ciudad Madero, pero a pesar de\" \/>\n<meta name=\"robots\" content=\"index, follow, max-snippet:-1, max-image-preview:large, max-video-preview:-1\" \/>\n<link rel=\"canonical\" href=\"https:\/\/elinformativotam.com\/index.php\/2020\/05\/07\/lluvia-registrada-en-la-zona-sur-provoca-encharcamientos-y-caida-de-un-arbol-en-madero\/\" \/>\n<meta property=\"og:locale\" content=\"es_MX\" \/>\n<meta property=\"og:type\" content=\"article\" \/>\n<meta property=\"og:title\" content=\"LLUVIA REGISTRADA EN LA ZONA SUR, PROVOCA ENCHARCAMIENTOS Y CA\u00cdDA DE UN \u00c1RBOL EN MADERO. - EL INFORMATIVO DE TAMAULIPAS\" \/>\n<meta property=\"og:description\" content=\"Cd. Madero, Tamaulipas.- La lluvia que se registr\u00f3 durante la ma\u00f1ana de este jueves, provoc\u00f3 algunas afectaciones leves en Ciudad Madero, pero a pesar de\" \/>\n<meta property=\"og:url\" content=\"https:\/\/elinformativotam.com\/index.php\/2020\/05\/07\/lluvia-registrada-en-la-zona-sur-provoca-encharcamientos-y-caida-de-un-arbol-en-madero\/\" \/>\n<meta property=\"og:site_name\" content=\"EL INFORMATIVO DE TAMAULIPAS\" \/>\n<meta property=\"article:published_time\" content=\"2020-05-07T19:36:54+00:00\" \/>\n<meta name=\"author\" content=\"El Informativo Tam\" \/>\n<meta name=\"twitter:card\" content=\"summary_large_image\" \/>\n<meta name=\"twitter:label1\" content=\"Escrito por\" \/>\n\t<meta name=\"twitter:data1\" content=\"El Informativo Tam\" \/>\n\t<meta name=\"twitter:label2\" content=\"Tiempo de lectura\" \/>\n\t<meta name=\"twitter:data2\" content=\"1 minuto\" \/>\n<script type=\"application\/ld+json\" class=\"yoast-schema-graph\">{\"@context\":\"https:\\\/\\\/schema.org\",\"@graph\":[{\"@type\":\"Article\",\"@id\":\"https:\\\/\\\/elinformativotam.com\\\/index.php\\\/2020\\\/05\\\/07\\\/lluvia-registrada-en-la-zona-sur-provoca-encharcamientos-y-caida-de-un-arbol-en-madero\\\/#article\",\"isPartOf\":{\"@id\":\"https:\\\/\\\/elinformativotam.com\\\/index.php\\\/2020\\\/05\\\/07\\\/lluvia-registrada-en-la-zona-sur-provoca-encharcamientos-y-caida-de-un-arbol-en-madero\\\/\"},\"author\":{\"name\":\"El Informativo Tam\",\"@id\":\"https:\\\/\\\/elinformativotam.com\\\/#\\\/schema\\\/person\\\/78e08040eed0f6110f0c5f83b6153590\"},\"headline\":\"LLUVIA REGISTRADA EN LA ZONA SUR, PROVOCA ENCHARCAMIENTOS Y CA\u00cdDA DE UN \u00c1RBOL EN MADERO.\",\"datePublished\":\"2020-05-07T19:36:54+00:00\",\"mainEntityOfPage\":{\"@id\":\"https:\\\/\\\/elinformativotam.com\\\/index.php\\\/2020\\\/05\\\/07\\\/lluvia-registrada-en-la-zona-sur-provoca-encharcamientos-y-caida-de-un-arbol-en-madero\\\/\"},\"wordCount\":270,\"commentCount\":0,\"publisher\":{\"@id\":\"https:\\\/\\\/elinformativotam.com\\\/#organization\"},\"articleSection\":[\"Cd Madero\"],\"inLanguage\":\"es\",\"potentialAction\":[{\"@type\":\"CommentAction\",\"name\":\"Comment\",\"target\":[\"https:\\\/\\\/elinformativotam.com\\\/index.php\\\/2020\\\/05\\\/07\\\/lluvia-registrada-en-la-zona-sur-provoca-encharcamientos-y-caida-de-un-arbol-en-madero\\\/#respond\"]}]},{\"@type\":\"WebPage\",\"@id\":\"https:\\\/\\\/elinformativotam.com\\\/index.php\\\/2020\\\/05\\\/07\\\/lluvia-registrada-en-la-zona-sur-provoca-encharcamientos-y-caida-de-un-arbol-en-madero\\\/\",\"url\":\"https:\\\/\\\/elinformativotam.com\\\/index.php\\\/2020\\\/05\\\/07\\\/lluvia-registrada-en-la-zona-sur-provoca-encharcamientos-y-caida-de-un-arbol-en-madero\\\/\",\"name\":\"LLUVIA REGISTRADA EN LA ZONA SUR, PROVOCA ENCHARCAMIENTOS Y CA\u00cdDA DE UN \u00c1RBOL EN MADERO. - EL INFORMATIVO DE TAMAULIPAS\",\"isPartOf\":{\"@id\":\"https:\\\/\\\/elinformativotam.com\\\/#website\"},\"datePublished\":\"2020-05-07T19:36:54+00:00\",\"description\":\"Cd. Madero, Tamaulipas.- La lluvia que se registr\u00f3 durante la ma\u00f1ana de este jueves, provoc\u00f3 algunas afectaciones leves en Ciudad Madero, pero a pesar de\",\"inLanguage\":\"es\",\"potentialAction\":[{\"@type\":\"ReadAction\",\"target\":[\"https:\\\/\\\/elinformativotam.com\\\/index.php\\\/2020\\\/05\\\/07\\\/lluvia-registrada-en-la-zona-sur-provoca-encharcamientos-y-caida-de-un-arbol-en-madero\\\/\"]}]},{\"@type\":\"WebSite\",\"@id\":\"https:\\\/\\\/elinformativotam.com\\\/#website\",\"url\":\"https:\\\/\\\/elinformativotam.com\\\/\",\"name\":\"EL INFORMATIVO DE TAMAULIPAS\",\"description\":\"Desde la Zona Metropolitana Para Todo M\u00e9xico\",\"publisher\":{\"@id\":\"https:\\\/\\\/elinformativotam.com\\\/#organization\"},\"potentialAction\":[{\"@type\":\"SearchAction\",\"target\":{\"@type\":\"EntryPoint\",\"urlTemplate\":\"https:\\\/\\\/elinformativotam.com\\\/?s={search_term_string}\"},\"query-input\":{\"@type\":\"PropertyValueSpecification\",\"valueRequired\":true,\"valueName\":\"search_term_string\"}}],\"inLanguage\":\"es\"},{\"@type\":\"Organization\",\"@id\":\"https:\\\/\\\/elinformativotam.com\\\/#organization\",\"name\":\"EL INFORMATIVO DE TAMAULIPAS\",\"url\":\"https:\\\/\\\/elinformativotam.com\\\/\",\"logo\":{\"@type\":\"ImageObject\",\"inLanguage\":\"es\",\"@id\":\"https:\\\/\\\/elinformativotam.com\\\/#\\\/schema\\\/logo\\\/image\\\/\",\"url\":\"https:\\\/\\\/elinformativotam.com\\\/wp-content\\\/uploads\\\/2026\\\/02\\\/Cabezal.png\",\"contentUrl\":\"https:\\\/\\\/elinformativotam.com\\\/wp-content\\\/uploads\\\/2026\\\/02\\\/Cabezal.png\",\"width\":960,\"height\":640,\"caption\":\"EL INFORMATIVO DE TAMAULIPAS\"},\"image\":{\"@id\":\"https:\\\/\\\/elinformativotam.com\\\/#\\\/schema\\\/logo\\\/image\\\/\"}},{\"@type\":\"Person\",\"@id\":\"https:\\\/\\\/elinformativotam.com\\\/#\\\/schema\\\/person\\\/78e08040eed0f6110f0c5f83b6153590\",\"name\":\"El Informativo Tam\",\"image\":{\"@type\":\"ImageObject\",\"inLanguage\":\"es\",\"@id\":\"https:\\\/\\\/secure.gravatar.com\\\/avatar\\\/f3b7ad3af540688955925ac610647be00b0cf41feea9c4978b73a707ee86bc53?s=96&d=mm&r=g\",\"url\":\"https:\\\/\\\/secure.gravatar.com\\\/avatar\\\/f3b7ad3af540688955925ac610647be00b0cf41feea9c4978b73a707ee86bc53?s=96&d=mm&r=g\",\"contentUrl\":\"https:\\\/\\\/secure.gravatar.com\\\/avatar\\\/f3b7ad3af540688955925ac610647be00b0cf41feea9c4978b73a707ee86bc53?s=96&d=mm&r=g\",\"caption\":\"El Informativo Tam\"}}]}<\/script>\n<!-- \/ Yoast SEO plugin. -->","yoast_head_json":{"title":"LLUVIA REGISTRADA EN LA ZONA SUR, PROVOCA ENCHARCAMIENTOS Y CA\u00cdDA DE UN \u00c1RBOL EN MADERO. - EL INFORMATIVO DE TAMAULIPAS","description":"Cd. Madero, Tamaulipas.- La lluvia que se registr\u00f3 durante la ma\u00f1ana de este jueves, provoc\u00f3 algunas afectaciones leves en Ciudad Madero, pero a pesar de","robots":{"index":"index","follow":"follow","max-snippet":"max-snippet:-1","max-image-preview":"max-image-preview:large","max-video-preview":"max-video-preview:-1"},"canonical":"https:\/\/elinformativotam.com\/index.php\/2020\/05\/07\/lluvia-registrada-en-la-zona-sur-provoca-encharcamientos-y-caida-de-un-arbol-en-madero\/","og_locale":"es_MX","og_type":"article","og_title":"LLUVIA REGISTRADA EN LA ZONA SUR, PROVOCA ENCHARCAMIENTOS Y CA\u00cdDA DE UN \u00c1RBOL EN MADERO. - EL INFORMATIVO DE TAMAULIPAS","og_description":"Cd. Madero, Tamaulipas.- La lluvia que se registr\u00f3 durante la ma\u00f1ana de este jueves, provoc\u00f3 algunas afectaciones leves en Ciudad Madero, pero a pesar de","og_url":"https:\/\/elinformativotam.com\/index.php\/2020\/05\/07\/lluvia-registrada-en-la-zona-sur-provoca-encharcamientos-y-caida-de-un-arbol-en-madero\/","og_site_name":"EL INFORMATIVO DE TAMAULIPAS","article_published_time":"2020-05-07T19:36:54+00:00","author":"El Informativo Tam","twitter_card":"summary_large_image","twitter_misc":{"Escrito por":"El Informativo Tam","Tiempo de lectura":"1 minuto"},"schema":{"@context":"https:\/\/schema.org","@graph":[{"@type":"Article","@id":"https:\/\/elinformativotam.com\/index.php\/2020\/05\/07\/lluvia-registrada-en-la-zona-sur-provoca-encharcamientos-y-caida-de-un-arbol-en-madero\/#article","isPartOf":{"@id":"https:\/\/elinformativotam.com\/index.php\/2020\/05\/07\/lluvia-registrada-en-la-zona-sur-provoca-encharcamientos-y-caida-de-un-arbol-en-madero\/"},"author":{"name":"El Informativo Tam","@id":"https:\/\/elinformativotam.com\/#\/schema\/person\/78e08040eed0f6110f0c5f83b6153590"},"headline":"LLUVIA REGISTRADA EN LA ZONA SUR, PROVOCA ENCHARCAMIENTOS Y CA\u00cdDA DE UN \u00c1RBOL EN MADERO.","datePublished":"2020-05-07T19:36:54+00:00","mainEntityOfPage":{"@id":"https:\/\/elinformativotam.com\/index.php\/2020\/05\/07\/lluvia-registrada-en-la-zona-sur-provoca-encharcamientos-y-caida-de-un-arbol-en-madero\/"},"wordCount":270,"commentCount":0,"publisher":{"@id":"https:\/\/elinformativotam.com\/#organization"},"articleSection":["Cd Madero"],"inLanguage":"es","potentialAction":[{"@type":"CommentAction","name":"Comment","target":["https:\/\/elinformativotam.com\/index.php\/2020\/05\/07\/lluvia-registrada-en-la-zona-sur-provoca-encharcamientos-y-caida-de-un-arbol-en-madero\/#respond"]}]},{"@type":"WebPage","@id":"https:\/\/elinformativotam.com\/index.php\/2020\/05\/07\/lluvia-registrada-en-la-zona-sur-provoca-encharcamientos-y-caida-de-un-arbol-en-madero\/","url":"https:\/\/elinformativotam.com\/index.php\/2020\/05\/07\/lluvia-registrada-en-la-zona-sur-provoca-encharcamientos-y-caida-de-un-arbol-en-madero\/","name":"LLUVIA REGISTRADA EN LA ZONA SUR, PROVOCA ENCHARCAMIENTOS Y CA\u00cdDA DE UN \u00c1RBOL EN MADERO. - EL INFORMATIVO DE TAMAULIPAS","isPartOf":{"@id":"https:\/\/elinformativotam.com\/#website"},"datePublished":"2020-05-07T19:36:54+00:00","description":"Cd. Madero, Tamaulipas.- La lluvia que se registr\u00f3 durante la ma\u00f1ana de este jueves, provoc\u00f3 algunas afectaciones leves en Ciudad Madero, pero a pesar de","inLanguage":"es","potentialAction":[{"@type":"ReadAction","target":["https:\/\/elinformativotam.com\/index.php\/2020\/05\/07\/lluvia-registrada-en-la-zona-sur-provoca-encharcamientos-y-caida-de-un-arbol-en-madero\/"]}]},{"@type":"WebSite","@id":"https:\/\/elinformativotam.com\/#website","url":"https:\/\/elinformativotam.com\/","name":"EL INFORMATIVO DE TAMAULIPAS","description":"Desde la Zona Metropolitana Para Todo M\u00e9xico","publisher":{"@id":"https:\/\/elinformativotam.com\/#organization"},"potentialAction":[{"@type":"SearchAction","target":{"@type":"EntryPoint","urlTemplate":"https:\/\/elinformativotam.com\/?s={search_term_string}"},"query-input":{"@type":"PropertyValueSpecification","valueRequired":true,"valueName":"search_term_string"}}],"inLanguage":"es"},{"@type":"Organization","@id":"https:\/\/elinformativotam.com\/#organization","name":"EL INFORMATIVO DE TAMAULIPAS","url":"https:\/\/elinformativotam.com\/","logo":{"@type":"ImageObject","inLanguage":"es","@id":"https:\/\/elinformativotam.com\/#\/schema\/logo\/image\/","url":"https:\/\/elinformativotam.com\/wp-content\/uploads\/2026\/02\/Cabezal.png","contentUrl":"https:\/\/elinformativotam.com\/wp-content\/uploads\/2026\/02\/Cabezal.png","width":960,"height":640,"caption":"EL INFORMATIVO DE TAMAULIPAS"},"image":{"@id":"https:\/\/elinformativotam.com\/#\/schema\/logo\/image\/"}},{"@type":"Person","@id":"https:\/\/elinformativotam.com\/#\/schema\/person\/78e08040eed0f6110f0c5f83b6153590","name":"El Informativo Tam","image":{"@type":"ImageObject","inLanguage":"es","@id":"https:\/\/secure.gravatar.com\/avatar\/f3b7ad3af540688955925ac610647be00b0cf41feea9c4978b73a707ee86bc53?s=96&d=mm&r=g","url":"https:\/\/secure.gravatar.com\/avatar\/f3b7ad3af540688955925ac610647be00b0cf41feea9c4978b73a707ee86bc53?s=96&d=mm&r=g","contentUrl":"https:\/\/secure.gravatar.com\/avatar\/f3b7ad3af540688955925ac610647be00b0cf41feea9c4978b73a707ee86bc53?s=96&d=mm&r=g","caption":"El Informativo Tam"}}]}},"_links":{"self":[{"href":"https:\/\/elinformativotam.com\/index.php\/wp-json\/wp\/v2\/posts\/5851","targetHints":{"allow":["GET"]}}],"collection":[{"href":"https:\/\/elinformativotam.com\/index.php\/wp-json\/wp\/v2\/posts"}],"about":[{"href":"https:\/\/elinformativotam.com\/index.php\/wp-json\/wp\/v2\/types\/post"}],"author":[{"embeddable":true,"href":"https:\/\/elinformativotam.com\/index.php\/wp-json\/wp\/v2\/users\/1"}],"replies":[{"embeddable":true,"href":"https:\/\/elinformativotam.com\/index.php\/wp-json\/wp\/v2\/comments?post=5851"}],"version-history":[{"count":0,"href":"https:\/\/elinformativotam.com\/index.php\/wp-json\/wp\/v2\/posts\/5851\/revisions"}],"wp:attachment":[{"href":"https:\/\/elinformativotam.com\/index.php\/wp-json\/wp\/v2\/media?parent=5851"}],"wp:term":[{"taxonomy":"category","embeddable":true,"href":"https:\/\/elinformativotam.com\/index.php\/wp-json\/wp\/v2\/categories?post=5851"},{"taxonomy":"post_tag","embeddable":true,"href":"https:\/\/elinformativotam.com\/index.php\/wp-json\/wp\/v2\/tags?post=5851"}],"curies":[{"name":"wp","href":"https:\/\/api.w.org\/{rel}","templated":true}]}}