{"id":58316,"date":"2026-09-04T08:08:46","date_gmt":"2026-09-04T14:08:46","guid":{"rendered":"https:\/\/elinformativotam.com\/?p=58316"},"modified":"2026-09-04T08:08:46","modified_gmt":"2026-09-04T14:08:46","slug":"regreso-a-clases-enciende-alertas-por-condiciones-del-transporte-publico-en-altamira","status":"publish","type":"post","link":"https:\/\/elinformativotam.com\/index.php\/2026\/09\/04\/regreso-a-clases-enciende-alertas-por-condiciones-del-transporte-publico-en-altamira\/","title":{"rendered":"Regreso A Clases Enciende Alertas Por Condiciones Del Transporte P\u00fablico En Altamira."},"content":{"rendered":"<p>Altamira, Tamps.-\u00a0 El regreso a clases vuelve a poner bajo la lupa al transporte p\u00fablico de Altamira, ante el riesgo que representan las condiciones de algunas unidades y las conductas irresponsables de determinados operadores. Con alrededor de 91 mil pasajeros movilizados diariamente, cualquier falla mec\u00e1nica o distracci\u00f3n al volante puede poner en peligro a estudiantes y dem\u00e1s usuarios.<\/p>\n<p>&nbsp;<\/p>\n<p>El director de Transporte P\u00fablico, \u00d3scar Luna Loya, inform\u00f3 que aproximadamente mil 600 unidades prestan el servicio en el municipio. Sin embargo, usuarios han advertido sobre la circulaci\u00f3n de veh\u00edculos deteriorados, conocidos popularmente como \u201cunidades zombie\u201d, cuya permanencia en las calles genera preocupaci\u00f3n ante el incremento de pasajeros que se registra durante el periodo escolar.<\/p>\n<p>&nbsp;<\/p>\n<p>La alarma tambi\u00e9n se ha encendido por conductas de algunos operadores. Recientemente fue captado un conductor utilizando el tel\u00e9fono celular y vapeando mientras manejaba con pasajeros a bordo, una pr\u00e1ctica que representa una evidente distracci\u00f3n y eleva el riesgo de provocar un accidente, especialmente en horas de mayor circulaci\u00f3n.<\/p>\n<p>&nbsp;<\/p>\n<p>Ante este panorama, autoridades contemplan coordinar acciones con la Direcci\u00f3n de Tr\u00e1nsito y mejorar la sincronizaci\u00f3n de los sem\u00e1foros para agilizar el flujo vehicular; no obstante, tambi\u00e9n resulta indispensable reforzar las inspecciones a las unidades y aplicar las sanciones correspondientes cuando se detecten irregularidades. El objetivo es evitar que el regreso a clases se convierta en un factor de mayor riesgo para quienes diariamente dependen del transporte p\u00fablico en Altamira.<\/p>\n","protected":false},"excerpt":{"rendered":"<p>Altamira, Tamps.-\u00a0 El regreso a clases vuelve a poner bajo la lupa al transporte p\u00fablico de Altamira, ante el riesgo&hellip;<\/p>\n","protected":false},"author":1,"featured_media":58317,"comment_status":"open","ping_status":"open","sticky":false,"template":"","format":"standard","meta":{"footnotes":""},"categories":[5],"tags":[],"class_list":["post-58316","post","type-post","status-publish","format-standard","has-post-thumbnail","hentry","category-altamira"],"yoast_head":"<!-- This site is optimized with the Yoast SEO plugin v28.4 - https:\/\/yoast.com\/product\/yoast-seo-wordpress\/ -->\n<title>Regreso A Clases Enciende Alertas Por Condiciones Del Transporte P\u00fablico En Altamira. - EL INFORMATIVO DE TAMAULIPAS<\/title>\n<meta name=\"description\" content=\"Altamira, Tamps.-\u00a0 El regreso a clases vuelve a poner bajo la lupa al transporte p\u00fablico de Altamira, ante el riesgo que representan las condiciones de\" \/>\n<meta name=\"robots\" content=\"index, follow, max-snippet:-1, max-image-preview:large, max-video-preview:-1\" \/>\n<link rel=\"canonical\" href=\"https:\/\/elinformativotam.com\/index.php\/2026\/09\/04\/regreso-a-clases-enciende-alertas-por-condiciones-del-transporte-publico-en-altamira\/\" \/>\n<meta property=\"og:locale\" content=\"es_MX\" \/>\n<meta property=\"og:type\" content=\"article\" \/>\n<meta property=\"og:title\" content=\"Regreso A Clases Enciende Alertas Por Condiciones Del Transporte P\u00fablico En Altamira. - EL INFORMATIVO DE TAMAULIPAS\" \/>\n<meta property=\"og:description\" content=\"Altamira, Tamps.-\u00a0 El regreso a clases vuelve a poner bajo la lupa al transporte p\u00fablico de Altamira, ante el riesgo que representan las condiciones de\" \/>\n<meta property=\"og:url\" content=\"https:\/\/elinformativotam.com\/index.php\/2026\/09\/04\/regreso-a-clases-enciende-alertas-por-condiciones-del-transporte-publico-en-altamira\/\" \/>\n<meta property=\"og:site_name\" content=\"EL INFORMATIVO DE TAMAULIPAS\" \/>\n<meta property=\"article:published_time\" content=\"2026-09-04T14:08:46+00:00\" \/>\n<meta property=\"og:image\" content=\"https:\/\/elinformativotam.com\/wp-content\/uploads\/2026\/09\/Transporte-Altamira.jpeg\" \/>\n\t<meta property=\"og:image:width\" content=\"720\" \/>\n\t<meta property=\"og:image:height\" content=\"481\" \/>\n\t<meta property=\"og:image:type\" content=\"image\/jpeg\" \/>\n<meta name=\"author\" content=\"El Informativo Tam\" \/>\n<meta name=\"twitter:card\" content=\"summary_large_image\" \/>\n<meta name=\"twitter:label1\" content=\"Escrito por\" \/>\n\t<meta name=\"twitter:data1\" content=\"El Informativo Tam\" \/>\n\t<meta name=\"twitter:label2\" content=\"Tiempo de lectura\" \/>\n\t<meta name=\"twitter:data2\" content=\"2 minutos\" \/>\n<script type=\"application\/ld+json\" class=\"yoast-schema-graph\">{\"@context\":\"https:\\\/\\\/schema.org\",\"@graph\":[{\"@type\":\"Article\",\"@id\":\"https:\\\/\\\/elinformativotam.com\\\/index.php\\\/2026\\\/09\\\/04\\\/regreso-a-clases-enciende-alertas-por-condiciones-del-transporte-publico-en-altamira\\\/#article\",\"isPartOf\":{\"@id\":\"https:\\\/\\\/elinformativotam.com\\\/index.php\\\/2026\\\/09\\\/04\\\/regreso-a-clases-enciende-alertas-por-condiciones-del-transporte-publico-en-altamira\\\/\"},\"author\":{\"name\":\"El Informativo Tam\",\"@id\":\"https:\\\/\\\/elinformativotam.com\\\/#\\\/schema\\\/person\\\/78e08040eed0f6110f0c5f83b6153590\"},\"headline\":\"Regreso A Clases Enciende Alertas Por Condiciones Del Transporte P\u00fablico En Altamira.\",\"datePublished\":\"2026-09-04T14:08:46+00:00\",\"mainEntityOfPage\":{\"@id\":\"https:\\\/\\\/elinformativotam.com\\\/index.php\\\/2026\\\/09\\\/04\\\/regreso-a-clases-enciende-alertas-por-condiciones-del-transporte-publico-en-altamira\\\/\"},\"wordCount\":266,\"commentCount\":0,\"publisher\":{\"@id\":\"https:\\\/\\\/elinformativotam.com\\\/#organization\"},\"image\":{\"@id\":\"https:\\\/\\\/elinformativotam.com\\\/index.php\\\/2026\\\/09\\\/04\\\/regreso-a-clases-enciende-alertas-por-condiciones-del-transporte-publico-en-altamira\\\/#primaryimage\"},\"thumbnailUrl\":\"https:\\\/\\\/elinformativotam.com\\\/wp-content\\\/uploads\\\/2026\\\/09\\\/Transporte-Altamira.jpeg\",\"articleSection\":[\"Altamira\"],\"inLanguage\":\"es\",\"potentialAction\":[{\"@type\":\"CommentAction\",\"name\":\"Comment\",\"target\":[\"https:\\\/\\\/elinformativotam.com\\\/index.php\\\/2026\\\/09\\\/04\\\/regreso-a-clases-enciende-alertas-por-condiciones-del-transporte-publico-en-altamira\\\/#respond\"]}]},{\"@type\":\"WebPage\",\"@id\":\"https:\\\/\\\/elinformativotam.com\\\/index.php\\\/2026\\\/09\\\/04\\\/regreso-a-clases-enciende-alertas-por-condiciones-del-transporte-publico-en-altamira\\\/\",\"url\":\"https:\\\/\\\/elinformativotam.com\\\/index.php\\\/2026\\\/09\\\/04\\\/regreso-a-clases-enciende-alertas-por-condiciones-del-transporte-publico-en-altamira\\\/\",\"name\":\"Regreso A Clases Enciende Alertas Por Condiciones Del Transporte P\u00fablico En Altamira. - EL INFORMATIVO DE TAMAULIPAS\",\"isPartOf\":{\"@id\":\"https:\\\/\\\/elinformativotam.com\\\/#website\"},\"primaryImageOfPage\":{\"@id\":\"https:\\\/\\\/elinformativotam.com\\\/index.php\\\/2026\\\/09\\\/04\\\/regreso-a-clases-enciende-alertas-por-condiciones-del-transporte-publico-en-altamira\\\/#primaryimage\"},\"image\":{\"@id\":\"https:\\\/\\\/elinformativotam.com\\\/index.php\\\/2026\\\/09\\\/04\\\/regreso-a-clases-enciende-alertas-por-condiciones-del-transporte-publico-en-altamira\\\/#primaryimage\"},\"thumbnailUrl\":\"https:\\\/\\\/elinformativotam.com\\\/wp-content\\\/uploads\\\/2026\\\/09\\\/Transporte-Altamira.jpeg\",\"datePublished\":\"2026-09-04T14:08:46+00:00\",\"description\":\"Altamira, Tamps.-\u00a0 El regreso a clases vuelve a poner bajo la lupa al transporte p\u00fablico de Altamira, ante el riesgo que representan las condiciones de\",\"inLanguage\":\"es\",\"potentialAction\":[{\"@type\":\"ReadAction\",\"target\":[\"https:\\\/\\\/elinformativotam.com\\\/index.php\\\/2026\\\/09\\\/04\\\/regreso-a-clases-enciende-alertas-por-condiciones-del-transporte-publico-en-altamira\\\/\"]}]},{\"@type\":\"ImageObject\",\"inLanguage\":\"es\",\"@id\":\"https:\\\/\\\/elinformativotam.com\\\/index.php\\\/2026\\\/09\\\/04\\\/regreso-a-clases-enciende-alertas-por-condiciones-del-transporte-publico-en-altamira\\\/#primaryimage\",\"url\":\"https:\\\/\\\/elinformativotam.com\\\/wp-content\\\/uploads\\\/2026\\\/09\\\/Transporte-Altamira.jpeg\",\"contentUrl\":\"https:\\\/\\\/elinformativotam.com\\\/wp-content\\\/uploads\\\/2026\\\/09\\\/Transporte-Altamira.jpeg\",\"width\":720,\"height\":481},{\"@type\":\"WebSite\",\"@id\":\"https:\\\/\\\/elinformativotam.com\\\/#website\",\"url\":\"https:\\\/\\\/elinformativotam.com\\\/\",\"name\":\"EL INFORMATIVO DE TAMAULIPAS\",\"description\":\"Desde la Zona Metropolitana Para Todo M\u00e9xico\",\"publisher\":{\"@id\":\"https:\\\/\\\/elinformativotam.com\\\/#organization\"},\"potentialAction\":[{\"@type\":\"SearchAction\",\"target\":{\"@type\":\"EntryPoint\",\"urlTemplate\":\"https:\\\/\\\/elinformativotam.com\\\/?s={search_term_string}\"},\"query-input\":{\"@type\":\"PropertyValueSpecification\",\"valueRequired\":true,\"valueName\":\"search_term_string\"}}],\"inLanguage\":\"es\"},{\"@type\":\"Organization\",\"@id\":\"https:\\\/\\\/elinformativotam.com\\\/#organization\",\"name\":\"EL INFORMATIVO DE TAMAULIPAS\",\"url\":\"https:\\\/\\\/elinformativotam.com\\\/\",\"logo\":{\"@type\":\"ImageObject\",\"inLanguage\":\"es\",\"@id\":\"https:\\\/\\\/elinformativotam.com\\\/#\\\/schema\\\/logo\\\/image\\\/\",\"url\":\"https:\\\/\\\/elinformativotam.com\\\/wp-content\\\/uploads\\\/2026\\\/02\\\/Cabezal.png\",\"contentUrl\":\"https:\\\/\\\/elinformativotam.com\\\/wp-content\\\/uploads\\\/2026\\\/02\\\/Cabezal.png\",\"width\":960,\"height\":640,\"caption\":\"EL INFORMATIVO DE TAMAULIPAS\"},\"image\":{\"@id\":\"https:\\\/\\\/elinformativotam.com\\\/#\\\/schema\\\/logo\\\/image\\\/\"}},{\"@type\":\"Person\",\"@id\":\"https:\\\/\\\/elinformativotam.com\\\/#\\\/schema\\\/person\\\/78e08040eed0f6110f0c5f83b6153590\",\"name\":\"El Informativo Tam\",\"image\":{\"@type\":\"ImageObject\",\"inLanguage\":\"es\",\"@id\":\"https:\\\/\\\/secure.gravatar.com\\\/avatar\\\/f3b7ad3af540688955925ac610647be00b0cf41feea9c4978b73a707ee86bc53?s=96&d=mm&r=g\",\"url\":\"https:\\\/\\\/secure.gravatar.com\\\/avatar\\\/f3b7ad3af540688955925ac610647be00b0cf41feea9c4978b73a707ee86bc53?s=96&d=mm&r=g\",\"contentUrl\":\"https:\\\/\\\/secure.gravatar.com\\\/avatar\\\/f3b7ad3af540688955925ac610647be00b0cf41feea9c4978b73a707ee86bc53?s=96&d=mm&r=g\",\"caption\":\"El Informativo Tam\"}}]}<\/script>\n<!-- \/ Yoast SEO plugin. -->","yoast_head_json":{"title":"Regreso A Clases Enciende Alertas Por Condiciones Del Transporte P\u00fablico En Altamira. - EL INFORMATIVO DE TAMAULIPAS","description":"Altamira, Tamps.-\u00a0 El regreso a clases vuelve a poner bajo la lupa al transporte p\u00fablico de Altamira, ante el riesgo que representan las condiciones de","robots":{"index":"index","follow":"follow","max-snippet":"max-snippet:-1","max-image-preview":"max-image-preview:large","max-video-preview":"max-video-preview:-1"},"canonical":"https:\/\/elinformativotam.com\/index.php\/2026\/09\/04\/regreso-a-clases-enciende-alertas-por-condiciones-del-transporte-publico-en-altamira\/","og_locale":"es_MX","og_type":"article","og_title":"Regreso A Clases Enciende Alertas Por Condiciones Del Transporte P\u00fablico En Altamira. - EL INFORMATIVO DE TAMAULIPAS","og_description":"Altamira, Tamps.-\u00a0 El regreso a clases vuelve a poner bajo la lupa al transporte p\u00fablico de Altamira, ante el riesgo que representan las condiciones de","og_url":"https:\/\/elinformativotam.com\/index.php\/2026\/09\/04\/regreso-a-clases-enciende-alertas-por-condiciones-del-transporte-publico-en-altamira\/","og_site_name":"EL INFORMATIVO DE TAMAULIPAS","article_published_time":"2026-09-04T14:08:46+00:00","og_image":[{"width":720,"height":481,"url":"https:\/\/elinformativotam.com\/wp-content\/uploads\/2026\/09\/Transporte-Altamira.jpeg","type":"image\/jpeg"}],"author":"El Informativo Tam","twitter_card":"summary_large_image","twitter_misc":{"Escrito por":"El Informativo Tam","Tiempo de lectura":"2 minutos"},"schema":{"@context":"https:\/\/schema.org","@graph":[{"@type":"Article","@id":"https:\/\/elinformativotam.com\/index.php\/2026\/09\/04\/regreso-a-clases-enciende-alertas-por-condiciones-del-transporte-publico-en-altamira\/#article","isPartOf":{"@id":"https:\/\/elinformativotam.com\/index.php\/2026\/09\/04\/regreso-a-clases-enciende-alertas-por-condiciones-del-transporte-publico-en-altamira\/"},"author":{"name":"El Informativo Tam","@id":"https:\/\/elinformativotam.com\/#\/schema\/person\/78e08040eed0f6110f0c5f83b6153590"},"headline":"Regreso A Clases Enciende Alertas Por Condiciones Del Transporte P\u00fablico En Altamira.","datePublished":"2026-09-04T14:08:46+00:00","mainEntityOfPage":{"@id":"https:\/\/elinformativotam.com\/index.php\/2026\/09\/04\/regreso-a-clases-enciende-alertas-por-condiciones-del-transporte-publico-en-altamira\/"},"wordCount":266,"commentCount":0,"publisher":{"@id":"https:\/\/elinformativotam.com\/#organization"},"image":{"@id":"https:\/\/elinformativotam.com\/index.php\/2026\/09\/04\/regreso-a-clases-enciende-alertas-por-condiciones-del-transporte-publico-en-altamira\/#primaryimage"},"thumbnailUrl":"https:\/\/elinformativotam.com\/wp-content\/uploads\/2026\/09\/Transporte-Altamira.jpeg","articleSection":["Altamira"],"inLanguage":"es","potentialAction":[{"@type":"CommentAction","name":"Comment","target":["https:\/\/elinformativotam.com\/index.php\/2026\/09\/04\/regreso-a-clases-enciende-alertas-por-condiciones-del-transporte-publico-en-altamira\/#respond"]}]},{"@type":"WebPage","@id":"https:\/\/elinformativotam.com\/index.php\/2026\/09\/04\/regreso-a-clases-enciende-alertas-por-condiciones-del-transporte-publico-en-altamira\/","url":"https:\/\/elinformativotam.com\/index.php\/2026\/09\/04\/regreso-a-clases-enciende-alertas-por-condiciones-del-transporte-publico-en-altamira\/","name":"Regreso A Clases Enciende Alertas Por Condiciones Del Transporte P\u00fablico En Altamira. - EL INFORMATIVO DE TAMAULIPAS","isPartOf":{"@id":"https:\/\/elinformativotam.com\/#website"},"primaryImageOfPage":{"@id":"https:\/\/elinformativotam.com\/index.php\/2026\/09\/04\/regreso-a-clases-enciende-alertas-por-condiciones-del-transporte-publico-en-altamira\/#primaryimage"},"image":{"@id":"https:\/\/elinformativotam.com\/index.php\/2026\/09\/04\/regreso-a-clases-enciende-alertas-por-condiciones-del-transporte-publico-en-altamira\/#primaryimage"},"thumbnailUrl":"https:\/\/elinformativotam.com\/wp-content\/uploads\/2026\/09\/Transporte-Altamira.jpeg","datePublished":"2026-09-04T14:08:46+00:00","description":"Altamira, Tamps.-\u00a0 El regreso a clases vuelve a poner bajo la lupa al transporte p\u00fablico de Altamira, ante el riesgo que representan las condiciones de","inLanguage":"es","potentialAction":[{"@type":"ReadAction","target":["https:\/\/elinformativotam.com\/index.php\/2026\/09\/04\/regreso-a-clases-enciende-alertas-por-condiciones-del-transporte-publico-en-altamira\/"]}]},{"@type":"ImageObject","inLanguage":"es","@id":"https:\/\/elinformativotam.com\/index.php\/2026\/09\/04\/regreso-a-clases-enciende-alertas-por-condiciones-del-transporte-publico-en-altamira\/#primaryimage","url":"https:\/\/elinformativotam.com\/wp-content\/uploads\/2026\/09\/Transporte-Altamira.jpeg","contentUrl":"https:\/\/elinformativotam.com\/wp-content\/uploads\/2026\/09\/Transporte-Altamira.jpeg","width":720,"height":481},{"@type":"WebSite","@id":"https:\/\/elinformativotam.com\/#website","url":"https:\/\/elinformativotam.com\/","name":"EL INFORMATIVO DE TAMAULIPAS","description":"Desde la Zona Metropolitana Para Todo M\u00e9xico","publisher":{"@id":"https:\/\/elinformativotam.com\/#organization"},"potentialAction":[{"@type":"SearchAction","target":{"@type":"EntryPoint","urlTemplate":"https:\/\/elinformativotam.com\/?s={search_term_string}"},"query-input":{"@type":"PropertyValueSpecification","valueRequired":true,"valueName":"search_term_string"}}],"inLanguage":"es"},{"@type":"Organization","@id":"https:\/\/elinformativotam.com\/#organization","name":"EL INFORMATIVO DE TAMAULIPAS","url":"https:\/\/elinformativotam.com\/","logo":{"@type":"ImageObject","inLanguage":"es","@id":"https:\/\/elinformativotam.com\/#\/schema\/logo\/image\/","url":"https:\/\/elinformativotam.com\/wp-content\/uploads\/2026\/02\/Cabezal.png","contentUrl":"https:\/\/elinformativotam.com\/wp-content\/uploads\/2026\/02\/Cabezal.png","width":960,"height":640,"caption":"EL INFORMATIVO DE TAMAULIPAS"},"image":{"@id":"https:\/\/elinformativotam.com\/#\/schema\/logo\/image\/"}},{"@type":"Person","@id":"https:\/\/elinformativotam.com\/#\/schema\/person\/78e08040eed0f6110f0c5f83b6153590","name":"El Informativo Tam","image":{"@type":"ImageObject","inLanguage":"es","@id":"https:\/\/secure.gravatar.com\/avatar\/f3b7ad3af540688955925ac610647be00b0cf41feea9c4978b73a707ee86bc53?s=96&d=mm&r=g","url":"https:\/\/secure.gravatar.com\/avatar\/f3b7ad3af540688955925ac610647be00b0cf41feea9c4978b73a707ee86bc53?s=96&d=mm&r=g","contentUrl":"https:\/\/secure.gravatar.com\/avatar\/f3b7ad3af540688955925ac610647be00b0cf41feea9c4978b73a707ee86bc53?s=96&d=mm&r=g","caption":"El Informativo Tam"}}]}},"_links":{"self":[{"href":"https:\/\/elinformativotam.com\/index.php\/wp-json\/wp\/v2\/posts\/58316","targetHints":{"allow":["GET"]}}],"collection":[{"href":"https:\/\/elinformativotam.com\/index.php\/wp-json\/wp\/v2\/posts"}],"about":[{"href":"https:\/\/elinformativotam.com\/index.php\/wp-json\/wp\/v2\/types\/post"}],"author":[{"embeddable":true,"href":"https:\/\/elinformativotam.com\/index.php\/wp-json\/wp\/v2\/users\/1"}],"replies":[{"embeddable":true,"href":"https:\/\/elinformativotam.com\/index.php\/wp-json\/wp\/v2\/comments?post=58316"}],"version-history":[{"count":1,"href":"https:\/\/elinformativotam.com\/index.php\/wp-json\/wp\/v2\/posts\/58316\/revisions"}],"predecessor-version":[{"id":58318,"href":"https:\/\/elinformativotam.com\/index.php\/wp-json\/wp\/v2\/posts\/58316\/revisions\/58318"}],"wp:featuredmedia":[{"embeddable":true,"href":"https:\/\/elinformativotam.com\/index.php\/wp-json\/wp\/v2\/media\/58317"}],"wp:attachment":[{"href":"https:\/\/elinformativotam.com\/index.php\/wp-json\/wp\/v2\/media?parent=58316"}],"wp:term":[{"taxonomy":"category","embeddable":true,"href":"https:\/\/elinformativotam.com\/index.php\/wp-json\/wp\/v2\/categories?post=58316"},{"taxonomy":"post_tag","embeddable":true,"href":"https:\/\/elinformativotam.com\/index.php\/wp-json\/wp\/v2\/tags?post=58316"}],"curies":[{"name":"wp","href":"https:\/\/api.w.org\/{rel}","templated":true}]}}