{"id":58313,"date":"2026-09-04T08:08:03","date_gmt":"2026-09-04T14:08:03","guid":{"rendered":"https:\/\/elinformativotam.com\/?p=58313"},"modified":"2026-09-04T08:08:03","modified_gmt":"2026-09-04T14:08:03","slug":"continua-ola-de-calor-extrema-en-el-sur-de-tamaulipas","status":"publish","type":"post","link":"https:\/\/elinformativotam.com\/index.php\/2026\/09\/04\/continua-ola-de-calor-extrema-en-el-sur-de-tamaulipas\/","title":{"rendered":"Contin\u00faa Ola De Calor Extrema En El Sur De Tamaulipas."},"content":{"rendered":"<p>Tampico, Tamps.- Las altas temperaturas continuar\u00e1n afectando a la zona sur de Tamaulipas, con registros que superan los 40 grados cent\u00edgrados y sensaciones t\u00e9rmicas a\u00fan mayores, inform\u00f3 el coordinador regional de Protecci\u00f3n Civil, Rafael Chirinos Aguilar. El funcionario se\u00f1al\u00f3 que, pese a la conclusi\u00f3n de la temporada de can\u00edcula, las condiciones de calor intenso persisten en la regi\u00f3n.<\/p>\n<p>&nbsp;<\/p>\n<p>Chirinos Aguilar indic\u00f3 que esta situaci\u00f3n ha generado preocupaci\u00f3n, especialmente por los riesgos que representa para los sectores m\u00e1s vulnerables de la poblaci\u00f3n, como los menores de edad y los adultos mayores. Por ello, reiter\u00f3 el llamado a mantener las medidas preventivas para evitar afectaciones a la salud derivadas de la exposici\u00f3n prolongada a las altas temperaturas.<\/p>\n<p>&nbsp;<\/p>\n<p>El coordinador regional destac\u00f3 que durante los \u00faltimos d\u00edas el term\u00f3metro ha alcanzado hasta los 42 grados cent\u00edgrados de sensaci\u00f3n t\u00e9rmica, lo que incrementa el riesgo de golpes de calor, deshidrataci\u00f3n y otros padecimientos relacionados con las condiciones clim\u00e1ticas extremas. Asimismo, se\u00f1al\u00f3 que las recomendaciones tambi\u00e9n est\u00e1n dirigidas a personas que padecen hipertensi\u00f3n o enfermedades cardiovasculares.<\/p>\n<p>&nbsp;<\/p>\n<p>Finalmente, Rafael Chirinos Aguilar exhort\u00f3 a las instituciones educativas a reforzar las acciones de prevenci\u00f3n, procurando que los estudiantes eviten actividades al aire libre durante las horas de mayor radiaci\u00f3n solar. De igual forma, recomend\u00f3 mantenerse hidratados, utilizar ropa ligera y buscar espacios con sombra o ventilaci\u00f3n adecuada para reducir los efectos del calor.<\/p>\n","protected":false},"excerpt":{"rendered":"<p>Tampico, Tamps.- Las altas temperaturas continuar\u00e1n afectando a la zona sur de Tamaulipas, con registros que superan los 40 grados&hellip;<\/p>\n","protected":false},"author":1,"featured_media":58314,"comment_status":"open","ping_status":"open","sticky":false,"template":"","format":"standard","meta":{"footnotes":""},"categories":[3],"tags":[],"class_list":["post-58313","post","type-post","status-publish","format-standard","has-post-thumbnail","hentry","category-tampico"],"yoast_head":"<!-- This site is optimized with the Yoast SEO plugin v28.4 - https:\/\/yoast.com\/product\/yoast-seo-wordpress\/ -->\n<title>Contin\u00faa Ola De Calor Extrema En El Sur De Tamaulipas. - EL INFORMATIVO DE TAMAULIPAS<\/title>\n<meta name=\"description\" content=\"Tampico, Tamps.- Las altas temperaturas continuar\u00e1n afectando a la zona sur de Tamaulipas, con registros que superan los 40 grados cent\u00edgrados y\" \/>\n<meta name=\"robots\" content=\"index, follow, max-snippet:-1, max-image-preview:large, max-video-preview:-1\" \/>\n<link rel=\"canonical\" href=\"https:\/\/elinformativotam.com\/index.php\/2026\/09\/04\/continua-ola-de-calor-extrema-en-el-sur-de-tamaulipas\/\" \/>\n<meta property=\"og:locale\" content=\"es_MX\" \/>\n<meta property=\"og:type\" content=\"article\" \/>\n<meta property=\"og:title\" content=\"Contin\u00faa Ola De Calor Extrema En El Sur De Tamaulipas. - EL INFORMATIVO DE TAMAULIPAS\" \/>\n<meta property=\"og:description\" content=\"Tampico, Tamps.- Las altas temperaturas continuar\u00e1n afectando a la zona sur de Tamaulipas, con registros que superan los 40 grados cent\u00edgrados y\" \/>\n<meta property=\"og:url\" content=\"https:\/\/elinformativotam.com\/index.php\/2026\/09\/04\/continua-ola-de-calor-extrema-en-el-sur-de-tamaulipas\/\" \/>\n<meta property=\"og:site_name\" content=\"EL INFORMATIVO DE TAMAULIPAS\" \/>\n<meta property=\"article:published_time\" content=\"2026-09-04T14:08:03+00:00\" \/>\n<meta property=\"og:image\" content=\"https:\/\/elinformativotam.com\/wp-content\/uploads\/2026\/09\/Chirinos.jpg\" \/>\n\t<meta property=\"og:image:width\" content=\"984\" \/>\n\t<meta property=\"og:image:height\" content=\"816\" \/>\n\t<meta property=\"og:image:type\" content=\"image\/jpeg\" \/>\n<meta name=\"author\" content=\"El Informativo Tam\" \/>\n<meta name=\"twitter:card\" content=\"summary_large_image\" \/>\n<meta name=\"twitter:label1\" content=\"Escrito por\" \/>\n\t<meta name=\"twitter:data1\" content=\"El Informativo Tam\" \/>\n\t<meta name=\"twitter:label2\" content=\"Tiempo de lectura\" \/>\n\t<meta name=\"twitter:data2\" content=\"2 minutos\" \/>\n<script type=\"application\/ld+json\" class=\"yoast-schema-graph\">{\"@context\":\"https:\\\/\\\/schema.org\",\"@graph\":[{\"@type\":\"Article\",\"@id\":\"https:\\\/\\\/elinformativotam.com\\\/index.php\\\/2026\\\/09\\\/04\\\/continua-ola-de-calor-extrema-en-el-sur-de-tamaulipas\\\/#article\",\"isPartOf\":{\"@id\":\"https:\\\/\\\/elinformativotam.com\\\/index.php\\\/2026\\\/09\\\/04\\\/continua-ola-de-calor-extrema-en-el-sur-de-tamaulipas\\\/\"},\"author\":{\"name\":\"El Informativo Tam\",\"@id\":\"https:\\\/\\\/elinformativotam.com\\\/#\\\/schema\\\/person\\\/78e08040eed0f6110f0c5f83b6153590\"},\"headline\":\"Contin\u00faa Ola De Calor Extrema En El Sur De Tamaulipas.\",\"datePublished\":\"2026-09-04T14:08:03+00:00\",\"mainEntityOfPage\":{\"@id\":\"https:\\\/\\\/elinformativotam.com\\\/index.php\\\/2026\\\/09\\\/04\\\/continua-ola-de-calor-extrema-en-el-sur-de-tamaulipas\\\/\"},\"wordCount\":266,\"commentCount\":0,\"publisher\":{\"@id\":\"https:\\\/\\\/elinformativotam.com\\\/#organization\"},\"image\":{\"@id\":\"https:\\\/\\\/elinformativotam.com\\\/index.php\\\/2026\\\/09\\\/04\\\/continua-ola-de-calor-extrema-en-el-sur-de-tamaulipas\\\/#primaryimage\"},\"thumbnailUrl\":\"https:\\\/\\\/elinformativotam.com\\\/wp-content\\\/uploads\\\/2026\\\/09\\\/Chirinos.jpg\",\"articleSection\":[\"Tampico\"],\"inLanguage\":\"es\",\"potentialAction\":[{\"@type\":\"CommentAction\",\"name\":\"Comment\",\"target\":[\"https:\\\/\\\/elinformativotam.com\\\/index.php\\\/2026\\\/09\\\/04\\\/continua-ola-de-calor-extrema-en-el-sur-de-tamaulipas\\\/#respond\"]}]},{\"@type\":\"WebPage\",\"@id\":\"https:\\\/\\\/elinformativotam.com\\\/index.php\\\/2026\\\/09\\\/04\\\/continua-ola-de-calor-extrema-en-el-sur-de-tamaulipas\\\/\",\"url\":\"https:\\\/\\\/elinformativotam.com\\\/index.php\\\/2026\\\/09\\\/04\\\/continua-ola-de-calor-extrema-en-el-sur-de-tamaulipas\\\/\",\"name\":\"Contin\u00faa Ola De Calor Extrema En El Sur De Tamaulipas. - EL INFORMATIVO DE TAMAULIPAS\",\"isPartOf\":{\"@id\":\"https:\\\/\\\/elinformativotam.com\\\/#website\"},\"primaryImageOfPage\":{\"@id\":\"https:\\\/\\\/elinformativotam.com\\\/index.php\\\/2026\\\/09\\\/04\\\/continua-ola-de-calor-extrema-en-el-sur-de-tamaulipas\\\/#primaryimage\"},\"image\":{\"@id\":\"https:\\\/\\\/elinformativotam.com\\\/index.php\\\/2026\\\/09\\\/04\\\/continua-ola-de-calor-extrema-en-el-sur-de-tamaulipas\\\/#primaryimage\"},\"thumbnailUrl\":\"https:\\\/\\\/elinformativotam.com\\\/wp-content\\\/uploads\\\/2026\\\/09\\\/Chirinos.jpg\",\"datePublished\":\"2026-09-04T14:08:03+00:00\",\"description\":\"Tampico, Tamps.- Las altas temperaturas continuar\u00e1n afectando a la zona sur de Tamaulipas, con registros que superan los 40 grados cent\u00edgrados y\",\"inLanguage\":\"es\",\"potentialAction\":[{\"@type\":\"ReadAction\",\"target\":[\"https:\\\/\\\/elinformativotam.com\\\/index.php\\\/2026\\\/09\\\/04\\\/continua-ola-de-calor-extrema-en-el-sur-de-tamaulipas\\\/\"]}]},{\"@type\":\"ImageObject\",\"inLanguage\":\"es\",\"@id\":\"https:\\\/\\\/elinformativotam.com\\\/index.php\\\/2026\\\/09\\\/04\\\/continua-ola-de-calor-extrema-en-el-sur-de-tamaulipas\\\/#primaryimage\",\"url\":\"https:\\\/\\\/elinformativotam.com\\\/wp-content\\\/uploads\\\/2026\\\/09\\\/Chirinos.jpg\",\"contentUrl\":\"https:\\\/\\\/elinformativotam.com\\\/wp-content\\\/uploads\\\/2026\\\/09\\\/Chirinos.jpg\",\"width\":984,\"height\":816},{\"@type\":\"WebSite\",\"@id\":\"https:\\\/\\\/elinformativotam.com\\\/#website\",\"url\":\"https:\\\/\\\/elinformativotam.com\\\/\",\"name\":\"EL INFORMATIVO DE TAMAULIPAS\",\"description\":\"Desde la Zona Metropolitana Para Todo M\u00e9xico\",\"publisher\":{\"@id\":\"https:\\\/\\\/elinformativotam.com\\\/#organization\"},\"potentialAction\":[{\"@type\":\"SearchAction\",\"target\":{\"@type\":\"EntryPoint\",\"urlTemplate\":\"https:\\\/\\\/elinformativotam.com\\\/?s={search_term_string}\"},\"query-input\":{\"@type\":\"PropertyValueSpecification\",\"valueRequired\":true,\"valueName\":\"search_term_string\"}}],\"inLanguage\":\"es\"},{\"@type\":\"Organization\",\"@id\":\"https:\\\/\\\/elinformativotam.com\\\/#organization\",\"name\":\"EL INFORMATIVO DE TAMAULIPAS\",\"url\":\"https:\\\/\\\/elinformativotam.com\\\/\",\"logo\":{\"@type\":\"ImageObject\",\"inLanguage\":\"es\",\"@id\":\"https:\\\/\\\/elinformativotam.com\\\/#\\\/schema\\\/logo\\\/image\\\/\",\"url\":\"https:\\\/\\\/elinformativotam.com\\\/wp-content\\\/uploads\\\/2026\\\/02\\\/Cabezal.png\",\"contentUrl\":\"https:\\\/\\\/elinformativotam.com\\\/wp-content\\\/uploads\\\/2026\\\/02\\\/Cabezal.png\",\"width\":960,\"height\":640,\"caption\":\"EL INFORMATIVO DE TAMAULIPAS\"},\"image\":{\"@id\":\"https:\\\/\\\/elinformativotam.com\\\/#\\\/schema\\\/logo\\\/image\\\/\"}},{\"@type\":\"Person\",\"@id\":\"https:\\\/\\\/elinformativotam.com\\\/#\\\/schema\\\/person\\\/78e08040eed0f6110f0c5f83b6153590\",\"name\":\"El Informativo Tam\",\"image\":{\"@type\":\"ImageObject\",\"inLanguage\":\"es\",\"@id\":\"https:\\\/\\\/secure.gravatar.com\\\/avatar\\\/f3b7ad3af540688955925ac610647be00b0cf41feea9c4978b73a707ee86bc53?s=96&d=mm&r=g\",\"url\":\"https:\\\/\\\/secure.gravatar.com\\\/avatar\\\/f3b7ad3af540688955925ac610647be00b0cf41feea9c4978b73a707ee86bc53?s=96&d=mm&r=g\",\"contentUrl\":\"https:\\\/\\\/secure.gravatar.com\\\/avatar\\\/f3b7ad3af540688955925ac610647be00b0cf41feea9c4978b73a707ee86bc53?s=96&d=mm&r=g\",\"caption\":\"El Informativo Tam\"}}]}<\/script>\n<!-- \/ Yoast SEO plugin. -->","yoast_head_json":{"title":"Contin\u00faa Ola De Calor Extrema En El Sur De Tamaulipas. - EL INFORMATIVO DE TAMAULIPAS","description":"Tampico, Tamps.- Las altas temperaturas continuar\u00e1n afectando a la zona sur de Tamaulipas, con registros que superan los 40 grados cent\u00edgrados y","robots":{"index":"index","follow":"follow","max-snippet":"max-snippet:-1","max-image-preview":"max-image-preview:large","max-video-preview":"max-video-preview:-1"},"canonical":"https:\/\/elinformativotam.com\/index.php\/2026\/09\/04\/continua-ola-de-calor-extrema-en-el-sur-de-tamaulipas\/","og_locale":"es_MX","og_type":"article","og_title":"Contin\u00faa Ola De Calor Extrema En El Sur De Tamaulipas. - EL INFORMATIVO DE TAMAULIPAS","og_description":"Tampico, Tamps.- Las altas temperaturas continuar\u00e1n afectando a la zona sur de Tamaulipas, con registros que superan los 40 grados cent\u00edgrados y","og_url":"https:\/\/elinformativotam.com\/index.php\/2026\/09\/04\/continua-ola-de-calor-extrema-en-el-sur-de-tamaulipas\/","og_site_name":"EL INFORMATIVO DE TAMAULIPAS","article_published_time":"2026-09-04T14:08:03+00:00","og_image":[{"width":984,"height":816,"url":"https:\/\/elinformativotam.com\/wp-content\/uploads\/2026\/09\/Chirinos.jpg","type":"image\/jpeg"}],"author":"El Informativo Tam","twitter_card":"summary_large_image","twitter_misc":{"Escrito por":"El Informativo Tam","Tiempo de lectura":"2 minutos"},"schema":{"@context":"https:\/\/schema.org","@graph":[{"@type":"Article","@id":"https:\/\/elinformativotam.com\/index.php\/2026\/09\/04\/continua-ola-de-calor-extrema-en-el-sur-de-tamaulipas\/#article","isPartOf":{"@id":"https:\/\/elinformativotam.com\/index.php\/2026\/09\/04\/continua-ola-de-calor-extrema-en-el-sur-de-tamaulipas\/"},"author":{"name":"El Informativo Tam","@id":"https:\/\/elinformativotam.com\/#\/schema\/person\/78e08040eed0f6110f0c5f83b6153590"},"headline":"Contin\u00faa Ola De Calor Extrema En El Sur De Tamaulipas.","datePublished":"2026-09-04T14:08:03+00:00","mainEntityOfPage":{"@id":"https:\/\/elinformativotam.com\/index.php\/2026\/09\/04\/continua-ola-de-calor-extrema-en-el-sur-de-tamaulipas\/"},"wordCount":266,"commentCount":0,"publisher":{"@id":"https:\/\/elinformativotam.com\/#organization"},"image":{"@id":"https:\/\/elinformativotam.com\/index.php\/2026\/09\/04\/continua-ola-de-calor-extrema-en-el-sur-de-tamaulipas\/#primaryimage"},"thumbnailUrl":"https:\/\/elinformativotam.com\/wp-content\/uploads\/2026\/09\/Chirinos.jpg","articleSection":["Tampico"],"inLanguage":"es","potentialAction":[{"@type":"CommentAction","name":"Comment","target":["https:\/\/elinformativotam.com\/index.php\/2026\/09\/04\/continua-ola-de-calor-extrema-en-el-sur-de-tamaulipas\/#respond"]}]},{"@type":"WebPage","@id":"https:\/\/elinformativotam.com\/index.php\/2026\/09\/04\/continua-ola-de-calor-extrema-en-el-sur-de-tamaulipas\/","url":"https:\/\/elinformativotam.com\/index.php\/2026\/09\/04\/continua-ola-de-calor-extrema-en-el-sur-de-tamaulipas\/","name":"Contin\u00faa Ola De Calor Extrema En El Sur De Tamaulipas. - EL INFORMATIVO DE TAMAULIPAS","isPartOf":{"@id":"https:\/\/elinformativotam.com\/#website"},"primaryImageOfPage":{"@id":"https:\/\/elinformativotam.com\/index.php\/2026\/09\/04\/continua-ola-de-calor-extrema-en-el-sur-de-tamaulipas\/#primaryimage"},"image":{"@id":"https:\/\/elinformativotam.com\/index.php\/2026\/09\/04\/continua-ola-de-calor-extrema-en-el-sur-de-tamaulipas\/#primaryimage"},"thumbnailUrl":"https:\/\/elinformativotam.com\/wp-content\/uploads\/2026\/09\/Chirinos.jpg","datePublished":"2026-09-04T14:08:03+00:00","description":"Tampico, Tamps.- Las altas temperaturas continuar\u00e1n afectando a la zona sur de Tamaulipas, con registros que superan los 40 grados cent\u00edgrados y","inLanguage":"es","potentialAction":[{"@type":"ReadAction","target":["https:\/\/elinformativotam.com\/index.php\/2026\/09\/04\/continua-ola-de-calor-extrema-en-el-sur-de-tamaulipas\/"]}]},{"@type":"ImageObject","inLanguage":"es","@id":"https:\/\/elinformativotam.com\/index.php\/2026\/09\/04\/continua-ola-de-calor-extrema-en-el-sur-de-tamaulipas\/#primaryimage","url":"https:\/\/elinformativotam.com\/wp-content\/uploads\/2026\/09\/Chirinos.jpg","contentUrl":"https:\/\/elinformativotam.com\/wp-content\/uploads\/2026\/09\/Chirinos.jpg","width":984,"height":816},{"@type":"WebSite","@id":"https:\/\/elinformativotam.com\/#website","url":"https:\/\/elinformativotam.com\/","name":"EL INFORMATIVO DE TAMAULIPAS","description":"Desde la Zona Metropolitana Para Todo M\u00e9xico","publisher":{"@id":"https:\/\/elinformativotam.com\/#organization"},"potentialAction":[{"@type":"SearchAction","target":{"@type":"EntryPoint","urlTemplate":"https:\/\/elinformativotam.com\/?s={search_term_string}"},"query-input":{"@type":"PropertyValueSpecification","valueRequired":true,"valueName":"search_term_string"}}],"inLanguage":"es"},{"@type":"Organization","@id":"https:\/\/elinformativotam.com\/#organization","name":"EL INFORMATIVO DE TAMAULIPAS","url":"https:\/\/elinformativotam.com\/","logo":{"@type":"ImageObject","inLanguage":"es","@id":"https:\/\/elinformativotam.com\/#\/schema\/logo\/image\/","url":"https:\/\/elinformativotam.com\/wp-content\/uploads\/2026\/02\/Cabezal.png","contentUrl":"https:\/\/elinformativotam.com\/wp-content\/uploads\/2026\/02\/Cabezal.png","width":960,"height":640,"caption":"EL INFORMATIVO DE TAMAULIPAS"},"image":{"@id":"https:\/\/elinformativotam.com\/#\/schema\/logo\/image\/"}},{"@type":"Person","@id":"https:\/\/elinformativotam.com\/#\/schema\/person\/78e08040eed0f6110f0c5f83b6153590","name":"El Informativo Tam","image":{"@type":"ImageObject","inLanguage":"es","@id":"https:\/\/secure.gravatar.com\/avatar\/f3b7ad3af540688955925ac610647be00b0cf41feea9c4978b73a707ee86bc53?s=96&d=mm&r=g","url":"https:\/\/secure.gravatar.com\/avatar\/f3b7ad3af540688955925ac610647be00b0cf41feea9c4978b73a707ee86bc53?s=96&d=mm&r=g","contentUrl":"https:\/\/secure.gravatar.com\/avatar\/f3b7ad3af540688955925ac610647be00b0cf41feea9c4978b73a707ee86bc53?s=96&d=mm&r=g","caption":"El Informativo Tam"}}]}},"_links":{"self":[{"href":"https:\/\/elinformativotam.com\/index.php\/wp-json\/wp\/v2\/posts\/58313","targetHints":{"allow":["GET"]}}],"collection":[{"href":"https:\/\/elinformativotam.com\/index.php\/wp-json\/wp\/v2\/posts"}],"about":[{"href":"https:\/\/elinformativotam.com\/index.php\/wp-json\/wp\/v2\/types\/post"}],"author":[{"embeddable":true,"href":"https:\/\/elinformativotam.com\/index.php\/wp-json\/wp\/v2\/users\/1"}],"replies":[{"embeddable":true,"href":"https:\/\/elinformativotam.com\/index.php\/wp-json\/wp\/v2\/comments?post=58313"}],"version-history":[{"count":1,"href":"https:\/\/elinformativotam.com\/index.php\/wp-json\/wp\/v2\/posts\/58313\/revisions"}],"predecessor-version":[{"id":58315,"href":"https:\/\/elinformativotam.com\/index.php\/wp-json\/wp\/v2\/posts\/58313\/revisions\/58315"}],"wp:featuredmedia":[{"embeddable":true,"href":"https:\/\/elinformativotam.com\/index.php\/wp-json\/wp\/v2\/media\/58314"}],"wp:attachment":[{"href":"https:\/\/elinformativotam.com\/index.php\/wp-json\/wp\/v2\/media?parent=58313"}],"wp:term":[{"taxonomy":"category","embeddable":true,"href":"https:\/\/elinformativotam.com\/index.php\/wp-json\/wp\/v2\/categories?post=58313"},{"taxonomy":"post_tag","embeddable":true,"href":"https:\/\/elinformativotam.com\/index.php\/wp-json\/wp\/v2\/tags?post=58313"}],"curies":[{"name":"wp","href":"https:\/\/api.w.org\/{rel}","templated":true}]}}