{"id":58310,"date":"2026-09-04T08:07:09","date_gmt":"2026-09-04T14:07:09","guid":{"rendered":"https:\/\/elinformativotam.com\/?p=58310"},"modified":"2026-09-04T08:07:09","modified_gmt":"2026-09-04T14:07:09","slug":"analizan-nuevas-rutas-de-transporte-para-estudiantes-de-ciudad-madero","status":"publish","type":"post","link":"https:\/\/elinformativotam.com\/index.php\/2026\/09\/04\/analizan-nuevas-rutas-de-transporte-para-estudiantes-de-ciudad-madero\/","title":{"rendered":"Analizan Nuevas Rutas De Transporte Para Estudiantes De Ciudad Madero."},"content":{"rendered":"<p>Ciudad Madero.-\u00a0 La necesidad de mejorar las opciones de traslado para estudiantes de secundaria y preparatoria en la zona norte de Ciudad Madero llev\u00f3 a autoridades a analizar la posibilidad de establecer nuevas rutas de transporte escolar. La propuesta busca facilitar el acceso de los alumnos a sus planteles y reducir las dificultades que enfrentan algunas familias para trasladarlos diariamente.<\/p>\n<p>&nbsp;<\/p>\n<p>Entre los sectores que podr\u00edan verse beneficiados se encuentran Revoluci\u00f3n Verde, Ampliaci\u00f3n Unidad Nacional, Adriano Gonz\u00e1lez, 15 de Mayo, Las Flores y Sector Los Pinos, donde se ha identificado la necesidad de contar con alternativas de movilidad que atiendan las necesidades de la poblaci\u00f3n estudiantil.<\/p>\n<p>&nbsp;<\/p>\n<p>Sin embargo, la creaci\u00f3n de estas rutas todav\u00eda no est\u00e1 confirmada, ya que primero ser\u00e1 necesario realizar un diagn\u00f3stico para determinar cu\u00e1ntos estudiantes requieren el servicio, cu\u00e1les son sus puntos de origen y destino, as\u00ed como los horarios y la demanda que tendr\u00eda una eventual ruta de transporte escolar.<\/p>\n<p>&nbsp;<\/p>\n<p>Las autoridades se\u00f1alaron que, con base en los resultados de este an\u00e1lisis, se determinar\u00e1 la viabilidad del proyecto y las condiciones necesarias para su operaci\u00f3n. El objetivo es que cualquier nueva alternativa de transporte responda a una demanda real y contribuya a mejorar la movilidad y seguridad de los estudiantes de la zona norte de Ciudad Madero.<\/p>\n<p>&nbsp;<\/p>\n","protected":false},"excerpt":{"rendered":"<p>Ciudad Madero.-\u00a0 La necesidad de mejorar las opciones de traslado para estudiantes de secundaria y preparatoria en la zona norte&hellip;<\/p>\n","protected":false},"author":1,"featured_media":58311,"comment_status":"open","ping_status":"open","sticky":false,"template":"","format":"standard","meta":{"footnotes":""},"categories":[4],"tags":[],"class_list":["post-58310","post","type-post","status-publish","format-standard","has-post-thumbnail","hentry","category-madero"],"yoast_head":"<!-- This site is optimized with the Yoast SEO plugin v28.4 - https:\/\/yoast.com\/product\/yoast-seo-wordpress\/ -->\n<title>Analizan Nuevas Rutas De Transporte Para Estudiantes De Ciudad Madero. - EL INFORMATIVO DE TAMAULIPAS<\/title>\n<meta name=\"description\" content=\"Ciudad Madero.-\u00a0 La necesidad de mejorar las opciones de traslado para estudiantes de secundaria y preparatoria en la zona norte de Ciudad Madero llev\u00f3 a\" \/>\n<meta name=\"robots\" content=\"index, follow, max-snippet:-1, max-image-preview:large, max-video-preview:-1\" \/>\n<link rel=\"canonical\" href=\"https:\/\/elinformativotam.com\/index.php\/2026\/09\/04\/analizan-nuevas-rutas-de-transporte-para-estudiantes-de-ciudad-madero\/\" \/>\n<meta property=\"og:locale\" content=\"es_MX\" \/>\n<meta property=\"og:type\" content=\"article\" \/>\n<meta property=\"og:title\" content=\"Analizan Nuevas Rutas De Transporte Para Estudiantes De Ciudad Madero. - EL INFORMATIVO DE TAMAULIPAS\" \/>\n<meta property=\"og:description\" content=\"Ciudad Madero.-\u00a0 La necesidad de mejorar las opciones de traslado para estudiantes de secundaria y preparatoria en la zona norte de Ciudad Madero llev\u00f3 a\" \/>\n<meta property=\"og:url\" content=\"https:\/\/elinformativotam.com\/index.php\/2026\/09\/04\/analizan-nuevas-rutas-de-transporte-para-estudiantes-de-ciudad-madero\/\" \/>\n<meta property=\"og:site_name\" content=\"EL INFORMATIVO DE TAMAULIPAS\" \/>\n<meta property=\"article:published_time\" content=\"2026-09-04T14:07:09+00:00\" \/>\n<meta property=\"og:image\" content=\"https:\/\/elinformativotam.com\/wp-content\/uploads\/2026\/09\/Transporte-estudiantes.jpg\" \/>\n\t<meta property=\"og:image:width\" content=\"755\" \/>\n\t<meta property=\"og:image:height\" content=\"415\" \/>\n\t<meta property=\"og:image:type\" content=\"image\/jpeg\" \/>\n<meta name=\"author\" content=\"El Informativo Tam\" \/>\n<meta name=\"twitter:card\" content=\"summary_large_image\" \/>\n<meta name=\"twitter:label1\" content=\"Escrito por\" \/>\n\t<meta name=\"twitter:data1\" content=\"El Informativo Tam\" \/>\n\t<meta name=\"twitter:label2\" content=\"Tiempo de lectura\" \/>\n\t<meta name=\"twitter:data2\" content=\"2 minutos\" \/>\n<script type=\"application\/ld+json\" class=\"yoast-schema-graph\">{\"@context\":\"https:\\\/\\\/schema.org\",\"@graph\":[{\"@type\":\"Article\",\"@id\":\"https:\\\/\\\/elinformativotam.com\\\/index.php\\\/2026\\\/09\\\/04\\\/analizan-nuevas-rutas-de-transporte-para-estudiantes-de-ciudad-madero\\\/#article\",\"isPartOf\":{\"@id\":\"https:\\\/\\\/elinformativotam.com\\\/index.php\\\/2026\\\/09\\\/04\\\/analizan-nuevas-rutas-de-transporte-para-estudiantes-de-ciudad-madero\\\/\"},\"author\":{\"name\":\"El Informativo Tam\",\"@id\":\"https:\\\/\\\/elinformativotam.com\\\/#\\\/schema\\\/person\\\/78e08040eed0f6110f0c5f83b6153590\"},\"headline\":\"Analizan Nuevas Rutas De Transporte Para Estudiantes De Ciudad Madero.\",\"datePublished\":\"2026-09-04T14:07:09+00:00\",\"mainEntityOfPage\":{\"@id\":\"https:\\\/\\\/elinformativotam.com\\\/index.php\\\/2026\\\/09\\\/04\\\/analizan-nuevas-rutas-de-transporte-para-estudiantes-de-ciudad-madero\\\/\"},\"wordCount\":239,\"commentCount\":0,\"publisher\":{\"@id\":\"https:\\\/\\\/elinformativotam.com\\\/#organization\"},\"image\":{\"@id\":\"https:\\\/\\\/elinformativotam.com\\\/index.php\\\/2026\\\/09\\\/04\\\/analizan-nuevas-rutas-de-transporte-para-estudiantes-de-ciudad-madero\\\/#primaryimage\"},\"thumbnailUrl\":\"https:\\\/\\\/elinformativotam.com\\\/wp-content\\\/uploads\\\/2026\\\/09\\\/Transporte-estudiantes.jpg\",\"articleSection\":[\"Cd Madero\"],\"inLanguage\":\"es\",\"potentialAction\":[{\"@type\":\"CommentAction\",\"name\":\"Comment\",\"target\":[\"https:\\\/\\\/elinformativotam.com\\\/index.php\\\/2026\\\/09\\\/04\\\/analizan-nuevas-rutas-de-transporte-para-estudiantes-de-ciudad-madero\\\/#respond\"]}]},{\"@type\":\"WebPage\",\"@id\":\"https:\\\/\\\/elinformativotam.com\\\/index.php\\\/2026\\\/09\\\/04\\\/analizan-nuevas-rutas-de-transporte-para-estudiantes-de-ciudad-madero\\\/\",\"url\":\"https:\\\/\\\/elinformativotam.com\\\/index.php\\\/2026\\\/09\\\/04\\\/analizan-nuevas-rutas-de-transporte-para-estudiantes-de-ciudad-madero\\\/\",\"name\":\"Analizan Nuevas Rutas De Transporte Para Estudiantes De Ciudad Madero. - EL INFORMATIVO DE TAMAULIPAS\",\"isPartOf\":{\"@id\":\"https:\\\/\\\/elinformativotam.com\\\/#website\"},\"primaryImageOfPage\":{\"@id\":\"https:\\\/\\\/elinformativotam.com\\\/index.php\\\/2026\\\/09\\\/04\\\/analizan-nuevas-rutas-de-transporte-para-estudiantes-de-ciudad-madero\\\/#primaryimage\"},\"image\":{\"@id\":\"https:\\\/\\\/elinformativotam.com\\\/index.php\\\/2026\\\/09\\\/04\\\/analizan-nuevas-rutas-de-transporte-para-estudiantes-de-ciudad-madero\\\/#primaryimage\"},\"thumbnailUrl\":\"https:\\\/\\\/elinformativotam.com\\\/wp-content\\\/uploads\\\/2026\\\/09\\\/Transporte-estudiantes.jpg\",\"datePublished\":\"2026-09-04T14:07:09+00:00\",\"description\":\"Ciudad Madero.-\u00a0 La necesidad de mejorar las opciones de traslado para estudiantes de secundaria y preparatoria en la zona norte de Ciudad Madero llev\u00f3 a\",\"inLanguage\":\"es\",\"potentialAction\":[{\"@type\":\"ReadAction\",\"target\":[\"https:\\\/\\\/elinformativotam.com\\\/index.php\\\/2026\\\/09\\\/04\\\/analizan-nuevas-rutas-de-transporte-para-estudiantes-de-ciudad-madero\\\/\"]}]},{\"@type\":\"ImageObject\",\"inLanguage\":\"es\",\"@id\":\"https:\\\/\\\/elinformativotam.com\\\/index.php\\\/2026\\\/09\\\/04\\\/analizan-nuevas-rutas-de-transporte-para-estudiantes-de-ciudad-madero\\\/#primaryimage\",\"url\":\"https:\\\/\\\/elinformativotam.com\\\/wp-content\\\/uploads\\\/2026\\\/09\\\/Transporte-estudiantes.jpg\",\"contentUrl\":\"https:\\\/\\\/elinformativotam.com\\\/wp-content\\\/uploads\\\/2026\\\/09\\\/Transporte-estudiantes.jpg\",\"width\":755,\"height\":415},{\"@type\":\"WebSite\",\"@id\":\"https:\\\/\\\/elinformativotam.com\\\/#website\",\"url\":\"https:\\\/\\\/elinformativotam.com\\\/\",\"name\":\"EL INFORMATIVO DE TAMAULIPAS\",\"description\":\"Desde la Zona Metropolitana Para Todo M\u00e9xico\",\"publisher\":{\"@id\":\"https:\\\/\\\/elinformativotam.com\\\/#organization\"},\"potentialAction\":[{\"@type\":\"SearchAction\",\"target\":{\"@type\":\"EntryPoint\",\"urlTemplate\":\"https:\\\/\\\/elinformativotam.com\\\/?s={search_term_string}\"},\"query-input\":{\"@type\":\"PropertyValueSpecification\",\"valueRequired\":true,\"valueName\":\"search_term_string\"}}],\"inLanguage\":\"es\"},{\"@type\":\"Organization\",\"@id\":\"https:\\\/\\\/elinformativotam.com\\\/#organization\",\"name\":\"EL INFORMATIVO DE TAMAULIPAS\",\"url\":\"https:\\\/\\\/elinformativotam.com\\\/\",\"logo\":{\"@type\":\"ImageObject\",\"inLanguage\":\"es\",\"@id\":\"https:\\\/\\\/elinformativotam.com\\\/#\\\/schema\\\/logo\\\/image\\\/\",\"url\":\"https:\\\/\\\/elinformativotam.com\\\/wp-content\\\/uploads\\\/2026\\\/02\\\/Cabezal.png\",\"contentUrl\":\"https:\\\/\\\/elinformativotam.com\\\/wp-content\\\/uploads\\\/2026\\\/02\\\/Cabezal.png\",\"width\":960,\"height\":640,\"caption\":\"EL INFORMATIVO DE TAMAULIPAS\"},\"image\":{\"@id\":\"https:\\\/\\\/elinformativotam.com\\\/#\\\/schema\\\/logo\\\/image\\\/\"}},{\"@type\":\"Person\",\"@id\":\"https:\\\/\\\/elinformativotam.com\\\/#\\\/schema\\\/person\\\/78e08040eed0f6110f0c5f83b6153590\",\"name\":\"El Informativo Tam\",\"image\":{\"@type\":\"ImageObject\",\"inLanguage\":\"es\",\"@id\":\"https:\\\/\\\/secure.gravatar.com\\\/avatar\\\/f3b7ad3af540688955925ac610647be00b0cf41feea9c4978b73a707ee86bc53?s=96&d=mm&r=g\",\"url\":\"https:\\\/\\\/secure.gravatar.com\\\/avatar\\\/f3b7ad3af540688955925ac610647be00b0cf41feea9c4978b73a707ee86bc53?s=96&d=mm&r=g\",\"contentUrl\":\"https:\\\/\\\/secure.gravatar.com\\\/avatar\\\/f3b7ad3af540688955925ac610647be00b0cf41feea9c4978b73a707ee86bc53?s=96&d=mm&r=g\",\"caption\":\"El Informativo Tam\"}}]}<\/script>\n<!-- \/ Yoast SEO plugin. -->","yoast_head_json":{"title":"Analizan Nuevas Rutas De Transporte Para Estudiantes De Ciudad Madero. - EL INFORMATIVO DE TAMAULIPAS","description":"Ciudad Madero.-\u00a0 La necesidad de mejorar las opciones de traslado para estudiantes de secundaria y preparatoria en la zona norte de Ciudad Madero llev\u00f3 a","robots":{"index":"index","follow":"follow","max-snippet":"max-snippet:-1","max-image-preview":"max-image-preview:large","max-video-preview":"max-video-preview:-1"},"canonical":"https:\/\/elinformativotam.com\/index.php\/2026\/09\/04\/analizan-nuevas-rutas-de-transporte-para-estudiantes-de-ciudad-madero\/","og_locale":"es_MX","og_type":"article","og_title":"Analizan Nuevas Rutas De Transporte Para Estudiantes De Ciudad Madero. - EL INFORMATIVO DE TAMAULIPAS","og_description":"Ciudad Madero.-\u00a0 La necesidad de mejorar las opciones de traslado para estudiantes de secundaria y preparatoria en la zona norte de Ciudad Madero llev\u00f3 a","og_url":"https:\/\/elinformativotam.com\/index.php\/2026\/09\/04\/analizan-nuevas-rutas-de-transporte-para-estudiantes-de-ciudad-madero\/","og_site_name":"EL INFORMATIVO DE TAMAULIPAS","article_published_time":"2026-09-04T14:07:09+00:00","og_image":[{"width":755,"height":415,"url":"https:\/\/elinformativotam.com\/wp-content\/uploads\/2026\/09\/Transporte-estudiantes.jpg","type":"image\/jpeg"}],"author":"El Informativo Tam","twitter_card":"summary_large_image","twitter_misc":{"Escrito por":"El Informativo Tam","Tiempo de lectura":"2 minutos"},"schema":{"@context":"https:\/\/schema.org","@graph":[{"@type":"Article","@id":"https:\/\/elinformativotam.com\/index.php\/2026\/09\/04\/analizan-nuevas-rutas-de-transporte-para-estudiantes-de-ciudad-madero\/#article","isPartOf":{"@id":"https:\/\/elinformativotam.com\/index.php\/2026\/09\/04\/analizan-nuevas-rutas-de-transporte-para-estudiantes-de-ciudad-madero\/"},"author":{"name":"El Informativo Tam","@id":"https:\/\/elinformativotam.com\/#\/schema\/person\/78e08040eed0f6110f0c5f83b6153590"},"headline":"Analizan Nuevas Rutas De Transporte Para Estudiantes De Ciudad Madero.","datePublished":"2026-09-04T14:07:09+00:00","mainEntityOfPage":{"@id":"https:\/\/elinformativotam.com\/index.php\/2026\/09\/04\/analizan-nuevas-rutas-de-transporte-para-estudiantes-de-ciudad-madero\/"},"wordCount":239,"commentCount":0,"publisher":{"@id":"https:\/\/elinformativotam.com\/#organization"},"image":{"@id":"https:\/\/elinformativotam.com\/index.php\/2026\/09\/04\/analizan-nuevas-rutas-de-transporte-para-estudiantes-de-ciudad-madero\/#primaryimage"},"thumbnailUrl":"https:\/\/elinformativotam.com\/wp-content\/uploads\/2026\/09\/Transporte-estudiantes.jpg","articleSection":["Cd Madero"],"inLanguage":"es","potentialAction":[{"@type":"CommentAction","name":"Comment","target":["https:\/\/elinformativotam.com\/index.php\/2026\/09\/04\/analizan-nuevas-rutas-de-transporte-para-estudiantes-de-ciudad-madero\/#respond"]}]},{"@type":"WebPage","@id":"https:\/\/elinformativotam.com\/index.php\/2026\/09\/04\/analizan-nuevas-rutas-de-transporte-para-estudiantes-de-ciudad-madero\/","url":"https:\/\/elinformativotam.com\/index.php\/2026\/09\/04\/analizan-nuevas-rutas-de-transporte-para-estudiantes-de-ciudad-madero\/","name":"Analizan Nuevas Rutas De Transporte Para Estudiantes De Ciudad Madero. - EL INFORMATIVO DE TAMAULIPAS","isPartOf":{"@id":"https:\/\/elinformativotam.com\/#website"},"primaryImageOfPage":{"@id":"https:\/\/elinformativotam.com\/index.php\/2026\/09\/04\/analizan-nuevas-rutas-de-transporte-para-estudiantes-de-ciudad-madero\/#primaryimage"},"image":{"@id":"https:\/\/elinformativotam.com\/index.php\/2026\/09\/04\/analizan-nuevas-rutas-de-transporte-para-estudiantes-de-ciudad-madero\/#primaryimage"},"thumbnailUrl":"https:\/\/elinformativotam.com\/wp-content\/uploads\/2026\/09\/Transporte-estudiantes.jpg","datePublished":"2026-09-04T14:07:09+00:00","description":"Ciudad Madero.-\u00a0 La necesidad de mejorar las opciones de traslado para estudiantes de secundaria y preparatoria en la zona norte de Ciudad Madero llev\u00f3 a","inLanguage":"es","potentialAction":[{"@type":"ReadAction","target":["https:\/\/elinformativotam.com\/index.php\/2026\/09\/04\/analizan-nuevas-rutas-de-transporte-para-estudiantes-de-ciudad-madero\/"]}]},{"@type":"ImageObject","inLanguage":"es","@id":"https:\/\/elinformativotam.com\/index.php\/2026\/09\/04\/analizan-nuevas-rutas-de-transporte-para-estudiantes-de-ciudad-madero\/#primaryimage","url":"https:\/\/elinformativotam.com\/wp-content\/uploads\/2026\/09\/Transporte-estudiantes.jpg","contentUrl":"https:\/\/elinformativotam.com\/wp-content\/uploads\/2026\/09\/Transporte-estudiantes.jpg","width":755,"height":415},{"@type":"WebSite","@id":"https:\/\/elinformativotam.com\/#website","url":"https:\/\/elinformativotam.com\/","name":"EL INFORMATIVO DE TAMAULIPAS","description":"Desde la Zona Metropolitana Para Todo M\u00e9xico","publisher":{"@id":"https:\/\/elinformativotam.com\/#organization"},"potentialAction":[{"@type":"SearchAction","target":{"@type":"EntryPoint","urlTemplate":"https:\/\/elinformativotam.com\/?s={search_term_string}"},"query-input":{"@type":"PropertyValueSpecification","valueRequired":true,"valueName":"search_term_string"}}],"inLanguage":"es"},{"@type":"Organization","@id":"https:\/\/elinformativotam.com\/#organization","name":"EL INFORMATIVO DE TAMAULIPAS","url":"https:\/\/elinformativotam.com\/","logo":{"@type":"ImageObject","inLanguage":"es","@id":"https:\/\/elinformativotam.com\/#\/schema\/logo\/image\/","url":"https:\/\/elinformativotam.com\/wp-content\/uploads\/2026\/02\/Cabezal.png","contentUrl":"https:\/\/elinformativotam.com\/wp-content\/uploads\/2026\/02\/Cabezal.png","width":960,"height":640,"caption":"EL INFORMATIVO DE TAMAULIPAS"},"image":{"@id":"https:\/\/elinformativotam.com\/#\/schema\/logo\/image\/"}},{"@type":"Person","@id":"https:\/\/elinformativotam.com\/#\/schema\/person\/78e08040eed0f6110f0c5f83b6153590","name":"El Informativo Tam","image":{"@type":"ImageObject","inLanguage":"es","@id":"https:\/\/secure.gravatar.com\/avatar\/f3b7ad3af540688955925ac610647be00b0cf41feea9c4978b73a707ee86bc53?s=96&d=mm&r=g","url":"https:\/\/secure.gravatar.com\/avatar\/f3b7ad3af540688955925ac610647be00b0cf41feea9c4978b73a707ee86bc53?s=96&d=mm&r=g","contentUrl":"https:\/\/secure.gravatar.com\/avatar\/f3b7ad3af540688955925ac610647be00b0cf41feea9c4978b73a707ee86bc53?s=96&d=mm&r=g","caption":"El Informativo Tam"}}]}},"_links":{"self":[{"href":"https:\/\/elinformativotam.com\/index.php\/wp-json\/wp\/v2\/posts\/58310","targetHints":{"allow":["GET"]}}],"collection":[{"href":"https:\/\/elinformativotam.com\/index.php\/wp-json\/wp\/v2\/posts"}],"about":[{"href":"https:\/\/elinformativotam.com\/index.php\/wp-json\/wp\/v2\/types\/post"}],"author":[{"embeddable":true,"href":"https:\/\/elinformativotam.com\/index.php\/wp-json\/wp\/v2\/users\/1"}],"replies":[{"embeddable":true,"href":"https:\/\/elinformativotam.com\/index.php\/wp-json\/wp\/v2\/comments?post=58310"}],"version-history":[{"count":1,"href":"https:\/\/elinformativotam.com\/index.php\/wp-json\/wp\/v2\/posts\/58310\/revisions"}],"predecessor-version":[{"id":58312,"href":"https:\/\/elinformativotam.com\/index.php\/wp-json\/wp\/v2\/posts\/58310\/revisions\/58312"}],"wp:featuredmedia":[{"embeddable":true,"href":"https:\/\/elinformativotam.com\/index.php\/wp-json\/wp\/v2\/media\/58311"}],"wp:attachment":[{"href":"https:\/\/elinformativotam.com\/index.php\/wp-json\/wp\/v2\/media?parent=58310"}],"wp:term":[{"taxonomy":"category","embeddable":true,"href":"https:\/\/elinformativotam.com\/index.php\/wp-json\/wp\/v2\/categories?post=58310"},{"taxonomy":"post_tag","embeddable":true,"href":"https:\/\/elinformativotam.com\/index.php\/wp-json\/wp\/v2\/tags?post=58310"}],"curies":[{"name":"wp","href":"https:\/\/api.w.org\/{rel}","templated":true}]}}