{"id":58301,"date":"2026-09-03T13:50:51","date_gmt":"2026-09-03T19:50:51","guid":{"rendered":"https:\/\/elinformativotam.com\/?p=58301"},"modified":"2026-09-03T13:51:04","modified_gmt":"2026-09-03T19:51:04","slug":"indignacion-en-la-uat-alumno-termina-hospitalizado-tras-presunta-novatada-violenta","status":"publish","type":"post","link":"https:\/\/elinformativotam.com\/index.php\/2026\/09\/03\/indignacion-en-la-uat-alumno-termina-hospitalizado-tras-presunta-novatada-violenta\/","title":{"rendered":"\u00a1Indignaci\u00f3n en la UAT! Alumno termina hospitalizado tras presunta novatada violenta"},"content":{"rendered":"<div class=\"x14z9mp xat24cr x1lziwak x1vvkbs xtlvy1s x126k92a\">\n<div dir=\"auto\">Cd. Victoria, Tamps.- Lo que deb\u00eda ser el inicio de una etapa universitaria termin\u00f3 en una sala de hospital. Un estudiante de nuevo ingreso de la Facultad de Medicina Veterinaria y Zootecnia de la Universidad Aut\u00f3noma de Tamaulipas (UAT) fue hospitalizado tras ser presuntamente v\u00edctima de una brutal novatada realizada por alumnos de semestres avanzados, situaci\u00f3n que ya es investigada por la Fiscal\u00eda General de Justicia de Tamaulipas por el probable delito de lesiones dolosas.<\/div>\n<div dir=\"auto\"><\/div>\n<\/div>\n<div class=\"x14z9mp xat24cr x1lziwak x1vvkbs xtlvy1s x126k92a\">\n<div dir=\"auto\">La v\u00edctima, identificada como Tadeo, originario de San Luis Potos\u00ed, habr\u00eda sido sacado de su sal\u00f3n junto con otros estudiantes de primer semestre y llevado a una zona de producci\u00f3n dentro del campus de Ciudad Victoria. De acuerdo con familiares, los j\u00f3venes fueron obligados a participar en actos degradantes y humillantes, donde les arrojaron huevos, esti\u00e9rcol, melaza y sangre, adem\u00e1s de ser sometidos a diversas agresiones que hoy generan una profunda indignaci\u00f3n entre la comunidad estudiantil y la sociedad.<\/div>\n<div dir=\"auto\"><\/div>\n<\/div>\n<div class=\"x14z9mp xat24cr x1lziwak x1vvkbs xtlvy1s x126k92a\">\n<div dir=\"auto\">La situaci\u00f3n se torn\u00f3 a\u00fan m\u00e1s grave cuando, presuntamente, Tadeo fue obligado a ingerir chile habanero pese a padecer una alergia al picante. Minutos despu\u00e9s comenz\u00f3 a sufrir convulsiones y termin\u00f3 en estado de semiinconsciencia. Familiares denuncian que, lejos de solicitar ayuda m\u00e9dica inmediata, el joven permaneci\u00f3 durante un tiempo en el lugar mientras su condici\u00f3n empeoraba. Tambi\u00e9n aseguran que a los estudiantes les retiraron sus tel\u00e9fonos celulares para impedir que documentaran lo ocurrido.<\/div>\n<div dir=\"auto\"><\/div>\n<\/div>\n<div class=\"x14z9mp xat24cr x1lziwak x1vvkbs xtlvy1s x126k92a\">\n<div dir=\"auto\">Las acusaciones no terminan ah\u00ed. La familia sostiene que algunos maestros y trabajadores de la facultad habr\u00edan estado presentes e incluso grabando los hechos, por lo que exigen que se revisen todos los videos existentes para esclarecer responsabilidades. Mientras el estudiante permanece bajo observaci\u00f3n m\u00e9dica, crecen las preguntas sobre c\u00f3mo pr\u00e1cticas de este tipo contin\u00faan ocurriendo dentro de una instituci\u00f3n educativa y qui\u00e9nes permitieron que una supuesta &#8220;bienvenida&#8221; terminara poniendo en riesgo la vida de un joven universitario.<\/div>\n<\/div>\n","protected":false},"excerpt":{"rendered":"<p>Cd. Victoria, Tamps.- Lo que deb\u00eda ser el inicio de una etapa universitaria termin\u00f3 en una sala de hospital. Un&hellip;<\/p>\n","protected":false},"author":1,"featured_media":58302,"comment_status":"open","ping_status":"open","sticky":false,"template":"","format":"standard","meta":{"footnotes":""},"categories":[6],"tags":[],"class_list":["post-58301","post","type-post","status-publish","format-standard","has-post-thumbnail","hentry","category-tamaulipas"],"yoast_head":"<!-- This site is optimized with the Yoast SEO plugin v28.4 - https:\/\/yoast.com\/product\/yoast-seo-wordpress\/ -->\n<title>\u00a1Indignaci\u00f3n en la UAT! Alumno termina hospitalizado tras presunta novatada violenta - EL INFORMATIVO DE TAMAULIPAS<\/title>\n<meta name=\"description\" content=\"Cd. Victoria, Tamps.- Lo que deb\u00eda ser el inicio de una etapa universitaria termin\u00f3 en una sala de hospital. Un estudiante de nuevo ingreso de la Facultad\" \/>\n<meta name=\"robots\" content=\"index, follow, max-snippet:-1, max-image-preview:large, max-video-preview:-1\" \/>\n<link rel=\"canonical\" href=\"https:\/\/elinformativotam.com\/index.php\/2026\/09\/03\/indignacion-en-la-uat-alumno-termina-hospitalizado-tras-presunta-novatada-violenta\/\" \/>\n<meta property=\"og:locale\" content=\"es_MX\" \/>\n<meta property=\"og:type\" content=\"article\" \/>\n<meta property=\"og:title\" content=\"\u00a1Indignaci\u00f3n en la UAT! Alumno termina hospitalizado tras presunta novatada violenta - EL INFORMATIVO DE TAMAULIPAS\" \/>\n<meta property=\"og:description\" content=\"Cd. Victoria, Tamps.- Lo que deb\u00eda ser el inicio de una etapa universitaria termin\u00f3 en una sala de hospital. Un estudiante de nuevo ingreso de la Facultad\" \/>\n<meta property=\"og:url\" content=\"https:\/\/elinformativotam.com\/index.php\/2026\/09\/03\/indignacion-en-la-uat-alumno-termina-hospitalizado-tras-presunta-novatada-violenta\/\" \/>\n<meta property=\"og:site_name\" content=\"EL INFORMATIVO DE TAMAULIPAS\" \/>\n<meta property=\"article:published_time\" content=\"2026-09-03T19:50:51+00:00\" \/>\n<meta property=\"article:modified_time\" content=\"2026-09-03T19:51:04+00:00\" \/>\n<meta property=\"og:image\" content=\"https:\/\/elinformativotam.com\/wp-content\/uploads\/2026\/09\/Veterinaria-1.jpg\" \/>\n\t<meta property=\"og:image:width\" content=\"1536\" \/>\n\t<meta property=\"og:image:height\" content=\"1024\" \/>\n\t<meta property=\"og:image:type\" content=\"image\/jpeg\" \/>\n<meta name=\"author\" content=\"El Informativo Tam\" \/>\n<meta name=\"twitter:card\" content=\"summary_large_image\" \/>\n<meta name=\"twitter:label1\" content=\"Escrito por\" \/>\n\t<meta name=\"twitter:data1\" content=\"El Informativo Tam\" \/>\n\t<meta name=\"twitter:label2\" content=\"Tiempo de lectura\" \/>\n\t<meta name=\"twitter:data2\" content=\"2 minutos\" \/>\n<script type=\"application\/ld+json\" class=\"yoast-schema-graph\">{\"@context\":\"https:\\\/\\\/schema.org\",\"@graph\":[{\"@type\":\"Article\",\"@id\":\"https:\\\/\\\/elinformativotam.com\\\/index.php\\\/2026\\\/09\\\/03\\\/indignacion-en-la-uat-alumno-termina-hospitalizado-tras-presunta-novatada-violenta\\\/#article\",\"isPartOf\":{\"@id\":\"https:\\\/\\\/elinformativotam.com\\\/index.php\\\/2026\\\/09\\\/03\\\/indignacion-en-la-uat-alumno-termina-hospitalizado-tras-presunta-novatada-violenta\\\/\"},\"author\":{\"name\":\"El Informativo Tam\",\"@id\":\"https:\\\/\\\/elinformativotam.com\\\/#\\\/schema\\\/person\\\/78e08040eed0f6110f0c5f83b6153590\"},\"headline\":\"\u00a1Indignaci\u00f3n en la UAT! Alumno termina hospitalizado tras presunta novatada violenta\",\"datePublished\":\"2026-09-03T19:50:51+00:00\",\"dateModified\":\"2026-09-03T19:51:04+00:00\",\"mainEntityOfPage\":{\"@id\":\"https:\\\/\\\/elinformativotam.com\\\/index.php\\\/2026\\\/09\\\/03\\\/indignacion-en-la-uat-alumno-termina-hospitalizado-tras-presunta-novatada-violenta\\\/\"},\"wordCount\":348,\"commentCount\":0,\"publisher\":{\"@id\":\"https:\\\/\\\/elinformativotam.com\\\/#organization\"},\"image\":{\"@id\":\"https:\\\/\\\/elinformativotam.com\\\/index.php\\\/2026\\\/09\\\/03\\\/indignacion-en-la-uat-alumno-termina-hospitalizado-tras-presunta-novatada-violenta\\\/#primaryimage\"},\"thumbnailUrl\":\"https:\\\/\\\/elinformativotam.com\\\/wp-content\\\/uploads\\\/2026\\\/09\\\/Veterinaria-1.jpg\",\"articleSection\":[\"Tamaulipas\"],\"inLanguage\":\"es\",\"potentialAction\":[{\"@type\":\"CommentAction\",\"name\":\"Comment\",\"target\":[\"https:\\\/\\\/elinformativotam.com\\\/index.php\\\/2026\\\/09\\\/03\\\/indignacion-en-la-uat-alumno-termina-hospitalizado-tras-presunta-novatada-violenta\\\/#respond\"]}]},{\"@type\":\"WebPage\",\"@id\":\"https:\\\/\\\/elinformativotam.com\\\/index.php\\\/2026\\\/09\\\/03\\\/indignacion-en-la-uat-alumno-termina-hospitalizado-tras-presunta-novatada-violenta\\\/\",\"url\":\"https:\\\/\\\/elinformativotam.com\\\/index.php\\\/2026\\\/09\\\/03\\\/indignacion-en-la-uat-alumno-termina-hospitalizado-tras-presunta-novatada-violenta\\\/\",\"name\":\"\u00a1Indignaci\u00f3n en la UAT! Alumno termina hospitalizado tras presunta novatada violenta - EL INFORMATIVO DE TAMAULIPAS\",\"isPartOf\":{\"@id\":\"https:\\\/\\\/elinformativotam.com\\\/#website\"},\"primaryImageOfPage\":{\"@id\":\"https:\\\/\\\/elinformativotam.com\\\/index.php\\\/2026\\\/09\\\/03\\\/indignacion-en-la-uat-alumno-termina-hospitalizado-tras-presunta-novatada-violenta\\\/#primaryimage\"},\"image\":{\"@id\":\"https:\\\/\\\/elinformativotam.com\\\/index.php\\\/2026\\\/09\\\/03\\\/indignacion-en-la-uat-alumno-termina-hospitalizado-tras-presunta-novatada-violenta\\\/#primaryimage\"},\"thumbnailUrl\":\"https:\\\/\\\/elinformativotam.com\\\/wp-content\\\/uploads\\\/2026\\\/09\\\/Veterinaria-1.jpg\",\"datePublished\":\"2026-09-03T19:50:51+00:00\",\"dateModified\":\"2026-09-03T19:51:04+00:00\",\"description\":\"Cd. Victoria, Tamps.- Lo que deb\u00eda ser el inicio de una etapa universitaria termin\u00f3 en una sala de hospital. Un estudiante de nuevo ingreso de la Facultad\",\"inLanguage\":\"es\",\"potentialAction\":[{\"@type\":\"ReadAction\",\"target\":[\"https:\\\/\\\/elinformativotam.com\\\/index.php\\\/2026\\\/09\\\/03\\\/indignacion-en-la-uat-alumno-termina-hospitalizado-tras-presunta-novatada-violenta\\\/\"]}]},{\"@type\":\"ImageObject\",\"inLanguage\":\"es\",\"@id\":\"https:\\\/\\\/elinformativotam.com\\\/index.php\\\/2026\\\/09\\\/03\\\/indignacion-en-la-uat-alumno-termina-hospitalizado-tras-presunta-novatada-violenta\\\/#primaryimage\",\"url\":\"https:\\\/\\\/elinformativotam.com\\\/wp-content\\\/uploads\\\/2026\\\/09\\\/Veterinaria-1.jpg\",\"contentUrl\":\"https:\\\/\\\/elinformativotam.com\\\/wp-content\\\/uploads\\\/2026\\\/09\\\/Veterinaria-1.jpg\",\"width\":1536,\"height\":1024},{\"@type\":\"WebSite\",\"@id\":\"https:\\\/\\\/elinformativotam.com\\\/#website\",\"url\":\"https:\\\/\\\/elinformativotam.com\\\/\",\"name\":\"EL INFORMATIVO DE TAMAULIPAS\",\"description\":\"Desde la Zona Metropolitana Para Todo M\u00e9xico\",\"publisher\":{\"@id\":\"https:\\\/\\\/elinformativotam.com\\\/#organization\"},\"potentialAction\":[{\"@type\":\"SearchAction\",\"target\":{\"@type\":\"EntryPoint\",\"urlTemplate\":\"https:\\\/\\\/elinformativotam.com\\\/?s={search_term_string}\"},\"query-input\":{\"@type\":\"PropertyValueSpecification\",\"valueRequired\":true,\"valueName\":\"search_term_string\"}}],\"inLanguage\":\"es\"},{\"@type\":\"Organization\",\"@id\":\"https:\\\/\\\/elinformativotam.com\\\/#organization\",\"name\":\"EL INFORMATIVO DE TAMAULIPAS\",\"url\":\"https:\\\/\\\/elinformativotam.com\\\/\",\"logo\":{\"@type\":\"ImageObject\",\"inLanguage\":\"es\",\"@id\":\"https:\\\/\\\/elinformativotam.com\\\/#\\\/schema\\\/logo\\\/image\\\/\",\"url\":\"https:\\\/\\\/elinformativotam.com\\\/wp-content\\\/uploads\\\/2026\\\/02\\\/Cabezal.png\",\"contentUrl\":\"https:\\\/\\\/elinformativotam.com\\\/wp-content\\\/uploads\\\/2026\\\/02\\\/Cabezal.png\",\"width\":960,\"height\":640,\"caption\":\"EL INFORMATIVO DE TAMAULIPAS\"},\"image\":{\"@id\":\"https:\\\/\\\/elinformativotam.com\\\/#\\\/schema\\\/logo\\\/image\\\/\"}},{\"@type\":\"Person\",\"@id\":\"https:\\\/\\\/elinformativotam.com\\\/#\\\/schema\\\/person\\\/78e08040eed0f6110f0c5f83b6153590\",\"name\":\"El Informativo Tam\",\"image\":{\"@type\":\"ImageObject\",\"inLanguage\":\"es\",\"@id\":\"https:\\\/\\\/secure.gravatar.com\\\/avatar\\\/f3b7ad3af540688955925ac610647be00b0cf41feea9c4978b73a707ee86bc53?s=96&d=mm&r=g\",\"url\":\"https:\\\/\\\/secure.gravatar.com\\\/avatar\\\/f3b7ad3af540688955925ac610647be00b0cf41feea9c4978b73a707ee86bc53?s=96&d=mm&r=g\",\"contentUrl\":\"https:\\\/\\\/secure.gravatar.com\\\/avatar\\\/f3b7ad3af540688955925ac610647be00b0cf41feea9c4978b73a707ee86bc53?s=96&d=mm&r=g\",\"caption\":\"El Informativo Tam\"}}]}<\/script>\n<!-- \/ Yoast SEO plugin. -->","yoast_head_json":{"title":"\u00a1Indignaci\u00f3n en la UAT! Alumno termina hospitalizado tras presunta novatada violenta - EL INFORMATIVO DE TAMAULIPAS","description":"Cd. Victoria, Tamps.- Lo que deb\u00eda ser el inicio de una etapa universitaria termin\u00f3 en una sala de hospital. Un estudiante de nuevo ingreso de la Facultad","robots":{"index":"index","follow":"follow","max-snippet":"max-snippet:-1","max-image-preview":"max-image-preview:large","max-video-preview":"max-video-preview:-1"},"canonical":"https:\/\/elinformativotam.com\/index.php\/2026\/09\/03\/indignacion-en-la-uat-alumno-termina-hospitalizado-tras-presunta-novatada-violenta\/","og_locale":"es_MX","og_type":"article","og_title":"\u00a1Indignaci\u00f3n en la UAT! Alumno termina hospitalizado tras presunta novatada violenta - EL INFORMATIVO DE TAMAULIPAS","og_description":"Cd. Victoria, Tamps.- Lo que deb\u00eda ser el inicio de una etapa universitaria termin\u00f3 en una sala de hospital. Un estudiante de nuevo ingreso de la Facultad","og_url":"https:\/\/elinformativotam.com\/index.php\/2026\/09\/03\/indignacion-en-la-uat-alumno-termina-hospitalizado-tras-presunta-novatada-violenta\/","og_site_name":"EL INFORMATIVO DE TAMAULIPAS","article_published_time":"2026-09-03T19:50:51+00:00","article_modified_time":"2026-09-03T19:51:04+00:00","og_image":[{"width":1536,"height":1024,"url":"https:\/\/elinformativotam.com\/wp-content\/uploads\/2026\/09\/Veterinaria-1.jpg","type":"image\/jpeg"}],"author":"El Informativo Tam","twitter_card":"summary_large_image","twitter_misc":{"Escrito por":"El Informativo Tam","Tiempo de lectura":"2 minutos"},"schema":{"@context":"https:\/\/schema.org","@graph":[{"@type":"Article","@id":"https:\/\/elinformativotam.com\/index.php\/2026\/09\/03\/indignacion-en-la-uat-alumno-termina-hospitalizado-tras-presunta-novatada-violenta\/#article","isPartOf":{"@id":"https:\/\/elinformativotam.com\/index.php\/2026\/09\/03\/indignacion-en-la-uat-alumno-termina-hospitalizado-tras-presunta-novatada-violenta\/"},"author":{"name":"El Informativo Tam","@id":"https:\/\/elinformativotam.com\/#\/schema\/person\/78e08040eed0f6110f0c5f83b6153590"},"headline":"\u00a1Indignaci\u00f3n en la UAT! Alumno termina hospitalizado tras presunta novatada violenta","datePublished":"2026-09-03T19:50:51+00:00","dateModified":"2026-09-03T19:51:04+00:00","mainEntityOfPage":{"@id":"https:\/\/elinformativotam.com\/index.php\/2026\/09\/03\/indignacion-en-la-uat-alumno-termina-hospitalizado-tras-presunta-novatada-violenta\/"},"wordCount":348,"commentCount":0,"publisher":{"@id":"https:\/\/elinformativotam.com\/#organization"},"image":{"@id":"https:\/\/elinformativotam.com\/index.php\/2026\/09\/03\/indignacion-en-la-uat-alumno-termina-hospitalizado-tras-presunta-novatada-violenta\/#primaryimage"},"thumbnailUrl":"https:\/\/elinformativotam.com\/wp-content\/uploads\/2026\/09\/Veterinaria-1.jpg","articleSection":["Tamaulipas"],"inLanguage":"es","potentialAction":[{"@type":"CommentAction","name":"Comment","target":["https:\/\/elinformativotam.com\/index.php\/2026\/09\/03\/indignacion-en-la-uat-alumno-termina-hospitalizado-tras-presunta-novatada-violenta\/#respond"]}]},{"@type":"WebPage","@id":"https:\/\/elinformativotam.com\/index.php\/2026\/09\/03\/indignacion-en-la-uat-alumno-termina-hospitalizado-tras-presunta-novatada-violenta\/","url":"https:\/\/elinformativotam.com\/index.php\/2026\/09\/03\/indignacion-en-la-uat-alumno-termina-hospitalizado-tras-presunta-novatada-violenta\/","name":"\u00a1Indignaci\u00f3n en la UAT! Alumno termina hospitalizado tras presunta novatada violenta - EL INFORMATIVO DE TAMAULIPAS","isPartOf":{"@id":"https:\/\/elinformativotam.com\/#website"},"primaryImageOfPage":{"@id":"https:\/\/elinformativotam.com\/index.php\/2026\/09\/03\/indignacion-en-la-uat-alumno-termina-hospitalizado-tras-presunta-novatada-violenta\/#primaryimage"},"image":{"@id":"https:\/\/elinformativotam.com\/index.php\/2026\/09\/03\/indignacion-en-la-uat-alumno-termina-hospitalizado-tras-presunta-novatada-violenta\/#primaryimage"},"thumbnailUrl":"https:\/\/elinformativotam.com\/wp-content\/uploads\/2026\/09\/Veterinaria-1.jpg","datePublished":"2026-09-03T19:50:51+00:00","dateModified":"2026-09-03T19:51:04+00:00","description":"Cd. Victoria, Tamps.- Lo que deb\u00eda ser el inicio de una etapa universitaria termin\u00f3 en una sala de hospital. Un estudiante de nuevo ingreso de la Facultad","inLanguage":"es","potentialAction":[{"@type":"ReadAction","target":["https:\/\/elinformativotam.com\/index.php\/2026\/09\/03\/indignacion-en-la-uat-alumno-termina-hospitalizado-tras-presunta-novatada-violenta\/"]}]},{"@type":"ImageObject","inLanguage":"es","@id":"https:\/\/elinformativotam.com\/index.php\/2026\/09\/03\/indignacion-en-la-uat-alumno-termina-hospitalizado-tras-presunta-novatada-violenta\/#primaryimage","url":"https:\/\/elinformativotam.com\/wp-content\/uploads\/2026\/09\/Veterinaria-1.jpg","contentUrl":"https:\/\/elinformativotam.com\/wp-content\/uploads\/2026\/09\/Veterinaria-1.jpg","width":1536,"height":1024},{"@type":"WebSite","@id":"https:\/\/elinformativotam.com\/#website","url":"https:\/\/elinformativotam.com\/","name":"EL INFORMATIVO DE TAMAULIPAS","description":"Desde la Zona Metropolitana Para Todo M\u00e9xico","publisher":{"@id":"https:\/\/elinformativotam.com\/#organization"},"potentialAction":[{"@type":"SearchAction","target":{"@type":"EntryPoint","urlTemplate":"https:\/\/elinformativotam.com\/?s={search_term_string}"},"query-input":{"@type":"PropertyValueSpecification","valueRequired":true,"valueName":"search_term_string"}}],"inLanguage":"es"},{"@type":"Organization","@id":"https:\/\/elinformativotam.com\/#organization","name":"EL INFORMATIVO DE TAMAULIPAS","url":"https:\/\/elinformativotam.com\/","logo":{"@type":"ImageObject","inLanguage":"es","@id":"https:\/\/elinformativotam.com\/#\/schema\/logo\/image\/","url":"https:\/\/elinformativotam.com\/wp-content\/uploads\/2026\/02\/Cabezal.png","contentUrl":"https:\/\/elinformativotam.com\/wp-content\/uploads\/2026\/02\/Cabezal.png","width":960,"height":640,"caption":"EL INFORMATIVO DE TAMAULIPAS"},"image":{"@id":"https:\/\/elinformativotam.com\/#\/schema\/logo\/image\/"}},{"@type":"Person","@id":"https:\/\/elinformativotam.com\/#\/schema\/person\/78e08040eed0f6110f0c5f83b6153590","name":"El Informativo Tam","image":{"@type":"ImageObject","inLanguage":"es","@id":"https:\/\/secure.gravatar.com\/avatar\/f3b7ad3af540688955925ac610647be00b0cf41feea9c4978b73a707ee86bc53?s=96&d=mm&r=g","url":"https:\/\/secure.gravatar.com\/avatar\/f3b7ad3af540688955925ac610647be00b0cf41feea9c4978b73a707ee86bc53?s=96&d=mm&r=g","contentUrl":"https:\/\/secure.gravatar.com\/avatar\/f3b7ad3af540688955925ac610647be00b0cf41feea9c4978b73a707ee86bc53?s=96&d=mm&r=g","caption":"El Informativo Tam"}}]}},"_links":{"self":[{"href":"https:\/\/elinformativotam.com\/index.php\/wp-json\/wp\/v2\/posts\/58301","targetHints":{"allow":["GET"]}}],"collection":[{"href":"https:\/\/elinformativotam.com\/index.php\/wp-json\/wp\/v2\/posts"}],"about":[{"href":"https:\/\/elinformativotam.com\/index.php\/wp-json\/wp\/v2\/types\/post"}],"author":[{"embeddable":true,"href":"https:\/\/elinformativotam.com\/index.php\/wp-json\/wp\/v2\/users\/1"}],"replies":[{"embeddable":true,"href":"https:\/\/elinformativotam.com\/index.php\/wp-json\/wp\/v2\/comments?post=58301"}],"version-history":[{"count":1,"href":"https:\/\/elinformativotam.com\/index.php\/wp-json\/wp\/v2\/posts\/58301\/revisions"}],"predecessor-version":[{"id":58303,"href":"https:\/\/elinformativotam.com\/index.php\/wp-json\/wp\/v2\/posts\/58301\/revisions\/58303"}],"wp:featuredmedia":[{"embeddable":true,"href":"https:\/\/elinformativotam.com\/index.php\/wp-json\/wp\/v2\/media\/58302"}],"wp:attachment":[{"href":"https:\/\/elinformativotam.com\/index.php\/wp-json\/wp\/v2\/media?parent=58301"}],"wp:term":[{"taxonomy":"category","embeddable":true,"href":"https:\/\/elinformativotam.com\/index.php\/wp-json\/wp\/v2\/categories?post=58301"},{"taxonomy":"post_tag","embeddable":true,"href":"https:\/\/elinformativotam.com\/index.php\/wp-json\/wp\/v2\/tags?post=58301"}],"curies":[{"name":"wp","href":"https:\/\/api.w.org\/{rel}","templated":true}]}}