{"id":58295,"date":"2026-09-03T07:55:31","date_gmt":"2026-09-03T13:55:31","guid":{"rendered":"https:\/\/elinformativotam.com\/?p=58295"},"modified":"2026-09-03T07:55:31","modified_gmt":"2026-09-03T13:55:31","slug":"exhortan-a-empresas-a-capacitar-a-su-personal-en-primeros-auxilios","status":"publish","type":"post","link":"https:\/\/elinformativotam.com\/index.php\/2026\/09\/03\/exhortan-a-empresas-a-capacitar-a-su-personal-en-primeros-auxilios\/","title":{"rendered":"Exhortan A Empresas A Capacitar A Su Personal En Primeros Auxilios"},"content":{"rendered":"<p>Tampico, Tamps.-\u00a0 Tras el fallecimiento de un cliente en la tienda Chedraui sucursal Andonegui, en Tampico, autoridades de Protecci\u00f3n Civil recordaron que los establecimientos comerciales de gran afluencia deben contar con personal capacitado en primeros auxilios para actuar de manera inmediata ante cualquier emergencia m\u00e9dica que ponga en riesgo la vida de clientes o trabajadores.<\/p>\n<p>&nbsp;<\/p>\n<p>El coordinador regional de Protecci\u00f3n Civil, Rafael Chirinos, se\u00f1al\u00f3 que la preparaci\u00f3n del personal resulta fundamental para brindar una primera atenci\u00f3n mientras arriban los cuerpos de emergencia. Destac\u00f3 que una intervenci\u00f3n oportuna durante los primeros minutos puede marcar la diferencia en situaciones cr\u00edticas relacionadas con problemas card\u00edacos, desmayos u otras complicaciones de salud.<\/p>\n<p>&nbsp;<\/p>\n<p>Respecto al caso ocurrido en la tienda ubicada en la colonia Tamaulipas, indic\u00f3 que las investigaciones contin\u00faan para determinar las causas exactas del fallecimiento del adulto mayor. Las autoridades competentes analizan los hechos para esclarecer si existieron omisiones o responsabilidades por parte de quienes se encontraban a cargo del establecimiento al momento de la emergencia.<\/p>\n<p>&nbsp;<\/p>\n<p>Finalmente, Rafael Chirinos reiter\u00f3 el llamado a las empresas, comercios y centros de atenci\u00f3n al p\u00fablico para reforzar la capacitaci\u00f3n de su personal en materia de primeros auxilios y protocolos de actuaci\u00f3n ante emergencias, con el prop\u00f3sito de garantizar una respuesta r\u00e1pida y proteger la integridad de quienes acuden a estos espacios.<\/p>\n","protected":false},"excerpt":{"rendered":"<p>Tampico, Tamps.-\u00a0 Tras el fallecimiento de un cliente en la tienda Chedraui sucursal Andonegui, en Tampico, autoridades de Protecci\u00f3n Civil&hellip;<\/p>\n","protected":false},"author":1,"featured_media":58296,"comment_status":"open","ping_status":"open","sticky":false,"template":"","format":"standard","meta":{"footnotes":""},"categories":[3],"tags":[],"class_list":["post-58295","post","type-post","status-publish","format-standard","has-post-thumbnail","hentry","category-tampico"],"yoast_head":"<!-- This site is optimized with the Yoast SEO plugin v28.4 - https:\/\/yoast.com\/product\/yoast-seo-wordpress\/ -->\n<title>Exhortan A Empresas A Capacitar A Su Personal En Primeros Auxilios - EL INFORMATIVO DE TAMAULIPAS<\/title>\n<meta name=\"description\" content=\"Tampico, Tamps.-\u00a0 Tras el fallecimiento de un cliente en la tienda Chedraui sucursal Andonegui, en Tampico, autoridades de Protecci\u00f3n Civil recordaron que\" \/>\n<meta name=\"robots\" content=\"index, follow, max-snippet:-1, max-image-preview:large, max-video-preview:-1\" \/>\n<link rel=\"canonical\" href=\"https:\/\/elinformativotam.com\/index.php\/2026\/09\/03\/exhortan-a-empresas-a-capacitar-a-su-personal-en-primeros-auxilios\/\" \/>\n<meta property=\"og:locale\" content=\"es_MX\" \/>\n<meta property=\"og:type\" content=\"article\" \/>\n<meta property=\"og:title\" content=\"Exhortan A Empresas A Capacitar A Su Personal En Primeros Auxilios - EL INFORMATIVO DE TAMAULIPAS\" \/>\n<meta property=\"og:description\" content=\"Tampico, Tamps.-\u00a0 Tras el fallecimiento de un cliente en la tienda Chedraui sucursal Andonegui, en Tampico, autoridades de Protecci\u00f3n Civil recordaron que\" \/>\n<meta property=\"og:url\" content=\"https:\/\/elinformativotam.com\/index.php\/2026\/09\/03\/exhortan-a-empresas-a-capacitar-a-su-personal-en-primeros-auxilios\/\" \/>\n<meta property=\"og:site_name\" content=\"EL INFORMATIVO DE TAMAULIPAS\" \/>\n<meta property=\"article:published_time\" content=\"2026-09-03T13:55:31+00:00\" \/>\n<meta property=\"og:image\" content=\"https:\/\/elinformativotam.com\/wp-content\/uploads\/2026\/09\/Chirinos.png\" \/>\n\t<meta property=\"og:image:width\" content=\"1672\" \/>\n\t<meta property=\"og:image:height\" content=\"941\" \/>\n\t<meta property=\"og:image:type\" content=\"image\/png\" \/>\n<meta name=\"author\" content=\"El Informativo Tam\" \/>\n<meta name=\"twitter:card\" content=\"summary_large_image\" \/>\n<meta name=\"twitter:label1\" content=\"Escrito por\" \/>\n\t<meta name=\"twitter:data1\" content=\"El Informativo Tam\" \/>\n\t<meta name=\"twitter:label2\" content=\"Tiempo de lectura\" \/>\n\t<meta name=\"twitter:data2\" content=\"1 minuto\" \/>\n<script type=\"application\/ld+json\" class=\"yoast-schema-graph\">{\"@context\":\"https:\\\/\\\/schema.org\",\"@graph\":[{\"@type\":\"Article\",\"@id\":\"https:\\\/\\\/elinformativotam.com\\\/index.php\\\/2026\\\/09\\\/03\\\/exhortan-a-empresas-a-capacitar-a-su-personal-en-primeros-auxilios\\\/#article\",\"isPartOf\":{\"@id\":\"https:\\\/\\\/elinformativotam.com\\\/index.php\\\/2026\\\/09\\\/03\\\/exhortan-a-empresas-a-capacitar-a-su-personal-en-primeros-auxilios\\\/\"},\"author\":{\"name\":\"El Informativo Tam\",\"@id\":\"https:\\\/\\\/elinformativotam.com\\\/#\\\/schema\\\/person\\\/78e08040eed0f6110f0c5f83b6153590\"},\"headline\":\"Exhortan A Empresas A Capacitar A Su Personal En Primeros Auxilios\",\"datePublished\":\"2026-09-03T13:55:31+00:00\",\"mainEntityOfPage\":{\"@id\":\"https:\\\/\\\/elinformativotam.com\\\/index.php\\\/2026\\\/09\\\/03\\\/exhortan-a-empresas-a-capacitar-a-su-personal-en-primeros-auxilios\\\/\"},\"wordCount\":246,\"commentCount\":0,\"publisher\":{\"@id\":\"https:\\\/\\\/elinformativotam.com\\\/#organization\"},\"image\":{\"@id\":\"https:\\\/\\\/elinformativotam.com\\\/index.php\\\/2026\\\/09\\\/03\\\/exhortan-a-empresas-a-capacitar-a-su-personal-en-primeros-auxilios\\\/#primaryimage\"},\"thumbnailUrl\":\"https:\\\/\\\/elinformativotam.com\\\/wp-content\\\/uploads\\\/2026\\\/09\\\/Chirinos.png\",\"articleSection\":[\"Tampico\"],\"inLanguage\":\"es\",\"potentialAction\":[{\"@type\":\"CommentAction\",\"name\":\"Comment\",\"target\":[\"https:\\\/\\\/elinformativotam.com\\\/index.php\\\/2026\\\/09\\\/03\\\/exhortan-a-empresas-a-capacitar-a-su-personal-en-primeros-auxilios\\\/#respond\"]}]},{\"@type\":\"WebPage\",\"@id\":\"https:\\\/\\\/elinformativotam.com\\\/index.php\\\/2026\\\/09\\\/03\\\/exhortan-a-empresas-a-capacitar-a-su-personal-en-primeros-auxilios\\\/\",\"url\":\"https:\\\/\\\/elinformativotam.com\\\/index.php\\\/2026\\\/09\\\/03\\\/exhortan-a-empresas-a-capacitar-a-su-personal-en-primeros-auxilios\\\/\",\"name\":\"Exhortan A Empresas A Capacitar A Su Personal En Primeros Auxilios - EL INFORMATIVO DE TAMAULIPAS\",\"isPartOf\":{\"@id\":\"https:\\\/\\\/elinformativotam.com\\\/#website\"},\"primaryImageOfPage\":{\"@id\":\"https:\\\/\\\/elinformativotam.com\\\/index.php\\\/2026\\\/09\\\/03\\\/exhortan-a-empresas-a-capacitar-a-su-personal-en-primeros-auxilios\\\/#primaryimage\"},\"image\":{\"@id\":\"https:\\\/\\\/elinformativotam.com\\\/index.php\\\/2026\\\/09\\\/03\\\/exhortan-a-empresas-a-capacitar-a-su-personal-en-primeros-auxilios\\\/#primaryimage\"},\"thumbnailUrl\":\"https:\\\/\\\/elinformativotam.com\\\/wp-content\\\/uploads\\\/2026\\\/09\\\/Chirinos.png\",\"datePublished\":\"2026-09-03T13:55:31+00:00\",\"description\":\"Tampico, Tamps.-\u00a0 Tras el fallecimiento de un cliente en la tienda Chedraui sucursal Andonegui, en Tampico, autoridades de Protecci\u00f3n Civil recordaron que\",\"inLanguage\":\"es\",\"potentialAction\":[{\"@type\":\"ReadAction\",\"target\":[\"https:\\\/\\\/elinformativotam.com\\\/index.php\\\/2026\\\/09\\\/03\\\/exhortan-a-empresas-a-capacitar-a-su-personal-en-primeros-auxilios\\\/\"]}]},{\"@type\":\"ImageObject\",\"inLanguage\":\"es\",\"@id\":\"https:\\\/\\\/elinformativotam.com\\\/index.php\\\/2026\\\/09\\\/03\\\/exhortan-a-empresas-a-capacitar-a-su-personal-en-primeros-auxilios\\\/#primaryimage\",\"url\":\"https:\\\/\\\/elinformativotam.com\\\/wp-content\\\/uploads\\\/2026\\\/09\\\/Chirinos.png\",\"contentUrl\":\"https:\\\/\\\/elinformativotam.com\\\/wp-content\\\/uploads\\\/2026\\\/09\\\/Chirinos.png\",\"width\":1672,\"height\":941},{\"@type\":\"WebSite\",\"@id\":\"https:\\\/\\\/elinformativotam.com\\\/#website\",\"url\":\"https:\\\/\\\/elinformativotam.com\\\/\",\"name\":\"EL INFORMATIVO DE TAMAULIPAS\",\"description\":\"Desde la Zona Metropolitana Para Todo M\u00e9xico\",\"publisher\":{\"@id\":\"https:\\\/\\\/elinformativotam.com\\\/#organization\"},\"potentialAction\":[{\"@type\":\"SearchAction\",\"target\":{\"@type\":\"EntryPoint\",\"urlTemplate\":\"https:\\\/\\\/elinformativotam.com\\\/?s={search_term_string}\"},\"query-input\":{\"@type\":\"PropertyValueSpecification\",\"valueRequired\":true,\"valueName\":\"search_term_string\"}}],\"inLanguage\":\"es\"},{\"@type\":\"Organization\",\"@id\":\"https:\\\/\\\/elinformativotam.com\\\/#organization\",\"name\":\"EL INFORMATIVO DE TAMAULIPAS\",\"url\":\"https:\\\/\\\/elinformativotam.com\\\/\",\"logo\":{\"@type\":\"ImageObject\",\"inLanguage\":\"es\",\"@id\":\"https:\\\/\\\/elinformativotam.com\\\/#\\\/schema\\\/logo\\\/image\\\/\",\"url\":\"https:\\\/\\\/elinformativotam.com\\\/wp-content\\\/uploads\\\/2026\\\/02\\\/Cabezal.png\",\"contentUrl\":\"https:\\\/\\\/elinformativotam.com\\\/wp-content\\\/uploads\\\/2026\\\/02\\\/Cabezal.png\",\"width\":960,\"height\":640,\"caption\":\"EL INFORMATIVO DE TAMAULIPAS\"},\"image\":{\"@id\":\"https:\\\/\\\/elinformativotam.com\\\/#\\\/schema\\\/logo\\\/image\\\/\"}},{\"@type\":\"Person\",\"@id\":\"https:\\\/\\\/elinformativotam.com\\\/#\\\/schema\\\/person\\\/78e08040eed0f6110f0c5f83b6153590\",\"name\":\"El Informativo Tam\",\"image\":{\"@type\":\"ImageObject\",\"inLanguage\":\"es\",\"@id\":\"https:\\\/\\\/secure.gravatar.com\\\/avatar\\\/f3b7ad3af540688955925ac610647be00b0cf41feea9c4978b73a707ee86bc53?s=96&d=mm&r=g\",\"url\":\"https:\\\/\\\/secure.gravatar.com\\\/avatar\\\/f3b7ad3af540688955925ac610647be00b0cf41feea9c4978b73a707ee86bc53?s=96&d=mm&r=g\",\"contentUrl\":\"https:\\\/\\\/secure.gravatar.com\\\/avatar\\\/f3b7ad3af540688955925ac610647be00b0cf41feea9c4978b73a707ee86bc53?s=96&d=mm&r=g\",\"caption\":\"El Informativo Tam\"}}]}<\/script>\n<!-- \/ Yoast SEO plugin. -->","yoast_head_json":{"title":"Exhortan A Empresas A Capacitar A Su Personal En Primeros Auxilios - EL INFORMATIVO DE TAMAULIPAS","description":"Tampico, Tamps.-\u00a0 Tras el fallecimiento de un cliente en la tienda Chedraui sucursal Andonegui, en Tampico, autoridades de Protecci\u00f3n Civil recordaron que","robots":{"index":"index","follow":"follow","max-snippet":"max-snippet:-1","max-image-preview":"max-image-preview:large","max-video-preview":"max-video-preview:-1"},"canonical":"https:\/\/elinformativotam.com\/index.php\/2026\/09\/03\/exhortan-a-empresas-a-capacitar-a-su-personal-en-primeros-auxilios\/","og_locale":"es_MX","og_type":"article","og_title":"Exhortan A Empresas A Capacitar A Su Personal En Primeros Auxilios - EL INFORMATIVO DE TAMAULIPAS","og_description":"Tampico, Tamps.-\u00a0 Tras el fallecimiento de un cliente en la tienda Chedraui sucursal Andonegui, en Tampico, autoridades de Protecci\u00f3n Civil recordaron que","og_url":"https:\/\/elinformativotam.com\/index.php\/2026\/09\/03\/exhortan-a-empresas-a-capacitar-a-su-personal-en-primeros-auxilios\/","og_site_name":"EL INFORMATIVO DE TAMAULIPAS","article_published_time":"2026-09-03T13:55:31+00:00","og_image":[{"width":1672,"height":941,"url":"https:\/\/elinformativotam.com\/wp-content\/uploads\/2026\/09\/Chirinos.png","type":"image\/png"}],"author":"El Informativo Tam","twitter_card":"summary_large_image","twitter_misc":{"Escrito por":"El Informativo Tam","Tiempo de lectura":"1 minuto"},"schema":{"@context":"https:\/\/schema.org","@graph":[{"@type":"Article","@id":"https:\/\/elinformativotam.com\/index.php\/2026\/09\/03\/exhortan-a-empresas-a-capacitar-a-su-personal-en-primeros-auxilios\/#article","isPartOf":{"@id":"https:\/\/elinformativotam.com\/index.php\/2026\/09\/03\/exhortan-a-empresas-a-capacitar-a-su-personal-en-primeros-auxilios\/"},"author":{"name":"El Informativo Tam","@id":"https:\/\/elinformativotam.com\/#\/schema\/person\/78e08040eed0f6110f0c5f83b6153590"},"headline":"Exhortan A Empresas A Capacitar A Su Personal En Primeros Auxilios","datePublished":"2026-09-03T13:55:31+00:00","mainEntityOfPage":{"@id":"https:\/\/elinformativotam.com\/index.php\/2026\/09\/03\/exhortan-a-empresas-a-capacitar-a-su-personal-en-primeros-auxilios\/"},"wordCount":246,"commentCount":0,"publisher":{"@id":"https:\/\/elinformativotam.com\/#organization"},"image":{"@id":"https:\/\/elinformativotam.com\/index.php\/2026\/09\/03\/exhortan-a-empresas-a-capacitar-a-su-personal-en-primeros-auxilios\/#primaryimage"},"thumbnailUrl":"https:\/\/elinformativotam.com\/wp-content\/uploads\/2026\/09\/Chirinos.png","articleSection":["Tampico"],"inLanguage":"es","potentialAction":[{"@type":"CommentAction","name":"Comment","target":["https:\/\/elinformativotam.com\/index.php\/2026\/09\/03\/exhortan-a-empresas-a-capacitar-a-su-personal-en-primeros-auxilios\/#respond"]}]},{"@type":"WebPage","@id":"https:\/\/elinformativotam.com\/index.php\/2026\/09\/03\/exhortan-a-empresas-a-capacitar-a-su-personal-en-primeros-auxilios\/","url":"https:\/\/elinformativotam.com\/index.php\/2026\/09\/03\/exhortan-a-empresas-a-capacitar-a-su-personal-en-primeros-auxilios\/","name":"Exhortan A Empresas A Capacitar A Su Personal En Primeros Auxilios - EL INFORMATIVO DE TAMAULIPAS","isPartOf":{"@id":"https:\/\/elinformativotam.com\/#website"},"primaryImageOfPage":{"@id":"https:\/\/elinformativotam.com\/index.php\/2026\/09\/03\/exhortan-a-empresas-a-capacitar-a-su-personal-en-primeros-auxilios\/#primaryimage"},"image":{"@id":"https:\/\/elinformativotam.com\/index.php\/2026\/09\/03\/exhortan-a-empresas-a-capacitar-a-su-personal-en-primeros-auxilios\/#primaryimage"},"thumbnailUrl":"https:\/\/elinformativotam.com\/wp-content\/uploads\/2026\/09\/Chirinos.png","datePublished":"2026-09-03T13:55:31+00:00","description":"Tampico, Tamps.-\u00a0 Tras el fallecimiento de un cliente en la tienda Chedraui sucursal Andonegui, en Tampico, autoridades de Protecci\u00f3n Civil recordaron que","inLanguage":"es","potentialAction":[{"@type":"ReadAction","target":["https:\/\/elinformativotam.com\/index.php\/2026\/09\/03\/exhortan-a-empresas-a-capacitar-a-su-personal-en-primeros-auxilios\/"]}]},{"@type":"ImageObject","inLanguage":"es","@id":"https:\/\/elinformativotam.com\/index.php\/2026\/09\/03\/exhortan-a-empresas-a-capacitar-a-su-personal-en-primeros-auxilios\/#primaryimage","url":"https:\/\/elinformativotam.com\/wp-content\/uploads\/2026\/09\/Chirinos.png","contentUrl":"https:\/\/elinformativotam.com\/wp-content\/uploads\/2026\/09\/Chirinos.png","width":1672,"height":941},{"@type":"WebSite","@id":"https:\/\/elinformativotam.com\/#website","url":"https:\/\/elinformativotam.com\/","name":"EL INFORMATIVO DE TAMAULIPAS","description":"Desde la Zona Metropolitana Para Todo M\u00e9xico","publisher":{"@id":"https:\/\/elinformativotam.com\/#organization"},"potentialAction":[{"@type":"SearchAction","target":{"@type":"EntryPoint","urlTemplate":"https:\/\/elinformativotam.com\/?s={search_term_string}"},"query-input":{"@type":"PropertyValueSpecification","valueRequired":true,"valueName":"search_term_string"}}],"inLanguage":"es"},{"@type":"Organization","@id":"https:\/\/elinformativotam.com\/#organization","name":"EL INFORMATIVO DE TAMAULIPAS","url":"https:\/\/elinformativotam.com\/","logo":{"@type":"ImageObject","inLanguage":"es","@id":"https:\/\/elinformativotam.com\/#\/schema\/logo\/image\/","url":"https:\/\/elinformativotam.com\/wp-content\/uploads\/2026\/02\/Cabezal.png","contentUrl":"https:\/\/elinformativotam.com\/wp-content\/uploads\/2026\/02\/Cabezal.png","width":960,"height":640,"caption":"EL INFORMATIVO DE TAMAULIPAS"},"image":{"@id":"https:\/\/elinformativotam.com\/#\/schema\/logo\/image\/"}},{"@type":"Person","@id":"https:\/\/elinformativotam.com\/#\/schema\/person\/78e08040eed0f6110f0c5f83b6153590","name":"El Informativo Tam","image":{"@type":"ImageObject","inLanguage":"es","@id":"https:\/\/secure.gravatar.com\/avatar\/f3b7ad3af540688955925ac610647be00b0cf41feea9c4978b73a707ee86bc53?s=96&d=mm&r=g","url":"https:\/\/secure.gravatar.com\/avatar\/f3b7ad3af540688955925ac610647be00b0cf41feea9c4978b73a707ee86bc53?s=96&d=mm&r=g","contentUrl":"https:\/\/secure.gravatar.com\/avatar\/f3b7ad3af540688955925ac610647be00b0cf41feea9c4978b73a707ee86bc53?s=96&d=mm&r=g","caption":"El Informativo Tam"}}]}},"_links":{"self":[{"href":"https:\/\/elinformativotam.com\/index.php\/wp-json\/wp\/v2\/posts\/58295","targetHints":{"allow":["GET"]}}],"collection":[{"href":"https:\/\/elinformativotam.com\/index.php\/wp-json\/wp\/v2\/posts"}],"about":[{"href":"https:\/\/elinformativotam.com\/index.php\/wp-json\/wp\/v2\/types\/post"}],"author":[{"embeddable":true,"href":"https:\/\/elinformativotam.com\/index.php\/wp-json\/wp\/v2\/users\/1"}],"replies":[{"embeddable":true,"href":"https:\/\/elinformativotam.com\/index.php\/wp-json\/wp\/v2\/comments?post=58295"}],"version-history":[{"count":1,"href":"https:\/\/elinformativotam.com\/index.php\/wp-json\/wp\/v2\/posts\/58295\/revisions"}],"predecessor-version":[{"id":58297,"href":"https:\/\/elinformativotam.com\/index.php\/wp-json\/wp\/v2\/posts\/58295\/revisions\/58297"}],"wp:featuredmedia":[{"embeddable":true,"href":"https:\/\/elinformativotam.com\/index.php\/wp-json\/wp\/v2\/media\/58296"}],"wp:attachment":[{"href":"https:\/\/elinformativotam.com\/index.php\/wp-json\/wp\/v2\/media?parent=58295"}],"wp:term":[{"taxonomy":"category","embeddable":true,"href":"https:\/\/elinformativotam.com\/index.php\/wp-json\/wp\/v2\/categories?post=58295"},{"taxonomy":"post_tag","embeddable":true,"href":"https:\/\/elinformativotam.com\/index.php\/wp-json\/wp\/v2\/tags?post=58295"}],"curies":[{"name":"wp","href":"https:\/\/api.w.org\/{rel}","templated":true}]}}