{"id":58292,"date":"2026-09-03T07:54:44","date_gmt":"2026-09-03T13:54:44","guid":{"rendered":"https:\/\/elinformativotam.com\/?p=58292"},"modified":"2026-09-03T07:54:44","modified_gmt":"2026-09-03T13:54:44","slug":"exhortan-a-extremar-cuidados-ante-temperaturas-de-mas-de-40-grados","status":"publish","type":"post","link":"https:\/\/elinformativotam.com\/index.php\/2026\/09\/03\/exhortan-a-extremar-cuidados-ante-temperaturas-de-mas-de-40-grados\/","title":{"rendered":"Exhortan A Extremar Cuidados Ante Temperaturas De M\u00e1s De 40 Grados."},"content":{"rendered":"<p>Cd. Madero, Tamaulipas.\u2014 Ante las altas temperaturas que se registran en la zona sur de Tamaulipas, con sensaciones t\u00e9rmicas que pueden alcanzar m\u00e1s de 40 grados cent\u00edgrados, el m\u00e9dico Francisco Casta\u00f1eda Cruz llam\u00f3 a la poblaci\u00f3n a extremar precauciones para evitar deshidrataci\u00f3n, golpes de calor y complicaciones cardiovasculares.<\/p>\n<p>&nbsp;<\/p>\n<p>Recomend\u00f3 evitar actividades al aire libre durante las horas de mayor intensidad solar y limitar las salidas \u00fanicamente a situaciones necesarias, como acudir al trabajo, comprar medicamentos o asistir a una consulta m\u00e9dica.<\/p>\n<p>&nbsp;<\/p>\n<p>Destac\u00f3 que para quienes realizan actividades deportivas, los horarios m\u00e1s adecuados son antes de las 9:00 de la ma\u00f1ana y despu\u00e9s de las 5:00 de la tarde, adem\u00e1s de llevar siempre una botella de agua y mantenerse hidratados, incluso cuando no exista sensaci\u00f3n de sed.<\/p>\n<p>&nbsp;<\/p>\n<p>Casta\u00f1eda Cruz explic\u00f3 que la exposici\u00f3n prolongada al calor puede provocar descompensaciones org\u00e1nicas, principalmente de tipo electrol\u00edtico y cardiovascular, por lo que pidi\u00f3 no confiarse ante la ausencia inicial de s\u00edntomas.<\/p>\n<p>&nbsp;<\/p>\n<p>En cuanto a la alimentaci\u00f3n, recomend\u00f3 consumir productos en establecimientos que cuenten con buenas condiciones higi\u00e9nicas y refrigeraci\u00f3n adecuada. Pidi\u00f3 especial cuidado con mariscos y otros productos del mar, as\u00ed como con el pollo, debido a que pueden descomponerse r\u00e1pidamente cuando no se conservan correctamente.<\/p>\n<p>&nbsp;<\/p>\n<p>Finalmente, reiter\u00f3 el llamado a la poblaci\u00f3n a mantenerse hidratada y seguir las recomendaciones de la Secretar\u00eda de Salud, especialmente durante esta temporada de temperaturas extremas.<\/p>\n","protected":false},"excerpt":{"rendered":"<p>Cd. Madero, Tamaulipas.\u2014 Ante las altas temperaturas que se registran en la zona sur de Tamaulipas, con sensaciones t\u00e9rmicas que&hellip;<\/p>\n","protected":false},"author":1,"featured_media":58293,"comment_status":"open","ping_status":"open","sticky":false,"template":"","format":"standard","meta":{"footnotes":""},"categories":[4],"tags":[],"class_list":["post-58292","post","type-post","status-publish","format-standard","has-post-thumbnail","hentry","category-madero"],"yoast_head":"<!-- This site is optimized with the Yoast SEO plugin v28.4 - https:\/\/yoast.com\/product\/yoast-seo-wordpress\/ -->\n<title>Exhortan A Extremar Cuidados Ante Temperaturas De M\u00e1s De 40 Grados. - EL INFORMATIVO DE TAMAULIPAS<\/title>\n<meta name=\"description\" content=\"Cd. Madero, Tamaulipas.\u2014 Ante las altas temperaturas que se registran en la zona sur de Tamaulipas, con sensaciones t\u00e9rmicas que pueden alcanzar m\u00e1s de 40\" \/>\n<meta name=\"robots\" content=\"index, follow, max-snippet:-1, max-image-preview:large, max-video-preview:-1\" \/>\n<link rel=\"canonical\" href=\"https:\/\/elinformativotam.com\/index.php\/2026\/09\/03\/exhortan-a-extremar-cuidados-ante-temperaturas-de-mas-de-40-grados\/\" \/>\n<meta property=\"og:locale\" content=\"es_MX\" \/>\n<meta property=\"og:type\" content=\"article\" \/>\n<meta property=\"og:title\" content=\"Exhortan A Extremar Cuidados Ante Temperaturas De M\u00e1s De 40 Grados. - EL INFORMATIVO DE TAMAULIPAS\" \/>\n<meta property=\"og:description\" content=\"Cd. Madero, Tamaulipas.\u2014 Ante las altas temperaturas que se registran en la zona sur de Tamaulipas, con sensaciones t\u00e9rmicas que pueden alcanzar m\u00e1s de 40\" \/>\n<meta property=\"og:url\" content=\"https:\/\/elinformativotam.com\/index.php\/2026\/09\/03\/exhortan-a-extremar-cuidados-ante-temperaturas-de-mas-de-40-grados\/\" \/>\n<meta property=\"og:site_name\" content=\"EL INFORMATIVO DE TAMAULIPAS\" \/>\n<meta property=\"article:published_time\" content=\"2026-09-03T13:54:44+00:00\" \/>\n<meta property=\"og:image\" content=\"https:\/\/elinformativotam.com\/wp-content\/uploads\/2026\/09\/Dr.-Castaneda.jpg\" \/>\n\t<meta property=\"og:image:width\" content=\"558\" \/>\n\t<meta property=\"og:image:height\" content=\"402\" \/>\n\t<meta property=\"og:image:type\" content=\"image\/jpeg\" \/>\n<meta name=\"author\" content=\"El Informativo Tam\" \/>\n<meta name=\"twitter:card\" content=\"summary_large_image\" \/>\n<meta name=\"twitter:label1\" content=\"Escrito por\" \/>\n\t<meta name=\"twitter:data1\" content=\"El Informativo Tam\" \/>\n\t<meta name=\"twitter:label2\" content=\"Tiempo de lectura\" \/>\n\t<meta name=\"twitter:data2\" content=\"2 minutos\" \/>\n<script type=\"application\/ld+json\" class=\"yoast-schema-graph\">{\"@context\":\"https:\\\/\\\/schema.org\",\"@graph\":[{\"@type\":\"Article\",\"@id\":\"https:\\\/\\\/elinformativotam.com\\\/index.php\\\/2026\\\/09\\\/03\\\/exhortan-a-extremar-cuidados-ante-temperaturas-de-mas-de-40-grados\\\/#article\",\"isPartOf\":{\"@id\":\"https:\\\/\\\/elinformativotam.com\\\/index.php\\\/2026\\\/09\\\/03\\\/exhortan-a-extremar-cuidados-ante-temperaturas-de-mas-de-40-grados\\\/\"},\"author\":{\"name\":\"El Informativo Tam\",\"@id\":\"https:\\\/\\\/elinformativotam.com\\\/#\\\/schema\\\/person\\\/78e08040eed0f6110f0c5f83b6153590\"},\"headline\":\"Exhortan A Extremar Cuidados Ante Temperaturas De M\u00e1s De 40 Grados.\",\"datePublished\":\"2026-09-03T13:54:44+00:00\",\"mainEntityOfPage\":{\"@id\":\"https:\\\/\\\/elinformativotam.com\\\/index.php\\\/2026\\\/09\\\/03\\\/exhortan-a-extremar-cuidados-ante-temperaturas-de-mas-de-40-grados\\\/\"},\"wordCount\":265,\"commentCount\":0,\"publisher\":{\"@id\":\"https:\\\/\\\/elinformativotam.com\\\/#organization\"},\"image\":{\"@id\":\"https:\\\/\\\/elinformativotam.com\\\/index.php\\\/2026\\\/09\\\/03\\\/exhortan-a-extremar-cuidados-ante-temperaturas-de-mas-de-40-grados\\\/#primaryimage\"},\"thumbnailUrl\":\"https:\\\/\\\/elinformativotam.com\\\/wp-content\\\/uploads\\\/2026\\\/09\\\/Dr.-Castaneda.jpg\",\"articleSection\":[\"Cd Madero\"],\"inLanguage\":\"es\",\"potentialAction\":[{\"@type\":\"CommentAction\",\"name\":\"Comment\",\"target\":[\"https:\\\/\\\/elinformativotam.com\\\/index.php\\\/2026\\\/09\\\/03\\\/exhortan-a-extremar-cuidados-ante-temperaturas-de-mas-de-40-grados\\\/#respond\"]}]},{\"@type\":\"WebPage\",\"@id\":\"https:\\\/\\\/elinformativotam.com\\\/index.php\\\/2026\\\/09\\\/03\\\/exhortan-a-extremar-cuidados-ante-temperaturas-de-mas-de-40-grados\\\/\",\"url\":\"https:\\\/\\\/elinformativotam.com\\\/index.php\\\/2026\\\/09\\\/03\\\/exhortan-a-extremar-cuidados-ante-temperaturas-de-mas-de-40-grados\\\/\",\"name\":\"Exhortan A Extremar Cuidados Ante Temperaturas De M\u00e1s De 40 Grados. - EL INFORMATIVO DE TAMAULIPAS\",\"isPartOf\":{\"@id\":\"https:\\\/\\\/elinformativotam.com\\\/#website\"},\"primaryImageOfPage\":{\"@id\":\"https:\\\/\\\/elinformativotam.com\\\/index.php\\\/2026\\\/09\\\/03\\\/exhortan-a-extremar-cuidados-ante-temperaturas-de-mas-de-40-grados\\\/#primaryimage\"},\"image\":{\"@id\":\"https:\\\/\\\/elinformativotam.com\\\/index.php\\\/2026\\\/09\\\/03\\\/exhortan-a-extremar-cuidados-ante-temperaturas-de-mas-de-40-grados\\\/#primaryimage\"},\"thumbnailUrl\":\"https:\\\/\\\/elinformativotam.com\\\/wp-content\\\/uploads\\\/2026\\\/09\\\/Dr.-Castaneda.jpg\",\"datePublished\":\"2026-09-03T13:54:44+00:00\",\"description\":\"Cd. Madero, Tamaulipas.\u2014 Ante las altas temperaturas que se registran en la zona sur de Tamaulipas, con sensaciones t\u00e9rmicas que pueden alcanzar m\u00e1s de 40\",\"inLanguage\":\"es\",\"potentialAction\":[{\"@type\":\"ReadAction\",\"target\":[\"https:\\\/\\\/elinformativotam.com\\\/index.php\\\/2026\\\/09\\\/03\\\/exhortan-a-extremar-cuidados-ante-temperaturas-de-mas-de-40-grados\\\/\"]}]},{\"@type\":\"ImageObject\",\"inLanguage\":\"es\",\"@id\":\"https:\\\/\\\/elinformativotam.com\\\/index.php\\\/2026\\\/09\\\/03\\\/exhortan-a-extremar-cuidados-ante-temperaturas-de-mas-de-40-grados\\\/#primaryimage\",\"url\":\"https:\\\/\\\/elinformativotam.com\\\/wp-content\\\/uploads\\\/2026\\\/09\\\/Dr.-Castaneda.jpg\",\"contentUrl\":\"https:\\\/\\\/elinformativotam.com\\\/wp-content\\\/uploads\\\/2026\\\/09\\\/Dr.-Castaneda.jpg\",\"width\":558,\"height\":402},{\"@type\":\"WebSite\",\"@id\":\"https:\\\/\\\/elinformativotam.com\\\/#website\",\"url\":\"https:\\\/\\\/elinformativotam.com\\\/\",\"name\":\"EL INFORMATIVO DE TAMAULIPAS\",\"description\":\"Desde la Zona Metropolitana Para Todo M\u00e9xico\",\"publisher\":{\"@id\":\"https:\\\/\\\/elinformativotam.com\\\/#organization\"},\"potentialAction\":[{\"@type\":\"SearchAction\",\"target\":{\"@type\":\"EntryPoint\",\"urlTemplate\":\"https:\\\/\\\/elinformativotam.com\\\/?s={search_term_string}\"},\"query-input\":{\"@type\":\"PropertyValueSpecification\",\"valueRequired\":true,\"valueName\":\"search_term_string\"}}],\"inLanguage\":\"es\"},{\"@type\":\"Organization\",\"@id\":\"https:\\\/\\\/elinformativotam.com\\\/#organization\",\"name\":\"EL INFORMATIVO DE TAMAULIPAS\",\"url\":\"https:\\\/\\\/elinformativotam.com\\\/\",\"logo\":{\"@type\":\"ImageObject\",\"inLanguage\":\"es\",\"@id\":\"https:\\\/\\\/elinformativotam.com\\\/#\\\/schema\\\/logo\\\/image\\\/\",\"url\":\"https:\\\/\\\/elinformativotam.com\\\/wp-content\\\/uploads\\\/2026\\\/02\\\/Cabezal.png\",\"contentUrl\":\"https:\\\/\\\/elinformativotam.com\\\/wp-content\\\/uploads\\\/2026\\\/02\\\/Cabezal.png\",\"width\":960,\"height\":640,\"caption\":\"EL INFORMATIVO DE TAMAULIPAS\"},\"image\":{\"@id\":\"https:\\\/\\\/elinformativotam.com\\\/#\\\/schema\\\/logo\\\/image\\\/\"}},{\"@type\":\"Person\",\"@id\":\"https:\\\/\\\/elinformativotam.com\\\/#\\\/schema\\\/person\\\/78e08040eed0f6110f0c5f83b6153590\",\"name\":\"El Informativo Tam\",\"image\":{\"@type\":\"ImageObject\",\"inLanguage\":\"es\",\"@id\":\"https:\\\/\\\/secure.gravatar.com\\\/avatar\\\/f3b7ad3af540688955925ac610647be00b0cf41feea9c4978b73a707ee86bc53?s=96&d=mm&r=g\",\"url\":\"https:\\\/\\\/secure.gravatar.com\\\/avatar\\\/f3b7ad3af540688955925ac610647be00b0cf41feea9c4978b73a707ee86bc53?s=96&d=mm&r=g\",\"contentUrl\":\"https:\\\/\\\/secure.gravatar.com\\\/avatar\\\/f3b7ad3af540688955925ac610647be00b0cf41feea9c4978b73a707ee86bc53?s=96&d=mm&r=g\",\"caption\":\"El Informativo Tam\"}}]}<\/script>\n<!-- \/ Yoast SEO plugin. -->","yoast_head_json":{"title":"Exhortan A Extremar Cuidados Ante Temperaturas De M\u00e1s De 40 Grados. - EL INFORMATIVO DE TAMAULIPAS","description":"Cd. Madero, Tamaulipas.\u2014 Ante las altas temperaturas que se registran en la zona sur de Tamaulipas, con sensaciones t\u00e9rmicas que pueden alcanzar m\u00e1s de 40","robots":{"index":"index","follow":"follow","max-snippet":"max-snippet:-1","max-image-preview":"max-image-preview:large","max-video-preview":"max-video-preview:-1"},"canonical":"https:\/\/elinformativotam.com\/index.php\/2026\/09\/03\/exhortan-a-extremar-cuidados-ante-temperaturas-de-mas-de-40-grados\/","og_locale":"es_MX","og_type":"article","og_title":"Exhortan A Extremar Cuidados Ante Temperaturas De M\u00e1s De 40 Grados. - EL INFORMATIVO DE TAMAULIPAS","og_description":"Cd. Madero, Tamaulipas.\u2014 Ante las altas temperaturas que se registran en la zona sur de Tamaulipas, con sensaciones t\u00e9rmicas que pueden alcanzar m\u00e1s de 40","og_url":"https:\/\/elinformativotam.com\/index.php\/2026\/09\/03\/exhortan-a-extremar-cuidados-ante-temperaturas-de-mas-de-40-grados\/","og_site_name":"EL INFORMATIVO DE TAMAULIPAS","article_published_time":"2026-09-03T13:54:44+00:00","og_image":[{"width":558,"height":402,"url":"https:\/\/elinformativotam.com\/wp-content\/uploads\/2026\/09\/Dr.-Castaneda.jpg","type":"image\/jpeg"}],"author":"El Informativo Tam","twitter_card":"summary_large_image","twitter_misc":{"Escrito por":"El Informativo Tam","Tiempo de lectura":"2 minutos"},"schema":{"@context":"https:\/\/schema.org","@graph":[{"@type":"Article","@id":"https:\/\/elinformativotam.com\/index.php\/2026\/09\/03\/exhortan-a-extremar-cuidados-ante-temperaturas-de-mas-de-40-grados\/#article","isPartOf":{"@id":"https:\/\/elinformativotam.com\/index.php\/2026\/09\/03\/exhortan-a-extremar-cuidados-ante-temperaturas-de-mas-de-40-grados\/"},"author":{"name":"El Informativo Tam","@id":"https:\/\/elinformativotam.com\/#\/schema\/person\/78e08040eed0f6110f0c5f83b6153590"},"headline":"Exhortan A Extremar Cuidados Ante Temperaturas De M\u00e1s De 40 Grados.","datePublished":"2026-09-03T13:54:44+00:00","mainEntityOfPage":{"@id":"https:\/\/elinformativotam.com\/index.php\/2026\/09\/03\/exhortan-a-extremar-cuidados-ante-temperaturas-de-mas-de-40-grados\/"},"wordCount":265,"commentCount":0,"publisher":{"@id":"https:\/\/elinformativotam.com\/#organization"},"image":{"@id":"https:\/\/elinformativotam.com\/index.php\/2026\/09\/03\/exhortan-a-extremar-cuidados-ante-temperaturas-de-mas-de-40-grados\/#primaryimage"},"thumbnailUrl":"https:\/\/elinformativotam.com\/wp-content\/uploads\/2026\/09\/Dr.-Castaneda.jpg","articleSection":["Cd Madero"],"inLanguage":"es","potentialAction":[{"@type":"CommentAction","name":"Comment","target":["https:\/\/elinformativotam.com\/index.php\/2026\/09\/03\/exhortan-a-extremar-cuidados-ante-temperaturas-de-mas-de-40-grados\/#respond"]}]},{"@type":"WebPage","@id":"https:\/\/elinformativotam.com\/index.php\/2026\/09\/03\/exhortan-a-extremar-cuidados-ante-temperaturas-de-mas-de-40-grados\/","url":"https:\/\/elinformativotam.com\/index.php\/2026\/09\/03\/exhortan-a-extremar-cuidados-ante-temperaturas-de-mas-de-40-grados\/","name":"Exhortan A Extremar Cuidados Ante Temperaturas De M\u00e1s De 40 Grados. - EL INFORMATIVO DE TAMAULIPAS","isPartOf":{"@id":"https:\/\/elinformativotam.com\/#website"},"primaryImageOfPage":{"@id":"https:\/\/elinformativotam.com\/index.php\/2026\/09\/03\/exhortan-a-extremar-cuidados-ante-temperaturas-de-mas-de-40-grados\/#primaryimage"},"image":{"@id":"https:\/\/elinformativotam.com\/index.php\/2026\/09\/03\/exhortan-a-extremar-cuidados-ante-temperaturas-de-mas-de-40-grados\/#primaryimage"},"thumbnailUrl":"https:\/\/elinformativotam.com\/wp-content\/uploads\/2026\/09\/Dr.-Castaneda.jpg","datePublished":"2026-09-03T13:54:44+00:00","description":"Cd. Madero, Tamaulipas.\u2014 Ante las altas temperaturas que se registran en la zona sur de Tamaulipas, con sensaciones t\u00e9rmicas que pueden alcanzar m\u00e1s de 40","inLanguage":"es","potentialAction":[{"@type":"ReadAction","target":["https:\/\/elinformativotam.com\/index.php\/2026\/09\/03\/exhortan-a-extremar-cuidados-ante-temperaturas-de-mas-de-40-grados\/"]}]},{"@type":"ImageObject","inLanguage":"es","@id":"https:\/\/elinformativotam.com\/index.php\/2026\/09\/03\/exhortan-a-extremar-cuidados-ante-temperaturas-de-mas-de-40-grados\/#primaryimage","url":"https:\/\/elinformativotam.com\/wp-content\/uploads\/2026\/09\/Dr.-Castaneda.jpg","contentUrl":"https:\/\/elinformativotam.com\/wp-content\/uploads\/2026\/09\/Dr.-Castaneda.jpg","width":558,"height":402},{"@type":"WebSite","@id":"https:\/\/elinformativotam.com\/#website","url":"https:\/\/elinformativotam.com\/","name":"EL INFORMATIVO DE TAMAULIPAS","description":"Desde la Zona Metropolitana Para Todo M\u00e9xico","publisher":{"@id":"https:\/\/elinformativotam.com\/#organization"},"potentialAction":[{"@type":"SearchAction","target":{"@type":"EntryPoint","urlTemplate":"https:\/\/elinformativotam.com\/?s={search_term_string}"},"query-input":{"@type":"PropertyValueSpecification","valueRequired":true,"valueName":"search_term_string"}}],"inLanguage":"es"},{"@type":"Organization","@id":"https:\/\/elinformativotam.com\/#organization","name":"EL INFORMATIVO DE TAMAULIPAS","url":"https:\/\/elinformativotam.com\/","logo":{"@type":"ImageObject","inLanguage":"es","@id":"https:\/\/elinformativotam.com\/#\/schema\/logo\/image\/","url":"https:\/\/elinformativotam.com\/wp-content\/uploads\/2026\/02\/Cabezal.png","contentUrl":"https:\/\/elinformativotam.com\/wp-content\/uploads\/2026\/02\/Cabezal.png","width":960,"height":640,"caption":"EL INFORMATIVO DE TAMAULIPAS"},"image":{"@id":"https:\/\/elinformativotam.com\/#\/schema\/logo\/image\/"}},{"@type":"Person","@id":"https:\/\/elinformativotam.com\/#\/schema\/person\/78e08040eed0f6110f0c5f83b6153590","name":"El Informativo Tam","image":{"@type":"ImageObject","inLanguage":"es","@id":"https:\/\/secure.gravatar.com\/avatar\/f3b7ad3af540688955925ac610647be00b0cf41feea9c4978b73a707ee86bc53?s=96&d=mm&r=g","url":"https:\/\/secure.gravatar.com\/avatar\/f3b7ad3af540688955925ac610647be00b0cf41feea9c4978b73a707ee86bc53?s=96&d=mm&r=g","contentUrl":"https:\/\/secure.gravatar.com\/avatar\/f3b7ad3af540688955925ac610647be00b0cf41feea9c4978b73a707ee86bc53?s=96&d=mm&r=g","caption":"El Informativo Tam"}}]}},"_links":{"self":[{"href":"https:\/\/elinformativotam.com\/index.php\/wp-json\/wp\/v2\/posts\/58292","targetHints":{"allow":["GET"]}}],"collection":[{"href":"https:\/\/elinformativotam.com\/index.php\/wp-json\/wp\/v2\/posts"}],"about":[{"href":"https:\/\/elinformativotam.com\/index.php\/wp-json\/wp\/v2\/types\/post"}],"author":[{"embeddable":true,"href":"https:\/\/elinformativotam.com\/index.php\/wp-json\/wp\/v2\/users\/1"}],"replies":[{"embeddable":true,"href":"https:\/\/elinformativotam.com\/index.php\/wp-json\/wp\/v2\/comments?post=58292"}],"version-history":[{"count":1,"href":"https:\/\/elinformativotam.com\/index.php\/wp-json\/wp\/v2\/posts\/58292\/revisions"}],"predecessor-version":[{"id":58294,"href":"https:\/\/elinformativotam.com\/index.php\/wp-json\/wp\/v2\/posts\/58292\/revisions\/58294"}],"wp:featuredmedia":[{"embeddable":true,"href":"https:\/\/elinformativotam.com\/index.php\/wp-json\/wp\/v2\/media\/58293"}],"wp:attachment":[{"href":"https:\/\/elinformativotam.com\/index.php\/wp-json\/wp\/v2\/media?parent=58292"}],"wp:term":[{"taxonomy":"category","embeddable":true,"href":"https:\/\/elinformativotam.com\/index.php\/wp-json\/wp\/v2\/categories?post=58292"},{"taxonomy":"post_tag","embeddable":true,"href":"https:\/\/elinformativotam.com\/index.php\/wp-json\/wp\/v2\/tags?post=58292"}],"curies":[{"name":"wp","href":"https:\/\/api.w.org\/{rel}","templated":true}]}}