{"id":58286,"date":"2026-09-03T07:51:24","date_gmt":"2026-09-03T13:51:24","guid":{"rendered":"https:\/\/elinformativotam.com\/?p=58286"},"modified":"2026-09-03T07:51:24","modified_gmt":"2026-09-03T13:51:24","slug":"piden-esclarecer-senalamientos-de-padres-de-familia-contra-el-cam-luz-estela-cespedes","status":"publish","type":"post","link":"https:\/\/elinformativotam.com\/index.php\/2026\/09\/03\/piden-esclarecer-senalamientos-de-padres-de-familia-contra-el-cam-luz-estela-cespedes\/","title":{"rendered":"Piden Esclarecer Se\u00f1alamientos De Padres De Familia Contra El CAM Luz Estela C\u00e9spedes."},"content":{"rendered":"<p>Cd. Madero, Tamaulipas.\u2014 Ante los se\u00f1alamientos realizados por padres de familia del Centro de Atenci\u00f3n M\u00faltiple (CAM) Luz Estela C\u00e9spedes Garc\u00eda, autoridades educativas de Madero llamaron a investigar a fondo el origen de la situaci\u00f3n y determinar si existi\u00f3 alguna vulneraci\u00f3n a los derechos de los estudiantes.<\/p>\n<p>&nbsp;<\/p>\n<p>La directora de Educaci\u00f3n en el municipio, N\u00e9lida Ovalle Bautista, se\u00f1al\u00f3 que antes de emitir conclusiones, es necesario conocer de manera fehaciente qu\u00e9 ocurri\u00f3 y mantener un di\u00e1logo entre padres de familia, docentes y directivos.<\/p>\n<p>&nbsp;<\/p>\n<p>Destac\u00f3 que el personal que labora en los Centros de Atenci\u00f3n M\u00faltiple cuenta con preparaci\u00f3n especializada para atender a estudiantes con diferentes discapacidades y que constantemente busca actualizarse en t\u00e9cnicas y m\u00e9todos de atenci\u00f3n.<\/p>\n<p>&nbsp;<\/p>\n<p>\u201cPrimero tenemos que buscar el origen de la situaci\u00f3n y poder, en conjunto, dialogar para saber de manera fehaciente cu\u00e1l fue el motivo por el cual se dan este tipo de situaciones\u201d, puntualiz\u00f3.<\/p>\n<p>&nbsp;<\/p>\n<p>Reconoci\u00f3, sin embargo, que algunas estrategias utilizadas por los docentes pueden ser percibidas de manera distinta por quienes no conocen los m\u00e9todos especializados, por lo que consider\u00f3 importante fortalecer la comunicaci\u00f3n con las familias.<\/p>\n<p>&nbsp;<\/p>\n<p>Ovalle Bautista tambi\u00e9n exhort\u00f3 a los padres de familia a involucrarse m\u00e1s en el proceso educativo y mantenerse informados sobre las t\u00e9cnicas empleadas, as\u00ed como sobre las condiciones particulares de sus hijos.<\/p>\n<p>&nbsp;<\/p>\n<p>Explic\u00f3 que los estudiantes con alguna discapacidad pueden ser susceptibles a cambios f\u00edsicos o a est\u00edmulos provenientes de su entorno familiar y social, factores que eventualmente pueden influir en su comportamiento.<\/p>\n<p>&nbsp;<\/p>\n<p>Respecto al procedimiento que deben seguir los padres ante alguna inconformidad, indic\u00f3 que inicialmente deben acudir con el director del CAM para plantear la situaci\u00f3n. En caso de no obtener respuesta, pueden recurrir a la supervisi\u00f3n escolar y posteriormente al CREDE de Ciudad Madero.<\/p>\n","protected":false},"excerpt":{"rendered":"<p>Cd. Madero, Tamaulipas.\u2014 Ante los se\u00f1alamientos realizados por padres de familia del Centro de Atenci\u00f3n M\u00faltiple (CAM) Luz Estela C\u00e9spedes&hellip;<\/p>\n","protected":false},"author":1,"featured_media":58287,"comment_status":"open","ping_status":"open","sticky":false,"template":"","format":"standard","meta":{"footnotes":""},"categories":[4],"tags":[],"class_list":["post-58286","post","type-post","status-publish","format-standard","has-post-thumbnail","hentry","category-madero"],"yoast_head":"<!-- This site is optimized with the Yoast SEO plugin v28.4 - https:\/\/yoast.com\/product\/yoast-seo-wordpress\/ -->\n<title>Piden Esclarecer Se\u00f1alamientos De Padres De Familia Contra El CAM Luz Estela C\u00e9spedes. - EL INFORMATIVO DE TAMAULIPAS<\/title>\n<meta name=\"description\" content=\"Cd. Madero, Tamaulipas.\u2014 Ante los se\u00f1alamientos realizados por padres de familia del Centro de Atenci\u00f3n M\u00faltiple (CAM) Luz Estela C\u00e9spedes Garc\u00eda,\" \/>\n<meta name=\"robots\" content=\"index, follow, max-snippet:-1, max-image-preview:large, max-video-preview:-1\" \/>\n<link rel=\"canonical\" href=\"https:\/\/elinformativotam.com\/index.php\/2026\/09\/03\/piden-esclarecer-senalamientos-de-padres-de-familia-contra-el-cam-luz-estela-cespedes\/\" \/>\n<meta property=\"og:locale\" content=\"es_MX\" \/>\n<meta property=\"og:type\" content=\"article\" \/>\n<meta property=\"og:title\" content=\"Piden Esclarecer Se\u00f1alamientos De Padres De Familia Contra El CAM Luz Estela C\u00e9spedes. - EL INFORMATIVO DE TAMAULIPAS\" \/>\n<meta property=\"og:description\" content=\"Cd. Madero, Tamaulipas.\u2014 Ante los se\u00f1alamientos realizados por padres de familia del Centro de Atenci\u00f3n M\u00faltiple (CAM) Luz Estela C\u00e9spedes Garc\u00eda,\" \/>\n<meta property=\"og:url\" content=\"https:\/\/elinformativotam.com\/index.php\/2026\/09\/03\/piden-esclarecer-senalamientos-de-padres-de-familia-contra-el-cam-luz-estela-cespedes\/\" \/>\n<meta property=\"og:site_name\" content=\"EL INFORMATIVO DE TAMAULIPAS\" \/>\n<meta property=\"article:published_time\" content=\"2026-09-03T13:51:24+00:00\" \/>\n<meta property=\"og:image\" content=\"https:\/\/elinformativotam.com\/wp-content\/uploads\/2026\/09\/escuela-madero.jpg\" \/>\n\t<meta property=\"og:image:width\" content=\"1280\" \/>\n\t<meta property=\"og:image:height\" content=\"960\" \/>\n\t<meta property=\"og:image:type\" content=\"image\/jpeg\" \/>\n<meta name=\"author\" content=\"El Informativo Tam\" \/>\n<meta name=\"twitter:card\" content=\"summary_large_image\" \/>\n<meta name=\"twitter:label1\" content=\"Escrito por\" \/>\n\t<meta name=\"twitter:data1\" content=\"El Informativo Tam\" \/>\n\t<meta name=\"twitter:label2\" content=\"Tiempo de lectura\" \/>\n\t<meta name=\"twitter:data2\" content=\"2 minutos\" \/>\n<script type=\"application\/ld+json\" class=\"yoast-schema-graph\">{\"@context\":\"https:\\\/\\\/schema.org\",\"@graph\":[{\"@type\":\"Article\",\"@id\":\"https:\\\/\\\/elinformativotam.com\\\/index.php\\\/2026\\\/09\\\/03\\\/piden-esclarecer-senalamientos-de-padres-de-familia-contra-el-cam-luz-estela-cespedes\\\/#article\",\"isPartOf\":{\"@id\":\"https:\\\/\\\/elinformativotam.com\\\/index.php\\\/2026\\\/09\\\/03\\\/piden-esclarecer-senalamientos-de-padres-de-familia-contra-el-cam-luz-estela-cespedes\\\/\"},\"author\":{\"name\":\"El Informativo Tam\",\"@id\":\"https:\\\/\\\/elinformativotam.com\\\/#\\\/schema\\\/person\\\/78e08040eed0f6110f0c5f83b6153590\"},\"headline\":\"Piden Esclarecer Se\u00f1alamientos De Padres De Familia Contra El CAM Luz Estela C\u00e9spedes.\",\"datePublished\":\"2026-09-03T13:51:24+00:00\",\"mainEntityOfPage\":{\"@id\":\"https:\\\/\\\/elinformativotam.com\\\/index.php\\\/2026\\\/09\\\/03\\\/piden-esclarecer-senalamientos-de-padres-de-familia-contra-el-cam-luz-estela-cespedes\\\/\"},\"wordCount\":340,\"commentCount\":0,\"publisher\":{\"@id\":\"https:\\\/\\\/elinformativotam.com\\\/#organization\"},\"image\":{\"@id\":\"https:\\\/\\\/elinformativotam.com\\\/index.php\\\/2026\\\/09\\\/03\\\/piden-esclarecer-senalamientos-de-padres-de-familia-contra-el-cam-luz-estela-cespedes\\\/#primaryimage\"},\"thumbnailUrl\":\"https:\\\/\\\/elinformativotam.com\\\/wp-content\\\/uploads\\\/2026\\\/09\\\/escuela-madero.jpg\",\"articleSection\":[\"Cd Madero\"],\"inLanguage\":\"es\",\"potentialAction\":[{\"@type\":\"CommentAction\",\"name\":\"Comment\",\"target\":[\"https:\\\/\\\/elinformativotam.com\\\/index.php\\\/2026\\\/09\\\/03\\\/piden-esclarecer-senalamientos-de-padres-de-familia-contra-el-cam-luz-estela-cespedes\\\/#respond\"]}]},{\"@type\":\"WebPage\",\"@id\":\"https:\\\/\\\/elinformativotam.com\\\/index.php\\\/2026\\\/09\\\/03\\\/piden-esclarecer-senalamientos-de-padres-de-familia-contra-el-cam-luz-estela-cespedes\\\/\",\"url\":\"https:\\\/\\\/elinformativotam.com\\\/index.php\\\/2026\\\/09\\\/03\\\/piden-esclarecer-senalamientos-de-padres-de-familia-contra-el-cam-luz-estela-cespedes\\\/\",\"name\":\"Piden Esclarecer Se\u00f1alamientos De Padres De Familia Contra El CAM Luz Estela C\u00e9spedes. - EL INFORMATIVO DE TAMAULIPAS\",\"isPartOf\":{\"@id\":\"https:\\\/\\\/elinformativotam.com\\\/#website\"},\"primaryImageOfPage\":{\"@id\":\"https:\\\/\\\/elinformativotam.com\\\/index.php\\\/2026\\\/09\\\/03\\\/piden-esclarecer-senalamientos-de-padres-de-familia-contra-el-cam-luz-estela-cespedes\\\/#primaryimage\"},\"image\":{\"@id\":\"https:\\\/\\\/elinformativotam.com\\\/index.php\\\/2026\\\/09\\\/03\\\/piden-esclarecer-senalamientos-de-padres-de-familia-contra-el-cam-luz-estela-cespedes\\\/#primaryimage\"},\"thumbnailUrl\":\"https:\\\/\\\/elinformativotam.com\\\/wp-content\\\/uploads\\\/2026\\\/09\\\/escuela-madero.jpg\",\"datePublished\":\"2026-09-03T13:51:24+00:00\",\"description\":\"Cd. Madero, Tamaulipas.\u2014 Ante los se\u00f1alamientos realizados por padres de familia del Centro de Atenci\u00f3n M\u00faltiple (CAM) Luz Estela C\u00e9spedes Garc\u00eda,\",\"inLanguage\":\"es\",\"potentialAction\":[{\"@type\":\"ReadAction\",\"target\":[\"https:\\\/\\\/elinformativotam.com\\\/index.php\\\/2026\\\/09\\\/03\\\/piden-esclarecer-senalamientos-de-padres-de-familia-contra-el-cam-luz-estela-cespedes\\\/\"]}]},{\"@type\":\"ImageObject\",\"inLanguage\":\"es\",\"@id\":\"https:\\\/\\\/elinformativotam.com\\\/index.php\\\/2026\\\/09\\\/03\\\/piden-esclarecer-senalamientos-de-padres-de-familia-contra-el-cam-luz-estela-cespedes\\\/#primaryimage\",\"url\":\"https:\\\/\\\/elinformativotam.com\\\/wp-content\\\/uploads\\\/2026\\\/09\\\/escuela-madero.jpg\",\"contentUrl\":\"https:\\\/\\\/elinformativotam.com\\\/wp-content\\\/uploads\\\/2026\\\/09\\\/escuela-madero.jpg\",\"width\":1280,\"height\":960},{\"@type\":\"WebSite\",\"@id\":\"https:\\\/\\\/elinformativotam.com\\\/#website\",\"url\":\"https:\\\/\\\/elinformativotam.com\\\/\",\"name\":\"EL INFORMATIVO DE TAMAULIPAS\",\"description\":\"Desde la Zona Metropolitana Para Todo M\u00e9xico\",\"publisher\":{\"@id\":\"https:\\\/\\\/elinformativotam.com\\\/#organization\"},\"potentialAction\":[{\"@type\":\"SearchAction\",\"target\":{\"@type\":\"EntryPoint\",\"urlTemplate\":\"https:\\\/\\\/elinformativotam.com\\\/?s={search_term_string}\"},\"query-input\":{\"@type\":\"PropertyValueSpecification\",\"valueRequired\":true,\"valueName\":\"search_term_string\"}}],\"inLanguage\":\"es\"},{\"@type\":\"Organization\",\"@id\":\"https:\\\/\\\/elinformativotam.com\\\/#organization\",\"name\":\"EL INFORMATIVO DE TAMAULIPAS\",\"url\":\"https:\\\/\\\/elinformativotam.com\\\/\",\"logo\":{\"@type\":\"ImageObject\",\"inLanguage\":\"es\",\"@id\":\"https:\\\/\\\/elinformativotam.com\\\/#\\\/schema\\\/logo\\\/image\\\/\",\"url\":\"https:\\\/\\\/elinformativotam.com\\\/wp-content\\\/uploads\\\/2026\\\/02\\\/Cabezal.png\",\"contentUrl\":\"https:\\\/\\\/elinformativotam.com\\\/wp-content\\\/uploads\\\/2026\\\/02\\\/Cabezal.png\",\"width\":960,\"height\":640,\"caption\":\"EL INFORMATIVO DE TAMAULIPAS\"},\"image\":{\"@id\":\"https:\\\/\\\/elinformativotam.com\\\/#\\\/schema\\\/logo\\\/image\\\/\"}},{\"@type\":\"Person\",\"@id\":\"https:\\\/\\\/elinformativotam.com\\\/#\\\/schema\\\/person\\\/78e08040eed0f6110f0c5f83b6153590\",\"name\":\"El Informativo Tam\",\"image\":{\"@type\":\"ImageObject\",\"inLanguage\":\"es\",\"@id\":\"https:\\\/\\\/secure.gravatar.com\\\/avatar\\\/f3b7ad3af540688955925ac610647be00b0cf41feea9c4978b73a707ee86bc53?s=96&d=mm&r=g\",\"url\":\"https:\\\/\\\/secure.gravatar.com\\\/avatar\\\/f3b7ad3af540688955925ac610647be00b0cf41feea9c4978b73a707ee86bc53?s=96&d=mm&r=g\",\"contentUrl\":\"https:\\\/\\\/secure.gravatar.com\\\/avatar\\\/f3b7ad3af540688955925ac610647be00b0cf41feea9c4978b73a707ee86bc53?s=96&d=mm&r=g\",\"caption\":\"El Informativo Tam\"}}]}<\/script>\n<!-- \/ Yoast SEO plugin. -->","yoast_head_json":{"title":"Piden Esclarecer Se\u00f1alamientos De Padres De Familia Contra El CAM Luz Estela C\u00e9spedes. - EL INFORMATIVO DE TAMAULIPAS","description":"Cd. Madero, Tamaulipas.\u2014 Ante los se\u00f1alamientos realizados por padres de familia del Centro de Atenci\u00f3n M\u00faltiple (CAM) Luz Estela C\u00e9spedes Garc\u00eda,","robots":{"index":"index","follow":"follow","max-snippet":"max-snippet:-1","max-image-preview":"max-image-preview:large","max-video-preview":"max-video-preview:-1"},"canonical":"https:\/\/elinformativotam.com\/index.php\/2026\/09\/03\/piden-esclarecer-senalamientos-de-padres-de-familia-contra-el-cam-luz-estela-cespedes\/","og_locale":"es_MX","og_type":"article","og_title":"Piden Esclarecer Se\u00f1alamientos De Padres De Familia Contra El CAM Luz Estela C\u00e9spedes. - EL INFORMATIVO DE TAMAULIPAS","og_description":"Cd. Madero, Tamaulipas.\u2014 Ante los se\u00f1alamientos realizados por padres de familia del Centro de Atenci\u00f3n M\u00faltiple (CAM) Luz Estela C\u00e9spedes Garc\u00eda,","og_url":"https:\/\/elinformativotam.com\/index.php\/2026\/09\/03\/piden-esclarecer-senalamientos-de-padres-de-familia-contra-el-cam-luz-estela-cespedes\/","og_site_name":"EL INFORMATIVO DE TAMAULIPAS","article_published_time":"2026-09-03T13:51:24+00:00","og_image":[{"width":1280,"height":960,"url":"https:\/\/elinformativotam.com\/wp-content\/uploads\/2026\/09\/escuela-madero.jpg","type":"image\/jpeg"}],"author":"El Informativo Tam","twitter_card":"summary_large_image","twitter_misc":{"Escrito por":"El Informativo Tam","Tiempo de lectura":"2 minutos"},"schema":{"@context":"https:\/\/schema.org","@graph":[{"@type":"Article","@id":"https:\/\/elinformativotam.com\/index.php\/2026\/09\/03\/piden-esclarecer-senalamientos-de-padres-de-familia-contra-el-cam-luz-estela-cespedes\/#article","isPartOf":{"@id":"https:\/\/elinformativotam.com\/index.php\/2026\/09\/03\/piden-esclarecer-senalamientos-de-padres-de-familia-contra-el-cam-luz-estela-cespedes\/"},"author":{"name":"El Informativo Tam","@id":"https:\/\/elinformativotam.com\/#\/schema\/person\/78e08040eed0f6110f0c5f83b6153590"},"headline":"Piden Esclarecer Se\u00f1alamientos De Padres De Familia Contra El CAM Luz Estela C\u00e9spedes.","datePublished":"2026-09-03T13:51:24+00:00","mainEntityOfPage":{"@id":"https:\/\/elinformativotam.com\/index.php\/2026\/09\/03\/piden-esclarecer-senalamientos-de-padres-de-familia-contra-el-cam-luz-estela-cespedes\/"},"wordCount":340,"commentCount":0,"publisher":{"@id":"https:\/\/elinformativotam.com\/#organization"},"image":{"@id":"https:\/\/elinformativotam.com\/index.php\/2026\/09\/03\/piden-esclarecer-senalamientos-de-padres-de-familia-contra-el-cam-luz-estela-cespedes\/#primaryimage"},"thumbnailUrl":"https:\/\/elinformativotam.com\/wp-content\/uploads\/2026\/09\/escuela-madero.jpg","articleSection":["Cd Madero"],"inLanguage":"es","potentialAction":[{"@type":"CommentAction","name":"Comment","target":["https:\/\/elinformativotam.com\/index.php\/2026\/09\/03\/piden-esclarecer-senalamientos-de-padres-de-familia-contra-el-cam-luz-estela-cespedes\/#respond"]}]},{"@type":"WebPage","@id":"https:\/\/elinformativotam.com\/index.php\/2026\/09\/03\/piden-esclarecer-senalamientos-de-padres-de-familia-contra-el-cam-luz-estela-cespedes\/","url":"https:\/\/elinformativotam.com\/index.php\/2026\/09\/03\/piden-esclarecer-senalamientos-de-padres-de-familia-contra-el-cam-luz-estela-cespedes\/","name":"Piden Esclarecer Se\u00f1alamientos De Padres De Familia Contra El CAM Luz Estela C\u00e9spedes. - EL INFORMATIVO DE TAMAULIPAS","isPartOf":{"@id":"https:\/\/elinformativotam.com\/#website"},"primaryImageOfPage":{"@id":"https:\/\/elinformativotam.com\/index.php\/2026\/09\/03\/piden-esclarecer-senalamientos-de-padres-de-familia-contra-el-cam-luz-estela-cespedes\/#primaryimage"},"image":{"@id":"https:\/\/elinformativotam.com\/index.php\/2026\/09\/03\/piden-esclarecer-senalamientos-de-padres-de-familia-contra-el-cam-luz-estela-cespedes\/#primaryimage"},"thumbnailUrl":"https:\/\/elinformativotam.com\/wp-content\/uploads\/2026\/09\/escuela-madero.jpg","datePublished":"2026-09-03T13:51:24+00:00","description":"Cd. Madero, Tamaulipas.\u2014 Ante los se\u00f1alamientos realizados por padres de familia del Centro de Atenci\u00f3n M\u00faltiple (CAM) Luz Estela C\u00e9spedes Garc\u00eda,","inLanguage":"es","potentialAction":[{"@type":"ReadAction","target":["https:\/\/elinformativotam.com\/index.php\/2026\/09\/03\/piden-esclarecer-senalamientos-de-padres-de-familia-contra-el-cam-luz-estela-cespedes\/"]}]},{"@type":"ImageObject","inLanguage":"es","@id":"https:\/\/elinformativotam.com\/index.php\/2026\/09\/03\/piden-esclarecer-senalamientos-de-padres-de-familia-contra-el-cam-luz-estela-cespedes\/#primaryimage","url":"https:\/\/elinformativotam.com\/wp-content\/uploads\/2026\/09\/escuela-madero.jpg","contentUrl":"https:\/\/elinformativotam.com\/wp-content\/uploads\/2026\/09\/escuela-madero.jpg","width":1280,"height":960},{"@type":"WebSite","@id":"https:\/\/elinformativotam.com\/#website","url":"https:\/\/elinformativotam.com\/","name":"EL INFORMATIVO DE TAMAULIPAS","description":"Desde la Zona Metropolitana Para Todo M\u00e9xico","publisher":{"@id":"https:\/\/elinformativotam.com\/#organization"},"potentialAction":[{"@type":"SearchAction","target":{"@type":"EntryPoint","urlTemplate":"https:\/\/elinformativotam.com\/?s={search_term_string}"},"query-input":{"@type":"PropertyValueSpecification","valueRequired":true,"valueName":"search_term_string"}}],"inLanguage":"es"},{"@type":"Organization","@id":"https:\/\/elinformativotam.com\/#organization","name":"EL INFORMATIVO DE TAMAULIPAS","url":"https:\/\/elinformativotam.com\/","logo":{"@type":"ImageObject","inLanguage":"es","@id":"https:\/\/elinformativotam.com\/#\/schema\/logo\/image\/","url":"https:\/\/elinformativotam.com\/wp-content\/uploads\/2026\/02\/Cabezal.png","contentUrl":"https:\/\/elinformativotam.com\/wp-content\/uploads\/2026\/02\/Cabezal.png","width":960,"height":640,"caption":"EL INFORMATIVO DE TAMAULIPAS"},"image":{"@id":"https:\/\/elinformativotam.com\/#\/schema\/logo\/image\/"}},{"@type":"Person","@id":"https:\/\/elinformativotam.com\/#\/schema\/person\/78e08040eed0f6110f0c5f83b6153590","name":"El Informativo Tam","image":{"@type":"ImageObject","inLanguage":"es","@id":"https:\/\/secure.gravatar.com\/avatar\/f3b7ad3af540688955925ac610647be00b0cf41feea9c4978b73a707ee86bc53?s=96&d=mm&r=g","url":"https:\/\/secure.gravatar.com\/avatar\/f3b7ad3af540688955925ac610647be00b0cf41feea9c4978b73a707ee86bc53?s=96&d=mm&r=g","contentUrl":"https:\/\/secure.gravatar.com\/avatar\/f3b7ad3af540688955925ac610647be00b0cf41feea9c4978b73a707ee86bc53?s=96&d=mm&r=g","caption":"El Informativo Tam"}}]}},"_links":{"self":[{"href":"https:\/\/elinformativotam.com\/index.php\/wp-json\/wp\/v2\/posts\/58286","targetHints":{"allow":["GET"]}}],"collection":[{"href":"https:\/\/elinformativotam.com\/index.php\/wp-json\/wp\/v2\/posts"}],"about":[{"href":"https:\/\/elinformativotam.com\/index.php\/wp-json\/wp\/v2\/types\/post"}],"author":[{"embeddable":true,"href":"https:\/\/elinformativotam.com\/index.php\/wp-json\/wp\/v2\/users\/1"}],"replies":[{"embeddable":true,"href":"https:\/\/elinformativotam.com\/index.php\/wp-json\/wp\/v2\/comments?post=58286"}],"version-history":[{"count":1,"href":"https:\/\/elinformativotam.com\/index.php\/wp-json\/wp\/v2\/posts\/58286\/revisions"}],"predecessor-version":[{"id":58288,"href":"https:\/\/elinformativotam.com\/index.php\/wp-json\/wp\/v2\/posts\/58286\/revisions\/58288"}],"wp:featuredmedia":[{"embeddable":true,"href":"https:\/\/elinformativotam.com\/index.php\/wp-json\/wp\/v2\/media\/58287"}],"wp:attachment":[{"href":"https:\/\/elinformativotam.com\/index.php\/wp-json\/wp\/v2\/media?parent=58286"}],"wp:term":[{"taxonomy":"category","embeddable":true,"href":"https:\/\/elinformativotam.com\/index.php\/wp-json\/wp\/v2\/categories?post=58286"},{"taxonomy":"post_tag","embeddable":true,"href":"https:\/\/elinformativotam.com\/index.php\/wp-json\/wp\/v2\/tags?post=58286"}],"curies":[{"name":"wp","href":"https:\/\/api.w.org\/{rel}","templated":true}]}}