{"id":57675,"date":"2026-04-29T21:11:13","date_gmt":"2026-04-30T03:11:13","guid":{"rendered":"https:\/\/elinformativotam.com\/?p=57675"},"modified":"2026-04-29T21:11:13","modified_gmt":"2026-04-30T03:11:13","slug":"preven-llegada-del-curp-biometrico-a-tampico-en-proximos-meses","status":"publish","type":"post","link":"https:\/\/elinformativotam.com\/index.php\/2026\/04\/29\/preven-llegada-del-curp-biometrico-a-tampico-en-proximos-meses\/","title":{"rendered":"Prev\u00e9n Llegada Del CURP Biom\u00e9trico A Tampico En Pr\u00f3ximos Meses"},"content":{"rendered":"<p>Tampico, Tamps.- La titular de la Primera Oficial\u00eda del Registro Civil en <span class=\"whitespace-normal\">Tampico<\/span>, <span class=\"whitespace-normal\">Lluvia Ortega Maldonado<\/span>, inform\u00f3 que en los pr\u00f3ximos meses podr\u00edan instalarse m\u00f3dulos para tramitar el CURP biom\u00e9trico en el municipio.<\/p>\n<p>&nbsp;<\/p>\n<p data-start=\"414\" data-end=\"619\">Indic\u00f3 que actualmente se encuentran a la espera de los \u00faltimos lineamientos y capacitaci\u00f3n por parte de la coordinaci\u00f3n general, aunque se prev\u00e9 que el servicio pueda comenzar a operar entre mayo y junio.<\/p>\n<p>&nbsp;<\/p>\n<p data-start=\"621\" data-end=\"871\">Explic\u00f3 que este nuevo documento formar\u00e1 parte de un proceso de modernizaci\u00f3n que requerir\u00e1 la participaci\u00f3n de toda la poblaci\u00f3n, ya que la mayor\u00eda de los ciudadanos a\u00fan no cuenta con CURP biom\u00e9trico, por lo que pr\u00e1cticamente se iniciar\u00e1 desde cero.<\/p>\n<p>&nbsp;<\/p>\n<p data-start=\"873\" data-end=\"1081\">La funcionaria detall\u00f3 que el objetivo es que durante 2026 se lleve a cabo la transici\u00f3n hacia este nuevo formato, el cual incorporar\u00e1 datos biom\u00e9tricos para fortalecer la identidad oficial de los ciudadanos.<\/p>\n<p>&nbsp;<\/p>\n<p data-start=\"1083\" data-end=\"1337\">Mientras tanto, se\u00f1al\u00f3 que en la oficial\u00eda se realizan entre 120 y 180 tr\u00e1mites diarios, siendo la actualizaci\u00f3n de actas uno de los servicios m\u00e1s solicitados, principalmente por requisitos de programas, escuelas y dependencias como pasaportes o seguros.<\/p>\n<p>&nbsp;<\/p>\n<p data-start=\"1339\" data-end=\"1514\">Finalmente, pidi\u00f3 a la ciudadan\u00eda mantenerse atenta a la informaci\u00f3n oficial sobre la instalaci\u00f3n de m\u00f3dulos, ya que una vez habilitado el servicio se espera una alta demanda.<\/p>\n<p>&nbsp;<\/p>\n","protected":false},"excerpt":{"rendered":"<p>Tampico, Tamps.- La titular de la Primera Oficial\u00eda del Registro Civil en Tampico, Lluvia Ortega Maldonado, inform\u00f3 que en los&hellip;<\/p>\n","protected":false},"author":1,"featured_media":57669,"comment_status":"open","ping_status":"open","sticky":false,"template":"","format":"standard","meta":{"footnotes":""},"categories":[3],"tags":[],"class_list":["post-57675","post","type-post","status-publish","format-standard","has-post-thumbnail","hentry","category-tampico"],"yoast_head":"<!-- This site is optimized with the Yoast SEO plugin v27.5 - https:\/\/yoast.com\/product\/yoast-seo-wordpress\/ -->\n<title>Prev\u00e9n Llegada Del CURP Biom\u00e9trico A Tampico En Pr\u00f3ximos Meses - EL INFORMATIVO DE TAMAULIPAS<\/title>\n<meta name=\"description\" content=\"Tampico, Tamps.- La titular de la Primera Oficial\u00eda del Registro Civil en Tampico, Lluvia Ortega Maldonado, inform\u00f3 que en los pr\u00f3ximos meses podr\u00edan\" \/>\n<meta name=\"robots\" content=\"index, follow, max-snippet:-1, max-image-preview:large, max-video-preview:-1\" \/>\n<link rel=\"canonical\" href=\"https:\/\/elinformativotam.com\/index.php\/2026\/04\/29\/preven-llegada-del-curp-biometrico-a-tampico-en-proximos-meses\/\" \/>\n<meta property=\"og:locale\" content=\"es_MX\" \/>\n<meta property=\"og:type\" content=\"article\" \/>\n<meta property=\"og:title\" content=\"Prev\u00e9n Llegada Del CURP Biom\u00e9trico A Tampico En Pr\u00f3ximos Meses - EL INFORMATIVO DE TAMAULIPAS\" \/>\n<meta property=\"og:description\" content=\"Tampico, Tamps.- La titular de la Primera Oficial\u00eda del Registro Civil en Tampico, Lluvia Ortega Maldonado, inform\u00f3 que en los pr\u00f3ximos meses podr\u00edan\" \/>\n<meta property=\"og:url\" content=\"https:\/\/elinformativotam.com\/index.php\/2026\/04\/29\/preven-llegada-del-curp-biometrico-a-tampico-en-proximos-meses\/\" \/>\n<meta property=\"og:site_name\" content=\"EL INFORMATIVO DE TAMAULIPAS\" \/>\n<meta property=\"article:published_time\" content=\"2026-04-30T03:11:13+00:00\" \/>\n<meta property=\"og:image\" content=\"https:\/\/elinformativotam.com\/wp-content\/uploads\/2026\/04\/LLuvia.jpg\" \/>\n\t<meta property=\"og:image:width\" content=\"421\" \/>\n\t<meta property=\"og:image:height\" content=\"521\" \/>\n\t<meta property=\"og:image:type\" content=\"image\/jpeg\" \/>\n<meta name=\"author\" content=\"El Informativo Tam\" \/>\n<meta name=\"twitter:card\" content=\"summary_large_image\" \/>\n<meta name=\"twitter:label1\" content=\"Escrito por\" \/>\n\t<meta name=\"twitter:data1\" content=\"El Informativo Tam\" \/>\n\t<meta name=\"twitter:label2\" content=\"Tiempo de lectura\" \/>\n\t<meta name=\"twitter:data2\" content=\"1 minuto\" \/>\n<script type=\"application\/ld+json\" class=\"yoast-schema-graph\">{\"@context\":\"https:\\\/\\\/schema.org\",\"@graph\":[{\"@type\":\"Article\",\"@id\":\"https:\\\/\\\/elinformativotam.com\\\/index.php\\\/2026\\\/04\\\/29\\\/preven-llegada-del-curp-biometrico-a-tampico-en-proximos-meses\\\/#article\",\"isPartOf\":{\"@id\":\"https:\\\/\\\/elinformativotam.com\\\/index.php\\\/2026\\\/04\\\/29\\\/preven-llegada-del-curp-biometrico-a-tampico-en-proximos-meses\\\/\"},\"author\":{\"name\":\"El Informativo Tam\",\"@id\":\"https:\\\/\\\/elinformativotam.com\\\/#\\\/schema\\\/person\\\/78e08040eed0f6110f0c5f83b6153590\"},\"headline\":\"Prev\u00e9n Llegada Del CURP Biom\u00e9trico A Tampico En Pr\u00f3ximos Meses\",\"datePublished\":\"2026-04-30T03:11:13+00:00\",\"mainEntityOfPage\":{\"@id\":\"https:\\\/\\\/elinformativotam.com\\\/index.php\\\/2026\\\/04\\\/29\\\/preven-llegada-del-curp-biometrico-a-tampico-en-proximos-meses\\\/\"},\"wordCount\":249,\"commentCount\":0,\"publisher\":{\"@id\":\"https:\\\/\\\/elinformativotam.com\\\/#organization\"},\"image\":{\"@id\":\"https:\\\/\\\/elinformativotam.com\\\/index.php\\\/2026\\\/04\\\/29\\\/preven-llegada-del-curp-biometrico-a-tampico-en-proximos-meses\\\/#primaryimage\"},\"thumbnailUrl\":\"https:\\\/\\\/elinformativotam.com\\\/wp-content\\\/uploads\\\/2026\\\/04\\\/LLuvia.jpg\",\"articleSection\":[\"Tampico\"],\"inLanguage\":\"es\",\"potentialAction\":[{\"@type\":\"CommentAction\",\"name\":\"Comment\",\"target\":[\"https:\\\/\\\/elinformativotam.com\\\/index.php\\\/2026\\\/04\\\/29\\\/preven-llegada-del-curp-biometrico-a-tampico-en-proximos-meses\\\/#respond\"]}]},{\"@type\":\"WebPage\",\"@id\":\"https:\\\/\\\/elinformativotam.com\\\/index.php\\\/2026\\\/04\\\/29\\\/preven-llegada-del-curp-biometrico-a-tampico-en-proximos-meses\\\/\",\"url\":\"https:\\\/\\\/elinformativotam.com\\\/index.php\\\/2026\\\/04\\\/29\\\/preven-llegada-del-curp-biometrico-a-tampico-en-proximos-meses\\\/\",\"name\":\"Prev\u00e9n Llegada Del CURP Biom\u00e9trico A Tampico En Pr\u00f3ximos Meses - EL INFORMATIVO DE TAMAULIPAS\",\"isPartOf\":{\"@id\":\"https:\\\/\\\/elinformativotam.com\\\/#website\"},\"primaryImageOfPage\":{\"@id\":\"https:\\\/\\\/elinformativotam.com\\\/index.php\\\/2026\\\/04\\\/29\\\/preven-llegada-del-curp-biometrico-a-tampico-en-proximos-meses\\\/#primaryimage\"},\"image\":{\"@id\":\"https:\\\/\\\/elinformativotam.com\\\/index.php\\\/2026\\\/04\\\/29\\\/preven-llegada-del-curp-biometrico-a-tampico-en-proximos-meses\\\/#primaryimage\"},\"thumbnailUrl\":\"https:\\\/\\\/elinformativotam.com\\\/wp-content\\\/uploads\\\/2026\\\/04\\\/LLuvia.jpg\",\"datePublished\":\"2026-04-30T03:11:13+00:00\",\"description\":\"Tampico, Tamps.- La titular de la Primera Oficial\u00eda del Registro Civil en Tampico, Lluvia Ortega Maldonado, inform\u00f3 que en los pr\u00f3ximos meses podr\u00edan\",\"inLanguage\":\"es\",\"potentialAction\":[{\"@type\":\"ReadAction\",\"target\":[\"https:\\\/\\\/elinformativotam.com\\\/index.php\\\/2026\\\/04\\\/29\\\/preven-llegada-del-curp-biometrico-a-tampico-en-proximos-meses\\\/\"]}]},{\"@type\":\"ImageObject\",\"inLanguage\":\"es\",\"@id\":\"https:\\\/\\\/elinformativotam.com\\\/index.php\\\/2026\\\/04\\\/29\\\/preven-llegada-del-curp-biometrico-a-tampico-en-proximos-meses\\\/#primaryimage\",\"url\":\"https:\\\/\\\/elinformativotam.com\\\/wp-content\\\/uploads\\\/2026\\\/04\\\/LLuvia.jpg\",\"contentUrl\":\"https:\\\/\\\/elinformativotam.com\\\/wp-content\\\/uploads\\\/2026\\\/04\\\/LLuvia.jpg\",\"width\":421,\"height\":521},{\"@type\":\"WebSite\",\"@id\":\"https:\\\/\\\/elinformativotam.com\\\/#website\",\"url\":\"https:\\\/\\\/elinformativotam.com\\\/\",\"name\":\"EL INFORMATIVO DE TAMAULIPAS\",\"description\":\"Desde la Zona Metropolitana Para Todo M\u00e9xico\",\"publisher\":{\"@id\":\"https:\\\/\\\/elinformativotam.com\\\/#organization\"},\"potentialAction\":[{\"@type\":\"SearchAction\",\"target\":{\"@type\":\"EntryPoint\",\"urlTemplate\":\"https:\\\/\\\/elinformativotam.com\\\/?s={search_term_string}\"},\"query-input\":{\"@type\":\"PropertyValueSpecification\",\"valueRequired\":true,\"valueName\":\"search_term_string\"}}],\"inLanguage\":\"es\"},{\"@type\":\"Organization\",\"@id\":\"https:\\\/\\\/elinformativotam.com\\\/#organization\",\"name\":\"EL INFORMATIVO DE TAMAULIPAS\",\"url\":\"https:\\\/\\\/elinformativotam.com\\\/\",\"logo\":{\"@type\":\"ImageObject\",\"inLanguage\":\"es\",\"@id\":\"https:\\\/\\\/elinformativotam.com\\\/#\\\/schema\\\/logo\\\/image\\\/\",\"url\":\"https:\\\/\\\/elinformativotam.com\\\/wp-content\\\/uploads\\\/2026\\\/02\\\/Cabezal.png\",\"contentUrl\":\"https:\\\/\\\/elinformativotam.com\\\/wp-content\\\/uploads\\\/2026\\\/02\\\/Cabezal.png\",\"width\":960,\"height\":640,\"caption\":\"EL INFORMATIVO DE TAMAULIPAS\"},\"image\":{\"@id\":\"https:\\\/\\\/elinformativotam.com\\\/#\\\/schema\\\/logo\\\/image\\\/\"}},{\"@type\":\"Person\",\"@id\":\"https:\\\/\\\/elinformativotam.com\\\/#\\\/schema\\\/person\\\/78e08040eed0f6110f0c5f83b6153590\",\"name\":\"El Informativo Tam\",\"image\":{\"@type\":\"ImageObject\",\"inLanguage\":\"es\",\"@id\":\"https:\\\/\\\/secure.gravatar.com\\\/avatar\\\/f3b7ad3af540688955925ac610647be00b0cf41feea9c4978b73a707ee86bc53?s=96&d=mm&r=g\",\"url\":\"https:\\\/\\\/secure.gravatar.com\\\/avatar\\\/f3b7ad3af540688955925ac610647be00b0cf41feea9c4978b73a707ee86bc53?s=96&d=mm&r=g\",\"contentUrl\":\"https:\\\/\\\/secure.gravatar.com\\\/avatar\\\/f3b7ad3af540688955925ac610647be00b0cf41feea9c4978b73a707ee86bc53?s=96&d=mm&r=g\",\"caption\":\"El Informativo Tam\"}}]}<\/script>\n<!-- \/ Yoast SEO plugin. -->","yoast_head_json":{"title":"Prev\u00e9n Llegada Del CURP Biom\u00e9trico A Tampico En Pr\u00f3ximos Meses - EL INFORMATIVO DE TAMAULIPAS","description":"Tampico, Tamps.- La titular de la Primera Oficial\u00eda del Registro Civil en Tampico, Lluvia Ortega Maldonado, inform\u00f3 que en los pr\u00f3ximos meses podr\u00edan","robots":{"index":"index","follow":"follow","max-snippet":"max-snippet:-1","max-image-preview":"max-image-preview:large","max-video-preview":"max-video-preview:-1"},"canonical":"https:\/\/elinformativotam.com\/index.php\/2026\/04\/29\/preven-llegada-del-curp-biometrico-a-tampico-en-proximos-meses\/","og_locale":"es_MX","og_type":"article","og_title":"Prev\u00e9n Llegada Del CURP Biom\u00e9trico A Tampico En Pr\u00f3ximos Meses - EL INFORMATIVO DE TAMAULIPAS","og_description":"Tampico, Tamps.- La titular de la Primera Oficial\u00eda del Registro Civil en Tampico, Lluvia Ortega Maldonado, inform\u00f3 que en los pr\u00f3ximos meses podr\u00edan","og_url":"https:\/\/elinformativotam.com\/index.php\/2026\/04\/29\/preven-llegada-del-curp-biometrico-a-tampico-en-proximos-meses\/","og_site_name":"EL INFORMATIVO DE TAMAULIPAS","article_published_time":"2026-04-30T03:11:13+00:00","og_image":[{"width":421,"height":521,"url":"https:\/\/elinformativotam.com\/wp-content\/uploads\/2026\/04\/LLuvia.jpg","type":"image\/jpeg"}],"author":"El Informativo Tam","twitter_card":"summary_large_image","twitter_misc":{"Escrito por":"El Informativo Tam","Tiempo de lectura":"1 minuto"},"schema":{"@context":"https:\/\/schema.org","@graph":[{"@type":"Article","@id":"https:\/\/elinformativotam.com\/index.php\/2026\/04\/29\/preven-llegada-del-curp-biometrico-a-tampico-en-proximos-meses\/#article","isPartOf":{"@id":"https:\/\/elinformativotam.com\/index.php\/2026\/04\/29\/preven-llegada-del-curp-biometrico-a-tampico-en-proximos-meses\/"},"author":{"name":"El Informativo Tam","@id":"https:\/\/elinformativotam.com\/#\/schema\/person\/78e08040eed0f6110f0c5f83b6153590"},"headline":"Prev\u00e9n Llegada Del CURP Biom\u00e9trico A Tampico En Pr\u00f3ximos Meses","datePublished":"2026-04-30T03:11:13+00:00","mainEntityOfPage":{"@id":"https:\/\/elinformativotam.com\/index.php\/2026\/04\/29\/preven-llegada-del-curp-biometrico-a-tampico-en-proximos-meses\/"},"wordCount":249,"commentCount":0,"publisher":{"@id":"https:\/\/elinformativotam.com\/#organization"},"image":{"@id":"https:\/\/elinformativotam.com\/index.php\/2026\/04\/29\/preven-llegada-del-curp-biometrico-a-tampico-en-proximos-meses\/#primaryimage"},"thumbnailUrl":"https:\/\/elinformativotam.com\/wp-content\/uploads\/2026\/04\/LLuvia.jpg","articleSection":["Tampico"],"inLanguage":"es","potentialAction":[{"@type":"CommentAction","name":"Comment","target":["https:\/\/elinformativotam.com\/index.php\/2026\/04\/29\/preven-llegada-del-curp-biometrico-a-tampico-en-proximos-meses\/#respond"]}]},{"@type":"WebPage","@id":"https:\/\/elinformativotam.com\/index.php\/2026\/04\/29\/preven-llegada-del-curp-biometrico-a-tampico-en-proximos-meses\/","url":"https:\/\/elinformativotam.com\/index.php\/2026\/04\/29\/preven-llegada-del-curp-biometrico-a-tampico-en-proximos-meses\/","name":"Prev\u00e9n Llegada Del CURP Biom\u00e9trico A Tampico En Pr\u00f3ximos Meses - EL INFORMATIVO DE TAMAULIPAS","isPartOf":{"@id":"https:\/\/elinformativotam.com\/#website"},"primaryImageOfPage":{"@id":"https:\/\/elinformativotam.com\/index.php\/2026\/04\/29\/preven-llegada-del-curp-biometrico-a-tampico-en-proximos-meses\/#primaryimage"},"image":{"@id":"https:\/\/elinformativotam.com\/index.php\/2026\/04\/29\/preven-llegada-del-curp-biometrico-a-tampico-en-proximos-meses\/#primaryimage"},"thumbnailUrl":"https:\/\/elinformativotam.com\/wp-content\/uploads\/2026\/04\/LLuvia.jpg","datePublished":"2026-04-30T03:11:13+00:00","description":"Tampico, Tamps.- La titular de la Primera Oficial\u00eda del Registro Civil en Tampico, Lluvia Ortega Maldonado, inform\u00f3 que en los pr\u00f3ximos meses podr\u00edan","inLanguage":"es","potentialAction":[{"@type":"ReadAction","target":["https:\/\/elinformativotam.com\/index.php\/2026\/04\/29\/preven-llegada-del-curp-biometrico-a-tampico-en-proximos-meses\/"]}]},{"@type":"ImageObject","inLanguage":"es","@id":"https:\/\/elinformativotam.com\/index.php\/2026\/04\/29\/preven-llegada-del-curp-biometrico-a-tampico-en-proximos-meses\/#primaryimage","url":"https:\/\/elinformativotam.com\/wp-content\/uploads\/2026\/04\/LLuvia.jpg","contentUrl":"https:\/\/elinformativotam.com\/wp-content\/uploads\/2026\/04\/LLuvia.jpg","width":421,"height":521},{"@type":"WebSite","@id":"https:\/\/elinformativotam.com\/#website","url":"https:\/\/elinformativotam.com\/","name":"EL INFORMATIVO DE TAMAULIPAS","description":"Desde la Zona Metropolitana Para Todo M\u00e9xico","publisher":{"@id":"https:\/\/elinformativotam.com\/#organization"},"potentialAction":[{"@type":"SearchAction","target":{"@type":"EntryPoint","urlTemplate":"https:\/\/elinformativotam.com\/?s={search_term_string}"},"query-input":{"@type":"PropertyValueSpecification","valueRequired":true,"valueName":"search_term_string"}}],"inLanguage":"es"},{"@type":"Organization","@id":"https:\/\/elinformativotam.com\/#organization","name":"EL INFORMATIVO DE TAMAULIPAS","url":"https:\/\/elinformativotam.com\/","logo":{"@type":"ImageObject","inLanguage":"es","@id":"https:\/\/elinformativotam.com\/#\/schema\/logo\/image\/","url":"https:\/\/elinformativotam.com\/wp-content\/uploads\/2026\/02\/Cabezal.png","contentUrl":"https:\/\/elinformativotam.com\/wp-content\/uploads\/2026\/02\/Cabezal.png","width":960,"height":640,"caption":"EL INFORMATIVO DE TAMAULIPAS"},"image":{"@id":"https:\/\/elinformativotam.com\/#\/schema\/logo\/image\/"}},{"@type":"Person","@id":"https:\/\/elinformativotam.com\/#\/schema\/person\/78e08040eed0f6110f0c5f83b6153590","name":"El Informativo Tam","image":{"@type":"ImageObject","inLanguage":"es","@id":"https:\/\/secure.gravatar.com\/avatar\/f3b7ad3af540688955925ac610647be00b0cf41feea9c4978b73a707ee86bc53?s=96&d=mm&r=g","url":"https:\/\/secure.gravatar.com\/avatar\/f3b7ad3af540688955925ac610647be00b0cf41feea9c4978b73a707ee86bc53?s=96&d=mm&r=g","contentUrl":"https:\/\/secure.gravatar.com\/avatar\/f3b7ad3af540688955925ac610647be00b0cf41feea9c4978b73a707ee86bc53?s=96&d=mm&r=g","caption":"El Informativo Tam"}}]}},"_links":{"self":[{"href":"https:\/\/elinformativotam.com\/index.php\/wp-json\/wp\/v2\/posts\/57675","targetHints":{"allow":["GET"]}}],"collection":[{"href":"https:\/\/elinformativotam.com\/index.php\/wp-json\/wp\/v2\/posts"}],"about":[{"href":"https:\/\/elinformativotam.com\/index.php\/wp-json\/wp\/v2\/types\/post"}],"author":[{"embeddable":true,"href":"https:\/\/elinformativotam.com\/index.php\/wp-json\/wp\/v2\/users\/1"}],"replies":[{"embeddable":true,"href":"https:\/\/elinformativotam.com\/index.php\/wp-json\/wp\/v2\/comments?post=57675"}],"version-history":[{"count":1,"href":"https:\/\/elinformativotam.com\/index.php\/wp-json\/wp\/v2\/posts\/57675\/revisions"}],"predecessor-version":[{"id":57676,"href":"https:\/\/elinformativotam.com\/index.php\/wp-json\/wp\/v2\/posts\/57675\/revisions\/57676"}],"wp:featuredmedia":[{"embeddable":true,"href":"https:\/\/elinformativotam.com\/index.php\/wp-json\/wp\/v2\/media\/57669"}],"wp:attachment":[{"href":"https:\/\/elinformativotam.com\/index.php\/wp-json\/wp\/v2\/media?parent=57675"}],"wp:term":[{"taxonomy":"category","embeddable":true,"href":"https:\/\/elinformativotam.com\/index.php\/wp-json\/wp\/v2\/categories?post=57675"},{"taxonomy":"post_tag","embeddable":true,"href":"https:\/\/elinformativotam.com\/index.php\/wp-json\/wp\/v2\/tags?post=57675"}],"curies":[{"name":"wp","href":"https:\/\/api.w.org\/{rel}","templated":true}]}}