{"id":57673,"date":"2026-04-29T21:07:34","date_gmt":"2026-04-30T03:07:34","guid":{"rendered":"https:\/\/elinformativotam.com\/?p=57673"},"modified":"2026-04-29T21:07:34","modified_gmt":"2026-04-30T03:07:34","slug":"impulsan-curp-biometrica-en-tamaulipas-preven-ampliar-modulos-este-mismo-ano","status":"publish","type":"post","link":"https:\/\/elinformativotam.com\/index.php\/2026\/04\/29\/impulsan-curp-biometrica-en-tamaulipas-preven-ampliar-modulos-este-mismo-ano\/","title":{"rendered":"Impulsan CURP Biom\u00e9trica En Tamaulipas; Prev\u00e9n Ampliar M\u00f3dulos Este Mismo A\u00f1o."},"content":{"rendered":"<p>Cd. Madero, Tamaulipas.\u2013 La expedici\u00f3n de la CURP biom\u00e9trica ya se encuentra disponible en Tamaulipas, aunque por el momento \u00fanicamente puede tramitarse en Ciudad Victoria, donde operan tres m\u00f3dulos habilitados para este servicio.<\/p>\n<p>&nbsp;<\/p>\n<p>Claudio de Leija Brise\u00f1o, oficial primero del Registro Civil en Madero, explic\u00f3 que el Gobierno del Estado y autoridades del Registro Civil, trabaja para acelerar la instalaci\u00f3n de m\u00e1s puntos de atenci\u00f3n, con la meta de alcanzar 26 m\u00f3dulos en todo el estado antes de que concluya el a\u00f1o.<\/p>\n<p>&nbsp;<\/p>\n<p>\u201cEstamos tratando de agilizar el proceso para que este mismo a\u00f1o haya m\u00f3dulos en distintos municipios, incluyendo Tampico y Ciudad Madero, y as\u00ed facilitar el acceso a la ciudadan\u00eda\u201d.<\/p>\n<p>&nbsp;<\/p>\n<p>Detall\u00f3 que este nuevo documento incorpora tecnolog\u00eda biom\u00e9trica mediante un dispositivo especializado que registra el iris del ojo, toma una fotograf\u00eda del rostro y captura las huellas dactilares de los diez dedos, con el objetivo de fortalecer la identificaci\u00f3n de las personas.<\/p>\n<p>&nbsp;<\/p>\n<p>Entre los principales beneficios, destac\u00f3 que permitir\u00e1 contar con un sistema m\u00e1s seguro y eficiente, adem\u00e1s de contribuir en la localizaci\u00f3n de personas extraviadas y mejorar el acceso a informaci\u00f3n personal en casos necesarios.<\/p>\n<p>&nbsp;<\/p>\n<p>El tr\u00e1mite, asegur\u00f3, es r\u00e1pido y puede realizarse en un lapso de entre cinco y diez minutos. Al concluir, el ciudadano recibe una constancia impresa, la cual valida su registro en el sistema biom\u00e9trico.<\/p>\n<p>&nbsp;<\/p>\n<p>De Leija Brise\u00f1o indic\u00f3 que para realizar el proceso es necesario contar con el acta de nacimiento actualizada, ya que esta se vincula con la CURP para integrar la informaci\u00f3n en una sola plataforma.<\/p>\n","protected":false},"excerpt":{"rendered":"<p>Cd. Madero, Tamaulipas.\u2013 La expedici\u00f3n de la CURP biom\u00e9trica ya se encuentra disponible en Tamaulipas, aunque por el momento \u00fanicamente&hellip;<\/p>\n","protected":false},"author":1,"featured_media":57668,"comment_status":"open","ping_status":"open","sticky":false,"template":"","format":"standard","meta":{"footnotes":""},"categories":[4],"tags":[],"class_list":["post-57673","post","type-post","status-publish","format-standard","has-post-thumbnail","hentry","category-madero"],"yoast_head":"<!-- This site is optimized with the Yoast SEO plugin v27.5 - https:\/\/yoast.com\/product\/yoast-seo-wordpress\/ -->\n<title>Impulsan CURP Biom\u00e9trica En Tamaulipas; Prev\u00e9n Ampliar M\u00f3dulos Este Mismo A\u00f1o. - EL INFORMATIVO DE TAMAULIPAS<\/title>\n<meta name=\"description\" content=\"Cd. Madero, Tamaulipas.\u2013 La expedici\u00f3n de la CURP biom\u00e9trica ya se encuentra disponible en Tamaulipas, aunque por el momento \u00fanicamente puede tramitarse\" \/>\n<meta name=\"robots\" content=\"index, follow, max-snippet:-1, max-image-preview:large, max-video-preview:-1\" \/>\n<link rel=\"canonical\" href=\"https:\/\/elinformativotam.com\/index.php\/2026\/04\/29\/impulsan-curp-biometrica-en-tamaulipas-preven-ampliar-modulos-este-mismo-ano\/\" \/>\n<meta property=\"og:locale\" content=\"es_MX\" \/>\n<meta property=\"og:type\" content=\"article\" \/>\n<meta property=\"og:title\" content=\"Impulsan CURP Biom\u00e9trica En Tamaulipas; Prev\u00e9n Ampliar M\u00f3dulos Este Mismo A\u00f1o. - EL INFORMATIVO DE TAMAULIPAS\" \/>\n<meta property=\"og:description\" content=\"Cd. Madero, Tamaulipas.\u2013 La expedici\u00f3n de la CURP biom\u00e9trica ya se encuentra disponible en Tamaulipas, aunque por el momento \u00fanicamente puede tramitarse\" \/>\n<meta property=\"og:url\" content=\"https:\/\/elinformativotam.com\/index.php\/2026\/04\/29\/impulsan-curp-biometrica-en-tamaulipas-preven-ampliar-modulos-este-mismo-ano\/\" \/>\n<meta property=\"og:site_name\" content=\"EL INFORMATIVO DE TAMAULIPAS\" \/>\n<meta property=\"article:published_time\" content=\"2026-04-30T03:07:34+00:00\" \/>\n<meta property=\"og:image\" content=\"https:\/\/elinformativotam.com\/wp-content\/uploads\/2026\/04\/Curp-biometrica.jpg\" \/>\n\t<meta property=\"og:image:width\" content=\"2048\" \/>\n\t<meta property=\"og:image:height\" content=\"1536\" \/>\n\t<meta property=\"og:image:type\" content=\"image\/jpeg\" \/>\n<meta name=\"author\" content=\"El Informativo Tam\" \/>\n<meta name=\"twitter:card\" content=\"summary_large_image\" \/>\n<meta name=\"twitter:label1\" content=\"Escrito por\" \/>\n\t<meta name=\"twitter:data1\" content=\"El Informativo Tam\" \/>\n\t<meta name=\"twitter:label2\" content=\"Tiempo de lectura\" \/>\n\t<meta name=\"twitter:data2\" content=\"2 minutos\" \/>\n<script type=\"application\/ld+json\" class=\"yoast-schema-graph\">{\"@context\":\"https:\\\/\\\/schema.org\",\"@graph\":[{\"@type\":\"Article\",\"@id\":\"https:\\\/\\\/elinformativotam.com\\\/index.php\\\/2026\\\/04\\\/29\\\/impulsan-curp-biometrica-en-tamaulipas-preven-ampliar-modulos-este-mismo-ano\\\/#article\",\"isPartOf\":{\"@id\":\"https:\\\/\\\/elinformativotam.com\\\/index.php\\\/2026\\\/04\\\/29\\\/impulsan-curp-biometrica-en-tamaulipas-preven-ampliar-modulos-este-mismo-ano\\\/\"},\"author\":{\"name\":\"El Informativo Tam\",\"@id\":\"https:\\\/\\\/elinformativotam.com\\\/#\\\/schema\\\/person\\\/78e08040eed0f6110f0c5f83b6153590\"},\"headline\":\"Impulsan CURP Biom\u00e9trica En Tamaulipas; Prev\u00e9n Ampliar M\u00f3dulos Este Mismo A\u00f1o.\",\"datePublished\":\"2026-04-30T03:07:34+00:00\",\"mainEntityOfPage\":{\"@id\":\"https:\\\/\\\/elinformativotam.com\\\/index.php\\\/2026\\\/04\\\/29\\\/impulsan-curp-biometrica-en-tamaulipas-preven-ampliar-modulos-este-mismo-ano\\\/\"},\"wordCount\":300,\"commentCount\":0,\"publisher\":{\"@id\":\"https:\\\/\\\/elinformativotam.com\\\/#organization\"},\"image\":{\"@id\":\"https:\\\/\\\/elinformativotam.com\\\/index.php\\\/2026\\\/04\\\/29\\\/impulsan-curp-biometrica-en-tamaulipas-preven-ampliar-modulos-este-mismo-ano\\\/#primaryimage\"},\"thumbnailUrl\":\"https:\\\/\\\/elinformativotam.com\\\/wp-content\\\/uploads\\\/2026\\\/04\\\/Curp-biometrica.jpg\",\"articleSection\":[\"Cd Madero\"],\"inLanguage\":\"es\",\"potentialAction\":[{\"@type\":\"CommentAction\",\"name\":\"Comment\",\"target\":[\"https:\\\/\\\/elinformativotam.com\\\/index.php\\\/2026\\\/04\\\/29\\\/impulsan-curp-biometrica-en-tamaulipas-preven-ampliar-modulos-este-mismo-ano\\\/#respond\"]}]},{\"@type\":\"WebPage\",\"@id\":\"https:\\\/\\\/elinformativotam.com\\\/index.php\\\/2026\\\/04\\\/29\\\/impulsan-curp-biometrica-en-tamaulipas-preven-ampliar-modulos-este-mismo-ano\\\/\",\"url\":\"https:\\\/\\\/elinformativotam.com\\\/index.php\\\/2026\\\/04\\\/29\\\/impulsan-curp-biometrica-en-tamaulipas-preven-ampliar-modulos-este-mismo-ano\\\/\",\"name\":\"Impulsan CURP Biom\u00e9trica En Tamaulipas; Prev\u00e9n Ampliar M\u00f3dulos Este Mismo A\u00f1o. - EL INFORMATIVO DE TAMAULIPAS\",\"isPartOf\":{\"@id\":\"https:\\\/\\\/elinformativotam.com\\\/#website\"},\"primaryImageOfPage\":{\"@id\":\"https:\\\/\\\/elinformativotam.com\\\/index.php\\\/2026\\\/04\\\/29\\\/impulsan-curp-biometrica-en-tamaulipas-preven-ampliar-modulos-este-mismo-ano\\\/#primaryimage\"},\"image\":{\"@id\":\"https:\\\/\\\/elinformativotam.com\\\/index.php\\\/2026\\\/04\\\/29\\\/impulsan-curp-biometrica-en-tamaulipas-preven-ampliar-modulos-este-mismo-ano\\\/#primaryimage\"},\"thumbnailUrl\":\"https:\\\/\\\/elinformativotam.com\\\/wp-content\\\/uploads\\\/2026\\\/04\\\/Curp-biometrica.jpg\",\"datePublished\":\"2026-04-30T03:07:34+00:00\",\"description\":\"Cd. Madero, Tamaulipas.\u2013 La expedici\u00f3n de la CURP biom\u00e9trica ya se encuentra disponible en Tamaulipas, aunque por el momento \u00fanicamente puede tramitarse\",\"inLanguage\":\"es\",\"potentialAction\":[{\"@type\":\"ReadAction\",\"target\":[\"https:\\\/\\\/elinformativotam.com\\\/index.php\\\/2026\\\/04\\\/29\\\/impulsan-curp-biometrica-en-tamaulipas-preven-ampliar-modulos-este-mismo-ano\\\/\"]}]},{\"@type\":\"ImageObject\",\"inLanguage\":\"es\",\"@id\":\"https:\\\/\\\/elinformativotam.com\\\/index.php\\\/2026\\\/04\\\/29\\\/impulsan-curp-biometrica-en-tamaulipas-preven-ampliar-modulos-este-mismo-ano\\\/#primaryimage\",\"url\":\"https:\\\/\\\/elinformativotam.com\\\/wp-content\\\/uploads\\\/2026\\\/04\\\/Curp-biometrica.jpg\",\"contentUrl\":\"https:\\\/\\\/elinformativotam.com\\\/wp-content\\\/uploads\\\/2026\\\/04\\\/Curp-biometrica.jpg\",\"width\":2048,\"height\":1536},{\"@type\":\"WebSite\",\"@id\":\"https:\\\/\\\/elinformativotam.com\\\/#website\",\"url\":\"https:\\\/\\\/elinformativotam.com\\\/\",\"name\":\"EL INFORMATIVO DE TAMAULIPAS\",\"description\":\"Desde la Zona Metropolitana Para Todo M\u00e9xico\",\"publisher\":{\"@id\":\"https:\\\/\\\/elinformativotam.com\\\/#organization\"},\"potentialAction\":[{\"@type\":\"SearchAction\",\"target\":{\"@type\":\"EntryPoint\",\"urlTemplate\":\"https:\\\/\\\/elinformativotam.com\\\/?s={search_term_string}\"},\"query-input\":{\"@type\":\"PropertyValueSpecification\",\"valueRequired\":true,\"valueName\":\"search_term_string\"}}],\"inLanguage\":\"es\"},{\"@type\":\"Organization\",\"@id\":\"https:\\\/\\\/elinformativotam.com\\\/#organization\",\"name\":\"EL INFORMATIVO DE TAMAULIPAS\",\"url\":\"https:\\\/\\\/elinformativotam.com\\\/\",\"logo\":{\"@type\":\"ImageObject\",\"inLanguage\":\"es\",\"@id\":\"https:\\\/\\\/elinformativotam.com\\\/#\\\/schema\\\/logo\\\/image\\\/\",\"url\":\"https:\\\/\\\/elinformativotam.com\\\/wp-content\\\/uploads\\\/2026\\\/02\\\/Cabezal.png\",\"contentUrl\":\"https:\\\/\\\/elinformativotam.com\\\/wp-content\\\/uploads\\\/2026\\\/02\\\/Cabezal.png\",\"width\":960,\"height\":640,\"caption\":\"EL INFORMATIVO DE TAMAULIPAS\"},\"image\":{\"@id\":\"https:\\\/\\\/elinformativotam.com\\\/#\\\/schema\\\/logo\\\/image\\\/\"}},{\"@type\":\"Person\",\"@id\":\"https:\\\/\\\/elinformativotam.com\\\/#\\\/schema\\\/person\\\/78e08040eed0f6110f0c5f83b6153590\",\"name\":\"El Informativo Tam\",\"image\":{\"@type\":\"ImageObject\",\"inLanguage\":\"es\",\"@id\":\"https:\\\/\\\/secure.gravatar.com\\\/avatar\\\/f3b7ad3af540688955925ac610647be00b0cf41feea9c4978b73a707ee86bc53?s=96&d=mm&r=g\",\"url\":\"https:\\\/\\\/secure.gravatar.com\\\/avatar\\\/f3b7ad3af540688955925ac610647be00b0cf41feea9c4978b73a707ee86bc53?s=96&d=mm&r=g\",\"contentUrl\":\"https:\\\/\\\/secure.gravatar.com\\\/avatar\\\/f3b7ad3af540688955925ac610647be00b0cf41feea9c4978b73a707ee86bc53?s=96&d=mm&r=g\",\"caption\":\"El Informativo Tam\"}}]}<\/script>\n<!-- \/ Yoast SEO plugin. -->","yoast_head_json":{"title":"Impulsan CURP Biom\u00e9trica En Tamaulipas; Prev\u00e9n Ampliar M\u00f3dulos Este Mismo A\u00f1o. - EL INFORMATIVO DE TAMAULIPAS","description":"Cd. Madero, Tamaulipas.\u2013 La expedici\u00f3n de la CURP biom\u00e9trica ya se encuentra disponible en Tamaulipas, aunque por el momento \u00fanicamente puede tramitarse","robots":{"index":"index","follow":"follow","max-snippet":"max-snippet:-1","max-image-preview":"max-image-preview:large","max-video-preview":"max-video-preview:-1"},"canonical":"https:\/\/elinformativotam.com\/index.php\/2026\/04\/29\/impulsan-curp-biometrica-en-tamaulipas-preven-ampliar-modulos-este-mismo-ano\/","og_locale":"es_MX","og_type":"article","og_title":"Impulsan CURP Biom\u00e9trica En Tamaulipas; Prev\u00e9n Ampliar M\u00f3dulos Este Mismo A\u00f1o. - EL INFORMATIVO DE TAMAULIPAS","og_description":"Cd. Madero, Tamaulipas.\u2013 La expedici\u00f3n de la CURP biom\u00e9trica ya se encuentra disponible en Tamaulipas, aunque por el momento \u00fanicamente puede tramitarse","og_url":"https:\/\/elinformativotam.com\/index.php\/2026\/04\/29\/impulsan-curp-biometrica-en-tamaulipas-preven-ampliar-modulos-este-mismo-ano\/","og_site_name":"EL INFORMATIVO DE TAMAULIPAS","article_published_time":"2026-04-30T03:07:34+00:00","og_image":[{"width":2048,"height":1536,"url":"https:\/\/elinformativotam.com\/wp-content\/uploads\/2026\/04\/Curp-biometrica.jpg","type":"image\/jpeg"}],"author":"El Informativo Tam","twitter_card":"summary_large_image","twitter_misc":{"Escrito por":"El Informativo Tam","Tiempo de lectura":"2 minutos"},"schema":{"@context":"https:\/\/schema.org","@graph":[{"@type":"Article","@id":"https:\/\/elinformativotam.com\/index.php\/2026\/04\/29\/impulsan-curp-biometrica-en-tamaulipas-preven-ampliar-modulos-este-mismo-ano\/#article","isPartOf":{"@id":"https:\/\/elinformativotam.com\/index.php\/2026\/04\/29\/impulsan-curp-biometrica-en-tamaulipas-preven-ampliar-modulos-este-mismo-ano\/"},"author":{"name":"El Informativo Tam","@id":"https:\/\/elinformativotam.com\/#\/schema\/person\/78e08040eed0f6110f0c5f83b6153590"},"headline":"Impulsan CURP Biom\u00e9trica En Tamaulipas; Prev\u00e9n Ampliar M\u00f3dulos Este Mismo A\u00f1o.","datePublished":"2026-04-30T03:07:34+00:00","mainEntityOfPage":{"@id":"https:\/\/elinformativotam.com\/index.php\/2026\/04\/29\/impulsan-curp-biometrica-en-tamaulipas-preven-ampliar-modulos-este-mismo-ano\/"},"wordCount":300,"commentCount":0,"publisher":{"@id":"https:\/\/elinformativotam.com\/#organization"},"image":{"@id":"https:\/\/elinformativotam.com\/index.php\/2026\/04\/29\/impulsan-curp-biometrica-en-tamaulipas-preven-ampliar-modulos-este-mismo-ano\/#primaryimage"},"thumbnailUrl":"https:\/\/elinformativotam.com\/wp-content\/uploads\/2026\/04\/Curp-biometrica.jpg","articleSection":["Cd Madero"],"inLanguage":"es","potentialAction":[{"@type":"CommentAction","name":"Comment","target":["https:\/\/elinformativotam.com\/index.php\/2026\/04\/29\/impulsan-curp-biometrica-en-tamaulipas-preven-ampliar-modulos-este-mismo-ano\/#respond"]}]},{"@type":"WebPage","@id":"https:\/\/elinformativotam.com\/index.php\/2026\/04\/29\/impulsan-curp-biometrica-en-tamaulipas-preven-ampliar-modulos-este-mismo-ano\/","url":"https:\/\/elinformativotam.com\/index.php\/2026\/04\/29\/impulsan-curp-biometrica-en-tamaulipas-preven-ampliar-modulos-este-mismo-ano\/","name":"Impulsan CURP Biom\u00e9trica En Tamaulipas; Prev\u00e9n Ampliar M\u00f3dulos Este Mismo A\u00f1o. - EL INFORMATIVO DE TAMAULIPAS","isPartOf":{"@id":"https:\/\/elinformativotam.com\/#website"},"primaryImageOfPage":{"@id":"https:\/\/elinformativotam.com\/index.php\/2026\/04\/29\/impulsan-curp-biometrica-en-tamaulipas-preven-ampliar-modulos-este-mismo-ano\/#primaryimage"},"image":{"@id":"https:\/\/elinformativotam.com\/index.php\/2026\/04\/29\/impulsan-curp-biometrica-en-tamaulipas-preven-ampliar-modulos-este-mismo-ano\/#primaryimage"},"thumbnailUrl":"https:\/\/elinformativotam.com\/wp-content\/uploads\/2026\/04\/Curp-biometrica.jpg","datePublished":"2026-04-30T03:07:34+00:00","description":"Cd. Madero, Tamaulipas.\u2013 La expedici\u00f3n de la CURP biom\u00e9trica ya se encuentra disponible en Tamaulipas, aunque por el momento \u00fanicamente puede tramitarse","inLanguage":"es","potentialAction":[{"@type":"ReadAction","target":["https:\/\/elinformativotam.com\/index.php\/2026\/04\/29\/impulsan-curp-biometrica-en-tamaulipas-preven-ampliar-modulos-este-mismo-ano\/"]}]},{"@type":"ImageObject","inLanguage":"es","@id":"https:\/\/elinformativotam.com\/index.php\/2026\/04\/29\/impulsan-curp-biometrica-en-tamaulipas-preven-ampliar-modulos-este-mismo-ano\/#primaryimage","url":"https:\/\/elinformativotam.com\/wp-content\/uploads\/2026\/04\/Curp-biometrica.jpg","contentUrl":"https:\/\/elinformativotam.com\/wp-content\/uploads\/2026\/04\/Curp-biometrica.jpg","width":2048,"height":1536},{"@type":"WebSite","@id":"https:\/\/elinformativotam.com\/#website","url":"https:\/\/elinformativotam.com\/","name":"EL INFORMATIVO DE TAMAULIPAS","description":"Desde la Zona Metropolitana Para Todo M\u00e9xico","publisher":{"@id":"https:\/\/elinformativotam.com\/#organization"},"potentialAction":[{"@type":"SearchAction","target":{"@type":"EntryPoint","urlTemplate":"https:\/\/elinformativotam.com\/?s={search_term_string}"},"query-input":{"@type":"PropertyValueSpecification","valueRequired":true,"valueName":"search_term_string"}}],"inLanguage":"es"},{"@type":"Organization","@id":"https:\/\/elinformativotam.com\/#organization","name":"EL INFORMATIVO DE TAMAULIPAS","url":"https:\/\/elinformativotam.com\/","logo":{"@type":"ImageObject","inLanguage":"es","@id":"https:\/\/elinformativotam.com\/#\/schema\/logo\/image\/","url":"https:\/\/elinformativotam.com\/wp-content\/uploads\/2026\/02\/Cabezal.png","contentUrl":"https:\/\/elinformativotam.com\/wp-content\/uploads\/2026\/02\/Cabezal.png","width":960,"height":640,"caption":"EL INFORMATIVO DE TAMAULIPAS"},"image":{"@id":"https:\/\/elinformativotam.com\/#\/schema\/logo\/image\/"}},{"@type":"Person","@id":"https:\/\/elinformativotam.com\/#\/schema\/person\/78e08040eed0f6110f0c5f83b6153590","name":"El Informativo Tam","image":{"@type":"ImageObject","inLanguage":"es","@id":"https:\/\/secure.gravatar.com\/avatar\/f3b7ad3af540688955925ac610647be00b0cf41feea9c4978b73a707ee86bc53?s=96&d=mm&r=g","url":"https:\/\/secure.gravatar.com\/avatar\/f3b7ad3af540688955925ac610647be00b0cf41feea9c4978b73a707ee86bc53?s=96&d=mm&r=g","contentUrl":"https:\/\/secure.gravatar.com\/avatar\/f3b7ad3af540688955925ac610647be00b0cf41feea9c4978b73a707ee86bc53?s=96&d=mm&r=g","caption":"El Informativo Tam"}}]}},"_links":{"self":[{"href":"https:\/\/elinformativotam.com\/index.php\/wp-json\/wp\/v2\/posts\/57673","targetHints":{"allow":["GET"]}}],"collection":[{"href":"https:\/\/elinformativotam.com\/index.php\/wp-json\/wp\/v2\/posts"}],"about":[{"href":"https:\/\/elinformativotam.com\/index.php\/wp-json\/wp\/v2\/types\/post"}],"author":[{"embeddable":true,"href":"https:\/\/elinformativotam.com\/index.php\/wp-json\/wp\/v2\/users\/1"}],"replies":[{"embeddable":true,"href":"https:\/\/elinformativotam.com\/index.php\/wp-json\/wp\/v2\/comments?post=57673"}],"version-history":[{"count":1,"href":"https:\/\/elinformativotam.com\/index.php\/wp-json\/wp\/v2\/posts\/57673\/revisions"}],"predecessor-version":[{"id":57674,"href":"https:\/\/elinformativotam.com\/index.php\/wp-json\/wp\/v2\/posts\/57673\/revisions\/57674"}],"wp:featuredmedia":[{"embeddable":true,"href":"https:\/\/elinformativotam.com\/index.php\/wp-json\/wp\/v2\/media\/57668"}],"wp:attachment":[{"href":"https:\/\/elinformativotam.com\/index.php\/wp-json\/wp\/v2\/media?parent=57673"}],"wp:term":[{"taxonomy":"category","embeddable":true,"href":"https:\/\/elinformativotam.com\/index.php\/wp-json\/wp\/v2\/categories?post=57673"},{"taxonomy":"post_tag","embeddable":true,"href":"https:\/\/elinformativotam.com\/index.php\/wp-json\/wp\/v2\/tags?post=57673"}],"curies":[{"name":"wp","href":"https:\/\/api.w.org\/{rel}","templated":true}]}}