{"id":57663,"date":"2026-04-28T22:26:28","date_gmt":"2026-04-29T04:26:28","guid":{"rendered":"https:\/\/elinformativotam.com\/?p=57663"},"modified":"2026-04-28T22:26:28","modified_gmt":"2026-04-29T04:26:28","slug":"refuerzan-capacitacion-ante-temporada-de-lluvias-y-ciclones-tras-encuentro-nacional-en-veracruz","status":"publish","type":"post","link":"https:\/\/elinformativotam.com\/index.php\/2026\/04\/28\/refuerzan-capacitacion-ante-temporada-de-lluvias-y-ciclones-tras-encuentro-nacional-en-veracruz\/","title":{"rendered":"Refuerzan Capacitaci\u00f3n Ante Temporada De Lluvias Y Ciclones Tras Encuentro Nacional En Veracruz."},"content":{"rendered":"<p>Cd. Madero, Tamaulipas.- Con el objetivo de fortalecer la capacidad de respuesta ante la pr\u00f3xima temporada de lluvias y ciclones, elementos de Protecci\u00f3n Civil de Madero participaron en una jornada nacional de capacitaci\u00f3n realizada en el World Trade Center de Boca del R\u00edo, Veracruz, donde se congregaron autoridades de los tres niveles de gobierno.<\/p>\n<p>&nbsp;<\/p>\n<p>Ricardo Aguirre Mart\u00ednez, director de Protecci\u00f3n Civil, dijo que en este encuentro estuvieron presentes instancias como el Sistema Nacional de Protecci\u00f3n Civil, el Centro Nacional de Prevenci\u00f3n de Desastres (Cenapred), as\u00ed como corporaciones municipales y estatales de todo el pa\u00eds.<\/p>\n<p>&nbsp;<\/p>\n<p>Detall\u00f3 que durante la jornada se impartieron diversos talleres enfocados en la atenci\u00f3n de emergencias, entre ellos operaci\u00f3n de Centros de Operaciones de Emergencia (COE), apoyo psicol\u00f3gico en situaciones de crisis y planeaci\u00f3n ante inundaciones.<\/p>\n<p>&nbsp;<\/p>\n<p>\u201cTodos los talleres fueron de gran importancia. Participamos en temas clave que nos permitir\u00e1n mejorar nuestra respuesta ante cualquier contingencia, vamos a aterrizar esta informaci\u00f3n y tropicalizarla para aplicarla en nuestro municipio, especialmente en escenarios de riesgo por lluvias\u201d.<\/p>\n<p>&nbsp;<\/p>\n<p>Aguirre Mart\u00ednez destac\u00f3 que la capacitaci\u00f3n fue posible gracias al respaldo del alcalde, quien ha priorizado la preparaci\u00f3n constante del personal. En esta ocasi\u00f3n, acudieron un inspector, dos bomberos y el propio director de la dependencia.<\/p>\n<p>&nbsp;<\/p>\n<p>A\u00f1adi\u00f3 que los conocimientos adquiridos ser\u00e1n replicados al interior de la corporaci\u00f3n y adaptados a las condiciones locales, con el prop\u00f3sito de fortalecer los planes de atenci\u00f3n ante posibles inundaciones.<\/p>\n<p>&nbsp;<\/p>\n<p>Indic\u00f3 que, en coordinaci\u00f3n con otras \u00e1reas como Servicios P\u00fablicos, se mantienen labores preventivas como la limpieza de canales y lagunas, lo que contribuir\u00e1 a reducir afectaciones durante la temporada.<\/p>\n<p>&nbsp;<\/p>\n<p>Finalmente, se\u00f1al\u00f3 que, de acuerdo con la informaci\u00f3n proporcionada en el encuentro, se prev\u00e9 una disminuci\u00f3n en la intensidad de los fen\u00f3menos meteorol\u00f3gicos en el Atl\u00e1ntico; no obstante, reiter\u00f3 que las autoridades se mantendr\u00e1n preparadas para atender cualquier eventualidad y exhort\u00f3 a la ciudadan\u00eda a colaborar en las acciones preventivas.<\/p>\n<p>&nbsp;<\/p>\n<p>&nbsp;<\/p>\n<p>&nbsp;<\/p>\n","protected":false},"excerpt":{"rendered":"<p>Cd. Madero, Tamaulipas.- Con el objetivo de fortalecer la capacidad de respuesta ante la pr\u00f3xima temporada de lluvias y ciclones,&hellip;<\/p>\n","protected":false},"author":1,"featured_media":57664,"comment_status":"open","ping_status":"open","sticky":false,"template":"","format":"standard","meta":{"footnotes":""},"categories":[4],"tags":[],"class_list":["post-57663","post","type-post","status-publish","format-standard","has-post-thumbnail","hentry","category-madero"],"yoast_head":"<!-- This site is optimized with the Yoast SEO plugin v27.5 - https:\/\/yoast.com\/product\/yoast-seo-wordpress\/ -->\n<title>Refuerzan Capacitaci\u00f3n Ante Temporada De Lluvias Y Ciclones Tras Encuentro Nacional En Veracruz. - EL INFORMATIVO DE TAMAULIPAS<\/title>\n<meta name=\"description\" content=\"Cd. Madero, Tamaulipas.- Con el objetivo de fortalecer la capacidad de respuesta ante la pr\u00f3xima temporada de lluvias y ciclones, elementos de Protecci\u00f3n\" \/>\n<meta name=\"robots\" content=\"index, follow, max-snippet:-1, max-image-preview:large, max-video-preview:-1\" \/>\n<link rel=\"canonical\" href=\"https:\/\/elinformativotam.com\/index.php\/2026\/04\/28\/refuerzan-capacitacion-ante-temporada-de-lluvias-y-ciclones-tras-encuentro-nacional-en-veracruz\/\" \/>\n<meta property=\"og:locale\" content=\"es_MX\" \/>\n<meta property=\"og:type\" content=\"article\" \/>\n<meta property=\"og:title\" content=\"Refuerzan Capacitaci\u00f3n Ante Temporada De Lluvias Y Ciclones Tras Encuentro Nacional En Veracruz. - EL INFORMATIVO DE TAMAULIPAS\" \/>\n<meta property=\"og:description\" content=\"Cd. Madero, Tamaulipas.- Con el objetivo de fortalecer la capacidad de respuesta ante la pr\u00f3xima temporada de lluvias y ciclones, elementos de Protecci\u00f3n\" \/>\n<meta property=\"og:url\" content=\"https:\/\/elinformativotam.com\/index.php\/2026\/04\/28\/refuerzan-capacitacion-ante-temporada-de-lluvias-y-ciclones-tras-encuentro-nacional-en-veracruz\/\" \/>\n<meta property=\"og:site_name\" content=\"EL INFORMATIVO DE TAMAULIPAS\" \/>\n<meta property=\"article:published_time\" content=\"2026-04-29T04:26:28+00:00\" \/>\n<meta property=\"og:image\" content=\"https:\/\/elinformativotam.com\/wp-content\/uploads\/2026\/04\/Proteccion-Civil-Madero.jpg\" \/>\n\t<meta property=\"og:image:width\" content=\"1600\" \/>\n\t<meta property=\"og:image:height\" content=\"900\" \/>\n\t<meta property=\"og:image:type\" content=\"image\/jpeg\" \/>\n<meta name=\"author\" content=\"El Informativo Tam\" \/>\n<meta name=\"twitter:card\" content=\"summary_large_image\" \/>\n<meta name=\"twitter:label1\" content=\"Escrito por\" \/>\n\t<meta name=\"twitter:data1\" content=\"El Informativo Tam\" \/>\n\t<meta name=\"twitter:label2\" content=\"Tiempo de lectura\" \/>\n\t<meta name=\"twitter:data2\" content=\"1 minuto\" \/>\n<script type=\"application\/ld+json\" class=\"yoast-schema-graph\">{\"@context\":\"https:\\\/\\\/schema.org\",\"@graph\":[{\"@type\":\"Article\",\"@id\":\"https:\\\/\\\/elinformativotam.com\\\/index.php\\\/2026\\\/04\\\/28\\\/refuerzan-capacitacion-ante-temporada-de-lluvias-y-ciclones-tras-encuentro-nacional-en-veracruz\\\/#article\",\"isPartOf\":{\"@id\":\"https:\\\/\\\/elinformativotam.com\\\/index.php\\\/2026\\\/04\\\/28\\\/refuerzan-capacitacion-ante-temporada-de-lluvias-y-ciclones-tras-encuentro-nacional-en-veracruz\\\/\"},\"author\":{\"name\":\"El Informativo Tam\",\"@id\":\"https:\\\/\\\/elinformativotam.com\\\/#\\\/schema\\\/person\\\/78e08040eed0f6110f0c5f83b6153590\"},\"headline\":\"Refuerzan Capacitaci\u00f3n Ante Temporada De Lluvias Y Ciclones Tras Encuentro Nacional En Veracruz.\",\"datePublished\":\"2026-04-29T04:26:28+00:00\",\"mainEntityOfPage\":{\"@id\":\"https:\\\/\\\/elinformativotam.com\\\/index.php\\\/2026\\\/04\\\/28\\\/refuerzan-capacitacion-ante-temporada-de-lluvias-y-ciclones-tras-encuentro-nacional-en-veracruz\\\/\"},\"wordCount\":373,\"commentCount\":0,\"publisher\":{\"@id\":\"https:\\\/\\\/elinformativotam.com\\\/#organization\"},\"image\":{\"@id\":\"https:\\\/\\\/elinformativotam.com\\\/index.php\\\/2026\\\/04\\\/28\\\/refuerzan-capacitacion-ante-temporada-de-lluvias-y-ciclones-tras-encuentro-nacional-en-veracruz\\\/#primaryimage\"},\"thumbnailUrl\":\"https:\\\/\\\/elinformativotam.com\\\/wp-content\\\/uploads\\\/2026\\\/04\\\/Proteccion-Civil-Madero.jpg\",\"articleSection\":[\"Cd Madero\"],\"inLanguage\":\"es\",\"potentialAction\":[{\"@type\":\"CommentAction\",\"name\":\"Comment\",\"target\":[\"https:\\\/\\\/elinformativotam.com\\\/index.php\\\/2026\\\/04\\\/28\\\/refuerzan-capacitacion-ante-temporada-de-lluvias-y-ciclones-tras-encuentro-nacional-en-veracruz\\\/#respond\"]}]},{\"@type\":\"WebPage\",\"@id\":\"https:\\\/\\\/elinformativotam.com\\\/index.php\\\/2026\\\/04\\\/28\\\/refuerzan-capacitacion-ante-temporada-de-lluvias-y-ciclones-tras-encuentro-nacional-en-veracruz\\\/\",\"url\":\"https:\\\/\\\/elinformativotam.com\\\/index.php\\\/2026\\\/04\\\/28\\\/refuerzan-capacitacion-ante-temporada-de-lluvias-y-ciclones-tras-encuentro-nacional-en-veracruz\\\/\",\"name\":\"Refuerzan Capacitaci\u00f3n Ante Temporada De Lluvias Y Ciclones Tras Encuentro Nacional En Veracruz. - EL INFORMATIVO DE TAMAULIPAS\",\"isPartOf\":{\"@id\":\"https:\\\/\\\/elinformativotam.com\\\/#website\"},\"primaryImageOfPage\":{\"@id\":\"https:\\\/\\\/elinformativotam.com\\\/index.php\\\/2026\\\/04\\\/28\\\/refuerzan-capacitacion-ante-temporada-de-lluvias-y-ciclones-tras-encuentro-nacional-en-veracruz\\\/#primaryimage\"},\"image\":{\"@id\":\"https:\\\/\\\/elinformativotam.com\\\/index.php\\\/2026\\\/04\\\/28\\\/refuerzan-capacitacion-ante-temporada-de-lluvias-y-ciclones-tras-encuentro-nacional-en-veracruz\\\/#primaryimage\"},\"thumbnailUrl\":\"https:\\\/\\\/elinformativotam.com\\\/wp-content\\\/uploads\\\/2026\\\/04\\\/Proteccion-Civil-Madero.jpg\",\"datePublished\":\"2026-04-29T04:26:28+00:00\",\"description\":\"Cd. Madero, Tamaulipas.- Con el objetivo de fortalecer la capacidad de respuesta ante la pr\u00f3xima temporada de lluvias y ciclones, elementos de Protecci\u00f3n\",\"inLanguage\":\"es\",\"potentialAction\":[{\"@type\":\"ReadAction\",\"target\":[\"https:\\\/\\\/elinformativotam.com\\\/index.php\\\/2026\\\/04\\\/28\\\/refuerzan-capacitacion-ante-temporada-de-lluvias-y-ciclones-tras-encuentro-nacional-en-veracruz\\\/\"]}]},{\"@type\":\"ImageObject\",\"inLanguage\":\"es\",\"@id\":\"https:\\\/\\\/elinformativotam.com\\\/index.php\\\/2026\\\/04\\\/28\\\/refuerzan-capacitacion-ante-temporada-de-lluvias-y-ciclones-tras-encuentro-nacional-en-veracruz\\\/#primaryimage\",\"url\":\"https:\\\/\\\/elinformativotam.com\\\/wp-content\\\/uploads\\\/2026\\\/04\\\/Proteccion-Civil-Madero.jpg\",\"contentUrl\":\"https:\\\/\\\/elinformativotam.com\\\/wp-content\\\/uploads\\\/2026\\\/04\\\/Proteccion-Civil-Madero.jpg\",\"width\":1600,\"height\":900},{\"@type\":\"WebSite\",\"@id\":\"https:\\\/\\\/elinformativotam.com\\\/#website\",\"url\":\"https:\\\/\\\/elinformativotam.com\\\/\",\"name\":\"EL INFORMATIVO DE TAMAULIPAS\",\"description\":\"Desde la Zona Metropolitana Para Todo M\u00e9xico\",\"publisher\":{\"@id\":\"https:\\\/\\\/elinformativotam.com\\\/#organization\"},\"potentialAction\":[{\"@type\":\"SearchAction\",\"target\":{\"@type\":\"EntryPoint\",\"urlTemplate\":\"https:\\\/\\\/elinformativotam.com\\\/?s={search_term_string}\"},\"query-input\":{\"@type\":\"PropertyValueSpecification\",\"valueRequired\":true,\"valueName\":\"search_term_string\"}}],\"inLanguage\":\"es\"},{\"@type\":\"Organization\",\"@id\":\"https:\\\/\\\/elinformativotam.com\\\/#organization\",\"name\":\"EL INFORMATIVO DE TAMAULIPAS\",\"url\":\"https:\\\/\\\/elinformativotam.com\\\/\",\"logo\":{\"@type\":\"ImageObject\",\"inLanguage\":\"es\",\"@id\":\"https:\\\/\\\/elinformativotam.com\\\/#\\\/schema\\\/logo\\\/image\\\/\",\"url\":\"https:\\\/\\\/elinformativotam.com\\\/wp-content\\\/uploads\\\/2026\\\/02\\\/Cabezal.png\",\"contentUrl\":\"https:\\\/\\\/elinformativotam.com\\\/wp-content\\\/uploads\\\/2026\\\/02\\\/Cabezal.png\",\"width\":960,\"height\":640,\"caption\":\"EL INFORMATIVO DE TAMAULIPAS\"},\"image\":{\"@id\":\"https:\\\/\\\/elinformativotam.com\\\/#\\\/schema\\\/logo\\\/image\\\/\"}},{\"@type\":\"Person\",\"@id\":\"https:\\\/\\\/elinformativotam.com\\\/#\\\/schema\\\/person\\\/78e08040eed0f6110f0c5f83b6153590\",\"name\":\"El Informativo Tam\",\"image\":{\"@type\":\"ImageObject\",\"inLanguage\":\"es\",\"@id\":\"https:\\\/\\\/secure.gravatar.com\\\/avatar\\\/f3b7ad3af540688955925ac610647be00b0cf41feea9c4978b73a707ee86bc53?s=96&d=mm&r=g\",\"url\":\"https:\\\/\\\/secure.gravatar.com\\\/avatar\\\/f3b7ad3af540688955925ac610647be00b0cf41feea9c4978b73a707ee86bc53?s=96&d=mm&r=g\",\"contentUrl\":\"https:\\\/\\\/secure.gravatar.com\\\/avatar\\\/f3b7ad3af540688955925ac610647be00b0cf41feea9c4978b73a707ee86bc53?s=96&d=mm&r=g\",\"caption\":\"El Informativo Tam\"}}]}<\/script>\n<!-- \/ Yoast SEO plugin. -->","yoast_head_json":{"title":"Refuerzan Capacitaci\u00f3n Ante Temporada De Lluvias Y Ciclones Tras Encuentro Nacional En Veracruz. - EL INFORMATIVO DE TAMAULIPAS","description":"Cd. Madero, Tamaulipas.- Con el objetivo de fortalecer la capacidad de respuesta ante la pr\u00f3xima temporada de lluvias y ciclones, elementos de Protecci\u00f3n","robots":{"index":"index","follow":"follow","max-snippet":"max-snippet:-1","max-image-preview":"max-image-preview:large","max-video-preview":"max-video-preview:-1"},"canonical":"https:\/\/elinformativotam.com\/index.php\/2026\/04\/28\/refuerzan-capacitacion-ante-temporada-de-lluvias-y-ciclones-tras-encuentro-nacional-en-veracruz\/","og_locale":"es_MX","og_type":"article","og_title":"Refuerzan Capacitaci\u00f3n Ante Temporada De Lluvias Y Ciclones Tras Encuentro Nacional En Veracruz. - EL INFORMATIVO DE TAMAULIPAS","og_description":"Cd. Madero, Tamaulipas.- Con el objetivo de fortalecer la capacidad de respuesta ante la pr\u00f3xima temporada de lluvias y ciclones, elementos de Protecci\u00f3n","og_url":"https:\/\/elinformativotam.com\/index.php\/2026\/04\/28\/refuerzan-capacitacion-ante-temporada-de-lluvias-y-ciclones-tras-encuentro-nacional-en-veracruz\/","og_site_name":"EL INFORMATIVO DE TAMAULIPAS","article_published_time":"2026-04-29T04:26:28+00:00","og_image":[{"width":1600,"height":900,"url":"https:\/\/elinformativotam.com\/wp-content\/uploads\/2026\/04\/Proteccion-Civil-Madero.jpg","type":"image\/jpeg"}],"author":"El Informativo Tam","twitter_card":"summary_large_image","twitter_misc":{"Escrito por":"El Informativo Tam","Tiempo de lectura":"1 minuto"},"schema":{"@context":"https:\/\/schema.org","@graph":[{"@type":"Article","@id":"https:\/\/elinformativotam.com\/index.php\/2026\/04\/28\/refuerzan-capacitacion-ante-temporada-de-lluvias-y-ciclones-tras-encuentro-nacional-en-veracruz\/#article","isPartOf":{"@id":"https:\/\/elinformativotam.com\/index.php\/2026\/04\/28\/refuerzan-capacitacion-ante-temporada-de-lluvias-y-ciclones-tras-encuentro-nacional-en-veracruz\/"},"author":{"name":"El Informativo Tam","@id":"https:\/\/elinformativotam.com\/#\/schema\/person\/78e08040eed0f6110f0c5f83b6153590"},"headline":"Refuerzan Capacitaci\u00f3n Ante Temporada De Lluvias Y Ciclones Tras Encuentro Nacional En Veracruz.","datePublished":"2026-04-29T04:26:28+00:00","mainEntityOfPage":{"@id":"https:\/\/elinformativotam.com\/index.php\/2026\/04\/28\/refuerzan-capacitacion-ante-temporada-de-lluvias-y-ciclones-tras-encuentro-nacional-en-veracruz\/"},"wordCount":373,"commentCount":0,"publisher":{"@id":"https:\/\/elinformativotam.com\/#organization"},"image":{"@id":"https:\/\/elinformativotam.com\/index.php\/2026\/04\/28\/refuerzan-capacitacion-ante-temporada-de-lluvias-y-ciclones-tras-encuentro-nacional-en-veracruz\/#primaryimage"},"thumbnailUrl":"https:\/\/elinformativotam.com\/wp-content\/uploads\/2026\/04\/Proteccion-Civil-Madero.jpg","articleSection":["Cd Madero"],"inLanguage":"es","potentialAction":[{"@type":"CommentAction","name":"Comment","target":["https:\/\/elinformativotam.com\/index.php\/2026\/04\/28\/refuerzan-capacitacion-ante-temporada-de-lluvias-y-ciclones-tras-encuentro-nacional-en-veracruz\/#respond"]}]},{"@type":"WebPage","@id":"https:\/\/elinformativotam.com\/index.php\/2026\/04\/28\/refuerzan-capacitacion-ante-temporada-de-lluvias-y-ciclones-tras-encuentro-nacional-en-veracruz\/","url":"https:\/\/elinformativotam.com\/index.php\/2026\/04\/28\/refuerzan-capacitacion-ante-temporada-de-lluvias-y-ciclones-tras-encuentro-nacional-en-veracruz\/","name":"Refuerzan Capacitaci\u00f3n Ante Temporada De Lluvias Y Ciclones Tras Encuentro Nacional En Veracruz. - EL INFORMATIVO DE TAMAULIPAS","isPartOf":{"@id":"https:\/\/elinformativotam.com\/#website"},"primaryImageOfPage":{"@id":"https:\/\/elinformativotam.com\/index.php\/2026\/04\/28\/refuerzan-capacitacion-ante-temporada-de-lluvias-y-ciclones-tras-encuentro-nacional-en-veracruz\/#primaryimage"},"image":{"@id":"https:\/\/elinformativotam.com\/index.php\/2026\/04\/28\/refuerzan-capacitacion-ante-temporada-de-lluvias-y-ciclones-tras-encuentro-nacional-en-veracruz\/#primaryimage"},"thumbnailUrl":"https:\/\/elinformativotam.com\/wp-content\/uploads\/2026\/04\/Proteccion-Civil-Madero.jpg","datePublished":"2026-04-29T04:26:28+00:00","description":"Cd. Madero, Tamaulipas.- Con el objetivo de fortalecer la capacidad de respuesta ante la pr\u00f3xima temporada de lluvias y ciclones, elementos de Protecci\u00f3n","inLanguage":"es","potentialAction":[{"@type":"ReadAction","target":["https:\/\/elinformativotam.com\/index.php\/2026\/04\/28\/refuerzan-capacitacion-ante-temporada-de-lluvias-y-ciclones-tras-encuentro-nacional-en-veracruz\/"]}]},{"@type":"ImageObject","inLanguage":"es","@id":"https:\/\/elinformativotam.com\/index.php\/2026\/04\/28\/refuerzan-capacitacion-ante-temporada-de-lluvias-y-ciclones-tras-encuentro-nacional-en-veracruz\/#primaryimage","url":"https:\/\/elinformativotam.com\/wp-content\/uploads\/2026\/04\/Proteccion-Civil-Madero.jpg","contentUrl":"https:\/\/elinformativotam.com\/wp-content\/uploads\/2026\/04\/Proteccion-Civil-Madero.jpg","width":1600,"height":900},{"@type":"WebSite","@id":"https:\/\/elinformativotam.com\/#website","url":"https:\/\/elinformativotam.com\/","name":"EL INFORMATIVO DE TAMAULIPAS","description":"Desde la Zona Metropolitana Para Todo M\u00e9xico","publisher":{"@id":"https:\/\/elinformativotam.com\/#organization"},"potentialAction":[{"@type":"SearchAction","target":{"@type":"EntryPoint","urlTemplate":"https:\/\/elinformativotam.com\/?s={search_term_string}"},"query-input":{"@type":"PropertyValueSpecification","valueRequired":true,"valueName":"search_term_string"}}],"inLanguage":"es"},{"@type":"Organization","@id":"https:\/\/elinformativotam.com\/#organization","name":"EL INFORMATIVO DE TAMAULIPAS","url":"https:\/\/elinformativotam.com\/","logo":{"@type":"ImageObject","inLanguage":"es","@id":"https:\/\/elinformativotam.com\/#\/schema\/logo\/image\/","url":"https:\/\/elinformativotam.com\/wp-content\/uploads\/2026\/02\/Cabezal.png","contentUrl":"https:\/\/elinformativotam.com\/wp-content\/uploads\/2026\/02\/Cabezal.png","width":960,"height":640,"caption":"EL INFORMATIVO DE TAMAULIPAS"},"image":{"@id":"https:\/\/elinformativotam.com\/#\/schema\/logo\/image\/"}},{"@type":"Person","@id":"https:\/\/elinformativotam.com\/#\/schema\/person\/78e08040eed0f6110f0c5f83b6153590","name":"El Informativo Tam","image":{"@type":"ImageObject","inLanguage":"es","@id":"https:\/\/secure.gravatar.com\/avatar\/f3b7ad3af540688955925ac610647be00b0cf41feea9c4978b73a707ee86bc53?s=96&d=mm&r=g","url":"https:\/\/secure.gravatar.com\/avatar\/f3b7ad3af540688955925ac610647be00b0cf41feea9c4978b73a707ee86bc53?s=96&d=mm&r=g","contentUrl":"https:\/\/secure.gravatar.com\/avatar\/f3b7ad3af540688955925ac610647be00b0cf41feea9c4978b73a707ee86bc53?s=96&d=mm&r=g","caption":"El Informativo Tam"}}]}},"_links":{"self":[{"href":"https:\/\/elinformativotam.com\/index.php\/wp-json\/wp\/v2\/posts\/57663","targetHints":{"allow":["GET"]}}],"collection":[{"href":"https:\/\/elinformativotam.com\/index.php\/wp-json\/wp\/v2\/posts"}],"about":[{"href":"https:\/\/elinformativotam.com\/index.php\/wp-json\/wp\/v2\/types\/post"}],"author":[{"embeddable":true,"href":"https:\/\/elinformativotam.com\/index.php\/wp-json\/wp\/v2\/users\/1"}],"replies":[{"embeddable":true,"href":"https:\/\/elinformativotam.com\/index.php\/wp-json\/wp\/v2\/comments?post=57663"}],"version-history":[{"count":1,"href":"https:\/\/elinformativotam.com\/index.php\/wp-json\/wp\/v2\/posts\/57663\/revisions"}],"predecessor-version":[{"id":57665,"href":"https:\/\/elinformativotam.com\/index.php\/wp-json\/wp\/v2\/posts\/57663\/revisions\/57665"}],"wp:featuredmedia":[{"embeddable":true,"href":"https:\/\/elinformativotam.com\/index.php\/wp-json\/wp\/v2\/media\/57664"}],"wp:attachment":[{"href":"https:\/\/elinformativotam.com\/index.php\/wp-json\/wp\/v2\/media?parent=57663"}],"wp:term":[{"taxonomy":"category","embeddable":true,"href":"https:\/\/elinformativotam.com\/index.php\/wp-json\/wp\/v2\/categories?post=57663"},{"taxonomy":"post_tag","embeddable":true,"href":"https:\/\/elinformativotam.com\/index.php\/wp-json\/wp\/v2\/tags?post=57663"}],"curies":[{"name":"wp","href":"https:\/\/api.w.org\/{rel}","templated":true}]}}