{"id":57659,"date":"2026-04-28T22:24:06","date_gmt":"2026-04-29T04:24:06","guid":{"rendered":"https:\/\/elinformativotam.com\/?p=57659"},"modified":"2026-04-28T22:24:06","modified_gmt":"2026-04-29T04:24:06","slug":"cetis-109-se-apega-a-protocolos-de-seguridad-descartan-incidentes-y-contemplan-revision-de-mochilas","status":"publish","type":"post","link":"https:\/\/elinformativotam.com\/index.php\/2026\/04\/28\/cetis-109-se-apega-a-protocolos-de-seguridad-descartan-incidentes-y-contemplan-revision-de-mochilas\/","title":{"rendered":"CETIS 109 Se Apega A Protocolos De Seguridad; Descartan Incidentes Y Contemplan Revisi\u00f3n De Mochilas."},"content":{"rendered":"<p>Cd. Madero, Tamaulipas.\u2014 El director del CETIS 109, Jorge Vladimir L\u00f3pez Beltr\u00e1n, inform\u00f3 que hasta el momento no se tiene reporte de incidentes al interior del plantel; pero, asegur\u00f3 que la instituci\u00f3n se mantiene atenta y act\u00faa conforme a protocolos establecidos por la Secretar\u00eda de Educaci\u00f3n y lineamientos de seguridad escolar.<\/p>\n<p>&nbsp;<\/p>\n<p>Explic\u00f3 que, ante situaciones registradas en otros centros educativos, se reforz\u00f3 la difusi\u00f3n de los protocolos entre la comunidad escolar, con el objetivo de que alumnos, docentes y padres de familia conozcan qu\u00e9 acciones deben seguir en caso de alguna eventualidad.<\/p>\n<p>&nbsp;<\/p>\n<p>\u201cNosotros no actuamos de manera improvisada, todo est\u00e1 basado en protocolos previamente establecidos, en los que participa tanto el personal directivo como toda la comunidad educativa\u201d.<\/p>\n<p>&nbsp;<\/p>\n<p>L\u00f3pez Beltr\u00e1n destac\u00f3 que entre las medidas contempladas se encuentra la posible implementaci\u00f3n de revisiones de \u00fatiles escolares, las cuales no se realizan de forma arbitraria, sino bajo un esquema formal que incluye la integraci\u00f3n de comit\u00e9s con participaci\u00f3n de autoridades escolares, padres de familia y estudiantes.<\/p>\n<p>&nbsp;<\/p>\n<p>Indic\u00f3 que, aunque este mecanismo no se ha aplicado hasta el momento en el plantel, se mantiene como una herramienta preventiva en caso de que la situaci\u00f3n lo requiera.<\/p>\n<p>&nbsp;<\/p>\n<p>Finalmente, reiter\u00f3 que el CETIS 109 contin\u00faa privilegiando acciones de prevenci\u00f3n y vigilancia, siempre en apego a la normatividad vigente, con el fin de garantizar un entorno seguro para la comunidad estudiantil.<\/p>\n","protected":false},"excerpt":{"rendered":"<p>Cd. Madero, Tamaulipas.\u2014 El director del CETIS 109, Jorge Vladimir L\u00f3pez Beltr\u00e1n, inform\u00f3 que hasta el momento no se tiene&hellip;<\/p>\n","protected":false},"author":1,"featured_media":57652,"comment_status":"open","ping_status":"open","sticky":false,"template":"","format":"standard","meta":{"footnotes":""},"categories":[4],"tags":[],"class_list":["post-57659","post","type-post","status-publish","format-standard","has-post-thumbnail","hentry","category-madero"],"yoast_head":"<!-- This site is optimized with the Yoast SEO plugin v27.5 - https:\/\/yoast.com\/product\/yoast-seo-wordpress\/ -->\n<title>CETIS 109 Se Apega A Protocolos De Seguridad; Descartan Incidentes Y Contemplan Revisi\u00f3n De Mochilas. - EL INFORMATIVO DE TAMAULIPAS<\/title>\n<meta name=\"description\" content=\"Cd. Madero, Tamaulipas.\u2014 El director del CETIS 109, Jorge Vladimir L\u00f3pez Beltr\u00e1n, inform\u00f3 que hasta el momento no se tiene reporte de incidentes al\" \/>\n<meta name=\"robots\" content=\"index, follow, max-snippet:-1, max-image-preview:large, max-video-preview:-1\" \/>\n<link rel=\"canonical\" href=\"https:\/\/elinformativotam.com\/index.php\/2026\/04\/28\/cetis-109-se-apega-a-protocolos-de-seguridad-descartan-incidentes-y-contemplan-revision-de-mochilas\/\" \/>\n<meta property=\"og:locale\" content=\"es_MX\" \/>\n<meta property=\"og:type\" content=\"article\" \/>\n<meta property=\"og:title\" content=\"CETIS 109 Se Apega A Protocolos De Seguridad; Descartan Incidentes Y Contemplan Revisi\u00f3n De Mochilas. - EL INFORMATIVO DE TAMAULIPAS\" \/>\n<meta property=\"og:description\" content=\"Cd. Madero, Tamaulipas.\u2014 El director del CETIS 109, Jorge Vladimir L\u00f3pez Beltr\u00e1n, inform\u00f3 que hasta el momento no se tiene reporte de incidentes al\" \/>\n<meta property=\"og:url\" content=\"https:\/\/elinformativotam.com\/index.php\/2026\/04\/28\/cetis-109-se-apega-a-protocolos-de-seguridad-descartan-incidentes-y-contemplan-revision-de-mochilas\/\" \/>\n<meta property=\"og:site_name\" content=\"EL INFORMATIVO DE TAMAULIPAS\" \/>\n<meta property=\"article:published_time\" content=\"2026-04-29T04:24:06+00:00\" \/>\n<meta property=\"og:image\" content=\"https:\/\/elinformativotam.com\/wp-content\/uploads\/2026\/04\/Cetis.jpg\" \/>\n\t<meta property=\"og:image:width\" content=\"480\" \/>\n\t<meta property=\"og:image:height\" content=\"300\" \/>\n\t<meta property=\"og:image:type\" content=\"image\/jpeg\" \/>\n<meta name=\"author\" content=\"El Informativo Tam\" \/>\n<meta name=\"twitter:card\" content=\"summary_large_image\" \/>\n<meta name=\"twitter:label1\" content=\"Escrito por\" \/>\n\t<meta name=\"twitter:data1\" content=\"El Informativo Tam\" \/>\n\t<meta name=\"twitter:label2\" content=\"Tiempo de lectura\" \/>\n\t<meta name=\"twitter:data2\" content=\"1 minuto\" \/>\n<script type=\"application\/ld+json\" class=\"yoast-schema-graph\">{\"@context\":\"https:\\\/\\\/schema.org\",\"@graph\":[{\"@type\":\"Article\",\"@id\":\"https:\\\/\\\/elinformativotam.com\\\/index.php\\\/2026\\\/04\\\/28\\\/cetis-109-se-apega-a-protocolos-de-seguridad-descartan-incidentes-y-contemplan-revision-de-mochilas\\\/#article\",\"isPartOf\":{\"@id\":\"https:\\\/\\\/elinformativotam.com\\\/index.php\\\/2026\\\/04\\\/28\\\/cetis-109-se-apega-a-protocolos-de-seguridad-descartan-incidentes-y-contemplan-revision-de-mochilas\\\/\"},\"author\":{\"name\":\"El Informativo Tam\",\"@id\":\"https:\\\/\\\/elinformativotam.com\\\/#\\\/schema\\\/person\\\/78e08040eed0f6110f0c5f83b6153590\"},\"headline\":\"CETIS 109 Se Apega A Protocolos De Seguridad; Descartan Incidentes Y Contemplan Revisi\u00f3n De Mochilas.\",\"datePublished\":\"2026-04-29T04:24:06+00:00\",\"mainEntityOfPage\":{\"@id\":\"https:\\\/\\\/elinformativotam.com\\\/index.php\\\/2026\\\/04\\\/28\\\/cetis-109-se-apega-a-protocolos-de-seguridad-descartan-incidentes-y-contemplan-revision-de-mochilas\\\/\"},\"wordCount\":260,\"commentCount\":0,\"publisher\":{\"@id\":\"https:\\\/\\\/elinformativotam.com\\\/#organization\"},\"image\":{\"@id\":\"https:\\\/\\\/elinformativotam.com\\\/index.php\\\/2026\\\/04\\\/28\\\/cetis-109-se-apega-a-protocolos-de-seguridad-descartan-incidentes-y-contemplan-revision-de-mochilas\\\/#primaryimage\"},\"thumbnailUrl\":\"https:\\\/\\\/elinformativotam.com\\\/wp-content\\\/uploads\\\/2026\\\/04\\\/Cetis.jpg\",\"articleSection\":[\"Cd Madero\"],\"inLanguage\":\"es\",\"potentialAction\":[{\"@type\":\"CommentAction\",\"name\":\"Comment\",\"target\":[\"https:\\\/\\\/elinformativotam.com\\\/index.php\\\/2026\\\/04\\\/28\\\/cetis-109-se-apega-a-protocolos-de-seguridad-descartan-incidentes-y-contemplan-revision-de-mochilas\\\/#respond\"]}]},{\"@type\":\"WebPage\",\"@id\":\"https:\\\/\\\/elinformativotam.com\\\/index.php\\\/2026\\\/04\\\/28\\\/cetis-109-se-apega-a-protocolos-de-seguridad-descartan-incidentes-y-contemplan-revision-de-mochilas\\\/\",\"url\":\"https:\\\/\\\/elinformativotam.com\\\/index.php\\\/2026\\\/04\\\/28\\\/cetis-109-se-apega-a-protocolos-de-seguridad-descartan-incidentes-y-contemplan-revision-de-mochilas\\\/\",\"name\":\"CETIS 109 Se Apega A Protocolos De Seguridad; Descartan Incidentes Y Contemplan Revisi\u00f3n De Mochilas. - EL INFORMATIVO DE TAMAULIPAS\",\"isPartOf\":{\"@id\":\"https:\\\/\\\/elinformativotam.com\\\/#website\"},\"primaryImageOfPage\":{\"@id\":\"https:\\\/\\\/elinformativotam.com\\\/index.php\\\/2026\\\/04\\\/28\\\/cetis-109-se-apega-a-protocolos-de-seguridad-descartan-incidentes-y-contemplan-revision-de-mochilas\\\/#primaryimage\"},\"image\":{\"@id\":\"https:\\\/\\\/elinformativotam.com\\\/index.php\\\/2026\\\/04\\\/28\\\/cetis-109-se-apega-a-protocolos-de-seguridad-descartan-incidentes-y-contemplan-revision-de-mochilas\\\/#primaryimage\"},\"thumbnailUrl\":\"https:\\\/\\\/elinformativotam.com\\\/wp-content\\\/uploads\\\/2026\\\/04\\\/Cetis.jpg\",\"datePublished\":\"2026-04-29T04:24:06+00:00\",\"description\":\"Cd. Madero, Tamaulipas.\u2014 El director del CETIS 109, Jorge Vladimir L\u00f3pez Beltr\u00e1n, inform\u00f3 que hasta el momento no se tiene reporte de incidentes al\",\"inLanguage\":\"es\",\"potentialAction\":[{\"@type\":\"ReadAction\",\"target\":[\"https:\\\/\\\/elinformativotam.com\\\/index.php\\\/2026\\\/04\\\/28\\\/cetis-109-se-apega-a-protocolos-de-seguridad-descartan-incidentes-y-contemplan-revision-de-mochilas\\\/\"]}]},{\"@type\":\"ImageObject\",\"inLanguage\":\"es\",\"@id\":\"https:\\\/\\\/elinformativotam.com\\\/index.php\\\/2026\\\/04\\\/28\\\/cetis-109-se-apega-a-protocolos-de-seguridad-descartan-incidentes-y-contemplan-revision-de-mochilas\\\/#primaryimage\",\"url\":\"https:\\\/\\\/elinformativotam.com\\\/wp-content\\\/uploads\\\/2026\\\/04\\\/Cetis.jpg\",\"contentUrl\":\"https:\\\/\\\/elinformativotam.com\\\/wp-content\\\/uploads\\\/2026\\\/04\\\/Cetis.jpg\",\"width\":480,\"height\":300},{\"@type\":\"WebSite\",\"@id\":\"https:\\\/\\\/elinformativotam.com\\\/#website\",\"url\":\"https:\\\/\\\/elinformativotam.com\\\/\",\"name\":\"EL INFORMATIVO DE TAMAULIPAS\",\"description\":\"Desde la Zona Metropolitana Para Todo M\u00e9xico\",\"publisher\":{\"@id\":\"https:\\\/\\\/elinformativotam.com\\\/#organization\"},\"potentialAction\":[{\"@type\":\"SearchAction\",\"target\":{\"@type\":\"EntryPoint\",\"urlTemplate\":\"https:\\\/\\\/elinformativotam.com\\\/?s={search_term_string}\"},\"query-input\":{\"@type\":\"PropertyValueSpecification\",\"valueRequired\":true,\"valueName\":\"search_term_string\"}}],\"inLanguage\":\"es\"},{\"@type\":\"Organization\",\"@id\":\"https:\\\/\\\/elinformativotam.com\\\/#organization\",\"name\":\"EL INFORMATIVO DE TAMAULIPAS\",\"url\":\"https:\\\/\\\/elinformativotam.com\\\/\",\"logo\":{\"@type\":\"ImageObject\",\"inLanguage\":\"es\",\"@id\":\"https:\\\/\\\/elinformativotam.com\\\/#\\\/schema\\\/logo\\\/image\\\/\",\"url\":\"https:\\\/\\\/elinformativotam.com\\\/wp-content\\\/uploads\\\/2026\\\/02\\\/Cabezal.png\",\"contentUrl\":\"https:\\\/\\\/elinformativotam.com\\\/wp-content\\\/uploads\\\/2026\\\/02\\\/Cabezal.png\",\"width\":960,\"height\":640,\"caption\":\"EL INFORMATIVO DE TAMAULIPAS\"},\"image\":{\"@id\":\"https:\\\/\\\/elinformativotam.com\\\/#\\\/schema\\\/logo\\\/image\\\/\"}},{\"@type\":\"Person\",\"@id\":\"https:\\\/\\\/elinformativotam.com\\\/#\\\/schema\\\/person\\\/78e08040eed0f6110f0c5f83b6153590\",\"name\":\"El Informativo Tam\",\"image\":{\"@type\":\"ImageObject\",\"inLanguage\":\"es\",\"@id\":\"https:\\\/\\\/secure.gravatar.com\\\/avatar\\\/f3b7ad3af540688955925ac610647be00b0cf41feea9c4978b73a707ee86bc53?s=96&d=mm&r=g\",\"url\":\"https:\\\/\\\/secure.gravatar.com\\\/avatar\\\/f3b7ad3af540688955925ac610647be00b0cf41feea9c4978b73a707ee86bc53?s=96&d=mm&r=g\",\"contentUrl\":\"https:\\\/\\\/secure.gravatar.com\\\/avatar\\\/f3b7ad3af540688955925ac610647be00b0cf41feea9c4978b73a707ee86bc53?s=96&d=mm&r=g\",\"caption\":\"El Informativo Tam\"}}]}<\/script>\n<!-- \/ Yoast SEO plugin. -->","yoast_head_json":{"title":"CETIS 109 Se Apega A Protocolos De Seguridad; Descartan Incidentes Y Contemplan Revisi\u00f3n De Mochilas. - EL INFORMATIVO DE TAMAULIPAS","description":"Cd. Madero, Tamaulipas.\u2014 El director del CETIS 109, Jorge Vladimir L\u00f3pez Beltr\u00e1n, inform\u00f3 que hasta el momento no se tiene reporte de incidentes al","robots":{"index":"index","follow":"follow","max-snippet":"max-snippet:-1","max-image-preview":"max-image-preview:large","max-video-preview":"max-video-preview:-1"},"canonical":"https:\/\/elinformativotam.com\/index.php\/2026\/04\/28\/cetis-109-se-apega-a-protocolos-de-seguridad-descartan-incidentes-y-contemplan-revision-de-mochilas\/","og_locale":"es_MX","og_type":"article","og_title":"CETIS 109 Se Apega A Protocolos De Seguridad; Descartan Incidentes Y Contemplan Revisi\u00f3n De Mochilas. - EL INFORMATIVO DE TAMAULIPAS","og_description":"Cd. Madero, Tamaulipas.\u2014 El director del CETIS 109, Jorge Vladimir L\u00f3pez Beltr\u00e1n, inform\u00f3 que hasta el momento no se tiene reporte de incidentes al","og_url":"https:\/\/elinformativotam.com\/index.php\/2026\/04\/28\/cetis-109-se-apega-a-protocolos-de-seguridad-descartan-incidentes-y-contemplan-revision-de-mochilas\/","og_site_name":"EL INFORMATIVO DE TAMAULIPAS","article_published_time":"2026-04-29T04:24:06+00:00","og_image":[{"width":480,"height":300,"url":"https:\/\/elinformativotam.com\/wp-content\/uploads\/2026\/04\/Cetis.jpg","type":"image\/jpeg"}],"author":"El Informativo Tam","twitter_card":"summary_large_image","twitter_misc":{"Escrito por":"El Informativo Tam","Tiempo de lectura":"1 minuto"},"schema":{"@context":"https:\/\/schema.org","@graph":[{"@type":"Article","@id":"https:\/\/elinformativotam.com\/index.php\/2026\/04\/28\/cetis-109-se-apega-a-protocolos-de-seguridad-descartan-incidentes-y-contemplan-revision-de-mochilas\/#article","isPartOf":{"@id":"https:\/\/elinformativotam.com\/index.php\/2026\/04\/28\/cetis-109-se-apega-a-protocolos-de-seguridad-descartan-incidentes-y-contemplan-revision-de-mochilas\/"},"author":{"name":"El Informativo Tam","@id":"https:\/\/elinformativotam.com\/#\/schema\/person\/78e08040eed0f6110f0c5f83b6153590"},"headline":"CETIS 109 Se Apega A Protocolos De Seguridad; Descartan Incidentes Y Contemplan Revisi\u00f3n De Mochilas.","datePublished":"2026-04-29T04:24:06+00:00","mainEntityOfPage":{"@id":"https:\/\/elinformativotam.com\/index.php\/2026\/04\/28\/cetis-109-se-apega-a-protocolos-de-seguridad-descartan-incidentes-y-contemplan-revision-de-mochilas\/"},"wordCount":260,"commentCount":0,"publisher":{"@id":"https:\/\/elinformativotam.com\/#organization"},"image":{"@id":"https:\/\/elinformativotam.com\/index.php\/2026\/04\/28\/cetis-109-se-apega-a-protocolos-de-seguridad-descartan-incidentes-y-contemplan-revision-de-mochilas\/#primaryimage"},"thumbnailUrl":"https:\/\/elinformativotam.com\/wp-content\/uploads\/2026\/04\/Cetis.jpg","articleSection":["Cd Madero"],"inLanguage":"es","potentialAction":[{"@type":"CommentAction","name":"Comment","target":["https:\/\/elinformativotam.com\/index.php\/2026\/04\/28\/cetis-109-se-apega-a-protocolos-de-seguridad-descartan-incidentes-y-contemplan-revision-de-mochilas\/#respond"]}]},{"@type":"WebPage","@id":"https:\/\/elinformativotam.com\/index.php\/2026\/04\/28\/cetis-109-se-apega-a-protocolos-de-seguridad-descartan-incidentes-y-contemplan-revision-de-mochilas\/","url":"https:\/\/elinformativotam.com\/index.php\/2026\/04\/28\/cetis-109-se-apega-a-protocolos-de-seguridad-descartan-incidentes-y-contemplan-revision-de-mochilas\/","name":"CETIS 109 Se Apega A Protocolos De Seguridad; Descartan Incidentes Y Contemplan Revisi\u00f3n De Mochilas. - EL INFORMATIVO DE TAMAULIPAS","isPartOf":{"@id":"https:\/\/elinformativotam.com\/#website"},"primaryImageOfPage":{"@id":"https:\/\/elinformativotam.com\/index.php\/2026\/04\/28\/cetis-109-se-apega-a-protocolos-de-seguridad-descartan-incidentes-y-contemplan-revision-de-mochilas\/#primaryimage"},"image":{"@id":"https:\/\/elinformativotam.com\/index.php\/2026\/04\/28\/cetis-109-se-apega-a-protocolos-de-seguridad-descartan-incidentes-y-contemplan-revision-de-mochilas\/#primaryimage"},"thumbnailUrl":"https:\/\/elinformativotam.com\/wp-content\/uploads\/2026\/04\/Cetis.jpg","datePublished":"2026-04-29T04:24:06+00:00","description":"Cd. Madero, Tamaulipas.\u2014 El director del CETIS 109, Jorge Vladimir L\u00f3pez Beltr\u00e1n, inform\u00f3 que hasta el momento no se tiene reporte de incidentes al","inLanguage":"es","potentialAction":[{"@type":"ReadAction","target":["https:\/\/elinformativotam.com\/index.php\/2026\/04\/28\/cetis-109-se-apega-a-protocolos-de-seguridad-descartan-incidentes-y-contemplan-revision-de-mochilas\/"]}]},{"@type":"ImageObject","inLanguage":"es","@id":"https:\/\/elinformativotam.com\/index.php\/2026\/04\/28\/cetis-109-se-apega-a-protocolos-de-seguridad-descartan-incidentes-y-contemplan-revision-de-mochilas\/#primaryimage","url":"https:\/\/elinformativotam.com\/wp-content\/uploads\/2026\/04\/Cetis.jpg","contentUrl":"https:\/\/elinformativotam.com\/wp-content\/uploads\/2026\/04\/Cetis.jpg","width":480,"height":300},{"@type":"WebSite","@id":"https:\/\/elinformativotam.com\/#website","url":"https:\/\/elinformativotam.com\/","name":"EL INFORMATIVO DE TAMAULIPAS","description":"Desde la Zona Metropolitana Para Todo M\u00e9xico","publisher":{"@id":"https:\/\/elinformativotam.com\/#organization"},"potentialAction":[{"@type":"SearchAction","target":{"@type":"EntryPoint","urlTemplate":"https:\/\/elinformativotam.com\/?s={search_term_string}"},"query-input":{"@type":"PropertyValueSpecification","valueRequired":true,"valueName":"search_term_string"}}],"inLanguage":"es"},{"@type":"Organization","@id":"https:\/\/elinformativotam.com\/#organization","name":"EL INFORMATIVO DE TAMAULIPAS","url":"https:\/\/elinformativotam.com\/","logo":{"@type":"ImageObject","inLanguage":"es","@id":"https:\/\/elinformativotam.com\/#\/schema\/logo\/image\/","url":"https:\/\/elinformativotam.com\/wp-content\/uploads\/2026\/02\/Cabezal.png","contentUrl":"https:\/\/elinformativotam.com\/wp-content\/uploads\/2026\/02\/Cabezal.png","width":960,"height":640,"caption":"EL INFORMATIVO DE TAMAULIPAS"},"image":{"@id":"https:\/\/elinformativotam.com\/#\/schema\/logo\/image\/"}},{"@type":"Person","@id":"https:\/\/elinformativotam.com\/#\/schema\/person\/78e08040eed0f6110f0c5f83b6153590","name":"El Informativo Tam","image":{"@type":"ImageObject","inLanguage":"es","@id":"https:\/\/secure.gravatar.com\/avatar\/f3b7ad3af540688955925ac610647be00b0cf41feea9c4978b73a707ee86bc53?s=96&d=mm&r=g","url":"https:\/\/secure.gravatar.com\/avatar\/f3b7ad3af540688955925ac610647be00b0cf41feea9c4978b73a707ee86bc53?s=96&d=mm&r=g","contentUrl":"https:\/\/secure.gravatar.com\/avatar\/f3b7ad3af540688955925ac610647be00b0cf41feea9c4978b73a707ee86bc53?s=96&d=mm&r=g","caption":"El Informativo Tam"}}]}},"_links":{"self":[{"href":"https:\/\/elinformativotam.com\/index.php\/wp-json\/wp\/v2\/posts\/57659","targetHints":{"allow":["GET"]}}],"collection":[{"href":"https:\/\/elinformativotam.com\/index.php\/wp-json\/wp\/v2\/posts"}],"about":[{"href":"https:\/\/elinformativotam.com\/index.php\/wp-json\/wp\/v2\/types\/post"}],"author":[{"embeddable":true,"href":"https:\/\/elinformativotam.com\/index.php\/wp-json\/wp\/v2\/users\/1"}],"replies":[{"embeddable":true,"href":"https:\/\/elinformativotam.com\/index.php\/wp-json\/wp\/v2\/comments?post=57659"}],"version-history":[{"count":1,"href":"https:\/\/elinformativotam.com\/index.php\/wp-json\/wp\/v2\/posts\/57659\/revisions"}],"predecessor-version":[{"id":57660,"href":"https:\/\/elinformativotam.com\/index.php\/wp-json\/wp\/v2\/posts\/57659\/revisions\/57660"}],"wp:featuredmedia":[{"embeddable":true,"href":"https:\/\/elinformativotam.com\/index.php\/wp-json\/wp\/v2\/media\/57652"}],"wp:attachment":[{"href":"https:\/\/elinformativotam.com\/index.php\/wp-json\/wp\/v2\/media?parent=57659"}],"wp:term":[{"taxonomy":"category","embeddable":true,"href":"https:\/\/elinformativotam.com\/index.php\/wp-json\/wp\/v2\/categories?post=57659"},{"taxonomy":"post_tag","embeddable":true,"href":"https:\/\/elinformativotam.com\/index.php\/wp-json\/wp\/v2\/tags?post=57659"}],"curies":[{"name":"wp","href":"https:\/\/api.w.org\/{rel}","templated":true}]}}