{"id":57657,"date":"2026-04-28T22:23:02","date_gmt":"2026-04-29T04:23:02","guid":{"rendered":"https:\/\/elinformativotam.com\/?p=57657"},"modified":"2026-04-28T22:23:22","modified_gmt":"2026-04-29T04:23:22","slug":"aumentan-reportes-de-enjambres-de-abejas-en-la-zona-centro-de-tampico","status":"publish","type":"post","link":"https:\/\/elinformativotam.com\/index.php\/2026\/04\/28\/aumentan-reportes-de-enjambres-de-abejas-en-la-zona-centro-de-tampico\/","title":{"rendered":"Aumentan Reportes De Enjambres De Abejas En La Zona Centro De Tampico"},"content":{"rendered":"<p>Tampico, Tamps.- El comandante de bomberos, Jos\u00e9 Luis Curiel, inform\u00f3 que en los \u00faltimos d\u00edas se ha registrado la presencia de varios enjambres de abejas en distintos puntos de la ciudad, principalmente en la zona centro, fen\u00f3meno que atribuye a la temporada de floraci\u00f3n.<\/p>\n<p>&nbsp;<\/p>\n<p data-start=\"383\" data-end=\"671\">Explic\u00f3 que la abundancia de flores, especialmente en palmeras ubicadas en espacios p\u00fablicos como la Plaza de Armas, provoca que las abejas se encuentren en constante actividad en busca de polen. \u201cSon abejas de paso, permanecen un tiempo y posteriormente se retiran por s\u00ed solas\u201d, se\u00f1al\u00f3.<\/p>\n<p data-start=\"383\" data-end=\"671\">\n<p data-start=\"673\" data-end=\"946\">El comandante detall\u00f3 que estos enjambres suelen instalarse de manera temporal en lugares poco adecuados, como ramas delgadas, donde pueden permanecer entre 8 y 12 horas antes de desplazarse nuevamente. Incluso, factores como el viento pueden dispersarlos de forma natural.<\/p>\n<p data-start=\"673\" data-end=\"946\">\n<p data-start=\"948\" data-end=\"1151\">Ante esta situaci\u00f3n, el cuerpo de bomberos implementa acordonamientos preventivos para evitar que ciudadanos se acerquen por curiosidad o que ni\u00f1os intenten molestarlas, lo que podr\u00eda generar incidentes.<\/p>\n<p data-start=\"948\" data-end=\"1151\">\n<p data-start=\"1153\" data-end=\"1455\">Curiel advirti\u00f3 que no es recomendable intentar ahuyentar a las abejas con humo, ya que esta pr\u00e1ctica puede alterarlas y volverlas agresivas, aumentando el riesgo de ataques. Indic\u00f3 que la eliminaci\u00f3n de enjambres solo se realiza en casos excepcionales, cuando existe un peligro real para la poblaci\u00f3n.<\/p>\n<p data-start=\"1153\" data-end=\"1455\">\n<p data-start=\"1457\" data-end=\"1608\">En promedio, se han atendido alrededor de siete reportes recientes, aunque en la mayor\u00eda de los casos los enjambres se retiran sin causar afectaciones.<\/p>\n<p data-start=\"1457\" data-end=\"1608\">\n<p data-start=\"1610\" data-end=\"1940\">Respecto al tipo de abejas, explic\u00f3 que no es posible diferenciarlas a simple vista entre europeas o africanizadas, ya que se requiere an\u00e1lisis especializado. Sin embargo, se\u00f1al\u00f3 que las abejas africanizadas se caracterizan por su comportamiento altamente agresivo, impidiendo que las personas se acerquen a menos de cinco metros.<\/p>\n<p data-start=\"1610\" data-end=\"1940\">\n<p data-start=\"1942\" data-end=\"2205\" data-is-last-node=\"\" data-is-only-node=\"\">Finalmente, recomend\u00f3 a la ciudadan\u00eda mantener la calma en caso de encontrarse con un enjambre, evitar movimientos bruscos y alejarse sin intentar espantarlas, ya que estos insectos suelen reaccionar ante est\u00edmulos como el movimiento o incluso fragancias fuertes.<\/p>\n<p>&nbsp;<\/p>\n<p>&nbsp;<\/p>\n","protected":false},"excerpt":{"rendered":"<p>Tampico, Tamps.- El comandante de bomberos, Jos\u00e9 Luis Curiel, inform\u00f3 que en los \u00faltimos d\u00edas se ha registrado la presencia&hellip;<\/p>\n","protected":false},"author":1,"featured_media":57653,"comment_status":"open","ping_status":"open","sticky":false,"template":"","format":"standard","meta":{"footnotes":""},"categories":[3],"tags":[],"class_list":["post-57657","post","type-post","status-publish","format-standard","has-post-thumbnail","hentry","category-tampico"],"yoast_head":"<!-- This site is optimized with the Yoast SEO plugin v27.5 - https:\/\/yoast.com\/product\/yoast-seo-wordpress\/ -->\n<title>Aumentan Reportes De Enjambres De Abejas En La Zona Centro De Tampico - EL INFORMATIVO DE TAMAULIPAS<\/title>\n<meta name=\"description\" content=\"Tampico, Tamps.- El comandante de bomberos, Jos\u00e9 Luis Curiel, inform\u00f3 que en los \u00faltimos d\u00edas se ha registrado la presencia de varios enjambres de abejas\" \/>\n<meta name=\"robots\" content=\"index, follow, max-snippet:-1, max-image-preview:large, max-video-preview:-1\" \/>\n<link rel=\"canonical\" href=\"https:\/\/elinformativotam.com\/index.php\/2026\/04\/28\/aumentan-reportes-de-enjambres-de-abejas-en-la-zona-centro-de-tampico\/\" \/>\n<meta property=\"og:locale\" content=\"es_MX\" \/>\n<meta property=\"og:type\" content=\"article\" \/>\n<meta property=\"og:title\" content=\"Aumentan Reportes De Enjambres De Abejas En La Zona Centro De Tampico - EL INFORMATIVO DE TAMAULIPAS\" \/>\n<meta property=\"og:description\" content=\"Tampico, Tamps.- El comandante de bomberos, Jos\u00e9 Luis Curiel, inform\u00f3 que en los \u00faltimos d\u00edas se ha registrado la presencia de varios enjambres de abejas\" \/>\n<meta property=\"og:url\" content=\"https:\/\/elinformativotam.com\/index.php\/2026\/04\/28\/aumentan-reportes-de-enjambres-de-abejas-en-la-zona-centro-de-tampico\/\" \/>\n<meta property=\"og:site_name\" content=\"EL INFORMATIVO DE TAMAULIPAS\" \/>\n<meta property=\"article:published_time\" content=\"2026-04-29T04:23:02+00:00\" \/>\n<meta property=\"article:modified_time\" content=\"2026-04-29T04:23:22+00:00\" \/>\n<meta property=\"og:image\" content=\"https:\/\/elinformativotam.com\/wp-content\/uploads\/2026\/04\/Curiel.jpg\" \/>\n\t<meta property=\"og:image:width\" content=\"601\" \/>\n\t<meta property=\"og:image:height\" content=\"609\" \/>\n\t<meta property=\"og:image:type\" content=\"image\/jpeg\" \/>\n<meta name=\"author\" content=\"El Informativo Tam\" \/>\n<meta name=\"twitter:card\" content=\"summary_large_image\" \/>\n<meta name=\"twitter:label1\" content=\"Escrito por\" \/>\n\t<meta name=\"twitter:data1\" content=\"El Informativo Tam\" \/>\n\t<meta name=\"twitter:label2\" content=\"Tiempo de lectura\" \/>\n\t<meta name=\"twitter:data2\" content=\"2 minutos\" \/>\n<script type=\"application\/ld+json\" class=\"yoast-schema-graph\">{\"@context\":\"https:\\\/\\\/schema.org\",\"@graph\":[{\"@type\":\"Article\",\"@id\":\"https:\\\/\\\/elinformativotam.com\\\/index.php\\\/2026\\\/04\\\/28\\\/aumentan-reportes-de-enjambres-de-abejas-en-la-zona-centro-de-tampico\\\/#article\",\"isPartOf\":{\"@id\":\"https:\\\/\\\/elinformativotam.com\\\/index.php\\\/2026\\\/04\\\/28\\\/aumentan-reportes-de-enjambres-de-abejas-en-la-zona-centro-de-tampico\\\/\"},\"author\":{\"name\":\"El Informativo Tam\",\"@id\":\"https:\\\/\\\/elinformativotam.com\\\/#\\\/schema\\\/person\\\/78e08040eed0f6110f0c5f83b6153590\"},\"headline\":\"Aumentan Reportes De Enjambres De Abejas En La Zona Centro De Tampico\",\"datePublished\":\"2026-04-29T04:23:02+00:00\",\"dateModified\":\"2026-04-29T04:23:22+00:00\",\"mainEntityOfPage\":{\"@id\":\"https:\\\/\\\/elinformativotam.com\\\/index.php\\\/2026\\\/04\\\/28\\\/aumentan-reportes-de-enjambres-de-abejas-en-la-zona-centro-de-tampico\\\/\"},\"wordCount\":346,\"commentCount\":0,\"publisher\":{\"@id\":\"https:\\\/\\\/elinformativotam.com\\\/#organization\"},\"image\":{\"@id\":\"https:\\\/\\\/elinformativotam.com\\\/index.php\\\/2026\\\/04\\\/28\\\/aumentan-reportes-de-enjambres-de-abejas-en-la-zona-centro-de-tampico\\\/#primaryimage\"},\"thumbnailUrl\":\"https:\\\/\\\/elinformativotam.com\\\/wp-content\\\/uploads\\\/2026\\\/04\\\/Curiel.jpg\",\"articleSection\":[\"Tampico\"],\"inLanguage\":\"es\",\"potentialAction\":[{\"@type\":\"CommentAction\",\"name\":\"Comment\",\"target\":[\"https:\\\/\\\/elinformativotam.com\\\/index.php\\\/2026\\\/04\\\/28\\\/aumentan-reportes-de-enjambres-de-abejas-en-la-zona-centro-de-tampico\\\/#respond\"]}]},{\"@type\":\"WebPage\",\"@id\":\"https:\\\/\\\/elinformativotam.com\\\/index.php\\\/2026\\\/04\\\/28\\\/aumentan-reportes-de-enjambres-de-abejas-en-la-zona-centro-de-tampico\\\/\",\"url\":\"https:\\\/\\\/elinformativotam.com\\\/index.php\\\/2026\\\/04\\\/28\\\/aumentan-reportes-de-enjambres-de-abejas-en-la-zona-centro-de-tampico\\\/\",\"name\":\"Aumentan Reportes De Enjambres De Abejas En La Zona Centro De Tampico - EL INFORMATIVO DE TAMAULIPAS\",\"isPartOf\":{\"@id\":\"https:\\\/\\\/elinformativotam.com\\\/#website\"},\"primaryImageOfPage\":{\"@id\":\"https:\\\/\\\/elinformativotam.com\\\/index.php\\\/2026\\\/04\\\/28\\\/aumentan-reportes-de-enjambres-de-abejas-en-la-zona-centro-de-tampico\\\/#primaryimage\"},\"image\":{\"@id\":\"https:\\\/\\\/elinformativotam.com\\\/index.php\\\/2026\\\/04\\\/28\\\/aumentan-reportes-de-enjambres-de-abejas-en-la-zona-centro-de-tampico\\\/#primaryimage\"},\"thumbnailUrl\":\"https:\\\/\\\/elinformativotam.com\\\/wp-content\\\/uploads\\\/2026\\\/04\\\/Curiel.jpg\",\"datePublished\":\"2026-04-29T04:23:02+00:00\",\"dateModified\":\"2026-04-29T04:23:22+00:00\",\"description\":\"Tampico, Tamps.- El comandante de bomberos, Jos\u00e9 Luis Curiel, inform\u00f3 que en los \u00faltimos d\u00edas se ha registrado la presencia de varios enjambres de abejas\",\"inLanguage\":\"es\",\"potentialAction\":[{\"@type\":\"ReadAction\",\"target\":[\"https:\\\/\\\/elinformativotam.com\\\/index.php\\\/2026\\\/04\\\/28\\\/aumentan-reportes-de-enjambres-de-abejas-en-la-zona-centro-de-tampico\\\/\"]}]},{\"@type\":\"ImageObject\",\"inLanguage\":\"es\",\"@id\":\"https:\\\/\\\/elinformativotam.com\\\/index.php\\\/2026\\\/04\\\/28\\\/aumentan-reportes-de-enjambres-de-abejas-en-la-zona-centro-de-tampico\\\/#primaryimage\",\"url\":\"https:\\\/\\\/elinformativotam.com\\\/wp-content\\\/uploads\\\/2026\\\/04\\\/Curiel.jpg\",\"contentUrl\":\"https:\\\/\\\/elinformativotam.com\\\/wp-content\\\/uploads\\\/2026\\\/04\\\/Curiel.jpg\",\"width\":601,\"height\":609},{\"@type\":\"WebSite\",\"@id\":\"https:\\\/\\\/elinformativotam.com\\\/#website\",\"url\":\"https:\\\/\\\/elinformativotam.com\\\/\",\"name\":\"EL INFORMATIVO DE TAMAULIPAS\",\"description\":\"Desde la Zona Metropolitana Para Todo M\u00e9xico\",\"publisher\":{\"@id\":\"https:\\\/\\\/elinformativotam.com\\\/#organization\"},\"potentialAction\":[{\"@type\":\"SearchAction\",\"target\":{\"@type\":\"EntryPoint\",\"urlTemplate\":\"https:\\\/\\\/elinformativotam.com\\\/?s={search_term_string}\"},\"query-input\":{\"@type\":\"PropertyValueSpecification\",\"valueRequired\":true,\"valueName\":\"search_term_string\"}}],\"inLanguage\":\"es\"},{\"@type\":\"Organization\",\"@id\":\"https:\\\/\\\/elinformativotam.com\\\/#organization\",\"name\":\"EL INFORMATIVO DE TAMAULIPAS\",\"url\":\"https:\\\/\\\/elinformativotam.com\\\/\",\"logo\":{\"@type\":\"ImageObject\",\"inLanguage\":\"es\",\"@id\":\"https:\\\/\\\/elinformativotam.com\\\/#\\\/schema\\\/logo\\\/image\\\/\",\"url\":\"https:\\\/\\\/elinformativotam.com\\\/wp-content\\\/uploads\\\/2026\\\/02\\\/Cabezal.png\",\"contentUrl\":\"https:\\\/\\\/elinformativotam.com\\\/wp-content\\\/uploads\\\/2026\\\/02\\\/Cabezal.png\",\"width\":960,\"height\":640,\"caption\":\"EL INFORMATIVO DE TAMAULIPAS\"},\"image\":{\"@id\":\"https:\\\/\\\/elinformativotam.com\\\/#\\\/schema\\\/logo\\\/image\\\/\"}},{\"@type\":\"Person\",\"@id\":\"https:\\\/\\\/elinformativotam.com\\\/#\\\/schema\\\/person\\\/78e08040eed0f6110f0c5f83b6153590\",\"name\":\"El Informativo Tam\",\"image\":{\"@type\":\"ImageObject\",\"inLanguage\":\"es\",\"@id\":\"https:\\\/\\\/secure.gravatar.com\\\/avatar\\\/f3b7ad3af540688955925ac610647be00b0cf41feea9c4978b73a707ee86bc53?s=96&d=mm&r=g\",\"url\":\"https:\\\/\\\/secure.gravatar.com\\\/avatar\\\/f3b7ad3af540688955925ac610647be00b0cf41feea9c4978b73a707ee86bc53?s=96&d=mm&r=g\",\"contentUrl\":\"https:\\\/\\\/secure.gravatar.com\\\/avatar\\\/f3b7ad3af540688955925ac610647be00b0cf41feea9c4978b73a707ee86bc53?s=96&d=mm&r=g\",\"caption\":\"El Informativo Tam\"}}]}<\/script>\n<!-- \/ Yoast SEO plugin. -->","yoast_head_json":{"title":"Aumentan Reportes De Enjambres De Abejas En La Zona Centro De Tampico - EL INFORMATIVO DE TAMAULIPAS","description":"Tampico, Tamps.- El comandante de bomberos, Jos\u00e9 Luis Curiel, inform\u00f3 que en los \u00faltimos d\u00edas se ha registrado la presencia de varios enjambres de abejas","robots":{"index":"index","follow":"follow","max-snippet":"max-snippet:-1","max-image-preview":"max-image-preview:large","max-video-preview":"max-video-preview:-1"},"canonical":"https:\/\/elinformativotam.com\/index.php\/2026\/04\/28\/aumentan-reportes-de-enjambres-de-abejas-en-la-zona-centro-de-tampico\/","og_locale":"es_MX","og_type":"article","og_title":"Aumentan Reportes De Enjambres De Abejas En La Zona Centro De Tampico - EL INFORMATIVO DE TAMAULIPAS","og_description":"Tampico, Tamps.- El comandante de bomberos, Jos\u00e9 Luis Curiel, inform\u00f3 que en los \u00faltimos d\u00edas se ha registrado la presencia de varios enjambres de abejas","og_url":"https:\/\/elinformativotam.com\/index.php\/2026\/04\/28\/aumentan-reportes-de-enjambres-de-abejas-en-la-zona-centro-de-tampico\/","og_site_name":"EL INFORMATIVO DE TAMAULIPAS","article_published_time":"2026-04-29T04:23:02+00:00","article_modified_time":"2026-04-29T04:23:22+00:00","og_image":[{"width":601,"height":609,"url":"https:\/\/elinformativotam.com\/wp-content\/uploads\/2026\/04\/Curiel.jpg","type":"image\/jpeg"}],"author":"El Informativo Tam","twitter_card":"summary_large_image","twitter_misc":{"Escrito por":"El Informativo Tam","Tiempo de lectura":"2 minutos"},"schema":{"@context":"https:\/\/schema.org","@graph":[{"@type":"Article","@id":"https:\/\/elinformativotam.com\/index.php\/2026\/04\/28\/aumentan-reportes-de-enjambres-de-abejas-en-la-zona-centro-de-tampico\/#article","isPartOf":{"@id":"https:\/\/elinformativotam.com\/index.php\/2026\/04\/28\/aumentan-reportes-de-enjambres-de-abejas-en-la-zona-centro-de-tampico\/"},"author":{"name":"El Informativo Tam","@id":"https:\/\/elinformativotam.com\/#\/schema\/person\/78e08040eed0f6110f0c5f83b6153590"},"headline":"Aumentan Reportes De Enjambres De Abejas En La Zona Centro De Tampico","datePublished":"2026-04-29T04:23:02+00:00","dateModified":"2026-04-29T04:23:22+00:00","mainEntityOfPage":{"@id":"https:\/\/elinformativotam.com\/index.php\/2026\/04\/28\/aumentan-reportes-de-enjambres-de-abejas-en-la-zona-centro-de-tampico\/"},"wordCount":346,"commentCount":0,"publisher":{"@id":"https:\/\/elinformativotam.com\/#organization"},"image":{"@id":"https:\/\/elinformativotam.com\/index.php\/2026\/04\/28\/aumentan-reportes-de-enjambres-de-abejas-en-la-zona-centro-de-tampico\/#primaryimage"},"thumbnailUrl":"https:\/\/elinformativotam.com\/wp-content\/uploads\/2026\/04\/Curiel.jpg","articleSection":["Tampico"],"inLanguage":"es","potentialAction":[{"@type":"CommentAction","name":"Comment","target":["https:\/\/elinformativotam.com\/index.php\/2026\/04\/28\/aumentan-reportes-de-enjambres-de-abejas-en-la-zona-centro-de-tampico\/#respond"]}]},{"@type":"WebPage","@id":"https:\/\/elinformativotam.com\/index.php\/2026\/04\/28\/aumentan-reportes-de-enjambres-de-abejas-en-la-zona-centro-de-tampico\/","url":"https:\/\/elinformativotam.com\/index.php\/2026\/04\/28\/aumentan-reportes-de-enjambres-de-abejas-en-la-zona-centro-de-tampico\/","name":"Aumentan Reportes De Enjambres De Abejas En La Zona Centro De Tampico - EL INFORMATIVO DE TAMAULIPAS","isPartOf":{"@id":"https:\/\/elinformativotam.com\/#website"},"primaryImageOfPage":{"@id":"https:\/\/elinformativotam.com\/index.php\/2026\/04\/28\/aumentan-reportes-de-enjambres-de-abejas-en-la-zona-centro-de-tampico\/#primaryimage"},"image":{"@id":"https:\/\/elinformativotam.com\/index.php\/2026\/04\/28\/aumentan-reportes-de-enjambres-de-abejas-en-la-zona-centro-de-tampico\/#primaryimage"},"thumbnailUrl":"https:\/\/elinformativotam.com\/wp-content\/uploads\/2026\/04\/Curiel.jpg","datePublished":"2026-04-29T04:23:02+00:00","dateModified":"2026-04-29T04:23:22+00:00","description":"Tampico, Tamps.- El comandante de bomberos, Jos\u00e9 Luis Curiel, inform\u00f3 que en los \u00faltimos d\u00edas se ha registrado la presencia de varios enjambres de abejas","inLanguage":"es","potentialAction":[{"@type":"ReadAction","target":["https:\/\/elinformativotam.com\/index.php\/2026\/04\/28\/aumentan-reportes-de-enjambres-de-abejas-en-la-zona-centro-de-tampico\/"]}]},{"@type":"ImageObject","inLanguage":"es","@id":"https:\/\/elinformativotam.com\/index.php\/2026\/04\/28\/aumentan-reportes-de-enjambres-de-abejas-en-la-zona-centro-de-tampico\/#primaryimage","url":"https:\/\/elinformativotam.com\/wp-content\/uploads\/2026\/04\/Curiel.jpg","contentUrl":"https:\/\/elinformativotam.com\/wp-content\/uploads\/2026\/04\/Curiel.jpg","width":601,"height":609},{"@type":"WebSite","@id":"https:\/\/elinformativotam.com\/#website","url":"https:\/\/elinformativotam.com\/","name":"EL INFORMATIVO DE TAMAULIPAS","description":"Desde la Zona Metropolitana Para Todo M\u00e9xico","publisher":{"@id":"https:\/\/elinformativotam.com\/#organization"},"potentialAction":[{"@type":"SearchAction","target":{"@type":"EntryPoint","urlTemplate":"https:\/\/elinformativotam.com\/?s={search_term_string}"},"query-input":{"@type":"PropertyValueSpecification","valueRequired":true,"valueName":"search_term_string"}}],"inLanguage":"es"},{"@type":"Organization","@id":"https:\/\/elinformativotam.com\/#organization","name":"EL INFORMATIVO DE TAMAULIPAS","url":"https:\/\/elinformativotam.com\/","logo":{"@type":"ImageObject","inLanguage":"es","@id":"https:\/\/elinformativotam.com\/#\/schema\/logo\/image\/","url":"https:\/\/elinformativotam.com\/wp-content\/uploads\/2026\/02\/Cabezal.png","contentUrl":"https:\/\/elinformativotam.com\/wp-content\/uploads\/2026\/02\/Cabezal.png","width":960,"height":640,"caption":"EL INFORMATIVO DE TAMAULIPAS"},"image":{"@id":"https:\/\/elinformativotam.com\/#\/schema\/logo\/image\/"}},{"@type":"Person","@id":"https:\/\/elinformativotam.com\/#\/schema\/person\/78e08040eed0f6110f0c5f83b6153590","name":"El Informativo Tam","image":{"@type":"ImageObject","inLanguage":"es","@id":"https:\/\/secure.gravatar.com\/avatar\/f3b7ad3af540688955925ac610647be00b0cf41feea9c4978b73a707ee86bc53?s=96&d=mm&r=g","url":"https:\/\/secure.gravatar.com\/avatar\/f3b7ad3af540688955925ac610647be00b0cf41feea9c4978b73a707ee86bc53?s=96&d=mm&r=g","contentUrl":"https:\/\/secure.gravatar.com\/avatar\/f3b7ad3af540688955925ac610647be00b0cf41feea9c4978b73a707ee86bc53?s=96&d=mm&r=g","caption":"El Informativo Tam"}}]}},"_links":{"self":[{"href":"https:\/\/elinformativotam.com\/index.php\/wp-json\/wp\/v2\/posts\/57657","targetHints":{"allow":["GET"]}}],"collection":[{"href":"https:\/\/elinformativotam.com\/index.php\/wp-json\/wp\/v2\/posts"}],"about":[{"href":"https:\/\/elinformativotam.com\/index.php\/wp-json\/wp\/v2\/types\/post"}],"author":[{"embeddable":true,"href":"https:\/\/elinformativotam.com\/index.php\/wp-json\/wp\/v2\/users\/1"}],"replies":[{"embeddable":true,"href":"https:\/\/elinformativotam.com\/index.php\/wp-json\/wp\/v2\/comments?post=57657"}],"version-history":[{"count":1,"href":"https:\/\/elinformativotam.com\/index.php\/wp-json\/wp\/v2\/posts\/57657\/revisions"}],"predecessor-version":[{"id":57658,"href":"https:\/\/elinformativotam.com\/index.php\/wp-json\/wp\/v2\/posts\/57657\/revisions\/57658"}],"wp:featuredmedia":[{"embeddable":true,"href":"https:\/\/elinformativotam.com\/index.php\/wp-json\/wp\/v2\/media\/57653"}],"wp:attachment":[{"href":"https:\/\/elinformativotam.com\/index.php\/wp-json\/wp\/v2\/media?parent=57657"}],"wp:term":[{"taxonomy":"category","embeddable":true,"href":"https:\/\/elinformativotam.com\/index.php\/wp-json\/wp\/v2\/categories?post=57657"},{"taxonomy":"post_tag","embeddable":true,"href":"https:\/\/elinformativotam.com\/index.php\/wp-json\/wp\/v2\/tags?post=57657"}],"curies":[{"name":"wp","href":"https:\/\/api.w.org\/{rel}","templated":true}]}}