{"id":57645,"date":"2026-04-27T22:56:08","date_gmt":"2026-04-28T04:56:08","guid":{"rendered":"https:\/\/elinformativotam.com\/?p=57645"},"modified":"2026-04-27T22:56:08","modified_gmt":"2026-04-28T04:56:08","slug":"comerciantes-piden-reordenamiento-vial-en-zona-de-mercados-de-tampico","status":"publish","type":"post","link":"https:\/\/elinformativotam.com\/index.php\/2026\/04\/27\/comerciantes-piden-reordenamiento-vial-en-zona-de-mercados-de-tampico\/","title":{"rendered":"Comerciantes Piden Reordenamiento Vial En Zona De Mercados De Tampico"},"content":{"rendered":"<p>Tampico, Tamps<strong>.<\/strong> \u2014 El comerciante Misael Garrido Amador, propietario de un negocio tradicional en el mercado municipal, expres\u00f3 su preocupaci\u00f3n por el caos vial que afecta la afluencia de clientes en la zona.<\/p>\n<p>&nbsp;<\/p>\n<p>Se\u00f1al\u00f3 que, aunque existen propuestas con buena intenci\u00f3n para mejorar la movilidad, es necesario que las autoridades de transporte y tr\u00e1nsito, junto con la comisi\u00f3n de movilidad, definan acciones concretas para resolver la problem\u00e1tica.<\/p>\n<p>&nbsp;<\/p>\n<p>Uno de los principales conflictos, explic\u00f3, se presenta en las inmediaciones del Hospital y hacia la zona de La Cruz, donde el transporte p\u00fablico y las maniobras de carga y descarga generan bloqueos constantes.<\/p>\n<p>&nbsp;<\/p>\n<p>\u201cPasar por esa calle implica casi una hora. Hay triple fila de estacionamiento; cargan y descargan en doble y triple fila, y eso nos afecta porque la gente ya no viene hasta ac\u00e1\u201d, coment\u00f3.<\/p>\n<p>&nbsp;<\/p>\n<p>El comerciante consider\u00f3 urgente liberar las vialidades para facilitar el acceso de los clientes, ya que la situaci\u00f3n actual impacta directamente en las ventas de los negocios.<\/p>\n<p>&nbsp;<\/p>\n<p>Asimismo, destac\u00f3 que el restablecimiento de rutas de transporte p\u00fablico podr\u00eda beneficiar tanto a comerciantes como a usuarios. Entre las rutas que podr\u00edan reincorporarse mencion\u00f3 Polvorillo, Cascajares, as\u00ed como las provenientes del norte, como Valle y San Carlos, que tradicionalmente trasladan a gran cantidad de pasajeros hacia los mercados.<\/p>\n<p>&nbsp;<\/p>\n<p>Finalmente, hizo un llamado a las autoridades para intervenir y ordenar la circulaci\u00f3n en la zona, con el objetivo de reactivar la actividad comercial y mejorar la movilidad urbana.<\/p>\n","protected":false},"excerpt":{"rendered":"<p>Tampico, Tamps. \u2014 El comerciante Misael Garrido Amador, propietario de un negocio tradicional en el mercado municipal, expres\u00f3 su preocupaci\u00f3n&hellip;<\/p>\n","protected":false},"author":1,"featured_media":57639,"comment_status":"open","ping_status":"open","sticky":false,"template":"","format":"standard","meta":{"footnotes":""},"categories":[3],"tags":[],"class_list":["post-57645","post","type-post","status-publish","format-standard","has-post-thumbnail","hentry","category-tampico"],"yoast_head":"<!-- This site is optimized with the Yoast SEO plugin v27.4 - https:\/\/yoast.com\/product\/yoast-seo-wordpress\/ -->\n<title>Comerciantes Piden Reordenamiento Vial En Zona De Mercados De Tampico - EL INFORMATIVO DE TAMAULIPAS<\/title>\n<meta name=\"description\" content=\"Tampico, Tamps. \u2014 El comerciante Misael Garrido Amador, propietario de un negocio tradicional en el mercado municipal, expres\u00f3 su preocupaci\u00f3n por el caos\" \/>\n<meta name=\"robots\" content=\"index, follow, max-snippet:-1, max-image-preview:large, max-video-preview:-1\" \/>\n<link rel=\"canonical\" href=\"https:\/\/elinformativotam.com\/index.php\/2026\/04\/27\/comerciantes-piden-reordenamiento-vial-en-zona-de-mercados-de-tampico\/\" \/>\n<meta property=\"og:locale\" content=\"es_MX\" \/>\n<meta property=\"og:type\" content=\"article\" \/>\n<meta property=\"og:title\" content=\"Comerciantes Piden Reordenamiento Vial En Zona De Mercados De Tampico - EL INFORMATIVO DE TAMAULIPAS\" \/>\n<meta property=\"og:description\" content=\"Tampico, Tamps. \u2014 El comerciante Misael Garrido Amador, propietario de un negocio tradicional en el mercado municipal, expres\u00f3 su preocupaci\u00f3n por el caos\" \/>\n<meta property=\"og:url\" content=\"https:\/\/elinformativotam.com\/index.php\/2026\/04\/27\/comerciantes-piden-reordenamiento-vial-en-zona-de-mercados-de-tampico\/\" \/>\n<meta property=\"og:site_name\" content=\"EL INFORMATIVO DE TAMAULIPAS\" \/>\n<meta property=\"article:published_time\" content=\"2026-04-28T04:56:08+00:00\" \/>\n<meta property=\"og:image\" content=\"https:\/\/elinformativotam.com\/wp-content\/uploads\/2026\/04\/MIsael-Garrido.jpg\" \/>\n\t<meta property=\"og:image:width\" content=\"251\" \/>\n\t<meta property=\"og:image:height\" content=\"249\" \/>\n\t<meta property=\"og:image:type\" content=\"image\/jpeg\" \/>\n<meta name=\"author\" content=\"El Informativo Tam\" \/>\n<meta name=\"twitter:card\" content=\"summary_large_image\" \/>\n<meta name=\"twitter:label1\" content=\"Escrito por\" \/>\n\t<meta name=\"twitter:data1\" content=\"El Informativo Tam\" \/>\n\t<meta name=\"twitter:label2\" content=\"Tiempo de lectura\" \/>\n\t<meta name=\"twitter:data2\" content=\"2 minutos\" \/>\n<script type=\"application\/ld+json\" class=\"yoast-schema-graph\">{\"@context\":\"https:\\\/\\\/schema.org\",\"@graph\":[{\"@type\":\"Article\",\"@id\":\"https:\\\/\\\/elinformativotam.com\\\/index.php\\\/2026\\\/04\\\/27\\\/comerciantes-piden-reordenamiento-vial-en-zona-de-mercados-de-tampico\\\/#article\",\"isPartOf\":{\"@id\":\"https:\\\/\\\/elinformativotam.com\\\/index.php\\\/2026\\\/04\\\/27\\\/comerciantes-piden-reordenamiento-vial-en-zona-de-mercados-de-tampico\\\/\"},\"author\":{\"name\":\"El Informativo Tam\",\"@id\":\"https:\\\/\\\/elinformativotam.com\\\/#\\\/schema\\\/person\\\/78e08040eed0f6110f0c5f83b6153590\"},\"headline\":\"Comerciantes Piden Reordenamiento Vial En Zona De Mercados De Tampico\",\"datePublished\":\"2026-04-28T04:56:08+00:00\",\"mainEntityOfPage\":{\"@id\":\"https:\\\/\\\/elinformativotam.com\\\/index.php\\\/2026\\\/04\\\/27\\\/comerciantes-piden-reordenamiento-vial-en-zona-de-mercados-de-tampico\\\/\"},\"wordCount\":267,\"commentCount\":0,\"publisher\":{\"@id\":\"https:\\\/\\\/elinformativotam.com\\\/#organization\"},\"image\":{\"@id\":\"https:\\\/\\\/elinformativotam.com\\\/index.php\\\/2026\\\/04\\\/27\\\/comerciantes-piden-reordenamiento-vial-en-zona-de-mercados-de-tampico\\\/#primaryimage\"},\"thumbnailUrl\":\"https:\\\/\\\/elinformativotam.com\\\/wp-content\\\/uploads\\\/2026\\\/04\\\/MIsael-Garrido.jpg\",\"articleSection\":[\"Tampico\"],\"inLanguage\":\"es\",\"potentialAction\":[{\"@type\":\"CommentAction\",\"name\":\"Comment\",\"target\":[\"https:\\\/\\\/elinformativotam.com\\\/index.php\\\/2026\\\/04\\\/27\\\/comerciantes-piden-reordenamiento-vial-en-zona-de-mercados-de-tampico\\\/#respond\"]}]},{\"@type\":\"WebPage\",\"@id\":\"https:\\\/\\\/elinformativotam.com\\\/index.php\\\/2026\\\/04\\\/27\\\/comerciantes-piden-reordenamiento-vial-en-zona-de-mercados-de-tampico\\\/\",\"url\":\"https:\\\/\\\/elinformativotam.com\\\/index.php\\\/2026\\\/04\\\/27\\\/comerciantes-piden-reordenamiento-vial-en-zona-de-mercados-de-tampico\\\/\",\"name\":\"Comerciantes Piden Reordenamiento Vial En Zona De Mercados De Tampico - EL INFORMATIVO DE TAMAULIPAS\",\"isPartOf\":{\"@id\":\"https:\\\/\\\/elinformativotam.com\\\/#website\"},\"primaryImageOfPage\":{\"@id\":\"https:\\\/\\\/elinformativotam.com\\\/index.php\\\/2026\\\/04\\\/27\\\/comerciantes-piden-reordenamiento-vial-en-zona-de-mercados-de-tampico\\\/#primaryimage\"},\"image\":{\"@id\":\"https:\\\/\\\/elinformativotam.com\\\/index.php\\\/2026\\\/04\\\/27\\\/comerciantes-piden-reordenamiento-vial-en-zona-de-mercados-de-tampico\\\/#primaryimage\"},\"thumbnailUrl\":\"https:\\\/\\\/elinformativotam.com\\\/wp-content\\\/uploads\\\/2026\\\/04\\\/MIsael-Garrido.jpg\",\"datePublished\":\"2026-04-28T04:56:08+00:00\",\"description\":\"Tampico, Tamps. \u2014 El comerciante Misael Garrido Amador, propietario de un negocio tradicional en el mercado municipal, expres\u00f3 su preocupaci\u00f3n por el caos\",\"inLanguage\":\"es\",\"potentialAction\":[{\"@type\":\"ReadAction\",\"target\":[\"https:\\\/\\\/elinformativotam.com\\\/index.php\\\/2026\\\/04\\\/27\\\/comerciantes-piden-reordenamiento-vial-en-zona-de-mercados-de-tampico\\\/\"]}]},{\"@type\":\"ImageObject\",\"inLanguage\":\"es\",\"@id\":\"https:\\\/\\\/elinformativotam.com\\\/index.php\\\/2026\\\/04\\\/27\\\/comerciantes-piden-reordenamiento-vial-en-zona-de-mercados-de-tampico\\\/#primaryimage\",\"url\":\"https:\\\/\\\/elinformativotam.com\\\/wp-content\\\/uploads\\\/2026\\\/04\\\/MIsael-Garrido.jpg\",\"contentUrl\":\"https:\\\/\\\/elinformativotam.com\\\/wp-content\\\/uploads\\\/2026\\\/04\\\/MIsael-Garrido.jpg\",\"width\":251,\"height\":249},{\"@type\":\"WebSite\",\"@id\":\"https:\\\/\\\/elinformativotam.com\\\/#website\",\"url\":\"https:\\\/\\\/elinformativotam.com\\\/\",\"name\":\"EL INFORMATIVO DE TAMAULIPAS\",\"description\":\"Desde la Zona Metropolitana Para Todo M\u00e9xico\",\"publisher\":{\"@id\":\"https:\\\/\\\/elinformativotam.com\\\/#organization\"},\"potentialAction\":[{\"@type\":\"SearchAction\",\"target\":{\"@type\":\"EntryPoint\",\"urlTemplate\":\"https:\\\/\\\/elinformativotam.com\\\/?s={search_term_string}\"},\"query-input\":{\"@type\":\"PropertyValueSpecification\",\"valueRequired\":true,\"valueName\":\"search_term_string\"}}],\"inLanguage\":\"es\"},{\"@type\":\"Organization\",\"@id\":\"https:\\\/\\\/elinformativotam.com\\\/#organization\",\"name\":\"EL INFORMATIVO DE TAMAULIPAS\",\"url\":\"https:\\\/\\\/elinformativotam.com\\\/\",\"logo\":{\"@type\":\"ImageObject\",\"inLanguage\":\"es\",\"@id\":\"https:\\\/\\\/elinformativotam.com\\\/#\\\/schema\\\/logo\\\/image\\\/\",\"url\":\"https:\\\/\\\/elinformativotam.com\\\/wp-content\\\/uploads\\\/2026\\\/02\\\/Cabezal.png\",\"contentUrl\":\"https:\\\/\\\/elinformativotam.com\\\/wp-content\\\/uploads\\\/2026\\\/02\\\/Cabezal.png\",\"width\":960,\"height\":640,\"caption\":\"EL INFORMATIVO DE TAMAULIPAS\"},\"image\":{\"@id\":\"https:\\\/\\\/elinformativotam.com\\\/#\\\/schema\\\/logo\\\/image\\\/\"}},{\"@type\":\"Person\",\"@id\":\"https:\\\/\\\/elinformativotam.com\\\/#\\\/schema\\\/person\\\/78e08040eed0f6110f0c5f83b6153590\",\"name\":\"El Informativo Tam\",\"image\":{\"@type\":\"ImageObject\",\"inLanguage\":\"es\",\"@id\":\"https:\\\/\\\/secure.gravatar.com\\\/avatar\\\/f3b7ad3af540688955925ac610647be00b0cf41feea9c4978b73a707ee86bc53?s=96&d=mm&r=g\",\"url\":\"https:\\\/\\\/secure.gravatar.com\\\/avatar\\\/f3b7ad3af540688955925ac610647be00b0cf41feea9c4978b73a707ee86bc53?s=96&d=mm&r=g\",\"contentUrl\":\"https:\\\/\\\/secure.gravatar.com\\\/avatar\\\/f3b7ad3af540688955925ac610647be00b0cf41feea9c4978b73a707ee86bc53?s=96&d=mm&r=g\",\"caption\":\"El Informativo Tam\"}}]}<\/script>\n<!-- \/ Yoast SEO plugin. -->","yoast_head_json":{"title":"Comerciantes Piden Reordenamiento Vial En Zona De Mercados De Tampico - EL INFORMATIVO DE TAMAULIPAS","description":"Tampico, Tamps. \u2014 El comerciante Misael Garrido Amador, propietario de un negocio tradicional en el mercado municipal, expres\u00f3 su preocupaci\u00f3n por el caos","robots":{"index":"index","follow":"follow","max-snippet":"max-snippet:-1","max-image-preview":"max-image-preview:large","max-video-preview":"max-video-preview:-1"},"canonical":"https:\/\/elinformativotam.com\/index.php\/2026\/04\/27\/comerciantes-piden-reordenamiento-vial-en-zona-de-mercados-de-tampico\/","og_locale":"es_MX","og_type":"article","og_title":"Comerciantes Piden Reordenamiento Vial En Zona De Mercados De Tampico - EL INFORMATIVO DE TAMAULIPAS","og_description":"Tampico, Tamps. \u2014 El comerciante Misael Garrido Amador, propietario de un negocio tradicional en el mercado municipal, expres\u00f3 su preocupaci\u00f3n por el caos","og_url":"https:\/\/elinformativotam.com\/index.php\/2026\/04\/27\/comerciantes-piden-reordenamiento-vial-en-zona-de-mercados-de-tampico\/","og_site_name":"EL INFORMATIVO DE TAMAULIPAS","article_published_time":"2026-04-28T04:56:08+00:00","og_image":[{"width":251,"height":249,"url":"https:\/\/elinformativotam.com\/wp-content\/uploads\/2026\/04\/MIsael-Garrido.jpg","type":"image\/jpeg"}],"author":"El Informativo Tam","twitter_card":"summary_large_image","twitter_misc":{"Escrito por":"El Informativo Tam","Tiempo de lectura":"2 minutos"},"schema":{"@context":"https:\/\/schema.org","@graph":[{"@type":"Article","@id":"https:\/\/elinformativotam.com\/index.php\/2026\/04\/27\/comerciantes-piden-reordenamiento-vial-en-zona-de-mercados-de-tampico\/#article","isPartOf":{"@id":"https:\/\/elinformativotam.com\/index.php\/2026\/04\/27\/comerciantes-piden-reordenamiento-vial-en-zona-de-mercados-de-tampico\/"},"author":{"name":"El Informativo Tam","@id":"https:\/\/elinformativotam.com\/#\/schema\/person\/78e08040eed0f6110f0c5f83b6153590"},"headline":"Comerciantes Piden Reordenamiento Vial En Zona De Mercados De Tampico","datePublished":"2026-04-28T04:56:08+00:00","mainEntityOfPage":{"@id":"https:\/\/elinformativotam.com\/index.php\/2026\/04\/27\/comerciantes-piden-reordenamiento-vial-en-zona-de-mercados-de-tampico\/"},"wordCount":267,"commentCount":0,"publisher":{"@id":"https:\/\/elinformativotam.com\/#organization"},"image":{"@id":"https:\/\/elinformativotam.com\/index.php\/2026\/04\/27\/comerciantes-piden-reordenamiento-vial-en-zona-de-mercados-de-tampico\/#primaryimage"},"thumbnailUrl":"https:\/\/elinformativotam.com\/wp-content\/uploads\/2026\/04\/MIsael-Garrido.jpg","articleSection":["Tampico"],"inLanguage":"es","potentialAction":[{"@type":"CommentAction","name":"Comment","target":["https:\/\/elinformativotam.com\/index.php\/2026\/04\/27\/comerciantes-piden-reordenamiento-vial-en-zona-de-mercados-de-tampico\/#respond"]}]},{"@type":"WebPage","@id":"https:\/\/elinformativotam.com\/index.php\/2026\/04\/27\/comerciantes-piden-reordenamiento-vial-en-zona-de-mercados-de-tampico\/","url":"https:\/\/elinformativotam.com\/index.php\/2026\/04\/27\/comerciantes-piden-reordenamiento-vial-en-zona-de-mercados-de-tampico\/","name":"Comerciantes Piden Reordenamiento Vial En Zona De Mercados De Tampico - EL INFORMATIVO DE TAMAULIPAS","isPartOf":{"@id":"https:\/\/elinformativotam.com\/#website"},"primaryImageOfPage":{"@id":"https:\/\/elinformativotam.com\/index.php\/2026\/04\/27\/comerciantes-piden-reordenamiento-vial-en-zona-de-mercados-de-tampico\/#primaryimage"},"image":{"@id":"https:\/\/elinformativotam.com\/index.php\/2026\/04\/27\/comerciantes-piden-reordenamiento-vial-en-zona-de-mercados-de-tampico\/#primaryimage"},"thumbnailUrl":"https:\/\/elinformativotam.com\/wp-content\/uploads\/2026\/04\/MIsael-Garrido.jpg","datePublished":"2026-04-28T04:56:08+00:00","description":"Tampico, Tamps. \u2014 El comerciante Misael Garrido Amador, propietario de un negocio tradicional en el mercado municipal, expres\u00f3 su preocupaci\u00f3n por el caos","inLanguage":"es","potentialAction":[{"@type":"ReadAction","target":["https:\/\/elinformativotam.com\/index.php\/2026\/04\/27\/comerciantes-piden-reordenamiento-vial-en-zona-de-mercados-de-tampico\/"]}]},{"@type":"ImageObject","inLanguage":"es","@id":"https:\/\/elinformativotam.com\/index.php\/2026\/04\/27\/comerciantes-piden-reordenamiento-vial-en-zona-de-mercados-de-tampico\/#primaryimage","url":"https:\/\/elinformativotam.com\/wp-content\/uploads\/2026\/04\/MIsael-Garrido.jpg","contentUrl":"https:\/\/elinformativotam.com\/wp-content\/uploads\/2026\/04\/MIsael-Garrido.jpg","width":251,"height":249},{"@type":"WebSite","@id":"https:\/\/elinformativotam.com\/#website","url":"https:\/\/elinformativotam.com\/","name":"EL INFORMATIVO DE TAMAULIPAS","description":"Desde la Zona Metropolitana Para Todo M\u00e9xico","publisher":{"@id":"https:\/\/elinformativotam.com\/#organization"},"potentialAction":[{"@type":"SearchAction","target":{"@type":"EntryPoint","urlTemplate":"https:\/\/elinformativotam.com\/?s={search_term_string}"},"query-input":{"@type":"PropertyValueSpecification","valueRequired":true,"valueName":"search_term_string"}}],"inLanguage":"es"},{"@type":"Organization","@id":"https:\/\/elinformativotam.com\/#organization","name":"EL INFORMATIVO DE TAMAULIPAS","url":"https:\/\/elinformativotam.com\/","logo":{"@type":"ImageObject","inLanguage":"es","@id":"https:\/\/elinformativotam.com\/#\/schema\/logo\/image\/","url":"https:\/\/elinformativotam.com\/wp-content\/uploads\/2026\/02\/Cabezal.png","contentUrl":"https:\/\/elinformativotam.com\/wp-content\/uploads\/2026\/02\/Cabezal.png","width":960,"height":640,"caption":"EL INFORMATIVO DE TAMAULIPAS"},"image":{"@id":"https:\/\/elinformativotam.com\/#\/schema\/logo\/image\/"}},{"@type":"Person","@id":"https:\/\/elinformativotam.com\/#\/schema\/person\/78e08040eed0f6110f0c5f83b6153590","name":"El Informativo Tam","image":{"@type":"ImageObject","inLanguage":"es","@id":"https:\/\/secure.gravatar.com\/avatar\/f3b7ad3af540688955925ac610647be00b0cf41feea9c4978b73a707ee86bc53?s=96&d=mm&r=g","url":"https:\/\/secure.gravatar.com\/avatar\/f3b7ad3af540688955925ac610647be00b0cf41feea9c4978b73a707ee86bc53?s=96&d=mm&r=g","contentUrl":"https:\/\/secure.gravatar.com\/avatar\/f3b7ad3af540688955925ac610647be00b0cf41feea9c4978b73a707ee86bc53?s=96&d=mm&r=g","caption":"El Informativo Tam"}}]}},"_links":{"self":[{"href":"https:\/\/elinformativotam.com\/index.php\/wp-json\/wp\/v2\/posts\/57645","targetHints":{"allow":["GET"]}}],"collection":[{"href":"https:\/\/elinformativotam.com\/index.php\/wp-json\/wp\/v2\/posts"}],"about":[{"href":"https:\/\/elinformativotam.com\/index.php\/wp-json\/wp\/v2\/types\/post"}],"author":[{"embeddable":true,"href":"https:\/\/elinformativotam.com\/index.php\/wp-json\/wp\/v2\/users\/1"}],"replies":[{"embeddable":true,"href":"https:\/\/elinformativotam.com\/index.php\/wp-json\/wp\/v2\/comments?post=57645"}],"version-history":[{"count":1,"href":"https:\/\/elinformativotam.com\/index.php\/wp-json\/wp\/v2\/posts\/57645\/revisions"}],"predecessor-version":[{"id":57646,"href":"https:\/\/elinformativotam.com\/index.php\/wp-json\/wp\/v2\/posts\/57645\/revisions\/57646"}],"wp:featuredmedia":[{"embeddable":true,"href":"https:\/\/elinformativotam.com\/index.php\/wp-json\/wp\/v2\/media\/57639"}],"wp:attachment":[{"href":"https:\/\/elinformativotam.com\/index.php\/wp-json\/wp\/v2\/media?parent=57645"}],"wp:term":[{"taxonomy":"category","embeddable":true,"href":"https:\/\/elinformativotam.com\/index.php\/wp-json\/wp\/v2\/categories?post=57645"},{"taxonomy":"post_tag","embeddable":true,"href":"https:\/\/elinformativotam.com\/index.php\/wp-json\/wp\/v2\/tags?post=57645"}],"curies":[{"name":"wp","href":"https:\/\/api.w.org\/{rel}","templated":true}]}}