{"id":57643,"date":"2026-04-27T22:55:16","date_gmt":"2026-04-28T04:55:16","guid":{"rendered":"https:\/\/elinformativotam.com\/?p=57643"},"modified":"2026-04-27T22:55:16","modified_gmt":"2026-04-28T04:55:16","slug":"llevan-alegria-a-ninos-de-ciudad-madero-con-recorrido-de-superheroes-por-el-dia-del-nino","status":"publish","type":"post","link":"https:\/\/elinformativotam.com\/index.php\/2026\/04\/27\/llevan-alegria-a-ninos-de-ciudad-madero-con-recorrido-de-superheroes-por-el-dia-del-nino\/","title":{"rendered":"Llevan Alegr\u00eda A Ni\u00f1os De Ciudad Madero Con Recorrido De Superh\u00e9roes Por El D\u00eda Del Ni\u00f1o."},"content":{"rendered":"<p>Cd. Madero, Tamaulipas.\u2013 Como parte de los festejos por el D\u00eda del Ni\u00f1o, integrantes del Sindicato \u00danico de Trabajadores al Servicio del Ayuntamiento (SUTSHA) realizar\u00e1n un recorrido especial por distintas colonias para llevar alegr\u00eda a los hogares, principalmente a ni\u00f1as y ni\u00f1os.<\/p>\n<p>&nbsp;<\/p>\n<p>El secretario general del SUTSHA, Azael Portillo Alejo, dijo que esta actividad es una muestra de agradecimiento hacia la ciudadan\u00eda maderense por el respaldo y la generosidad que han brindado a los trabajadores, por lo que buscan retribuir con un momento de convivencia familiar.<\/p>\n<p>&nbsp;<\/p>\n<p>Explic\u00f3 que los participantes se caracterizar\u00e1n como personajes y superh\u00e9roes, con el objetivo de generar un ambiente festivo. Adem\u00e1s, invit\u00f3 a la poblaci\u00f3n a salir de sus casas para saludarlos y tomarse fotograf\u00edas durante el recorrido.<\/p>\n<p>&nbsp;<\/p>\n<p>\u201cEs una acci\u00f3n pensada para llevar alegr\u00eda directamente a los hogares, sobre todo a los ni\u00f1os, que son los consentidos en estas fechas\u201d.<\/p>\n<p>&nbsp;<\/p>\n<p>Portillo Alejo destac\u00f3 el esfuerzo de los trabajadores, quienes, pese a las altas temperaturas, participan con entusiasmo en esta actividad.<\/p>\n<p>&nbsp;<\/p>\n<p>\u201cEs de reconocerse, porque lo hacen con gusto para regalar sonrisas a las familias\u201d, se\u00f1al\u00f3.<\/p>\n<p>&nbsp;<\/p>\n<p>Durante el recorrido tambi\u00e9n se contempla la entrega de dulces, juguetes y algunos obsequios como pelotas, con la intenci\u00f3n de hacer m\u00e1s especial la celebraci\u00f3n.<\/p>\n<p>&nbsp;<\/p>\n<p>El l\u00edder sindical record\u00f3 que esta iniciativa surgi\u00f3 en 2020, durante el inicio de la pandemia por COVID-19, cuando muchas familias permanec\u00edan resguardadas en casa, y desde entonces se ha mantenido como una tradici\u00f3n que buscan continuar en los pr\u00f3ximos a\u00f1os.<\/p>\n<p>&nbsp;<\/p>\n<p>&nbsp;<\/p>\n","protected":false},"excerpt":{"rendered":"<p>Cd. Madero, Tamaulipas.\u2013 Como parte de los festejos por el D\u00eda del Ni\u00f1o, integrantes del Sindicato \u00danico de Trabajadores al&hellip;<\/p>\n","protected":false},"author":1,"featured_media":57637,"comment_status":"open","ping_status":"open","sticky":false,"template":"","format":"standard","meta":{"footnotes":""},"categories":[4],"tags":[],"class_list":["post-57643","post","type-post","status-publish","format-standard","has-post-thumbnail","hentry","category-madero"],"yoast_head":"<!-- This site is optimized with the Yoast SEO plugin v27.4 - https:\/\/yoast.com\/product\/yoast-seo-wordpress\/ -->\n<title>Llevan Alegr\u00eda A Ni\u00f1os De Ciudad Madero Con Recorrido De Superh\u00e9roes Por El D\u00eda Del Ni\u00f1o. - EL INFORMATIVO DE TAMAULIPAS<\/title>\n<meta name=\"description\" content=\"Cd. Madero, Tamaulipas.\u2013 Como parte de los festejos por el D\u00eda del Ni\u00f1o, integrantes del Sindicato \u00danico de Trabajadores al Servicio del Ayuntamiento\" \/>\n<meta name=\"robots\" content=\"index, follow, max-snippet:-1, max-image-preview:large, max-video-preview:-1\" \/>\n<link rel=\"canonical\" href=\"https:\/\/elinformativotam.com\/index.php\/2026\/04\/27\/llevan-alegria-a-ninos-de-ciudad-madero-con-recorrido-de-superheroes-por-el-dia-del-nino\/\" \/>\n<meta property=\"og:locale\" content=\"es_MX\" \/>\n<meta property=\"og:type\" content=\"article\" \/>\n<meta property=\"og:title\" content=\"Llevan Alegr\u00eda A Ni\u00f1os De Ciudad Madero Con Recorrido De Superh\u00e9roes Por El D\u00eda Del Ni\u00f1o. - EL INFORMATIVO DE TAMAULIPAS\" \/>\n<meta property=\"og:description\" content=\"Cd. Madero, Tamaulipas.\u2013 Como parte de los festejos por el D\u00eda del Ni\u00f1o, integrantes del Sindicato \u00danico de Trabajadores al Servicio del Ayuntamiento\" \/>\n<meta property=\"og:url\" content=\"https:\/\/elinformativotam.com\/index.php\/2026\/04\/27\/llevan-alegria-a-ninos-de-ciudad-madero-con-recorrido-de-superheroes-por-el-dia-del-nino\/\" \/>\n<meta property=\"og:site_name\" content=\"EL INFORMATIVO DE TAMAULIPAS\" \/>\n<meta property=\"article:published_time\" content=\"2026-04-28T04:55:16+00:00\" \/>\n<meta property=\"og:image\" content=\"https:\/\/elinformativotam.com\/wp-content\/uploads\/2026\/04\/AZAEL.jpg\" \/>\n\t<meta property=\"og:image:width\" content=\"1080\" \/>\n\t<meta property=\"og:image:height\" content=\"720\" \/>\n\t<meta property=\"og:image:type\" content=\"image\/jpeg\" \/>\n<meta name=\"author\" content=\"El Informativo Tam\" \/>\n<meta name=\"twitter:card\" content=\"summary_large_image\" \/>\n<meta name=\"twitter:label1\" content=\"Escrito por\" \/>\n\t<meta name=\"twitter:data1\" content=\"El Informativo Tam\" \/>\n\t<meta name=\"twitter:label2\" content=\"Tiempo de lectura\" \/>\n\t<meta name=\"twitter:data2\" content=\"1 minuto\" \/>\n<script type=\"application\/ld+json\" class=\"yoast-schema-graph\">{\"@context\":\"https:\\\/\\\/schema.org\",\"@graph\":[{\"@type\":\"Article\",\"@id\":\"https:\\\/\\\/elinformativotam.com\\\/index.php\\\/2026\\\/04\\\/27\\\/llevan-alegria-a-ninos-de-ciudad-madero-con-recorrido-de-superheroes-por-el-dia-del-nino\\\/#article\",\"isPartOf\":{\"@id\":\"https:\\\/\\\/elinformativotam.com\\\/index.php\\\/2026\\\/04\\\/27\\\/llevan-alegria-a-ninos-de-ciudad-madero-con-recorrido-de-superheroes-por-el-dia-del-nino\\\/\"},\"author\":{\"name\":\"El Informativo Tam\",\"@id\":\"https:\\\/\\\/elinformativotam.com\\\/#\\\/schema\\\/person\\\/78e08040eed0f6110f0c5f83b6153590\"},\"headline\":\"Llevan Alegr\u00eda A Ni\u00f1os De Ciudad Madero Con Recorrido De Superh\u00e9roes Por El D\u00eda Del Ni\u00f1o.\",\"datePublished\":\"2026-04-28T04:55:16+00:00\",\"mainEntityOfPage\":{\"@id\":\"https:\\\/\\\/elinformativotam.com\\\/index.php\\\/2026\\\/04\\\/27\\\/llevan-alegria-a-ninos-de-ciudad-madero-con-recorrido-de-superheroes-por-el-dia-del-nino\\\/\"},\"wordCount\":300,\"commentCount\":0,\"publisher\":{\"@id\":\"https:\\\/\\\/elinformativotam.com\\\/#organization\"},\"image\":{\"@id\":\"https:\\\/\\\/elinformativotam.com\\\/index.php\\\/2026\\\/04\\\/27\\\/llevan-alegria-a-ninos-de-ciudad-madero-con-recorrido-de-superheroes-por-el-dia-del-nino\\\/#primaryimage\"},\"thumbnailUrl\":\"https:\\\/\\\/elinformativotam.com\\\/wp-content\\\/uploads\\\/2026\\\/04\\\/AZAEL.jpg\",\"articleSection\":[\"Cd Madero\"],\"inLanguage\":\"es\",\"potentialAction\":[{\"@type\":\"CommentAction\",\"name\":\"Comment\",\"target\":[\"https:\\\/\\\/elinformativotam.com\\\/index.php\\\/2026\\\/04\\\/27\\\/llevan-alegria-a-ninos-de-ciudad-madero-con-recorrido-de-superheroes-por-el-dia-del-nino\\\/#respond\"]}]},{\"@type\":\"WebPage\",\"@id\":\"https:\\\/\\\/elinformativotam.com\\\/index.php\\\/2026\\\/04\\\/27\\\/llevan-alegria-a-ninos-de-ciudad-madero-con-recorrido-de-superheroes-por-el-dia-del-nino\\\/\",\"url\":\"https:\\\/\\\/elinformativotam.com\\\/index.php\\\/2026\\\/04\\\/27\\\/llevan-alegria-a-ninos-de-ciudad-madero-con-recorrido-de-superheroes-por-el-dia-del-nino\\\/\",\"name\":\"Llevan Alegr\u00eda A Ni\u00f1os De Ciudad Madero Con Recorrido De Superh\u00e9roes Por El D\u00eda Del Ni\u00f1o. - EL INFORMATIVO DE TAMAULIPAS\",\"isPartOf\":{\"@id\":\"https:\\\/\\\/elinformativotam.com\\\/#website\"},\"primaryImageOfPage\":{\"@id\":\"https:\\\/\\\/elinformativotam.com\\\/index.php\\\/2026\\\/04\\\/27\\\/llevan-alegria-a-ninos-de-ciudad-madero-con-recorrido-de-superheroes-por-el-dia-del-nino\\\/#primaryimage\"},\"image\":{\"@id\":\"https:\\\/\\\/elinformativotam.com\\\/index.php\\\/2026\\\/04\\\/27\\\/llevan-alegria-a-ninos-de-ciudad-madero-con-recorrido-de-superheroes-por-el-dia-del-nino\\\/#primaryimage\"},\"thumbnailUrl\":\"https:\\\/\\\/elinformativotam.com\\\/wp-content\\\/uploads\\\/2026\\\/04\\\/AZAEL.jpg\",\"datePublished\":\"2026-04-28T04:55:16+00:00\",\"description\":\"Cd. Madero, Tamaulipas.\u2013 Como parte de los festejos por el D\u00eda del Ni\u00f1o, integrantes del Sindicato \u00danico de Trabajadores al Servicio del Ayuntamiento\",\"inLanguage\":\"es\",\"potentialAction\":[{\"@type\":\"ReadAction\",\"target\":[\"https:\\\/\\\/elinformativotam.com\\\/index.php\\\/2026\\\/04\\\/27\\\/llevan-alegria-a-ninos-de-ciudad-madero-con-recorrido-de-superheroes-por-el-dia-del-nino\\\/\"]}]},{\"@type\":\"ImageObject\",\"inLanguage\":\"es\",\"@id\":\"https:\\\/\\\/elinformativotam.com\\\/index.php\\\/2026\\\/04\\\/27\\\/llevan-alegria-a-ninos-de-ciudad-madero-con-recorrido-de-superheroes-por-el-dia-del-nino\\\/#primaryimage\",\"url\":\"https:\\\/\\\/elinformativotam.com\\\/wp-content\\\/uploads\\\/2026\\\/04\\\/AZAEL.jpg\",\"contentUrl\":\"https:\\\/\\\/elinformativotam.com\\\/wp-content\\\/uploads\\\/2026\\\/04\\\/AZAEL.jpg\",\"width\":1080,\"height\":720},{\"@type\":\"WebSite\",\"@id\":\"https:\\\/\\\/elinformativotam.com\\\/#website\",\"url\":\"https:\\\/\\\/elinformativotam.com\\\/\",\"name\":\"EL INFORMATIVO DE TAMAULIPAS\",\"description\":\"Desde la Zona Metropolitana Para Todo M\u00e9xico\",\"publisher\":{\"@id\":\"https:\\\/\\\/elinformativotam.com\\\/#organization\"},\"potentialAction\":[{\"@type\":\"SearchAction\",\"target\":{\"@type\":\"EntryPoint\",\"urlTemplate\":\"https:\\\/\\\/elinformativotam.com\\\/?s={search_term_string}\"},\"query-input\":{\"@type\":\"PropertyValueSpecification\",\"valueRequired\":true,\"valueName\":\"search_term_string\"}}],\"inLanguage\":\"es\"},{\"@type\":\"Organization\",\"@id\":\"https:\\\/\\\/elinformativotam.com\\\/#organization\",\"name\":\"EL INFORMATIVO DE TAMAULIPAS\",\"url\":\"https:\\\/\\\/elinformativotam.com\\\/\",\"logo\":{\"@type\":\"ImageObject\",\"inLanguage\":\"es\",\"@id\":\"https:\\\/\\\/elinformativotam.com\\\/#\\\/schema\\\/logo\\\/image\\\/\",\"url\":\"https:\\\/\\\/elinformativotam.com\\\/wp-content\\\/uploads\\\/2026\\\/02\\\/Cabezal.png\",\"contentUrl\":\"https:\\\/\\\/elinformativotam.com\\\/wp-content\\\/uploads\\\/2026\\\/02\\\/Cabezal.png\",\"width\":960,\"height\":640,\"caption\":\"EL INFORMATIVO DE TAMAULIPAS\"},\"image\":{\"@id\":\"https:\\\/\\\/elinformativotam.com\\\/#\\\/schema\\\/logo\\\/image\\\/\"}},{\"@type\":\"Person\",\"@id\":\"https:\\\/\\\/elinformativotam.com\\\/#\\\/schema\\\/person\\\/78e08040eed0f6110f0c5f83b6153590\",\"name\":\"El Informativo Tam\",\"image\":{\"@type\":\"ImageObject\",\"inLanguage\":\"es\",\"@id\":\"https:\\\/\\\/secure.gravatar.com\\\/avatar\\\/f3b7ad3af540688955925ac610647be00b0cf41feea9c4978b73a707ee86bc53?s=96&d=mm&r=g\",\"url\":\"https:\\\/\\\/secure.gravatar.com\\\/avatar\\\/f3b7ad3af540688955925ac610647be00b0cf41feea9c4978b73a707ee86bc53?s=96&d=mm&r=g\",\"contentUrl\":\"https:\\\/\\\/secure.gravatar.com\\\/avatar\\\/f3b7ad3af540688955925ac610647be00b0cf41feea9c4978b73a707ee86bc53?s=96&d=mm&r=g\",\"caption\":\"El Informativo Tam\"}}]}<\/script>\n<!-- \/ Yoast SEO plugin. -->","yoast_head_json":{"title":"Llevan Alegr\u00eda A Ni\u00f1os De Ciudad Madero Con Recorrido De Superh\u00e9roes Por El D\u00eda Del Ni\u00f1o. - EL INFORMATIVO DE TAMAULIPAS","description":"Cd. Madero, Tamaulipas.\u2013 Como parte de los festejos por el D\u00eda del Ni\u00f1o, integrantes del Sindicato \u00danico de Trabajadores al Servicio del Ayuntamiento","robots":{"index":"index","follow":"follow","max-snippet":"max-snippet:-1","max-image-preview":"max-image-preview:large","max-video-preview":"max-video-preview:-1"},"canonical":"https:\/\/elinformativotam.com\/index.php\/2026\/04\/27\/llevan-alegria-a-ninos-de-ciudad-madero-con-recorrido-de-superheroes-por-el-dia-del-nino\/","og_locale":"es_MX","og_type":"article","og_title":"Llevan Alegr\u00eda A Ni\u00f1os De Ciudad Madero Con Recorrido De Superh\u00e9roes Por El D\u00eda Del Ni\u00f1o. - EL INFORMATIVO DE TAMAULIPAS","og_description":"Cd. Madero, Tamaulipas.\u2013 Como parte de los festejos por el D\u00eda del Ni\u00f1o, integrantes del Sindicato \u00danico de Trabajadores al Servicio del Ayuntamiento","og_url":"https:\/\/elinformativotam.com\/index.php\/2026\/04\/27\/llevan-alegria-a-ninos-de-ciudad-madero-con-recorrido-de-superheroes-por-el-dia-del-nino\/","og_site_name":"EL INFORMATIVO DE TAMAULIPAS","article_published_time":"2026-04-28T04:55:16+00:00","og_image":[{"width":1080,"height":720,"url":"https:\/\/elinformativotam.com\/wp-content\/uploads\/2026\/04\/AZAEL.jpg","type":"image\/jpeg"}],"author":"El Informativo Tam","twitter_card":"summary_large_image","twitter_misc":{"Escrito por":"El Informativo Tam","Tiempo de lectura":"1 minuto"},"schema":{"@context":"https:\/\/schema.org","@graph":[{"@type":"Article","@id":"https:\/\/elinformativotam.com\/index.php\/2026\/04\/27\/llevan-alegria-a-ninos-de-ciudad-madero-con-recorrido-de-superheroes-por-el-dia-del-nino\/#article","isPartOf":{"@id":"https:\/\/elinformativotam.com\/index.php\/2026\/04\/27\/llevan-alegria-a-ninos-de-ciudad-madero-con-recorrido-de-superheroes-por-el-dia-del-nino\/"},"author":{"name":"El Informativo Tam","@id":"https:\/\/elinformativotam.com\/#\/schema\/person\/78e08040eed0f6110f0c5f83b6153590"},"headline":"Llevan Alegr\u00eda A Ni\u00f1os De Ciudad Madero Con Recorrido De Superh\u00e9roes Por El D\u00eda Del Ni\u00f1o.","datePublished":"2026-04-28T04:55:16+00:00","mainEntityOfPage":{"@id":"https:\/\/elinformativotam.com\/index.php\/2026\/04\/27\/llevan-alegria-a-ninos-de-ciudad-madero-con-recorrido-de-superheroes-por-el-dia-del-nino\/"},"wordCount":300,"commentCount":0,"publisher":{"@id":"https:\/\/elinformativotam.com\/#organization"},"image":{"@id":"https:\/\/elinformativotam.com\/index.php\/2026\/04\/27\/llevan-alegria-a-ninos-de-ciudad-madero-con-recorrido-de-superheroes-por-el-dia-del-nino\/#primaryimage"},"thumbnailUrl":"https:\/\/elinformativotam.com\/wp-content\/uploads\/2026\/04\/AZAEL.jpg","articleSection":["Cd Madero"],"inLanguage":"es","potentialAction":[{"@type":"CommentAction","name":"Comment","target":["https:\/\/elinformativotam.com\/index.php\/2026\/04\/27\/llevan-alegria-a-ninos-de-ciudad-madero-con-recorrido-de-superheroes-por-el-dia-del-nino\/#respond"]}]},{"@type":"WebPage","@id":"https:\/\/elinformativotam.com\/index.php\/2026\/04\/27\/llevan-alegria-a-ninos-de-ciudad-madero-con-recorrido-de-superheroes-por-el-dia-del-nino\/","url":"https:\/\/elinformativotam.com\/index.php\/2026\/04\/27\/llevan-alegria-a-ninos-de-ciudad-madero-con-recorrido-de-superheroes-por-el-dia-del-nino\/","name":"Llevan Alegr\u00eda A Ni\u00f1os De Ciudad Madero Con Recorrido De Superh\u00e9roes Por El D\u00eda Del Ni\u00f1o. - EL INFORMATIVO DE TAMAULIPAS","isPartOf":{"@id":"https:\/\/elinformativotam.com\/#website"},"primaryImageOfPage":{"@id":"https:\/\/elinformativotam.com\/index.php\/2026\/04\/27\/llevan-alegria-a-ninos-de-ciudad-madero-con-recorrido-de-superheroes-por-el-dia-del-nino\/#primaryimage"},"image":{"@id":"https:\/\/elinformativotam.com\/index.php\/2026\/04\/27\/llevan-alegria-a-ninos-de-ciudad-madero-con-recorrido-de-superheroes-por-el-dia-del-nino\/#primaryimage"},"thumbnailUrl":"https:\/\/elinformativotam.com\/wp-content\/uploads\/2026\/04\/AZAEL.jpg","datePublished":"2026-04-28T04:55:16+00:00","description":"Cd. Madero, Tamaulipas.\u2013 Como parte de los festejos por el D\u00eda del Ni\u00f1o, integrantes del Sindicato \u00danico de Trabajadores al Servicio del Ayuntamiento","inLanguage":"es","potentialAction":[{"@type":"ReadAction","target":["https:\/\/elinformativotam.com\/index.php\/2026\/04\/27\/llevan-alegria-a-ninos-de-ciudad-madero-con-recorrido-de-superheroes-por-el-dia-del-nino\/"]}]},{"@type":"ImageObject","inLanguage":"es","@id":"https:\/\/elinformativotam.com\/index.php\/2026\/04\/27\/llevan-alegria-a-ninos-de-ciudad-madero-con-recorrido-de-superheroes-por-el-dia-del-nino\/#primaryimage","url":"https:\/\/elinformativotam.com\/wp-content\/uploads\/2026\/04\/AZAEL.jpg","contentUrl":"https:\/\/elinformativotam.com\/wp-content\/uploads\/2026\/04\/AZAEL.jpg","width":1080,"height":720},{"@type":"WebSite","@id":"https:\/\/elinformativotam.com\/#website","url":"https:\/\/elinformativotam.com\/","name":"EL INFORMATIVO DE TAMAULIPAS","description":"Desde la Zona Metropolitana Para Todo M\u00e9xico","publisher":{"@id":"https:\/\/elinformativotam.com\/#organization"},"potentialAction":[{"@type":"SearchAction","target":{"@type":"EntryPoint","urlTemplate":"https:\/\/elinformativotam.com\/?s={search_term_string}"},"query-input":{"@type":"PropertyValueSpecification","valueRequired":true,"valueName":"search_term_string"}}],"inLanguage":"es"},{"@type":"Organization","@id":"https:\/\/elinformativotam.com\/#organization","name":"EL INFORMATIVO DE TAMAULIPAS","url":"https:\/\/elinformativotam.com\/","logo":{"@type":"ImageObject","inLanguage":"es","@id":"https:\/\/elinformativotam.com\/#\/schema\/logo\/image\/","url":"https:\/\/elinformativotam.com\/wp-content\/uploads\/2026\/02\/Cabezal.png","contentUrl":"https:\/\/elinformativotam.com\/wp-content\/uploads\/2026\/02\/Cabezal.png","width":960,"height":640,"caption":"EL INFORMATIVO DE TAMAULIPAS"},"image":{"@id":"https:\/\/elinformativotam.com\/#\/schema\/logo\/image\/"}},{"@type":"Person","@id":"https:\/\/elinformativotam.com\/#\/schema\/person\/78e08040eed0f6110f0c5f83b6153590","name":"El Informativo Tam","image":{"@type":"ImageObject","inLanguage":"es","@id":"https:\/\/secure.gravatar.com\/avatar\/f3b7ad3af540688955925ac610647be00b0cf41feea9c4978b73a707ee86bc53?s=96&d=mm&r=g","url":"https:\/\/secure.gravatar.com\/avatar\/f3b7ad3af540688955925ac610647be00b0cf41feea9c4978b73a707ee86bc53?s=96&d=mm&r=g","contentUrl":"https:\/\/secure.gravatar.com\/avatar\/f3b7ad3af540688955925ac610647be00b0cf41feea9c4978b73a707ee86bc53?s=96&d=mm&r=g","caption":"El Informativo Tam"}}]}},"_links":{"self":[{"href":"https:\/\/elinformativotam.com\/index.php\/wp-json\/wp\/v2\/posts\/57643","targetHints":{"allow":["GET"]}}],"collection":[{"href":"https:\/\/elinformativotam.com\/index.php\/wp-json\/wp\/v2\/posts"}],"about":[{"href":"https:\/\/elinformativotam.com\/index.php\/wp-json\/wp\/v2\/types\/post"}],"author":[{"embeddable":true,"href":"https:\/\/elinformativotam.com\/index.php\/wp-json\/wp\/v2\/users\/1"}],"replies":[{"embeddable":true,"href":"https:\/\/elinformativotam.com\/index.php\/wp-json\/wp\/v2\/comments?post=57643"}],"version-history":[{"count":1,"href":"https:\/\/elinformativotam.com\/index.php\/wp-json\/wp\/v2\/posts\/57643\/revisions"}],"predecessor-version":[{"id":57644,"href":"https:\/\/elinformativotam.com\/index.php\/wp-json\/wp\/v2\/posts\/57643\/revisions\/57644"}],"wp:featuredmedia":[{"embeddable":true,"href":"https:\/\/elinformativotam.com\/index.php\/wp-json\/wp\/v2\/media\/57637"}],"wp:attachment":[{"href":"https:\/\/elinformativotam.com\/index.php\/wp-json\/wp\/v2\/media?parent=57643"}],"wp:term":[{"taxonomy":"category","embeddable":true,"href":"https:\/\/elinformativotam.com\/index.php\/wp-json\/wp\/v2\/categories?post=57643"},{"taxonomy":"post_tag","embeddable":true,"href":"https:\/\/elinformativotam.com\/index.php\/wp-json\/wp\/v2\/tags?post=57643"}],"curies":[{"name":"wp","href":"https:\/\/api.w.org\/{rel}","templated":true}]}}