{"id":57636,"date":"2026-04-27T22:54:33","date_gmt":"2026-04-28T04:54:33","guid":{"rendered":"https:\/\/elinformativotam.com\/?p=57636"},"modified":"2026-04-27T22:54:33","modified_gmt":"2026-04-28T04:54:33","slug":"fue-un-roce-que-escalo-subdirector-explica-rina-entre-alumnas","status":"publish","type":"post","link":"https:\/\/elinformativotam.com\/index.php\/2026\/04\/27\/fue-un-roce-que-escalo-subdirector-explica-rina-entre-alumnas\/","title":{"rendered":"\u201cFue Un Roce Que Escal\u00f3\u201d: Subdirector Explica Ri\u00f1a Entre Alumnas"},"content":{"rendered":"<p><strong>Tampico, Tamps<\/strong><strong>.-<\/strong> Un incidente entre dos alumnas de la Escuela Secundaria N\u00famero 2 \u201cLauro Aguirre\u201d deriv\u00f3 en medidas disciplinarias por parte de la instituci\u00f3n, luego de que se difundieran videos en los que se observa una agresi\u00f3n f\u00edsica.<\/p>\n<p>&nbsp;<\/p>\n<p data-start=\"439\" data-end=\"760\">De acuerdo con el subdirector del plantel, Armin de la Serna Ochoa, el conflicto inici\u00f3 durante un encuentro en las escaleras del edificio escolar, donde ambas estudiantes se rozaron accidentalmente mientras una sub\u00eda y la otra descend\u00eda. Tras el contacto, se produjo un intercambio de palabras entre ellas.<\/p>\n<p data-start=\"439\" data-end=\"760\">\n<p data-start=\"762\" data-end=\"1107\">El hecho escal\u00f3 m\u00e1s tarde, al finalizar el receso de las 11:30 horas, cuando \u2014seg\u00fan relatan testigos y videos grabados por otros alumnos\u2014 una de las j\u00f3venes esper\u00f3 a su compa\u00f1era afuera del ba\u00f1o. Al salir, se produjo un forcejeo que termin\u00f3 con una de las estudiantes en el suelo, mientras la otra continu\u00f3 la agresi\u00f3n sin permitirle levantarse.<\/p>\n<p data-start=\"762\" data-end=\"1107\">\n<p data-start=\"1109\" data-end=\"1403\">Un docente intervino momentos despu\u00e9s de iniciado el conflicto, aunque no logr\u00f3 evitar el enfrentamiento desde su origen. Posteriormente, los padres de la alumna afectada acudieron al plantel, lo que llev\u00f3 a la identificaci\u00f3n de la otra estudiante involucrada y a la citaci\u00f3n de ambas familias.<\/p>\n<p data-start=\"1109\" data-end=\"1403\">\n<p data-start=\"1405\" data-end=\"1690\">Ese mismo d\u00eda, alrededor de las 14:30 horas del 26 de marzo, se firm\u00f3 un acuerdo entre las partes para detener el conflicto y evitar nuevas agresiones. Sin embargo, fue hasta el 27 de marzo cuando la escuela tuvo acceso a los videos, lo que evidenci\u00f3 la gravedad de la agresi\u00f3n f\u00edsica.<\/p>\n<p data-start=\"1405\" data-end=\"1690\">\n<p data-start=\"1692\" data-end=\"2031\">Ante esta situaci\u00f3n, la direcci\u00f3n escolar convoc\u00f3 nuevamente a los padres el pasado 13 de abril para presentar las evidencias. Como medida disciplinaria, la alumna agresora fue retirada temporalmente de clases presenciales y permanece en casa realizando actividades acad\u00e9micas, mientras se le da seguimiento conforme al reglamento escolar.<\/p>\n<p data-start=\"1692\" data-end=\"2031\">\n<p data-start=\"2033\" data-end=\"2251\">El subdirector explic\u00f3 que esta acci\u00f3n no se considera una suspensi\u00f3n formal, sino una medida correctiva que busca que la estudiante reflexione sobre su conducta, con el apoyo de sus padres y orientaci\u00f3n institucional.<\/p>\n<p data-start=\"2033\" data-end=\"2251\">\n<p data-start=\"2253\" data-end=\"2454\">Asimismo, se\u00f1al\u00f3 que, seg\u00fan versiones de las familias, el conflicto entre las alumnas podr\u00eda tener antecedentes desde la educaci\u00f3n primaria, aunque no exist\u00edan reportes previos dentro de la secundaria.<\/p>\n<p data-start=\"2253\" data-end=\"2454\">\n<p data-start=\"2456\" data-end=\"2715\">La escuela destac\u00f3 que cuenta con un \u00e1rea de orientaci\u00f3n para atender conflictos entre estudiantes y que regularmente recibe apoyo de instancias como la Fiscal\u00eda y programas de atenci\u00f3n juvenil, que imparten pl\u00e1ticas sobre temas como bullying y ciberbullying.<\/p>\n<p data-start=\"2456\" data-end=\"2715\">\n<p data-start=\"2717\" data-end=\"2969\">Finalmente, autoridades escolares reconocieron que, aunque este tipo de situaciones no es frecuente dentro del plantel, s\u00ed se presentan diferencias entre alumnos, las cuales se buscan resolver mediante el di\u00e1logo y la intervenci\u00f3n de padres de familia.<\/p>\n<p>&nbsp;<\/p>\n","protected":false},"excerpt":{"rendered":"<p>Tampico, Tamps.- Un incidente entre dos alumnas de la Escuela Secundaria N\u00famero 2 \u201cLauro Aguirre\u201d deriv\u00f3 en medidas disciplinarias por&hellip;<\/p>\n","protected":false},"author":1,"featured_media":57640,"comment_status":"open","ping_status":"open","sticky":false,"template":"","format":"standard","meta":{"footnotes":""},"categories":[3],"tags":[],"class_list":["post-57636","post","type-post","status-publish","format-standard","has-post-thumbnail","hentry","category-tampico"],"yoast_head":"<!-- This site is optimized with the Yoast SEO plugin v27.4 - https:\/\/yoast.com\/product\/yoast-seo-wordpress\/ -->\n<title>\u201cFue Un Roce Que Escal\u00f3\u201d: Subdirector Explica Ri\u00f1a Entre Alumnas - EL INFORMATIVO DE TAMAULIPAS<\/title>\n<meta name=\"description\" content=\"Tampico, Tamps.- Un incidente entre dos alumnas de la Escuela Secundaria N\u00famero 2 \u201cLauro Aguirre\u201d deriv\u00f3 en medidas disciplinarias por parte de la\" \/>\n<meta name=\"robots\" content=\"index, follow, max-snippet:-1, max-image-preview:large, max-video-preview:-1\" \/>\n<link rel=\"canonical\" href=\"https:\/\/elinformativotam.com\/index.php\/2026\/04\/27\/fue-un-roce-que-escalo-subdirector-explica-rina-entre-alumnas\/\" \/>\n<meta property=\"og:locale\" content=\"es_MX\" \/>\n<meta property=\"og:type\" content=\"article\" \/>\n<meta property=\"og:title\" content=\"\u201cFue Un Roce Que Escal\u00f3\u201d: Subdirector Explica Ri\u00f1a Entre Alumnas - EL INFORMATIVO DE TAMAULIPAS\" \/>\n<meta property=\"og:description\" content=\"Tampico, Tamps.- Un incidente entre dos alumnas de la Escuela Secundaria N\u00famero 2 \u201cLauro Aguirre\u201d deriv\u00f3 en medidas disciplinarias por parte de la\" \/>\n<meta property=\"og:url\" content=\"https:\/\/elinformativotam.com\/index.php\/2026\/04\/27\/fue-un-roce-que-escalo-subdirector-explica-rina-entre-alumnas\/\" \/>\n<meta property=\"og:site_name\" content=\"EL INFORMATIVO DE TAMAULIPAS\" \/>\n<meta property=\"article:published_time\" content=\"2026-04-28T04:54:33+00:00\" \/>\n<meta property=\"og:image\" content=\"https:\/\/elinformativotam.com\/wp-content\/uploads\/2026\/04\/Secundaria-1.jpg\" \/>\n\t<meta property=\"og:image:width\" content=\"1600\" \/>\n\t<meta property=\"og:image:height\" content=\"1200\" \/>\n\t<meta property=\"og:image:type\" content=\"image\/jpeg\" \/>\n<meta name=\"author\" content=\"El Informativo Tam\" \/>\n<meta name=\"twitter:card\" content=\"summary_large_image\" \/>\n<meta name=\"twitter:label1\" content=\"Escrito por\" \/>\n\t<meta name=\"twitter:data1\" content=\"El Informativo Tam\" \/>\n\t<meta name=\"twitter:label2\" content=\"Tiempo de lectura\" \/>\n\t<meta name=\"twitter:data2\" content=\"3 minutos\" \/>\n<script type=\"application\/ld+json\" class=\"yoast-schema-graph\">{\"@context\":\"https:\\\/\\\/schema.org\",\"@graph\":[{\"@type\":\"Article\",\"@id\":\"https:\\\/\\\/elinformativotam.com\\\/index.php\\\/2026\\\/04\\\/27\\\/fue-un-roce-que-escalo-subdirector-explica-rina-entre-alumnas\\\/#article\",\"isPartOf\":{\"@id\":\"https:\\\/\\\/elinformativotam.com\\\/index.php\\\/2026\\\/04\\\/27\\\/fue-un-roce-que-escalo-subdirector-explica-rina-entre-alumnas\\\/\"},\"author\":{\"name\":\"El Informativo Tam\",\"@id\":\"https:\\\/\\\/elinformativotam.com\\\/#\\\/schema\\\/person\\\/78e08040eed0f6110f0c5f83b6153590\"},\"headline\":\"\u201cFue Un Roce Que Escal\u00f3\u201d: Subdirector Explica Ri\u00f1a Entre Alumnas\",\"datePublished\":\"2026-04-28T04:54:33+00:00\",\"mainEntityOfPage\":{\"@id\":\"https:\\\/\\\/elinformativotam.com\\\/index.php\\\/2026\\\/04\\\/27\\\/fue-un-roce-que-escalo-subdirector-explica-rina-entre-alumnas\\\/\"},\"wordCount\":473,\"commentCount\":0,\"publisher\":{\"@id\":\"https:\\\/\\\/elinformativotam.com\\\/#organization\"},\"image\":{\"@id\":\"https:\\\/\\\/elinformativotam.com\\\/index.php\\\/2026\\\/04\\\/27\\\/fue-un-roce-que-escalo-subdirector-explica-rina-entre-alumnas\\\/#primaryimage\"},\"thumbnailUrl\":\"https:\\\/\\\/elinformativotam.com\\\/wp-content\\\/uploads\\\/2026\\\/04\\\/Secundaria-1.jpg\",\"articleSection\":[\"Tampico\"],\"inLanguage\":\"es\",\"potentialAction\":[{\"@type\":\"CommentAction\",\"name\":\"Comment\",\"target\":[\"https:\\\/\\\/elinformativotam.com\\\/index.php\\\/2026\\\/04\\\/27\\\/fue-un-roce-que-escalo-subdirector-explica-rina-entre-alumnas\\\/#respond\"]}]},{\"@type\":\"WebPage\",\"@id\":\"https:\\\/\\\/elinformativotam.com\\\/index.php\\\/2026\\\/04\\\/27\\\/fue-un-roce-que-escalo-subdirector-explica-rina-entre-alumnas\\\/\",\"url\":\"https:\\\/\\\/elinformativotam.com\\\/index.php\\\/2026\\\/04\\\/27\\\/fue-un-roce-que-escalo-subdirector-explica-rina-entre-alumnas\\\/\",\"name\":\"\u201cFue Un Roce Que Escal\u00f3\u201d: Subdirector Explica Ri\u00f1a Entre Alumnas - EL INFORMATIVO DE TAMAULIPAS\",\"isPartOf\":{\"@id\":\"https:\\\/\\\/elinformativotam.com\\\/#website\"},\"primaryImageOfPage\":{\"@id\":\"https:\\\/\\\/elinformativotam.com\\\/index.php\\\/2026\\\/04\\\/27\\\/fue-un-roce-que-escalo-subdirector-explica-rina-entre-alumnas\\\/#primaryimage\"},\"image\":{\"@id\":\"https:\\\/\\\/elinformativotam.com\\\/index.php\\\/2026\\\/04\\\/27\\\/fue-un-roce-que-escalo-subdirector-explica-rina-entre-alumnas\\\/#primaryimage\"},\"thumbnailUrl\":\"https:\\\/\\\/elinformativotam.com\\\/wp-content\\\/uploads\\\/2026\\\/04\\\/Secundaria-1.jpg\",\"datePublished\":\"2026-04-28T04:54:33+00:00\",\"description\":\"Tampico, Tamps.- Un incidente entre dos alumnas de la Escuela Secundaria N\u00famero 2 \u201cLauro Aguirre\u201d deriv\u00f3 en medidas disciplinarias por parte de la\",\"inLanguage\":\"es\",\"potentialAction\":[{\"@type\":\"ReadAction\",\"target\":[\"https:\\\/\\\/elinformativotam.com\\\/index.php\\\/2026\\\/04\\\/27\\\/fue-un-roce-que-escalo-subdirector-explica-rina-entre-alumnas\\\/\"]}]},{\"@type\":\"ImageObject\",\"inLanguage\":\"es\",\"@id\":\"https:\\\/\\\/elinformativotam.com\\\/index.php\\\/2026\\\/04\\\/27\\\/fue-un-roce-que-escalo-subdirector-explica-rina-entre-alumnas\\\/#primaryimage\",\"url\":\"https:\\\/\\\/elinformativotam.com\\\/wp-content\\\/uploads\\\/2026\\\/04\\\/Secundaria-1.jpg\",\"contentUrl\":\"https:\\\/\\\/elinformativotam.com\\\/wp-content\\\/uploads\\\/2026\\\/04\\\/Secundaria-1.jpg\",\"width\":1600,\"height\":1200},{\"@type\":\"WebSite\",\"@id\":\"https:\\\/\\\/elinformativotam.com\\\/#website\",\"url\":\"https:\\\/\\\/elinformativotam.com\\\/\",\"name\":\"EL INFORMATIVO DE TAMAULIPAS\",\"description\":\"Desde la Zona Metropolitana Para Todo M\u00e9xico\",\"publisher\":{\"@id\":\"https:\\\/\\\/elinformativotam.com\\\/#organization\"},\"potentialAction\":[{\"@type\":\"SearchAction\",\"target\":{\"@type\":\"EntryPoint\",\"urlTemplate\":\"https:\\\/\\\/elinformativotam.com\\\/?s={search_term_string}\"},\"query-input\":{\"@type\":\"PropertyValueSpecification\",\"valueRequired\":true,\"valueName\":\"search_term_string\"}}],\"inLanguage\":\"es\"},{\"@type\":\"Organization\",\"@id\":\"https:\\\/\\\/elinformativotam.com\\\/#organization\",\"name\":\"EL INFORMATIVO DE TAMAULIPAS\",\"url\":\"https:\\\/\\\/elinformativotam.com\\\/\",\"logo\":{\"@type\":\"ImageObject\",\"inLanguage\":\"es\",\"@id\":\"https:\\\/\\\/elinformativotam.com\\\/#\\\/schema\\\/logo\\\/image\\\/\",\"url\":\"https:\\\/\\\/elinformativotam.com\\\/wp-content\\\/uploads\\\/2026\\\/02\\\/Cabezal.png\",\"contentUrl\":\"https:\\\/\\\/elinformativotam.com\\\/wp-content\\\/uploads\\\/2026\\\/02\\\/Cabezal.png\",\"width\":960,\"height\":640,\"caption\":\"EL INFORMATIVO DE TAMAULIPAS\"},\"image\":{\"@id\":\"https:\\\/\\\/elinformativotam.com\\\/#\\\/schema\\\/logo\\\/image\\\/\"}},{\"@type\":\"Person\",\"@id\":\"https:\\\/\\\/elinformativotam.com\\\/#\\\/schema\\\/person\\\/78e08040eed0f6110f0c5f83b6153590\",\"name\":\"El Informativo Tam\",\"image\":{\"@type\":\"ImageObject\",\"inLanguage\":\"es\",\"@id\":\"https:\\\/\\\/secure.gravatar.com\\\/avatar\\\/f3b7ad3af540688955925ac610647be00b0cf41feea9c4978b73a707ee86bc53?s=96&d=mm&r=g\",\"url\":\"https:\\\/\\\/secure.gravatar.com\\\/avatar\\\/f3b7ad3af540688955925ac610647be00b0cf41feea9c4978b73a707ee86bc53?s=96&d=mm&r=g\",\"contentUrl\":\"https:\\\/\\\/secure.gravatar.com\\\/avatar\\\/f3b7ad3af540688955925ac610647be00b0cf41feea9c4978b73a707ee86bc53?s=96&d=mm&r=g\",\"caption\":\"El Informativo Tam\"}}]}<\/script>\n<!-- \/ Yoast SEO plugin. -->","yoast_head_json":{"title":"\u201cFue Un Roce Que Escal\u00f3\u201d: Subdirector Explica Ri\u00f1a Entre Alumnas - EL INFORMATIVO DE TAMAULIPAS","description":"Tampico, Tamps.- Un incidente entre dos alumnas de la Escuela Secundaria N\u00famero 2 \u201cLauro Aguirre\u201d deriv\u00f3 en medidas disciplinarias por parte de la","robots":{"index":"index","follow":"follow","max-snippet":"max-snippet:-1","max-image-preview":"max-image-preview:large","max-video-preview":"max-video-preview:-1"},"canonical":"https:\/\/elinformativotam.com\/index.php\/2026\/04\/27\/fue-un-roce-que-escalo-subdirector-explica-rina-entre-alumnas\/","og_locale":"es_MX","og_type":"article","og_title":"\u201cFue Un Roce Que Escal\u00f3\u201d: Subdirector Explica Ri\u00f1a Entre Alumnas - EL INFORMATIVO DE TAMAULIPAS","og_description":"Tampico, Tamps.- Un incidente entre dos alumnas de la Escuela Secundaria N\u00famero 2 \u201cLauro Aguirre\u201d deriv\u00f3 en medidas disciplinarias por parte de la","og_url":"https:\/\/elinformativotam.com\/index.php\/2026\/04\/27\/fue-un-roce-que-escalo-subdirector-explica-rina-entre-alumnas\/","og_site_name":"EL INFORMATIVO DE TAMAULIPAS","article_published_time":"2026-04-28T04:54:33+00:00","og_image":[{"width":1600,"height":1200,"url":"https:\/\/elinformativotam.com\/wp-content\/uploads\/2026\/04\/Secundaria-1.jpg","type":"image\/jpeg"}],"author":"El Informativo Tam","twitter_card":"summary_large_image","twitter_misc":{"Escrito por":"El Informativo Tam","Tiempo de lectura":"3 minutos"},"schema":{"@context":"https:\/\/schema.org","@graph":[{"@type":"Article","@id":"https:\/\/elinformativotam.com\/index.php\/2026\/04\/27\/fue-un-roce-que-escalo-subdirector-explica-rina-entre-alumnas\/#article","isPartOf":{"@id":"https:\/\/elinformativotam.com\/index.php\/2026\/04\/27\/fue-un-roce-que-escalo-subdirector-explica-rina-entre-alumnas\/"},"author":{"name":"El Informativo Tam","@id":"https:\/\/elinformativotam.com\/#\/schema\/person\/78e08040eed0f6110f0c5f83b6153590"},"headline":"\u201cFue Un Roce Que Escal\u00f3\u201d: Subdirector Explica Ri\u00f1a Entre Alumnas","datePublished":"2026-04-28T04:54:33+00:00","mainEntityOfPage":{"@id":"https:\/\/elinformativotam.com\/index.php\/2026\/04\/27\/fue-un-roce-que-escalo-subdirector-explica-rina-entre-alumnas\/"},"wordCount":473,"commentCount":0,"publisher":{"@id":"https:\/\/elinformativotam.com\/#organization"},"image":{"@id":"https:\/\/elinformativotam.com\/index.php\/2026\/04\/27\/fue-un-roce-que-escalo-subdirector-explica-rina-entre-alumnas\/#primaryimage"},"thumbnailUrl":"https:\/\/elinformativotam.com\/wp-content\/uploads\/2026\/04\/Secundaria-1.jpg","articleSection":["Tampico"],"inLanguage":"es","potentialAction":[{"@type":"CommentAction","name":"Comment","target":["https:\/\/elinformativotam.com\/index.php\/2026\/04\/27\/fue-un-roce-que-escalo-subdirector-explica-rina-entre-alumnas\/#respond"]}]},{"@type":"WebPage","@id":"https:\/\/elinformativotam.com\/index.php\/2026\/04\/27\/fue-un-roce-que-escalo-subdirector-explica-rina-entre-alumnas\/","url":"https:\/\/elinformativotam.com\/index.php\/2026\/04\/27\/fue-un-roce-que-escalo-subdirector-explica-rina-entre-alumnas\/","name":"\u201cFue Un Roce Que Escal\u00f3\u201d: Subdirector Explica Ri\u00f1a Entre Alumnas - EL INFORMATIVO DE TAMAULIPAS","isPartOf":{"@id":"https:\/\/elinformativotam.com\/#website"},"primaryImageOfPage":{"@id":"https:\/\/elinformativotam.com\/index.php\/2026\/04\/27\/fue-un-roce-que-escalo-subdirector-explica-rina-entre-alumnas\/#primaryimage"},"image":{"@id":"https:\/\/elinformativotam.com\/index.php\/2026\/04\/27\/fue-un-roce-que-escalo-subdirector-explica-rina-entre-alumnas\/#primaryimage"},"thumbnailUrl":"https:\/\/elinformativotam.com\/wp-content\/uploads\/2026\/04\/Secundaria-1.jpg","datePublished":"2026-04-28T04:54:33+00:00","description":"Tampico, Tamps.- Un incidente entre dos alumnas de la Escuela Secundaria N\u00famero 2 \u201cLauro Aguirre\u201d deriv\u00f3 en medidas disciplinarias por parte de la","inLanguage":"es","potentialAction":[{"@type":"ReadAction","target":["https:\/\/elinformativotam.com\/index.php\/2026\/04\/27\/fue-un-roce-que-escalo-subdirector-explica-rina-entre-alumnas\/"]}]},{"@type":"ImageObject","inLanguage":"es","@id":"https:\/\/elinformativotam.com\/index.php\/2026\/04\/27\/fue-un-roce-que-escalo-subdirector-explica-rina-entre-alumnas\/#primaryimage","url":"https:\/\/elinformativotam.com\/wp-content\/uploads\/2026\/04\/Secundaria-1.jpg","contentUrl":"https:\/\/elinformativotam.com\/wp-content\/uploads\/2026\/04\/Secundaria-1.jpg","width":1600,"height":1200},{"@type":"WebSite","@id":"https:\/\/elinformativotam.com\/#website","url":"https:\/\/elinformativotam.com\/","name":"EL INFORMATIVO DE TAMAULIPAS","description":"Desde la Zona Metropolitana Para Todo M\u00e9xico","publisher":{"@id":"https:\/\/elinformativotam.com\/#organization"},"potentialAction":[{"@type":"SearchAction","target":{"@type":"EntryPoint","urlTemplate":"https:\/\/elinformativotam.com\/?s={search_term_string}"},"query-input":{"@type":"PropertyValueSpecification","valueRequired":true,"valueName":"search_term_string"}}],"inLanguage":"es"},{"@type":"Organization","@id":"https:\/\/elinformativotam.com\/#organization","name":"EL INFORMATIVO DE TAMAULIPAS","url":"https:\/\/elinformativotam.com\/","logo":{"@type":"ImageObject","inLanguage":"es","@id":"https:\/\/elinformativotam.com\/#\/schema\/logo\/image\/","url":"https:\/\/elinformativotam.com\/wp-content\/uploads\/2026\/02\/Cabezal.png","contentUrl":"https:\/\/elinformativotam.com\/wp-content\/uploads\/2026\/02\/Cabezal.png","width":960,"height":640,"caption":"EL INFORMATIVO DE TAMAULIPAS"},"image":{"@id":"https:\/\/elinformativotam.com\/#\/schema\/logo\/image\/"}},{"@type":"Person","@id":"https:\/\/elinformativotam.com\/#\/schema\/person\/78e08040eed0f6110f0c5f83b6153590","name":"El Informativo Tam","image":{"@type":"ImageObject","inLanguage":"es","@id":"https:\/\/secure.gravatar.com\/avatar\/f3b7ad3af540688955925ac610647be00b0cf41feea9c4978b73a707ee86bc53?s=96&d=mm&r=g","url":"https:\/\/secure.gravatar.com\/avatar\/f3b7ad3af540688955925ac610647be00b0cf41feea9c4978b73a707ee86bc53?s=96&d=mm&r=g","contentUrl":"https:\/\/secure.gravatar.com\/avatar\/f3b7ad3af540688955925ac610647be00b0cf41feea9c4978b73a707ee86bc53?s=96&d=mm&r=g","caption":"El Informativo Tam"}}]}},"_links":{"self":[{"href":"https:\/\/elinformativotam.com\/index.php\/wp-json\/wp\/v2\/posts\/57636","targetHints":{"allow":["GET"]}}],"collection":[{"href":"https:\/\/elinformativotam.com\/index.php\/wp-json\/wp\/v2\/posts"}],"about":[{"href":"https:\/\/elinformativotam.com\/index.php\/wp-json\/wp\/v2\/types\/post"}],"author":[{"embeddable":true,"href":"https:\/\/elinformativotam.com\/index.php\/wp-json\/wp\/v2\/users\/1"}],"replies":[{"embeddable":true,"href":"https:\/\/elinformativotam.com\/index.php\/wp-json\/wp\/v2\/comments?post=57636"}],"version-history":[{"count":1,"href":"https:\/\/elinformativotam.com\/index.php\/wp-json\/wp\/v2\/posts\/57636\/revisions"}],"predecessor-version":[{"id":57642,"href":"https:\/\/elinformativotam.com\/index.php\/wp-json\/wp\/v2\/posts\/57636\/revisions\/57642"}],"wp:featuredmedia":[{"embeddable":true,"href":"https:\/\/elinformativotam.com\/index.php\/wp-json\/wp\/v2\/media\/57640"}],"wp:attachment":[{"href":"https:\/\/elinformativotam.com\/index.php\/wp-json\/wp\/v2\/media?parent=57636"}],"wp:term":[{"taxonomy":"category","embeddable":true,"href":"https:\/\/elinformativotam.com\/index.php\/wp-json\/wp\/v2\/categories?post=57636"},{"taxonomy":"post_tag","embeddable":true,"href":"https:\/\/elinformativotam.com\/index.php\/wp-json\/wp\/v2\/tags?post=57636"}],"curies":[{"name":"wp","href":"https:\/\/api.w.org\/{rel}","templated":true}]}}