{"id":57426,"date":"2026-03-12T08:26:32","date_gmt":"2026-03-12T14:26:32","guid":{"rendered":"https:\/\/elinformativotam.com\/?p=57426"},"modified":"2026-03-12T08:26:32","modified_gmt":"2026-03-12T14:26:32","slug":"comerciantes-de-ciudad-madero-piden-reforzar-seguridad-en-zonas-comerciales","status":"publish","type":"post","link":"https:\/\/elinformativotam.com\/index.php\/2026\/03\/12\/comerciantes-de-ciudad-madero-piden-reforzar-seguridad-en-zonas-comerciales\/","title":{"rendered":"Comerciantes De Ciudad Madero Piden Reforzar Seguridad En Zonas Comerciales."},"content":{"rendered":"<p>Ciudad Madero, Tamps.- El sector comercial de Ciudad Madero expres\u00f3 su preocupaci\u00f3n ante la posibilidad de que se registren robos o asaltos en \u00e1reas comerciales del municipio, por lo que solicitaron a las autoridades reforzar la vigilancia de manera preventiva.<\/p>\n<p>&nbsp;<\/p>\n<p>La inquietud surge luego de que en los \u00faltimos d\u00edas se han reportado diversos robos y asaltos en el municipio vecino de Tampico, situaci\u00f3n que ha generado temor entre los comerciantes maderenses de que este tipo de delitos pueda replicarse en la ciudad.<\/p>\n<p>&nbsp;<\/p>\n<p>De acuerdo con informaci\u00f3n que circula entre el sector comercial, en los hechos ocurridos en Tampico presuntamente participan una o dos personas, quienes se enfocan en establecimientos comerciales para cometer los robos.<\/p>\n<p>&nbsp;<\/p>\n<p>Ante este panorama, comerciantes ubicados principalmente en la zona centro de Ciudad Madero se\u00f1alaron que es necesario fortalecer los operativos de seguridad y los rondines policiacos, con el objetivo de prevenir cualquier intento de asalto en los negocios locales.<\/p>\n<p>&nbsp;<\/p>\n<p>Hasta el momento, y de acuerdo con informaci\u00f3n extraoficial, no se tiene registro reciente de asaltos en comercios de Ciudad Madero bajo las mismas caracter\u00edsticas reportadas en Tampico. Sin embargo, el sector considera importante actuar de manera anticipada para evitar que se presenten este tipo de situaciones.<\/p>\n<p>&nbsp;<\/p>\n<p>Los comerciantes reiteraron que mantener una presencia policiaca constante en las \u00e1reas comerciales contribuir\u00eda a brindar mayor tranquilidad tanto a los negocios como a los clientes que diariamente acuden a realizar sus compras en el municipio.<\/p>\n<p>&nbsp;<\/p>\n<p>&nbsp;<\/p>\n","protected":false},"excerpt":{"rendered":"<p>Ciudad Madero, Tamps.- El sector comercial de Ciudad Madero expres\u00f3 su preocupaci\u00f3n ante la posibilidad de que se registren robos&hellip;<\/p>\n","protected":false},"author":1,"featured_media":57413,"comment_status":"open","ping_status":"open","sticky":false,"template":"","format":"standard","meta":{"footnotes":""},"categories":[4],"tags":[],"class_list":["post-57426","post","type-post","status-publish","format-standard","has-post-thumbnail","hentry","category-madero"],"yoast_head":"<!-- This site is optimized with the Yoast SEO plugin v27.5 - https:\/\/yoast.com\/product\/yoast-seo-wordpress\/ -->\n<title>Comerciantes De Ciudad Madero Piden Reforzar Seguridad En Zonas Comerciales. - EL INFORMATIVO DE TAMAULIPAS<\/title>\n<meta name=\"description\" content=\"Ciudad Madero, Tamps.- El sector comercial de Ciudad Madero expres\u00f3 su preocupaci\u00f3n ante la posibilidad de que se registren robos o asaltos en \u00e1reas\" \/>\n<meta name=\"robots\" content=\"index, follow, max-snippet:-1, max-image-preview:large, max-video-preview:-1\" \/>\n<link rel=\"canonical\" href=\"https:\/\/elinformativotam.com\/index.php\/2026\/03\/12\/comerciantes-de-ciudad-madero-piden-reforzar-seguridad-en-zonas-comerciales\/\" \/>\n<meta property=\"og:locale\" content=\"es_MX\" \/>\n<meta property=\"og:type\" content=\"article\" \/>\n<meta property=\"og:title\" content=\"Comerciantes De Ciudad Madero Piden Reforzar Seguridad En Zonas Comerciales. - EL INFORMATIVO DE TAMAULIPAS\" \/>\n<meta property=\"og:description\" content=\"Ciudad Madero, Tamps.- El sector comercial de Ciudad Madero expres\u00f3 su preocupaci\u00f3n ante la posibilidad de que se registren robos o asaltos en \u00e1reas\" \/>\n<meta property=\"og:url\" content=\"https:\/\/elinformativotam.com\/index.php\/2026\/03\/12\/comerciantes-de-ciudad-madero-piden-reforzar-seguridad-en-zonas-comerciales\/\" \/>\n<meta property=\"og:site_name\" content=\"EL INFORMATIVO DE TAMAULIPAS\" \/>\n<meta property=\"article:published_time\" content=\"2026-03-12T14:26:32+00:00\" \/>\n<meta property=\"og:image\" content=\"https:\/\/elinformativotam.com\/wp-content\/uploads\/2026\/03\/Comerciantes-madero.jpg\" \/>\n\t<meta property=\"og:image:width\" content=\"1280\" \/>\n\t<meta property=\"og:image:height\" content=\"720\" \/>\n\t<meta property=\"og:image:type\" content=\"image\/jpeg\" \/>\n<meta name=\"author\" content=\"El Informativo Tam\" \/>\n<meta name=\"twitter:card\" content=\"summary_large_image\" \/>\n<meta name=\"twitter:label1\" content=\"Escrito por\" \/>\n\t<meta name=\"twitter:data1\" content=\"El Informativo Tam\" \/>\n\t<meta name=\"twitter:label2\" content=\"Tiempo de lectura\" \/>\n\t<meta name=\"twitter:data2\" content=\"2 minutos\" \/>\n<script type=\"application\/ld+json\" class=\"yoast-schema-graph\">{\"@context\":\"https:\\\/\\\/schema.org\",\"@graph\":[{\"@type\":\"Article\",\"@id\":\"https:\\\/\\\/elinformativotam.com\\\/index.php\\\/2026\\\/03\\\/12\\\/comerciantes-de-ciudad-madero-piden-reforzar-seguridad-en-zonas-comerciales\\\/#article\",\"isPartOf\":{\"@id\":\"https:\\\/\\\/elinformativotam.com\\\/index.php\\\/2026\\\/03\\\/12\\\/comerciantes-de-ciudad-madero-piden-reforzar-seguridad-en-zonas-comerciales\\\/\"},\"author\":{\"name\":\"El Informativo Tam\",\"@id\":\"https:\\\/\\\/elinformativotam.com\\\/#\\\/schema\\\/person\\\/78e08040eed0f6110f0c5f83b6153590\"},\"headline\":\"Comerciantes De Ciudad Madero Piden Reforzar Seguridad En Zonas Comerciales.\",\"datePublished\":\"2026-03-12T14:26:32+00:00\",\"mainEntityOfPage\":{\"@id\":\"https:\\\/\\\/elinformativotam.com\\\/index.php\\\/2026\\\/03\\\/12\\\/comerciantes-de-ciudad-madero-piden-reforzar-seguridad-en-zonas-comerciales\\\/\"},\"wordCount\":263,\"commentCount\":0,\"publisher\":{\"@id\":\"https:\\\/\\\/elinformativotam.com\\\/#organization\"},\"image\":{\"@id\":\"https:\\\/\\\/elinformativotam.com\\\/index.php\\\/2026\\\/03\\\/12\\\/comerciantes-de-ciudad-madero-piden-reforzar-seguridad-en-zonas-comerciales\\\/#primaryimage\"},\"thumbnailUrl\":\"https:\\\/\\\/elinformativotam.com\\\/wp-content\\\/uploads\\\/2026\\\/03\\\/Comerciantes-madero.jpg\",\"articleSection\":[\"Cd Madero\"],\"inLanguage\":\"es\",\"potentialAction\":[{\"@type\":\"CommentAction\",\"name\":\"Comment\",\"target\":[\"https:\\\/\\\/elinformativotam.com\\\/index.php\\\/2026\\\/03\\\/12\\\/comerciantes-de-ciudad-madero-piden-reforzar-seguridad-en-zonas-comerciales\\\/#respond\"]}]},{\"@type\":\"WebPage\",\"@id\":\"https:\\\/\\\/elinformativotam.com\\\/index.php\\\/2026\\\/03\\\/12\\\/comerciantes-de-ciudad-madero-piden-reforzar-seguridad-en-zonas-comerciales\\\/\",\"url\":\"https:\\\/\\\/elinformativotam.com\\\/index.php\\\/2026\\\/03\\\/12\\\/comerciantes-de-ciudad-madero-piden-reforzar-seguridad-en-zonas-comerciales\\\/\",\"name\":\"Comerciantes De Ciudad Madero Piden Reforzar Seguridad En Zonas Comerciales. - EL INFORMATIVO DE TAMAULIPAS\",\"isPartOf\":{\"@id\":\"https:\\\/\\\/elinformativotam.com\\\/#website\"},\"primaryImageOfPage\":{\"@id\":\"https:\\\/\\\/elinformativotam.com\\\/index.php\\\/2026\\\/03\\\/12\\\/comerciantes-de-ciudad-madero-piden-reforzar-seguridad-en-zonas-comerciales\\\/#primaryimage\"},\"image\":{\"@id\":\"https:\\\/\\\/elinformativotam.com\\\/index.php\\\/2026\\\/03\\\/12\\\/comerciantes-de-ciudad-madero-piden-reforzar-seguridad-en-zonas-comerciales\\\/#primaryimage\"},\"thumbnailUrl\":\"https:\\\/\\\/elinformativotam.com\\\/wp-content\\\/uploads\\\/2026\\\/03\\\/Comerciantes-madero.jpg\",\"datePublished\":\"2026-03-12T14:26:32+00:00\",\"description\":\"Ciudad Madero, Tamps.- El sector comercial de Ciudad Madero expres\u00f3 su preocupaci\u00f3n ante la posibilidad de que se registren robos o asaltos en \u00e1reas\",\"inLanguage\":\"es\",\"potentialAction\":[{\"@type\":\"ReadAction\",\"target\":[\"https:\\\/\\\/elinformativotam.com\\\/index.php\\\/2026\\\/03\\\/12\\\/comerciantes-de-ciudad-madero-piden-reforzar-seguridad-en-zonas-comerciales\\\/\"]}]},{\"@type\":\"ImageObject\",\"inLanguage\":\"es\",\"@id\":\"https:\\\/\\\/elinformativotam.com\\\/index.php\\\/2026\\\/03\\\/12\\\/comerciantes-de-ciudad-madero-piden-reforzar-seguridad-en-zonas-comerciales\\\/#primaryimage\",\"url\":\"https:\\\/\\\/elinformativotam.com\\\/wp-content\\\/uploads\\\/2026\\\/03\\\/Comerciantes-madero.jpg\",\"contentUrl\":\"https:\\\/\\\/elinformativotam.com\\\/wp-content\\\/uploads\\\/2026\\\/03\\\/Comerciantes-madero.jpg\",\"width\":1280,\"height\":720},{\"@type\":\"WebSite\",\"@id\":\"https:\\\/\\\/elinformativotam.com\\\/#website\",\"url\":\"https:\\\/\\\/elinformativotam.com\\\/\",\"name\":\"EL INFORMATIVO DE TAMAULIPAS\",\"description\":\"Desde la Zona Metropolitana Para Todo M\u00e9xico\",\"publisher\":{\"@id\":\"https:\\\/\\\/elinformativotam.com\\\/#organization\"},\"potentialAction\":[{\"@type\":\"SearchAction\",\"target\":{\"@type\":\"EntryPoint\",\"urlTemplate\":\"https:\\\/\\\/elinformativotam.com\\\/?s={search_term_string}\"},\"query-input\":{\"@type\":\"PropertyValueSpecification\",\"valueRequired\":true,\"valueName\":\"search_term_string\"}}],\"inLanguage\":\"es\"},{\"@type\":\"Organization\",\"@id\":\"https:\\\/\\\/elinformativotam.com\\\/#organization\",\"name\":\"EL INFORMATIVO DE TAMAULIPAS\",\"url\":\"https:\\\/\\\/elinformativotam.com\\\/\",\"logo\":{\"@type\":\"ImageObject\",\"inLanguage\":\"es\",\"@id\":\"https:\\\/\\\/elinformativotam.com\\\/#\\\/schema\\\/logo\\\/image\\\/\",\"url\":\"https:\\\/\\\/elinformativotam.com\\\/wp-content\\\/uploads\\\/2026\\\/02\\\/Cabezal.png\",\"contentUrl\":\"https:\\\/\\\/elinformativotam.com\\\/wp-content\\\/uploads\\\/2026\\\/02\\\/Cabezal.png\",\"width\":960,\"height\":640,\"caption\":\"EL INFORMATIVO DE TAMAULIPAS\"},\"image\":{\"@id\":\"https:\\\/\\\/elinformativotam.com\\\/#\\\/schema\\\/logo\\\/image\\\/\"}},{\"@type\":\"Person\",\"@id\":\"https:\\\/\\\/elinformativotam.com\\\/#\\\/schema\\\/person\\\/78e08040eed0f6110f0c5f83b6153590\",\"name\":\"El Informativo Tam\",\"image\":{\"@type\":\"ImageObject\",\"inLanguage\":\"es\",\"@id\":\"https:\\\/\\\/secure.gravatar.com\\\/avatar\\\/f3b7ad3af540688955925ac610647be00b0cf41feea9c4978b73a707ee86bc53?s=96&d=mm&r=g\",\"url\":\"https:\\\/\\\/secure.gravatar.com\\\/avatar\\\/f3b7ad3af540688955925ac610647be00b0cf41feea9c4978b73a707ee86bc53?s=96&d=mm&r=g\",\"contentUrl\":\"https:\\\/\\\/secure.gravatar.com\\\/avatar\\\/f3b7ad3af540688955925ac610647be00b0cf41feea9c4978b73a707ee86bc53?s=96&d=mm&r=g\",\"caption\":\"El Informativo Tam\"}}]}<\/script>\n<!-- \/ Yoast SEO plugin. -->","yoast_head_json":{"title":"Comerciantes De Ciudad Madero Piden Reforzar Seguridad En Zonas Comerciales. - EL INFORMATIVO DE TAMAULIPAS","description":"Ciudad Madero, Tamps.- El sector comercial de Ciudad Madero expres\u00f3 su preocupaci\u00f3n ante la posibilidad de que se registren robos o asaltos en \u00e1reas","robots":{"index":"index","follow":"follow","max-snippet":"max-snippet:-1","max-image-preview":"max-image-preview:large","max-video-preview":"max-video-preview:-1"},"canonical":"https:\/\/elinformativotam.com\/index.php\/2026\/03\/12\/comerciantes-de-ciudad-madero-piden-reforzar-seguridad-en-zonas-comerciales\/","og_locale":"es_MX","og_type":"article","og_title":"Comerciantes De Ciudad Madero Piden Reforzar Seguridad En Zonas Comerciales. - EL INFORMATIVO DE TAMAULIPAS","og_description":"Ciudad Madero, Tamps.- El sector comercial de Ciudad Madero expres\u00f3 su preocupaci\u00f3n ante la posibilidad de que se registren robos o asaltos en \u00e1reas","og_url":"https:\/\/elinformativotam.com\/index.php\/2026\/03\/12\/comerciantes-de-ciudad-madero-piden-reforzar-seguridad-en-zonas-comerciales\/","og_site_name":"EL INFORMATIVO DE TAMAULIPAS","article_published_time":"2026-03-12T14:26:32+00:00","og_image":[{"width":1280,"height":720,"url":"https:\/\/elinformativotam.com\/wp-content\/uploads\/2026\/03\/Comerciantes-madero.jpg","type":"image\/jpeg"}],"author":"El Informativo Tam","twitter_card":"summary_large_image","twitter_misc":{"Escrito por":"El Informativo Tam","Tiempo de lectura":"2 minutos"},"schema":{"@context":"https:\/\/schema.org","@graph":[{"@type":"Article","@id":"https:\/\/elinformativotam.com\/index.php\/2026\/03\/12\/comerciantes-de-ciudad-madero-piden-reforzar-seguridad-en-zonas-comerciales\/#article","isPartOf":{"@id":"https:\/\/elinformativotam.com\/index.php\/2026\/03\/12\/comerciantes-de-ciudad-madero-piden-reforzar-seguridad-en-zonas-comerciales\/"},"author":{"name":"El Informativo Tam","@id":"https:\/\/elinformativotam.com\/#\/schema\/person\/78e08040eed0f6110f0c5f83b6153590"},"headline":"Comerciantes De Ciudad Madero Piden Reforzar Seguridad En Zonas Comerciales.","datePublished":"2026-03-12T14:26:32+00:00","mainEntityOfPage":{"@id":"https:\/\/elinformativotam.com\/index.php\/2026\/03\/12\/comerciantes-de-ciudad-madero-piden-reforzar-seguridad-en-zonas-comerciales\/"},"wordCount":263,"commentCount":0,"publisher":{"@id":"https:\/\/elinformativotam.com\/#organization"},"image":{"@id":"https:\/\/elinformativotam.com\/index.php\/2026\/03\/12\/comerciantes-de-ciudad-madero-piden-reforzar-seguridad-en-zonas-comerciales\/#primaryimage"},"thumbnailUrl":"https:\/\/elinformativotam.com\/wp-content\/uploads\/2026\/03\/Comerciantes-madero.jpg","articleSection":["Cd Madero"],"inLanguage":"es","potentialAction":[{"@type":"CommentAction","name":"Comment","target":["https:\/\/elinformativotam.com\/index.php\/2026\/03\/12\/comerciantes-de-ciudad-madero-piden-reforzar-seguridad-en-zonas-comerciales\/#respond"]}]},{"@type":"WebPage","@id":"https:\/\/elinformativotam.com\/index.php\/2026\/03\/12\/comerciantes-de-ciudad-madero-piden-reforzar-seguridad-en-zonas-comerciales\/","url":"https:\/\/elinformativotam.com\/index.php\/2026\/03\/12\/comerciantes-de-ciudad-madero-piden-reforzar-seguridad-en-zonas-comerciales\/","name":"Comerciantes De Ciudad Madero Piden Reforzar Seguridad En Zonas Comerciales. - EL INFORMATIVO DE TAMAULIPAS","isPartOf":{"@id":"https:\/\/elinformativotam.com\/#website"},"primaryImageOfPage":{"@id":"https:\/\/elinformativotam.com\/index.php\/2026\/03\/12\/comerciantes-de-ciudad-madero-piden-reforzar-seguridad-en-zonas-comerciales\/#primaryimage"},"image":{"@id":"https:\/\/elinformativotam.com\/index.php\/2026\/03\/12\/comerciantes-de-ciudad-madero-piden-reforzar-seguridad-en-zonas-comerciales\/#primaryimage"},"thumbnailUrl":"https:\/\/elinformativotam.com\/wp-content\/uploads\/2026\/03\/Comerciantes-madero.jpg","datePublished":"2026-03-12T14:26:32+00:00","description":"Ciudad Madero, Tamps.- El sector comercial de Ciudad Madero expres\u00f3 su preocupaci\u00f3n ante la posibilidad de que se registren robos o asaltos en \u00e1reas","inLanguage":"es","potentialAction":[{"@type":"ReadAction","target":["https:\/\/elinformativotam.com\/index.php\/2026\/03\/12\/comerciantes-de-ciudad-madero-piden-reforzar-seguridad-en-zonas-comerciales\/"]}]},{"@type":"ImageObject","inLanguage":"es","@id":"https:\/\/elinformativotam.com\/index.php\/2026\/03\/12\/comerciantes-de-ciudad-madero-piden-reforzar-seguridad-en-zonas-comerciales\/#primaryimage","url":"https:\/\/elinformativotam.com\/wp-content\/uploads\/2026\/03\/Comerciantes-madero.jpg","contentUrl":"https:\/\/elinformativotam.com\/wp-content\/uploads\/2026\/03\/Comerciantes-madero.jpg","width":1280,"height":720},{"@type":"WebSite","@id":"https:\/\/elinformativotam.com\/#website","url":"https:\/\/elinformativotam.com\/","name":"EL INFORMATIVO DE TAMAULIPAS","description":"Desde la Zona Metropolitana Para Todo M\u00e9xico","publisher":{"@id":"https:\/\/elinformativotam.com\/#organization"},"potentialAction":[{"@type":"SearchAction","target":{"@type":"EntryPoint","urlTemplate":"https:\/\/elinformativotam.com\/?s={search_term_string}"},"query-input":{"@type":"PropertyValueSpecification","valueRequired":true,"valueName":"search_term_string"}}],"inLanguage":"es"},{"@type":"Organization","@id":"https:\/\/elinformativotam.com\/#organization","name":"EL INFORMATIVO DE TAMAULIPAS","url":"https:\/\/elinformativotam.com\/","logo":{"@type":"ImageObject","inLanguage":"es","@id":"https:\/\/elinformativotam.com\/#\/schema\/logo\/image\/","url":"https:\/\/elinformativotam.com\/wp-content\/uploads\/2026\/02\/Cabezal.png","contentUrl":"https:\/\/elinformativotam.com\/wp-content\/uploads\/2026\/02\/Cabezal.png","width":960,"height":640,"caption":"EL INFORMATIVO DE TAMAULIPAS"},"image":{"@id":"https:\/\/elinformativotam.com\/#\/schema\/logo\/image\/"}},{"@type":"Person","@id":"https:\/\/elinformativotam.com\/#\/schema\/person\/78e08040eed0f6110f0c5f83b6153590","name":"El Informativo Tam","image":{"@type":"ImageObject","inLanguage":"es","@id":"https:\/\/secure.gravatar.com\/avatar\/f3b7ad3af540688955925ac610647be00b0cf41feea9c4978b73a707ee86bc53?s=96&d=mm&r=g","url":"https:\/\/secure.gravatar.com\/avatar\/f3b7ad3af540688955925ac610647be00b0cf41feea9c4978b73a707ee86bc53?s=96&d=mm&r=g","contentUrl":"https:\/\/secure.gravatar.com\/avatar\/f3b7ad3af540688955925ac610647be00b0cf41feea9c4978b73a707ee86bc53?s=96&d=mm&r=g","caption":"El Informativo Tam"}}]}},"_links":{"self":[{"href":"https:\/\/elinformativotam.com\/index.php\/wp-json\/wp\/v2\/posts\/57426","targetHints":{"allow":["GET"]}}],"collection":[{"href":"https:\/\/elinformativotam.com\/index.php\/wp-json\/wp\/v2\/posts"}],"about":[{"href":"https:\/\/elinformativotam.com\/index.php\/wp-json\/wp\/v2\/types\/post"}],"author":[{"embeddable":true,"href":"https:\/\/elinformativotam.com\/index.php\/wp-json\/wp\/v2\/users\/1"}],"replies":[{"embeddable":true,"href":"https:\/\/elinformativotam.com\/index.php\/wp-json\/wp\/v2\/comments?post=57426"}],"version-history":[{"count":1,"href":"https:\/\/elinformativotam.com\/index.php\/wp-json\/wp\/v2\/posts\/57426\/revisions"}],"predecessor-version":[{"id":57427,"href":"https:\/\/elinformativotam.com\/index.php\/wp-json\/wp\/v2\/posts\/57426\/revisions\/57427"}],"wp:featuredmedia":[{"embeddable":true,"href":"https:\/\/elinformativotam.com\/index.php\/wp-json\/wp\/v2\/media\/57413"}],"wp:attachment":[{"href":"https:\/\/elinformativotam.com\/index.php\/wp-json\/wp\/v2\/media?parent=57426"}],"wp:term":[{"taxonomy":"category","embeddable":true,"href":"https:\/\/elinformativotam.com\/index.php\/wp-json\/wp\/v2\/categories?post=57426"},{"taxonomy":"post_tag","embeddable":true,"href":"https:\/\/elinformativotam.com\/index.php\/wp-json\/wp\/v2\/tags?post=57426"}],"curies":[{"name":"wp","href":"https:\/\/api.w.org\/{rel}","templated":true}]}}