{"id":57424,"date":"2026-03-12T08:25:42","date_gmt":"2026-03-12T14:25:42","guid":{"rendered":"https:\/\/elinformativotam.com\/?p=57424"},"modified":"2026-03-12T08:25:56","modified_gmt":"2026-03-12T14:25:56","slug":"ventas-de-mariscos-avanzan-lentamente-en-cuaresma-por-escasez-de-producto","status":"publish","type":"post","link":"https:\/\/elinformativotam.com\/index.php\/2026\/03\/12\/ventas-de-mariscos-avanzan-lentamente-en-cuaresma-por-escasez-de-producto\/","title":{"rendered":"Ventas De Mariscos Avanzan Lentamente En Cuaresma Por Escasez De Producto."},"content":{"rendered":"<p>Ciudad Madero, Tamps .- Durante las primeras semanas de Cuaresma, comerciantes dedicados a la venta de pescados y mariscos reportan un incremento moderado en sus ventas, aunque menor al esperado debido a la baja producci\u00f3n de diversas especies del mar.<\/p>\n<p>&nbsp;<\/p>\n<p>Fernando Fray de Puente, del negocio Paola Mar, explic\u00f3 que el aumento en la demanda apenas alcanza alrededor del 15 por ciento, una cifra inferior a la registrada en a\u00f1os anteriores durante esta temporada, cuando el consumo de productos del mar suele elevarse considerablemente.<\/p>\n<p>&nbsp;<\/p>\n<p>El comerciante se\u00f1al\u00f3 que uno de los principales factores que ha limitado las ventas es la escasez de varias especies, entre ellas el huachinango, el chocomite \u2014que actualmente no se encuentra en temporada\u2014, adem\u00e1s de s\u00e1balo, jaiba y filete de lisa. A ello se suma que algunas embarcaciones dedicadas a la captura de caz\u00f3n se encuentran detenidas, lo que ha provocado una reducci\u00f3n cercana al 40 por ciento en la producci\u00f3n.<\/p>\n<p>&nbsp;<\/p>\n<p>A pesar de este panorama, los comerciantes indicaron que los precios se han mantenido relativamente estables, evitando aumentos significativos para no afectar a\u00fan m\u00e1s el consumo.<\/p>\n<p>&nbsp;<\/p>\n<p>Los vendedores conf\u00edan en que con la llegada del periodo vacacional de Semana Santa la demanda aumente de manera importante, por lo que esperan que las ventas puedan incrementarse hasta en un 60 por ciento en comparaci\u00f3n con las primeras semanas de la temporada.<\/p>\n<p>&nbsp;<\/p>\n","protected":false},"excerpt":{"rendered":"<p>Ciudad Madero, Tamps .- Durante las primeras semanas de Cuaresma, comerciantes dedicados a la venta de pescados y mariscos reportan&hellip;<\/p>\n","protected":false},"author":1,"featured_media":57412,"comment_status":"open","ping_status":"open","sticky":false,"template":"","format":"standard","meta":{"footnotes":""},"categories":[4],"tags":[],"class_list":["post-57424","post","type-post","status-publish","format-standard","has-post-thumbnail","hentry","category-madero"],"yoast_head":"<!-- This site is optimized with the Yoast SEO plugin v27.5 - https:\/\/yoast.com\/product\/yoast-seo-wordpress\/ -->\n<title>Ventas De Mariscos Avanzan Lentamente En Cuaresma Por Escasez De Producto. - EL INFORMATIVO DE TAMAULIPAS<\/title>\n<meta name=\"description\" content=\"Ciudad Madero, Tamps .- Durante las primeras semanas de Cuaresma, comerciantes dedicados a la venta de pescados y mariscos reportan un incremento moderado\" \/>\n<meta name=\"robots\" content=\"index, follow, max-snippet:-1, max-image-preview:large, max-video-preview:-1\" \/>\n<link rel=\"canonical\" href=\"https:\/\/elinformativotam.com\/index.php\/2026\/03\/12\/ventas-de-mariscos-avanzan-lentamente-en-cuaresma-por-escasez-de-producto\/\" \/>\n<meta property=\"og:locale\" content=\"es_MX\" \/>\n<meta property=\"og:type\" content=\"article\" \/>\n<meta property=\"og:title\" content=\"Ventas De Mariscos Avanzan Lentamente En Cuaresma Por Escasez De Producto. - EL INFORMATIVO DE TAMAULIPAS\" \/>\n<meta property=\"og:description\" content=\"Ciudad Madero, Tamps .- Durante las primeras semanas de Cuaresma, comerciantes dedicados a la venta de pescados y mariscos reportan un incremento moderado\" \/>\n<meta property=\"og:url\" content=\"https:\/\/elinformativotam.com\/index.php\/2026\/03\/12\/ventas-de-mariscos-avanzan-lentamente-en-cuaresma-por-escasez-de-producto\/\" \/>\n<meta property=\"og:site_name\" content=\"EL INFORMATIVO DE TAMAULIPAS\" \/>\n<meta property=\"article:published_time\" content=\"2026-03-12T14:25:42+00:00\" \/>\n<meta property=\"article:modified_time\" content=\"2026-03-12T14:25:56+00:00\" \/>\n<meta property=\"og:image\" content=\"https:\/\/elinformativotam.com\/wp-content\/uploads\/2026\/03\/Pescado.jpg\" \/>\n\t<meta property=\"og:image:width\" content=\"921\" \/>\n\t<meta property=\"og:image:height\" content=\"518\" \/>\n\t<meta property=\"og:image:type\" content=\"image\/jpeg\" \/>\n<meta name=\"author\" content=\"El Informativo Tam\" \/>\n<meta name=\"twitter:card\" content=\"summary_large_image\" \/>\n<meta name=\"twitter:label1\" content=\"Escrito por\" \/>\n\t<meta name=\"twitter:data1\" content=\"El Informativo Tam\" \/>\n\t<meta name=\"twitter:label2\" content=\"Tiempo de lectura\" \/>\n\t<meta name=\"twitter:data2\" content=\"2 minutos\" \/>\n<script type=\"application\/ld+json\" class=\"yoast-schema-graph\">{\"@context\":\"https:\\\/\\\/schema.org\",\"@graph\":[{\"@type\":\"Article\",\"@id\":\"https:\\\/\\\/elinformativotam.com\\\/index.php\\\/2026\\\/03\\\/12\\\/ventas-de-mariscos-avanzan-lentamente-en-cuaresma-por-escasez-de-producto\\\/#article\",\"isPartOf\":{\"@id\":\"https:\\\/\\\/elinformativotam.com\\\/index.php\\\/2026\\\/03\\\/12\\\/ventas-de-mariscos-avanzan-lentamente-en-cuaresma-por-escasez-de-producto\\\/\"},\"author\":{\"name\":\"El Informativo Tam\",\"@id\":\"https:\\\/\\\/elinformativotam.com\\\/#\\\/schema\\\/person\\\/78e08040eed0f6110f0c5f83b6153590\"},\"headline\":\"Ventas De Mariscos Avanzan Lentamente En Cuaresma Por Escasez De Producto.\",\"datePublished\":\"2026-03-12T14:25:42+00:00\",\"dateModified\":\"2026-03-12T14:25:56+00:00\",\"mainEntityOfPage\":{\"@id\":\"https:\\\/\\\/elinformativotam.com\\\/index.php\\\/2026\\\/03\\\/12\\\/ventas-de-mariscos-avanzan-lentamente-en-cuaresma-por-escasez-de-producto\\\/\"},\"wordCount\":250,\"commentCount\":0,\"publisher\":{\"@id\":\"https:\\\/\\\/elinformativotam.com\\\/#organization\"},\"image\":{\"@id\":\"https:\\\/\\\/elinformativotam.com\\\/index.php\\\/2026\\\/03\\\/12\\\/ventas-de-mariscos-avanzan-lentamente-en-cuaresma-por-escasez-de-producto\\\/#primaryimage\"},\"thumbnailUrl\":\"https:\\\/\\\/elinformativotam.com\\\/wp-content\\\/uploads\\\/2026\\\/03\\\/Pescado.jpg\",\"articleSection\":[\"Cd Madero\"],\"inLanguage\":\"es\",\"potentialAction\":[{\"@type\":\"CommentAction\",\"name\":\"Comment\",\"target\":[\"https:\\\/\\\/elinformativotam.com\\\/index.php\\\/2026\\\/03\\\/12\\\/ventas-de-mariscos-avanzan-lentamente-en-cuaresma-por-escasez-de-producto\\\/#respond\"]}]},{\"@type\":\"WebPage\",\"@id\":\"https:\\\/\\\/elinformativotam.com\\\/index.php\\\/2026\\\/03\\\/12\\\/ventas-de-mariscos-avanzan-lentamente-en-cuaresma-por-escasez-de-producto\\\/\",\"url\":\"https:\\\/\\\/elinformativotam.com\\\/index.php\\\/2026\\\/03\\\/12\\\/ventas-de-mariscos-avanzan-lentamente-en-cuaresma-por-escasez-de-producto\\\/\",\"name\":\"Ventas De Mariscos Avanzan Lentamente En Cuaresma Por Escasez De Producto. - EL INFORMATIVO DE TAMAULIPAS\",\"isPartOf\":{\"@id\":\"https:\\\/\\\/elinformativotam.com\\\/#website\"},\"primaryImageOfPage\":{\"@id\":\"https:\\\/\\\/elinformativotam.com\\\/index.php\\\/2026\\\/03\\\/12\\\/ventas-de-mariscos-avanzan-lentamente-en-cuaresma-por-escasez-de-producto\\\/#primaryimage\"},\"image\":{\"@id\":\"https:\\\/\\\/elinformativotam.com\\\/index.php\\\/2026\\\/03\\\/12\\\/ventas-de-mariscos-avanzan-lentamente-en-cuaresma-por-escasez-de-producto\\\/#primaryimage\"},\"thumbnailUrl\":\"https:\\\/\\\/elinformativotam.com\\\/wp-content\\\/uploads\\\/2026\\\/03\\\/Pescado.jpg\",\"datePublished\":\"2026-03-12T14:25:42+00:00\",\"dateModified\":\"2026-03-12T14:25:56+00:00\",\"description\":\"Ciudad Madero, Tamps .- Durante las primeras semanas de Cuaresma, comerciantes dedicados a la venta de pescados y mariscos reportan un incremento moderado\",\"inLanguage\":\"es\",\"potentialAction\":[{\"@type\":\"ReadAction\",\"target\":[\"https:\\\/\\\/elinformativotam.com\\\/index.php\\\/2026\\\/03\\\/12\\\/ventas-de-mariscos-avanzan-lentamente-en-cuaresma-por-escasez-de-producto\\\/\"]}]},{\"@type\":\"ImageObject\",\"inLanguage\":\"es\",\"@id\":\"https:\\\/\\\/elinformativotam.com\\\/index.php\\\/2026\\\/03\\\/12\\\/ventas-de-mariscos-avanzan-lentamente-en-cuaresma-por-escasez-de-producto\\\/#primaryimage\",\"url\":\"https:\\\/\\\/elinformativotam.com\\\/wp-content\\\/uploads\\\/2026\\\/03\\\/Pescado.jpg\",\"contentUrl\":\"https:\\\/\\\/elinformativotam.com\\\/wp-content\\\/uploads\\\/2026\\\/03\\\/Pescado.jpg\",\"width\":921,\"height\":518},{\"@type\":\"WebSite\",\"@id\":\"https:\\\/\\\/elinformativotam.com\\\/#website\",\"url\":\"https:\\\/\\\/elinformativotam.com\\\/\",\"name\":\"EL INFORMATIVO DE TAMAULIPAS\",\"description\":\"Desde la Zona Metropolitana Para Todo M\u00e9xico\",\"publisher\":{\"@id\":\"https:\\\/\\\/elinformativotam.com\\\/#organization\"},\"potentialAction\":[{\"@type\":\"SearchAction\",\"target\":{\"@type\":\"EntryPoint\",\"urlTemplate\":\"https:\\\/\\\/elinformativotam.com\\\/?s={search_term_string}\"},\"query-input\":{\"@type\":\"PropertyValueSpecification\",\"valueRequired\":true,\"valueName\":\"search_term_string\"}}],\"inLanguage\":\"es\"},{\"@type\":\"Organization\",\"@id\":\"https:\\\/\\\/elinformativotam.com\\\/#organization\",\"name\":\"EL INFORMATIVO DE TAMAULIPAS\",\"url\":\"https:\\\/\\\/elinformativotam.com\\\/\",\"logo\":{\"@type\":\"ImageObject\",\"inLanguage\":\"es\",\"@id\":\"https:\\\/\\\/elinformativotam.com\\\/#\\\/schema\\\/logo\\\/image\\\/\",\"url\":\"https:\\\/\\\/elinformativotam.com\\\/wp-content\\\/uploads\\\/2026\\\/02\\\/Cabezal.png\",\"contentUrl\":\"https:\\\/\\\/elinformativotam.com\\\/wp-content\\\/uploads\\\/2026\\\/02\\\/Cabezal.png\",\"width\":960,\"height\":640,\"caption\":\"EL INFORMATIVO DE TAMAULIPAS\"},\"image\":{\"@id\":\"https:\\\/\\\/elinformativotam.com\\\/#\\\/schema\\\/logo\\\/image\\\/\"}},{\"@type\":\"Person\",\"@id\":\"https:\\\/\\\/elinformativotam.com\\\/#\\\/schema\\\/person\\\/78e08040eed0f6110f0c5f83b6153590\",\"name\":\"El Informativo Tam\",\"image\":{\"@type\":\"ImageObject\",\"inLanguage\":\"es\",\"@id\":\"https:\\\/\\\/secure.gravatar.com\\\/avatar\\\/f3b7ad3af540688955925ac610647be00b0cf41feea9c4978b73a707ee86bc53?s=96&d=mm&r=g\",\"url\":\"https:\\\/\\\/secure.gravatar.com\\\/avatar\\\/f3b7ad3af540688955925ac610647be00b0cf41feea9c4978b73a707ee86bc53?s=96&d=mm&r=g\",\"contentUrl\":\"https:\\\/\\\/secure.gravatar.com\\\/avatar\\\/f3b7ad3af540688955925ac610647be00b0cf41feea9c4978b73a707ee86bc53?s=96&d=mm&r=g\",\"caption\":\"El Informativo Tam\"}}]}<\/script>\n<!-- \/ Yoast SEO plugin. -->","yoast_head_json":{"title":"Ventas De Mariscos Avanzan Lentamente En Cuaresma Por Escasez De Producto. - EL INFORMATIVO DE TAMAULIPAS","description":"Ciudad Madero, Tamps .- Durante las primeras semanas de Cuaresma, comerciantes dedicados a la venta de pescados y mariscos reportan un incremento moderado","robots":{"index":"index","follow":"follow","max-snippet":"max-snippet:-1","max-image-preview":"max-image-preview:large","max-video-preview":"max-video-preview:-1"},"canonical":"https:\/\/elinformativotam.com\/index.php\/2026\/03\/12\/ventas-de-mariscos-avanzan-lentamente-en-cuaresma-por-escasez-de-producto\/","og_locale":"es_MX","og_type":"article","og_title":"Ventas De Mariscos Avanzan Lentamente En Cuaresma Por Escasez De Producto. - EL INFORMATIVO DE TAMAULIPAS","og_description":"Ciudad Madero, Tamps .- Durante las primeras semanas de Cuaresma, comerciantes dedicados a la venta de pescados y mariscos reportan un incremento moderado","og_url":"https:\/\/elinformativotam.com\/index.php\/2026\/03\/12\/ventas-de-mariscos-avanzan-lentamente-en-cuaresma-por-escasez-de-producto\/","og_site_name":"EL INFORMATIVO DE TAMAULIPAS","article_published_time":"2026-03-12T14:25:42+00:00","article_modified_time":"2026-03-12T14:25:56+00:00","og_image":[{"width":921,"height":518,"url":"https:\/\/elinformativotam.com\/wp-content\/uploads\/2026\/03\/Pescado.jpg","type":"image\/jpeg"}],"author":"El Informativo Tam","twitter_card":"summary_large_image","twitter_misc":{"Escrito por":"El Informativo Tam","Tiempo de lectura":"2 minutos"},"schema":{"@context":"https:\/\/schema.org","@graph":[{"@type":"Article","@id":"https:\/\/elinformativotam.com\/index.php\/2026\/03\/12\/ventas-de-mariscos-avanzan-lentamente-en-cuaresma-por-escasez-de-producto\/#article","isPartOf":{"@id":"https:\/\/elinformativotam.com\/index.php\/2026\/03\/12\/ventas-de-mariscos-avanzan-lentamente-en-cuaresma-por-escasez-de-producto\/"},"author":{"name":"El Informativo Tam","@id":"https:\/\/elinformativotam.com\/#\/schema\/person\/78e08040eed0f6110f0c5f83b6153590"},"headline":"Ventas De Mariscos Avanzan Lentamente En Cuaresma Por Escasez De Producto.","datePublished":"2026-03-12T14:25:42+00:00","dateModified":"2026-03-12T14:25:56+00:00","mainEntityOfPage":{"@id":"https:\/\/elinformativotam.com\/index.php\/2026\/03\/12\/ventas-de-mariscos-avanzan-lentamente-en-cuaresma-por-escasez-de-producto\/"},"wordCount":250,"commentCount":0,"publisher":{"@id":"https:\/\/elinformativotam.com\/#organization"},"image":{"@id":"https:\/\/elinformativotam.com\/index.php\/2026\/03\/12\/ventas-de-mariscos-avanzan-lentamente-en-cuaresma-por-escasez-de-producto\/#primaryimage"},"thumbnailUrl":"https:\/\/elinformativotam.com\/wp-content\/uploads\/2026\/03\/Pescado.jpg","articleSection":["Cd Madero"],"inLanguage":"es","potentialAction":[{"@type":"CommentAction","name":"Comment","target":["https:\/\/elinformativotam.com\/index.php\/2026\/03\/12\/ventas-de-mariscos-avanzan-lentamente-en-cuaresma-por-escasez-de-producto\/#respond"]}]},{"@type":"WebPage","@id":"https:\/\/elinformativotam.com\/index.php\/2026\/03\/12\/ventas-de-mariscos-avanzan-lentamente-en-cuaresma-por-escasez-de-producto\/","url":"https:\/\/elinformativotam.com\/index.php\/2026\/03\/12\/ventas-de-mariscos-avanzan-lentamente-en-cuaresma-por-escasez-de-producto\/","name":"Ventas De Mariscos Avanzan Lentamente En Cuaresma Por Escasez De Producto. - EL INFORMATIVO DE TAMAULIPAS","isPartOf":{"@id":"https:\/\/elinformativotam.com\/#website"},"primaryImageOfPage":{"@id":"https:\/\/elinformativotam.com\/index.php\/2026\/03\/12\/ventas-de-mariscos-avanzan-lentamente-en-cuaresma-por-escasez-de-producto\/#primaryimage"},"image":{"@id":"https:\/\/elinformativotam.com\/index.php\/2026\/03\/12\/ventas-de-mariscos-avanzan-lentamente-en-cuaresma-por-escasez-de-producto\/#primaryimage"},"thumbnailUrl":"https:\/\/elinformativotam.com\/wp-content\/uploads\/2026\/03\/Pescado.jpg","datePublished":"2026-03-12T14:25:42+00:00","dateModified":"2026-03-12T14:25:56+00:00","description":"Ciudad Madero, Tamps .- Durante las primeras semanas de Cuaresma, comerciantes dedicados a la venta de pescados y mariscos reportan un incremento moderado","inLanguage":"es","potentialAction":[{"@type":"ReadAction","target":["https:\/\/elinformativotam.com\/index.php\/2026\/03\/12\/ventas-de-mariscos-avanzan-lentamente-en-cuaresma-por-escasez-de-producto\/"]}]},{"@type":"ImageObject","inLanguage":"es","@id":"https:\/\/elinformativotam.com\/index.php\/2026\/03\/12\/ventas-de-mariscos-avanzan-lentamente-en-cuaresma-por-escasez-de-producto\/#primaryimage","url":"https:\/\/elinformativotam.com\/wp-content\/uploads\/2026\/03\/Pescado.jpg","contentUrl":"https:\/\/elinformativotam.com\/wp-content\/uploads\/2026\/03\/Pescado.jpg","width":921,"height":518},{"@type":"WebSite","@id":"https:\/\/elinformativotam.com\/#website","url":"https:\/\/elinformativotam.com\/","name":"EL INFORMATIVO DE TAMAULIPAS","description":"Desde la Zona Metropolitana Para Todo M\u00e9xico","publisher":{"@id":"https:\/\/elinformativotam.com\/#organization"},"potentialAction":[{"@type":"SearchAction","target":{"@type":"EntryPoint","urlTemplate":"https:\/\/elinformativotam.com\/?s={search_term_string}"},"query-input":{"@type":"PropertyValueSpecification","valueRequired":true,"valueName":"search_term_string"}}],"inLanguage":"es"},{"@type":"Organization","@id":"https:\/\/elinformativotam.com\/#organization","name":"EL INFORMATIVO DE TAMAULIPAS","url":"https:\/\/elinformativotam.com\/","logo":{"@type":"ImageObject","inLanguage":"es","@id":"https:\/\/elinformativotam.com\/#\/schema\/logo\/image\/","url":"https:\/\/elinformativotam.com\/wp-content\/uploads\/2026\/02\/Cabezal.png","contentUrl":"https:\/\/elinformativotam.com\/wp-content\/uploads\/2026\/02\/Cabezal.png","width":960,"height":640,"caption":"EL INFORMATIVO DE TAMAULIPAS"},"image":{"@id":"https:\/\/elinformativotam.com\/#\/schema\/logo\/image\/"}},{"@type":"Person","@id":"https:\/\/elinformativotam.com\/#\/schema\/person\/78e08040eed0f6110f0c5f83b6153590","name":"El Informativo Tam","image":{"@type":"ImageObject","inLanguage":"es","@id":"https:\/\/secure.gravatar.com\/avatar\/f3b7ad3af540688955925ac610647be00b0cf41feea9c4978b73a707ee86bc53?s=96&d=mm&r=g","url":"https:\/\/secure.gravatar.com\/avatar\/f3b7ad3af540688955925ac610647be00b0cf41feea9c4978b73a707ee86bc53?s=96&d=mm&r=g","contentUrl":"https:\/\/secure.gravatar.com\/avatar\/f3b7ad3af540688955925ac610647be00b0cf41feea9c4978b73a707ee86bc53?s=96&d=mm&r=g","caption":"El Informativo Tam"}}]}},"_links":{"self":[{"href":"https:\/\/elinformativotam.com\/index.php\/wp-json\/wp\/v2\/posts\/57424","targetHints":{"allow":["GET"]}}],"collection":[{"href":"https:\/\/elinformativotam.com\/index.php\/wp-json\/wp\/v2\/posts"}],"about":[{"href":"https:\/\/elinformativotam.com\/index.php\/wp-json\/wp\/v2\/types\/post"}],"author":[{"embeddable":true,"href":"https:\/\/elinformativotam.com\/index.php\/wp-json\/wp\/v2\/users\/1"}],"replies":[{"embeddable":true,"href":"https:\/\/elinformativotam.com\/index.php\/wp-json\/wp\/v2\/comments?post=57424"}],"version-history":[{"count":1,"href":"https:\/\/elinformativotam.com\/index.php\/wp-json\/wp\/v2\/posts\/57424\/revisions"}],"predecessor-version":[{"id":57425,"href":"https:\/\/elinformativotam.com\/index.php\/wp-json\/wp\/v2\/posts\/57424\/revisions\/57425"}],"wp:featuredmedia":[{"embeddable":true,"href":"https:\/\/elinformativotam.com\/index.php\/wp-json\/wp\/v2\/media\/57412"}],"wp:attachment":[{"href":"https:\/\/elinformativotam.com\/index.php\/wp-json\/wp\/v2\/media?parent=57424"}],"wp:term":[{"taxonomy":"category","embeddable":true,"href":"https:\/\/elinformativotam.com\/index.php\/wp-json\/wp\/v2\/categories?post=57424"},{"taxonomy":"post_tag","embeddable":true,"href":"https:\/\/elinformativotam.com\/index.php\/wp-json\/wp\/v2\/tags?post=57424"}],"curies":[{"name":"wp","href":"https:\/\/api.w.org\/{rel}","templated":true}]}}