{"id":57418,"date":"2026-03-12T08:20:38","date_gmt":"2026-03-12T14:20:38","guid":{"rendered":"https:\/\/elinformativotam.com\/?p=57418"},"modified":"2026-03-12T08:20:38","modified_gmt":"2026-03-12T14:20:38","slug":"comercio-formal-confia-en-cambios-en-mandos-de-la-guardia-estatal-en-tampico","status":"publish","type":"post","link":"https:\/\/elinformativotam.com\/index.php\/2026\/03\/12\/comercio-formal-confia-en-cambios-en-mandos-de-la-guardia-estatal-en-tampico\/","title":{"rendered":"Comercio Formal Conf\u00eda En Cambios En Mandos De La Guardia Estatal En Tampico."},"content":{"rendered":"<p>Tampico, Tamps.- El comercio establecido en Tampico manifest\u00f3 su confianza en los recientes cambios y rotaciones en los mandos de la Guardia Estatal, al considerar que estos movimientos buscan fortalecer la estrategia de vigilancia y mejorar los resultados en materia de seguridad.<\/p>\n<p>&nbsp;<\/p>\n<p>Representantes del sector comercial se\u00f1alaron que, aunque el delito de robo se ha reportado con mayor frecuencia, la situaci\u00f3n no ha alcanzado niveles alarmantes. No obstante, indicaron que cualquier ajuste en las estrategias de seguridad p\u00fablica resulta positivo cuando as\u00ed lo requieren los indicadores y estad\u00edsticas.<\/p>\n<p>&nbsp;<\/p>\n<p>Asimismo, destacaron que el reci\u00e9n nombrado encargado de la seguridad p\u00fablica en el municipio enfrenta una tarea importante: mantener y mejorar la percepci\u00f3n de seguridad en la ciudad, especialmente ante la proximidad del periodo vacacional de Semana Santa, cuando aumenta la actividad comercial y la llegada de visitantes.<\/p>\n<p>&nbsp;<\/p>\n<p>El presidente de la C\u00e1mara Nacional de Comercio (Canaco) Tampico, Eduardo Manzur Manzur, expres\u00f3 que el sector empresarial conf\u00eda en que los cambios contribuir\u00e1n a reforzar la vigilancia y brindar mayor tranquilidad tanto a comerciantes como a la ciudadan\u00eda.<\/p>\n","protected":false},"excerpt":{"rendered":"<p>Tampico, Tamps.- El comercio establecido en Tampico manifest\u00f3 su confianza en los recientes cambios y rotaciones en los mandos de&hellip;<\/p>\n","protected":false},"author":1,"featured_media":57415,"comment_status":"open","ping_status":"open","sticky":false,"template":"","format":"standard","meta":{"footnotes":""},"categories":[1],"tags":[],"class_list":["post-57418","post","type-post","status-publish","format-standard","has-post-thumbnail","hentry","category-uncategorized"],"yoast_head":"<!-- This site is optimized with the Yoast SEO plugin v27.5 - https:\/\/yoast.com\/product\/yoast-seo-wordpress\/ -->\n<title>Comercio Formal Conf\u00eda En Cambios En Mandos De La Guardia Estatal En Tampico. - EL INFORMATIVO DE TAMAULIPAS<\/title>\n<meta name=\"description\" content=\"Tampico, Tamps.- El comercio establecido en Tampico manifest\u00f3 su confianza en los recientes cambios y rotaciones en los mandos de la Guardia Estatal, al\" \/>\n<meta name=\"robots\" content=\"index, follow, max-snippet:-1, max-image-preview:large, max-video-preview:-1\" \/>\n<link rel=\"canonical\" href=\"https:\/\/elinformativotam.com\/index.php\/2026\/03\/12\/comercio-formal-confia-en-cambios-en-mandos-de-la-guardia-estatal-en-tampico\/\" \/>\n<meta property=\"og:locale\" content=\"es_MX\" \/>\n<meta property=\"og:type\" content=\"article\" \/>\n<meta property=\"og:title\" content=\"Comercio Formal Conf\u00eda En Cambios En Mandos De La Guardia Estatal En Tampico. - EL INFORMATIVO DE TAMAULIPAS\" \/>\n<meta property=\"og:description\" content=\"Tampico, Tamps.- El comercio establecido en Tampico manifest\u00f3 su confianza en los recientes cambios y rotaciones en los mandos de la Guardia Estatal, al\" \/>\n<meta property=\"og:url\" content=\"https:\/\/elinformativotam.com\/index.php\/2026\/03\/12\/comercio-formal-confia-en-cambios-en-mandos-de-la-guardia-estatal-en-tampico\/\" \/>\n<meta property=\"og:site_name\" content=\"EL INFORMATIVO DE TAMAULIPAS\" \/>\n<meta property=\"article:published_time\" content=\"2026-03-12T14:20:38+00:00\" \/>\n<meta property=\"og:image\" content=\"https:\/\/elinformativotam.com\/wp-content\/uploads\/2026\/03\/comercios.jpg\" \/>\n\t<meta property=\"og:image:width\" content=\"1200\" \/>\n\t<meta property=\"og:image:height\" content=\"734\" \/>\n\t<meta property=\"og:image:type\" content=\"image\/jpeg\" \/>\n<meta name=\"author\" content=\"El Informativo Tam\" \/>\n<meta name=\"twitter:card\" content=\"summary_large_image\" \/>\n<meta name=\"twitter:label1\" content=\"Escrito por\" \/>\n\t<meta name=\"twitter:data1\" content=\"El Informativo Tam\" \/>\n\t<meta name=\"twitter:label2\" content=\"Tiempo de lectura\" \/>\n\t<meta name=\"twitter:data2\" content=\"2 minutos\" \/>\n<script type=\"application\/ld+json\" class=\"yoast-schema-graph\">{\"@context\":\"https:\\\/\\\/schema.org\",\"@graph\":[{\"@type\":\"Article\",\"@id\":\"https:\\\/\\\/elinformativotam.com\\\/index.php\\\/2026\\\/03\\\/12\\\/comercio-formal-confia-en-cambios-en-mandos-de-la-guardia-estatal-en-tampico\\\/#article\",\"isPartOf\":{\"@id\":\"https:\\\/\\\/elinformativotam.com\\\/index.php\\\/2026\\\/03\\\/12\\\/comercio-formal-confia-en-cambios-en-mandos-de-la-guardia-estatal-en-tampico\\\/\"},\"author\":{\"name\":\"El Informativo Tam\",\"@id\":\"https:\\\/\\\/elinformativotam.com\\\/#\\\/schema\\\/person\\\/78e08040eed0f6110f0c5f83b6153590\"},\"headline\":\"Comercio Formal Conf\u00eda En Cambios En Mandos De La Guardia Estatal En Tampico.\",\"datePublished\":\"2026-03-12T14:20:38+00:00\",\"mainEntityOfPage\":{\"@id\":\"https:\\\/\\\/elinformativotam.com\\\/index.php\\\/2026\\\/03\\\/12\\\/comercio-formal-confia-en-cambios-en-mandos-de-la-guardia-estatal-en-tampico\\\/\"},\"wordCount\":204,\"commentCount\":0,\"publisher\":{\"@id\":\"https:\\\/\\\/elinformativotam.com\\\/#organization\"},\"image\":{\"@id\":\"https:\\\/\\\/elinformativotam.com\\\/index.php\\\/2026\\\/03\\\/12\\\/comercio-formal-confia-en-cambios-en-mandos-de-la-guardia-estatal-en-tampico\\\/#primaryimage\"},\"thumbnailUrl\":\"https:\\\/\\\/elinformativotam.com\\\/wp-content\\\/uploads\\\/2026\\\/03\\\/comercios.jpg\",\"articleSection\":[\"Uncategorized\"],\"inLanguage\":\"es\",\"potentialAction\":[{\"@type\":\"CommentAction\",\"name\":\"Comment\",\"target\":[\"https:\\\/\\\/elinformativotam.com\\\/index.php\\\/2026\\\/03\\\/12\\\/comercio-formal-confia-en-cambios-en-mandos-de-la-guardia-estatal-en-tampico\\\/#respond\"]}]},{\"@type\":\"WebPage\",\"@id\":\"https:\\\/\\\/elinformativotam.com\\\/index.php\\\/2026\\\/03\\\/12\\\/comercio-formal-confia-en-cambios-en-mandos-de-la-guardia-estatal-en-tampico\\\/\",\"url\":\"https:\\\/\\\/elinformativotam.com\\\/index.php\\\/2026\\\/03\\\/12\\\/comercio-formal-confia-en-cambios-en-mandos-de-la-guardia-estatal-en-tampico\\\/\",\"name\":\"Comercio Formal Conf\u00eda En Cambios En Mandos De La Guardia Estatal En Tampico. - EL INFORMATIVO DE TAMAULIPAS\",\"isPartOf\":{\"@id\":\"https:\\\/\\\/elinformativotam.com\\\/#website\"},\"primaryImageOfPage\":{\"@id\":\"https:\\\/\\\/elinformativotam.com\\\/index.php\\\/2026\\\/03\\\/12\\\/comercio-formal-confia-en-cambios-en-mandos-de-la-guardia-estatal-en-tampico\\\/#primaryimage\"},\"image\":{\"@id\":\"https:\\\/\\\/elinformativotam.com\\\/index.php\\\/2026\\\/03\\\/12\\\/comercio-formal-confia-en-cambios-en-mandos-de-la-guardia-estatal-en-tampico\\\/#primaryimage\"},\"thumbnailUrl\":\"https:\\\/\\\/elinformativotam.com\\\/wp-content\\\/uploads\\\/2026\\\/03\\\/comercios.jpg\",\"datePublished\":\"2026-03-12T14:20:38+00:00\",\"description\":\"Tampico, Tamps.- El comercio establecido en Tampico manifest\u00f3 su confianza en los recientes cambios y rotaciones en los mandos de la Guardia Estatal, al\",\"inLanguage\":\"es\",\"potentialAction\":[{\"@type\":\"ReadAction\",\"target\":[\"https:\\\/\\\/elinformativotam.com\\\/index.php\\\/2026\\\/03\\\/12\\\/comercio-formal-confia-en-cambios-en-mandos-de-la-guardia-estatal-en-tampico\\\/\"]}]},{\"@type\":\"ImageObject\",\"inLanguage\":\"es\",\"@id\":\"https:\\\/\\\/elinformativotam.com\\\/index.php\\\/2026\\\/03\\\/12\\\/comercio-formal-confia-en-cambios-en-mandos-de-la-guardia-estatal-en-tampico\\\/#primaryimage\",\"url\":\"https:\\\/\\\/elinformativotam.com\\\/wp-content\\\/uploads\\\/2026\\\/03\\\/comercios.jpg\",\"contentUrl\":\"https:\\\/\\\/elinformativotam.com\\\/wp-content\\\/uploads\\\/2026\\\/03\\\/comercios.jpg\",\"width\":1200,\"height\":734},{\"@type\":\"WebSite\",\"@id\":\"https:\\\/\\\/elinformativotam.com\\\/#website\",\"url\":\"https:\\\/\\\/elinformativotam.com\\\/\",\"name\":\"EL INFORMATIVO DE TAMAULIPAS\",\"description\":\"Desde la Zona Metropolitana Para Todo M\u00e9xico\",\"publisher\":{\"@id\":\"https:\\\/\\\/elinformativotam.com\\\/#organization\"},\"potentialAction\":[{\"@type\":\"SearchAction\",\"target\":{\"@type\":\"EntryPoint\",\"urlTemplate\":\"https:\\\/\\\/elinformativotam.com\\\/?s={search_term_string}\"},\"query-input\":{\"@type\":\"PropertyValueSpecification\",\"valueRequired\":true,\"valueName\":\"search_term_string\"}}],\"inLanguage\":\"es\"},{\"@type\":\"Organization\",\"@id\":\"https:\\\/\\\/elinformativotam.com\\\/#organization\",\"name\":\"EL INFORMATIVO DE TAMAULIPAS\",\"url\":\"https:\\\/\\\/elinformativotam.com\\\/\",\"logo\":{\"@type\":\"ImageObject\",\"inLanguage\":\"es\",\"@id\":\"https:\\\/\\\/elinformativotam.com\\\/#\\\/schema\\\/logo\\\/image\\\/\",\"url\":\"https:\\\/\\\/elinformativotam.com\\\/wp-content\\\/uploads\\\/2026\\\/02\\\/Cabezal.png\",\"contentUrl\":\"https:\\\/\\\/elinformativotam.com\\\/wp-content\\\/uploads\\\/2026\\\/02\\\/Cabezal.png\",\"width\":960,\"height\":640,\"caption\":\"EL INFORMATIVO DE TAMAULIPAS\"},\"image\":{\"@id\":\"https:\\\/\\\/elinformativotam.com\\\/#\\\/schema\\\/logo\\\/image\\\/\"}},{\"@type\":\"Person\",\"@id\":\"https:\\\/\\\/elinformativotam.com\\\/#\\\/schema\\\/person\\\/78e08040eed0f6110f0c5f83b6153590\",\"name\":\"El Informativo Tam\",\"image\":{\"@type\":\"ImageObject\",\"inLanguage\":\"es\",\"@id\":\"https:\\\/\\\/secure.gravatar.com\\\/avatar\\\/f3b7ad3af540688955925ac610647be00b0cf41feea9c4978b73a707ee86bc53?s=96&d=mm&r=g\",\"url\":\"https:\\\/\\\/secure.gravatar.com\\\/avatar\\\/f3b7ad3af540688955925ac610647be00b0cf41feea9c4978b73a707ee86bc53?s=96&d=mm&r=g\",\"contentUrl\":\"https:\\\/\\\/secure.gravatar.com\\\/avatar\\\/f3b7ad3af540688955925ac610647be00b0cf41feea9c4978b73a707ee86bc53?s=96&d=mm&r=g\",\"caption\":\"El Informativo Tam\"}}]}<\/script>\n<!-- \/ Yoast SEO plugin. -->","yoast_head_json":{"title":"Comercio Formal Conf\u00eda En Cambios En Mandos De La Guardia Estatal En Tampico. - EL INFORMATIVO DE TAMAULIPAS","description":"Tampico, Tamps.- El comercio establecido en Tampico manifest\u00f3 su confianza en los recientes cambios y rotaciones en los mandos de la Guardia Estatal, al","robots":{"index":"index","follow":"follow","max-snippet":"max-snippet:-1","max-image-preview":"max-image-preview:large","max-video-preview":"max-video-preview:-1"},"canonical":"https:\/\/elinformativotam.com\/index.php\/2026\/03\/12\/comercio-formal-confia-en-cambios-en-mandos-de-la-guardia-estatal-en-tampico\/","og_locale":"es_MX","og_type":"article","og_title":"Comercio Formal Conf\u00eda En Cambios En Mandos De La Guardia Estatal En Tampico. - EL INFORMATIVO DE TAMAULIPAS","og_description":"Tampico, Tamps.- El comercio establecido en Tampico manifest\u00f3 su confianza en los recientes cambios y rotaciones en los mandos de la Guardia Estatal, al","og_url":"https:\/\/elinformativotam.com\/index.php\/2026\/03\/12\/comercio-formal-confia-en-cambios-en-mandos-de-la-guardia-estatal-en-tampico\/","og_site_name":"EL INFORMATIVO DE TAMAULIPAS","article_published_time":"2026-03-12T14:20:38+00:00","og_image":[{"width":1200,"height":734,"url":"https:\/\/elinformativotam.com\/wp-content\/uploads\/2026\/03\/comercios.jpg","type":"image\/jpeg"}],"author":"El Informativo Tam","twitter_card":"summary_large_image","twitter_misc":{"Escrito por":"El Informativo Tam","Tiempo de lectura":"2 minutos"},"schema":{"@context":"https:\/\/schema.org","@graph":[{"@type":"Article","@id":"https:\/\/elinformativotam.com\/index.php\/2026\/03\/12\/comercio-formal-confia-en-cambios-en-mandos-de-la-guardia-estatal-en-tampico\/#article","isPartOf":{"@id":"https:\/\/elinformativotam.com\/index.php\/2026\/03\/12\/comercio-formal-confia-en-cambios-en-mandos-de-la-guardia-estatal-en-tampico\/"},"author":{"name":"El Informativo Tam","@id":"https:\/\/elinformativotam.com\/#\/schema\/person\/78e08040eed0f6110f0c5f83b6153590"},"headline":"Comercio Formal Conf\u00eda En Cambios En Mandos De La Guardia Estatal En Tampico.","datePublished":"2026-03-12T14:20:38+00:00","mainEntityOfPage":{"@id":"https:\/\/elinformativotam.com\/index.php\/2026\/03\/12\/comercio-formal-confia-en-cambios-en-mandos-de-la-guardia-estatal-en-tampico\/"},"wordCount":204,"commentCount":0,"publisher":{"@id":"https:\/\/elinformativotam.com\/#organization"},"image":{"@id":"https:\/\/elinformativotam.com\/index.php\/2026\/03\/12\/comercio-formal-confia-en-cambios-en-mandos-de-la-guardia-estatal-en-tampico\/#primaryimage"},"thumbnailUrl":"https:\/\/elinformativotam.com\/wp-content\/uploads\/2026\/03\/comercios.jpg","articleSection":["Uncategorized"],"inLanguage":"es","potentialAction":[{"@type":"CommentAction","name":"Comment","target":["https:\/\/elinformativotam.com\/index.php\/2026\/03\/12\/comercio-formal-confia-en-cambios-en-mandos-de-la-guardia-estatal-en-tampico\/#respond"]}]},{"@type":"WebPage","@id":"https:\/\/elinformativotam.com\/index.php\/2026\/03\/12\/comercio-formal-confia-en-cambios-en-mandos-de-la-guardia-estatal-en-tampico\/","url":"https:\/\/elinformativotam.com\/index.php\/2026\/03\/12\/comercio-formal-confia-en-cambios-en-mandos-de-la-guardia-estatal-en-tampico\/","name":"Comercio Formal Conf\u00eda En Cambios En Mandos De La Guardia Estatal En Tampico. - EL INFORMATIVO DE TAMAULIPAS","isPartOf":{"@id":"https:\/\/elinformativotam.com\/#website"},"primaryImageOfPage":{"@id":"https:\/\/elinformativotam.com\/index.php\/2026\/03\/12\/comercio-formal-confia-en-cambios-en-mandos-de-la-guardia-estatal-en-tampico\/#primaryimage"},"image":{"@id":"https:\/\/elinformativotam.com\/index.php\/2026\/03\/12\/comercio-formal-confia-en-cambios-en-mandos-de-la-guardia-estatal-en-tampico\/#primaryimage"},"thumbnailUrl":"https:\/\/elinformativotam.com\/wp-content\/uploads\/2026\/03\/comercios.jpg","datePublished":"2026-03-12T14:20:38+00:00","description":"Tampico, Tamps.- El comercio establecido en Tampico manifest\u00f3 su confianza en los recientes cambios y rotaciones en los mandos de la Guardia Estatal, al","inLanguage":"es","potentialAction":[{"@type":"ReadAction","target":["https:\/\/elinformativotam.com\/index.php\/2026\/03\/12\/comercio-formal-confia-en-cambios-en-mandos-de-la-guardia-estatal-en-tampico\/"]}]},{"@type":"ImageObject","inLanguage":"es","@id":"https:\/\/elinformativotam.com\/index.php\/2026\/03\/12\/comercio-formal-confia-en-cambios-en-mandos-de-la-guardia-estatal-en-tampico\/#primaryimage","url":"https:\/\/elinformativotam.com\/wp-content\/uploads\/2026\/03\/comercios.jpg","contentUrl":"https:\/\/elinformativotam.com\/wp-content\/uploads\/2026\/03\/comercios.jpg","width":1200,"height":734},{"@type":"WebSite","@id":"https:\/\/elinformativotam.com\/#website","url":"https:\/\/elinformativotam.com\/","name":"EL INFORMATIVO DE TAMAULIPAS","description":"Desde la Zona Metropolitana Para Todo M\u00e9xico","publisher":{"@id":"https:\/\/elinformativotam.com\/#organization"},"potentialAction":[{"@type":"SearchAction","target":{"@type":"EntryPoint","urlTemplate":"https:\/\/elinformativotam.com\/?s={search_term_string}"},"query-input":{"@type":"PropertyValueSpecification","valueRequired":true,"valueName":"search_term_string"}}],"inLanguage":"es"},{"@type":"Organization","@id":"https:\/\/elinformativotam.com\/#organization","name":"EL INFORMATIVO DE TAMAULIPAS","url":"https:\/\/elinformativotam.com\/","logo":{"@type":"ImageObject","inLanguage":"es","@id":"https:\/\/elinformativotam.com\/#\/schema\/logo\/image\/","url":"https:\/\/elinformativotam.com\/wp-content\/uploads\/2026\/02\/Cabezal.png","contentUrl":"https:\/\/elinformativotam.com\/wp-content\/uploads\/2026\/02\/Cabezal.png","width":960,"height":640,"caption":"EL INFORMATIVO DE TAMAULIPAS"},"image":{"@id":"https:\/\/elinformativotam.com\/#\/schema\/logo\/image\/"}},{"@type":"Person","@id":"https:\/\/elinformativotam.com\/#\/schema\/person\/78e08040eed0f6110f0c5f83b6153590","name":"El Informativo Tam","image":{"@type":"ImageObject","inLanguage":"es","@id":"https:\/\/secure.gravatar.com\/avatar\/f3b7ad3af540688955925ac610647be00b0cf41feea9c4978b73a707ee86bc53?s=96&d=mm&r=g","url":"https:\/\/secure.gravatar.com\/avatar\/f3b7ad3af540688955925ac610647be00b0cf41feea9c4978b73a707ee86bc53?s=96&d=mm&r=g","contentUrl":"https:\/\/secure.gravatar.com\/avatar\/f3b7ad3af540688955925ac610647be00b0cf41feea9c4978b73a707ee86bc53?s=96&d=mm&r=g","caption":"El Informativo Tam"}}]}},"_links":{"self":[{"href":"https:\/\/elinformativotam.com\/index.php\/wp-json\/wp\/v2\/posts\/57418","targetHints":{"allow":["GET"]}}],"collection":[{"href":"https:\/\/elinformativotam.com\/index.php\/wp-json\/wp\/v2\/posts"}],"about":[{"href":"https:\/\/elinformativotam.com\/index.php\/wp-json\/wp\/v2\/types\/post"}],"author":[{"embeddable":true,"href":"https:\/\/elinformativotam.com\/index.php\/wp-json\/wp\/v2\/users\/1"}],"replies":[{"embeddable":true,"href":"https:\/\/elinformativotam.com\/index.php\/wp-json\/wp\/v2\/comments?post=57418"}],"version-history":[{"count":1,"href":"https:\/\/elinformativotam.com\/index.php\/wp-json\/wp\/v2\/posts\/57418\/revisions"}],"predecessor-version":[{"id":57419,"href":"https:\/\/elinformativotam.com\/index.php\/wp-json\/wp\/v2\/posts\/57418\/revisions\/57419"}],"wp:featuredmedia":[{"embeddable":true,"href":"https:\/\/elinformativotam.com\/index.php\/wp-json\/wp\/v2\/media\/57415"}],"wp:attachment":[{"href":"https:\/\/elinformativotam.com\/index.php\/wp-json\/wp\/v2\/media?parent=57418"}],"wp:term":[{"taxonomy":"category","embeddable":true,"href":"https:\/\/elinformativotam.com\/index.php\/wp-json\/wp\/v2\/categories?post=57418"},{"taxonomy":"post_tag","embeddable":true,"href":"https:\/\/elinformativotam.com\/index.php\/wp-json\/wp\/v2\/tags?post=57418"}],"curies":[{"name":"wp","href":"https:\/\/api.w.org\/{rel}","templated":true}]}}