{"id":57410,"date":"2026-03-12T08:19:25","date_gmt":"2026-03-12T14:19:25","guid":{"rendered":"https:\/\/elinformativotam.com\/?p=57410"},"modified":"2026-03-12T08:19:25","modified_gmt":"2026-03-12T14:19:25","slug":"se-disparan-precios-de-frutas-y-verduras-amas-de-casa-reportan-aumentos","status":"publish","type":"post","link":"https:\/\/elinformativotam.com\/index.php\/2026\/03\/12\/se-disparan-precios-de-frutas-y-verduras-amas-de-casa-reportan-aumentos\/","title":{"rendered":"Se Disparan Precios De Frutas Y Verduras; Amas De Casa Reportan Aumentos."},"content":{"rendered":"<p>Tampico, Tamps.- Amas de casa han confirmado un notable incremento en los precios de frutas y verduras durante la segunda semana de marzo, situaci\u00f3n que ha generado inconformidad entre los consumidores al registrarse aumentos que, en algunos casos, casi duplican su costo habitual.<\/p>\n<p>&nbsp;<\/p>\n<p>De acuerdo con los precios que actualmente se exhiben en supermercados y locales del centro de abastos, el kilo de tomate se vende entre 40 y 45 pesos, mientras que el lim\u00f3n alcanza precios de 55 a 60 pesos por kilo. En el caso del mango, su precio oscila entre 50 y 55 pesos por kilo, entre otros productos que tambi\u00e9n han registrado incrementos.<\/p>\n<p>&nbsp;<\/p>\n<p>A nivel nacional, diversos productos de la canasta b\u00e1sica han presentado alzas entre enero y febrero de 2026, principalmente como consecuencia de la inflaci\u00f3n, lo que ha comenzado a impactar cada vez m\u00e1s en la econom\u00eda de las familias.<\/p>\n<p>&nbsp;<\/p>\n<p>Comerciantes del sector tambi\u00e9n resienten esta situaci\u00f3n, ya que al notar el aumento en los precios, muchos clientes optan por comprar menos cantidad o simplemente dejan de adquirir algunos productos, lo que provoca bajas en las ventas e incluso p\u00e9rdidas cuando la mercanc\u00eda se descompone sin ser vendida.<\/p>\n<p>&nbsp;<\/p>\n<p>Este incremento tambi\u00e9n comienza a impactar en el sector gastron\u00f3mico, donde algunos negocios se han visto obligados a aumentar el precio de sus platillos o reducir el uso de ciertos ingredientes, lo que puede modificar la preparaci\u00f3n tradicional de algunos alimentos que ofrecen a sus clientes.<\/p>\n","protected":false},"excerpt":{"rendered":"<p>Tampico, Tamps.- Amas de casa han confirmado un notable incremento en los precios de frutas y verduras durante la segunda&hellip;<\/p>\n","protected":false},"author":1,"featured_media":57416,"comment_status":"open","ping_status":"open","sticky":false,"template":"","format":"standard","meta":{"footnotes":""},"categories":[3],"tags":[],"class_list":["post-57410","post","type-post","status-publish","format-standard","has-post-thumbnail","hentry","category-tampico"],"yoast_head":"<!-- This site is optimized with the Yoast SEO plugin v27.5 - https:\/\/yoast.com\/product\/yoast-seo-wordpress\/ -->\n<title>Se Disparan Precios De Frutas Y Verduras; Amas De Casa Reportan Aumentos. - EL INFORMATIVO DE TAMAULIPAS<\/title>\n<meta name=\"description\" content=\"Tampico, Tamps.- Amas de casa han confirmado un notable incremento en los precios de frutas y verduras durante la segunda semana de marzo, situaci\u00f3n que\" \/>\n<meta name=\"robots\" content=\"index, follow, max-snippet:-1, max-image-preview:large, max-video-preview:-1\" \/>\n<link rel=\"canonical\" href=\"https:\/\/elinformativotam.com\/index.php\/2026\/03\/12\/se-disparan-precios-de-frutas-y-verduras-amas-de-casa-reportan-aumentos\/\" \/>\n<meta property=\"og:locale\" content=\"es_MX\" \/>\n<meta property=\"og:type\" content=\"article\" \/>\n<meta property=\"og:title\" content=\"Se Disparan Precios De Frutas Y Verduras; Amas De Casa Reportan Aumentos. - EL INFORMATIVO DE TAMAULIPAS\" \/>\n<meta property=\"og:description\" content=\"Tampico, Tamps.- Amas de casa han confirmado un notable incremento en los precios de frutas y verduras durante la segunda semana de marzo, situaci\u00f3n que\" \/>\n<meta property=\"og:url\" content=\"https:\/\/elinformativotam.com\/index.php\/2026\/03\/12\/se-disparan-precios-de-frutas-y-verduras-amas-de-casa-reportan-aumentos\/\" \/>\n<meta property=\"og:site_name\" content=\"EL INFORMATIVO DE TAMAULIPAS\" \/>\n<meta property=\"article:published_time\" content=\"2026-03-12T14:19:25+00:00\" \/>\n<meta property=\"og:image\" content=\"https:\/\/elinformativotam.com\/wp-content\/uploads\/2026\/03\/Verudras.jpg\" \/>\n\t<meta property=\"og:image:width\" content=\"1337\" \/>\n\t<meta property=\"og:image:height\" content=\"972\" \/>\n\t<meta property=\"og:image:type\" content=\"image\/jpeg\" \/>\n<meta name=\"author\" content=\"El Informativo Tam\" \/>\n<meta name=\"twitter:card\" content=\"summary_large_image\" \/>\n<meta name=\"twitter:label1\" content=\"Escrito por\" \/>\n\t<meta name=\"twitter:data1\" content=\"El Informativo Tam\" \/>\n\t<meta name=\"twitter:label2\" content=\"Tiempo de lectura\" \/>\n\t<meta name=\"twitter:data2\" content=\"2 minutos\" \/>\n<script type=\"application\/ld+json\" class=\"yoast-schema-graph\">{\"@context\":\"https:\\\/\\\/schema.org\",\"@graph\":[{\"@type\":\"Article\",\"@id\":\"https:\\\/\\\/elinformativotam.com\\\/index.php\\\/2026\\\/03\\\/12\\\/se-disparan-precios-de-frutas-y-verduras-amas-de-casa-reportan-aumentos\\\/#article\",\"isPartOf\":{\"@id\":\"https:\\\/\\\/elinformativotam.com\\\/index.php\\\/2026\\\/03\\\/12\\\/se-disparan-precios-de-frutas-y-verduras-amas-de-casa-reportan-aumentos\\\/\"},\"author\":{\"name\":\"El Informativo Tam\",\"@id\":\"https:\\\/\\\/elinformativotam.com\\\/#\\\/schema\\\/person\\\/78e08040eed0f6110f0c5f83b6153590\"},\"headline\":\"Se Disparan Precios De Frutas Y Verduras; Amas De Casa Reportan Aumentos.\",\"datePublished\":\"2026-03-12T14:19:25+00:00\",\"mainEntityOfPage\":{\"@id\":\"https:\\\/\\\/elinformativotam.com\\\/index.php\\\/2026\\\/03\\\/12\\\/se-disparan-precios-de-frutas-y-verduras-amas-de-casa-reportan-aumentos\\\/\"},\"wordCount\":264,\"commentCount\":0,\"publisher\":{\"@id\":\"https:\\\/\\\/elinformativotam.com\\\/#organization\"},\"image\":{\"@id\":\"https:\\\/\\\/elinformativotam.com\\\/index.php\\\/2026\\\/03\\\/12\\\/se-disparan-precios-de-frutas-y-verduras-amas-de-casa-reportan-aumentos\\\/#primaryimage\"},\"thumbnailUrl\":\"https:\\\/\\\/elinformativotam.com\\\/wp-content\\\/uploads\\\/2026\\\/03\\\/Verudras.jpg\",\"articleSection\":[\"Tampico\"],\"inLanguage\":\"es\",\"potentialAction\":[{\"@type\":\"CommentAction\",\"name\":\"Comment\",\"target\":[\"https:\\\/\\\/elinformativotam.com\\\/index.php\\\/2026\\\/03\\\/12\\\/se-disparan-precios-de-frutas-y-verduras-amas-de-casa-reportan-aumentos\\\/#respond\"]}]},{\"@type\":\"WebPage\",\"@id\":\"https:\\\/\\\/elinformativotam.com\\\/index.php\\\/2026\\\/03\\\/12\\\/se-disparan-precios-de-frutas-y-verduras-amas-de-casa-reportan-aumentos\\\/\",\"url\":\"https:\\\/\\\/elinformativotam.com\\\/index.php\\\/2026\\\/03\\\/12\\\/se-disparan-precios-de-frutas-y-verduras-amas-de-casa-reportan-aumentos\\\/\",\"name\":\"Se Disparan Precios De Frutas Y Verduras; Amas De Casa Reportan Aumentos. - EL INFORMATIVO DE TAMAULIPAS\",\"isPartOf\":{\"@id\":\"https:\\\/\\\/elinformativotam.com\\\/#website\"},\"primaryImageOfPage\":{\"@id\":\"https:\\\/\\\/elinformativotam.com\\\/index.php\\\/2026\\\/03\\\/12\\\/se-disparan-precios-de-frutas-y-verduras-amas-de-casa-reportan-aumentos\\\/#primaryimage\"},\"image\":{\"@id\":\"https:\\\/\\\/elinformativotam.com\\\/index.php\\\/2026\\\/03\\\/12\\\/se-disparan-precios-de-frutas-y-verduras-amas-de-casa-reportan-aumentos\\\/#primaryimage\"},\"thumbnailUrl\":\"https:\\\/\\\/elinformativotam.com\\\/wp-content\\\/uploads\\\/2026\\\/03\\\/Verudras.jpg\",\"datePublished\":\"2026-03-12T14:19:25+00:00\",\"description\":\"Tampico, Tamps.- Amas de casa han confirmado un notable incremento en los precios de frutas y verduras durante la segunda semana de marzo, situaci\u00f3n que\",\"inLanguage\":\"es\",\"potentialAction\":[{\"@type\":\"ReadAction\",\"target\":[\"https:\\\/\\\/elinformativotam.com\\\/index.php\\\/2026\\\/03\\\/12\\\/se-disparan-precios-de-frutas-y-verduras-amas-de-casa-reportan-aumentos\\\/\"]}]},{\"@type\":\"ImageObject\",\"inLanguage\":\"es\",\"@id\":\"https:\\\/\\\/elinformativotam.com\\\/index.php\\\/2026\\\/03\\\/12\\\/se-disparan-precios-de-frutas-y-verduras-amas-de-casa-reportan-aumentos\\\/#primaryimage\",\"url\":\"https:\\\/\\\/elinformativotam.com\\\/wp-content\\\/uploads\\\/2026\\\/03\\\/Verudras.jpg\",\"contentUrl\":\"https:\\\/\\\/elinformativotam.com\\\/wp-content\\\/uploads\\\/2026\\\/03\\\/Verudras.jpg\",\"width\":1337,\"height\":972},{\"@type\":\"WebSite\",\"@id\":\"https:\\\/\\\/elinformativotam.com\\\/#website\",\"url\":\"https:\\\/\\\/elinformativotam.com\\\/\",\"name\":\"EL INFORMATIVO DE TAMAULIPAS\",\"description\":\"Desde la Zona Metropolitana Para Todo M\u00e9xico\",\"publisher\":{\"@id\":\"https:\\\/\\\/elinformativotam.com\\\/#organization\"},\"potentialAction\":[{\"@type\":\"SearchAction\",\"target\":{\"@type\":\"EntryPoint\",\"urlTemplate\":\"https:\\\/\\\/elinformativotam.com\\\/?s={search_term_string}\"},\"query-input\":{\"@type\":\"PropertyValueSpecification\",\"valueRequired\":true,\"valueName\":\"search_term_string\"}}],\"inLanguage\":\"es\"},{\"@type\":\"Organization\",\"@id\":\"https:\\\/\\\/elinformativotam.com\\\/#organization\",\"name\":\"EL INFORMATIVO DE TAMAULIPAS\",\"url\":\"https:\\\/\\\/elinformativotam.com\\\/\",\"logo\":{\"@type\":\"ImageObject\",\"inLanguage\":\"es\",\"@id\":\"https:\\\/\\\/elinformativotam.com\\\/#\\\/schema\\\/logo\\\/image\\\/\",\"url\":\"https:\\\/\\\/elinformativotam.com\\\/wp-content\\\/uploads\\\/2026\\\/02\\\/Cabezal.png\",\"contentUrl\":\"https:\\\/\\\/elinformativotam.com\\\/wp-content\\\/uploads\\\/2026\\\/02\\\/Cabezal.png\",\"width\":960,\"height\":640,\"caption\":\"EL INFORMATIVO DE TAMAULIPAS\"},\"image\":{\"@id\":\"https:\\\/\\\/elinformativotam.com\\\/#\\\/schema\\\/logo\\\/image\\\/\"}},{\"@type\":\"Person\",\"@id\":\"https:\\\/\\\/elinformativotam.com\\\/#\\\/schema\\\/person\\\/78e08040eed0f6110f0c5f83b6153590\",\"name\":\"El Informativo Tam\",\"image\":{\"@type\":\"ImageObject\",\"inLanguage\":\"es\",\"@id\":\"https:\\\/\\\/secure.gravatar.com\\\/avatar\\\/f3b7ad3af540688955925ac610647be00b0cf41feea9c4978b73a707ee86bc53?s=96&d=mm&r=g\",\"url\":\"https:\\\/\\\/secure.gravatar.com\\\/avatar\\\/f3b7ad3af540688955925ac610647be00b0cf41feea9c4978b73a707ee86bc53?s=96&d=mm&r=g\",\"contentUrl\":\"https:\\\/\\\/secure.gravatar.com\\\/avatar\\\/f3b7ad3af540688955925ac610647be00b0cf41feea9c4978b73a707ee86bc53?s=96&d=mm&r=g\",\"caption\":\"El Informativo Tam\"}}]}<\/script>\n<!-- \/ Yoast SEO plugin. -->","yoast_head_json":{"title":"Se Disparan Precios De Frutas Y Verduras; Amas De Casa Reportan Aumentos. - EL INFORMATIVO DE TAMAULIPAS","description":"Tampico, Tamps.- Amas de casa han confirmado un notable incremento en los precios de frutas y verduras durante la segunda semana de marzo, situaci\u00f3n que","robots":{"index":"index","follow":"follow","max-snippet":"max-snippet:-1","max-image-preview":"max-image-preview:large","max-video-preview":"max-video-preview:-1"},"canonical":"https:\/\/elinformativotam.com\/index.php\/2026\/03\/12\/se-disparan-precios-de-frutas-y-verduras-amas-de-casa-reportan-aumentos\/","og_locale":"es_MX","og_type":"article","og_title":"Se Disparan Precios De Frutas Y Verduras; Amas De Casa Reportan Aumentos. - EL INFORMATIVO DE TAMAULIPAS","og_description":"Tampico, Tamps.- Amas de casa han confirmado un notable incremento en los precios de frutas y verduras durante la segunda semana de marzo, situaci\u00f3n que","og_url":"https:\/\/elinformativotam.com\/index.php\/2026\/03\/12\/se-disparan-precios-de-frutas-y-verduras-amas-de-casa-reportan-aumentos\/","og_site_name":"EL INFORMATIVO DE TAMAULIPAS","article_published_time":"2026-03-12T14:19:25+00:00","og_image":[{"width":1337,"height":972,"url":"https:\/\/elinformativotam.com\/wp-content\/uploads\/2026\/03\/Verudras.jpg","type":"image\/jpeg"}],"author":"El Informativo Tam","twitter_card":"summary_large_image","twitter_misc":{"Escrito por":"El Informativo Tam","Tiempo de lectura":"2 minutos"},"schema":{"@context":"https:\/\/schema.org","@graph":[{"@type":"Article","@id":"https:\/\/elinformativotam.com\/index.php\/2026\/03\/12\/se-disparan-precios-de-frutas-y-verduras-amas-de-casa-reportan-aumentos\/#article","isPartOf":{"@id":"https:\/\/elinformativotam.com\/index.php\/2026\/03\/12\/se-disparan-precios-de-frutas-y-verduras-amas-de-casa-reportan-aumentos\/"},"author":{"name":"El Informativo Tam","@id":"https:\/\/elinformativotam.com\/#\/schema\/person\/78e08040eed0f6110f0c5f83b6153590"},"headline":"Se Disparan Precios De Frutas Y Verduras; Amas De Casa Reportan Aumentos.","datePublished":"2026-03-12T14:19:25+00:00","mainEntityOfPage":{"@id":"https:\/\/elinformativotam.com\/index.php\/2026\/03\/12\/se-disparan-precios-de-frutas-y-verduras-amas-de-casa-reportan-aumentos\/"},"wordCount":264,"commentCount":0,"publisher":{"@id":"https:\/\/elinformativotam.com\/#organization"},"image":{"@id":"https:\/\/elinformativotam.com\/index.php\/2026\/03\/12\/se-disparan-precios-de-frutas-y-verduras-amas-de-casa-reportan-aumentos\/#primaryimage"},"thumbnailUrl":"https:\/\/elinformativotam.com\/wp-content\/uploads\/2026\/03\/Verudras.jpg","articleSection":["Tampico"],"inLanguage":"es","potentialAction":[{"@type":"CommentAction","name":"Comment","target":["https:\/\/elinformativotam.com\/index.php\/2026\/03\/12\/se-disparan-precios-de-frutas-y-verduras-amas-de-casa-reportan-aumentos\/#respond"]}]},{"@type":"WebPage","@id":"https:\/\/elinformativotam.com\/index.php\/2026\/03\/12\/se-disparan-precios-de-frutas-y-verduras-amas-de-casa-reportan-aumentos\/","url":"https:\/\/elinformativotam.com\/index.php\/2026\/03\/12\/se-disparan-precios-de-frutas-y-verduras-amas-de-casa-reportan-aumentos\/","name":"Se Disparan Precios De Frutas Y Verduras; Amas De Casa Reportan Aumentos. - EL INFORMATIVO DE TAMAULIPAS","isPartOf":{"@id":"https:\/\/elinformativotam.com\/#website"},"primaryImageOfPage":{"@id":"https:\/\/elinformativotam.com\/index.php\/2026\/03\/12\/se-disparan-precios-de-frutas-y-verduras-amas-de-casa-reportan-aumentos\/#primaryimage"},"image":{"@id":"https:\/\/elinformativotam.com\/index.php\/2026\/03\/12\/se-disparan-precios-de-frutas-y-verduras-amas-de-casa-reportan-aumentos\/#primaryimage"},"thumbnailUrl":"https:\/\/elinformativotam.com\/wp-content\/uploads\/2026\/03\/Verudras.jpg","datePublished":"2026-03-12T14:19:25+00:00","description":"Tampico, Tamps.- Amas de casa han confirmado un notable incremento en los precios de frutas y verduras durante la segunda semana de marzo, situaci\u00f3n que","inLanguage":"es","potentialAction":[{"@type":"ReadAction","target":["https:\/\/elinformativotam.com\/index.php\/2026\/03\/12\/se-disparan-precios-de-frutas-y-verduras-amas-de-casa-reportan-aumentos\/"]}]},{"@type":"ImageObject","inLanguage":"es","@id":"https:\/\/elinformativotam.com\/index.php\/2026\/03\/12\/se-disparan-precios-de-frutas-y-verduras-amas-de-casa-reportan-aumentos\/#primaryimage","url":"https:\/\/elinformativotam.com\/wp-content\/uploads\/2026\/03\/Verudras.jpg","contentUrl":"https:\/\/elinformativotam.com\/wp-content\/uploads\/2026\/03\/Verudras.jpg","width":1337,"height":972},{"@type":"WebSite","@id":"https:\/\/elinformativotam.com\/#website","url":"https:\/\/elinformativotam.com\/","name":"EL INFORMATIVO DE TAMAULIPAS","description":"Desde la Zona Metropolitana Para Todo M\u00e9xico","publisher":{"@id":"https:\/\/elinformativotam.com\/#organization"},"potentialAction":[{"@type":"SearchAction","target":{"@type":"EntryPoint","urlTemplate":"https:\/\/elinformativotam.com\/?s={search_term_string}"},"query-input":{"@type":"PropertyValueSpecification","valueRequired":true,"valueName":"search_term_string"}}],"inLanguage":"es"},{"@type":"Organization","@id":"https:\/\/elinformativotam.com\/#organization","name":"EL INFORMATIVO DE TAMAULIPAS","url":"https:\/\/elinformativotam.com\/","logo":{"@type":"ImageObject","inLanguage":"es","@id":"https:\/\/elinformativotam.com\/#\/schema\/logo\/image\/","url":"https:\/\/elinformativotam.com\/wp-content\/uploads\/2026\/02\/Cabezal.png","contentUrl":"https:\/\/elinformativotam.com\/wp-content\/uploads\/2026\/02\/Cabezal.png","width":960,"height":640,"caption":"EL INFORMATIVO DE TAMAULIPAS"},"image":{"@id":"https:\/\/elinformativotam.com\/#\/schema\/logo\/image\/"}},{"@type":"Person","@id":"https:\/\/elinformativotam.com\/#\/schema\/person\/78e08040eed0f6110f0c5f83b6153590","name":"El Informativo Tam","image":{"@type":"ImageObject","inLanguage":"es","@id":"https:\/\/secure.gravatar.com\/avatar\/f3b7ad3af540688955925ac610647be00b0cf41feea9c4978b73a707ee86bc53?s=96&d=mm&r=g","url":"https:\/\/secure.gravatar.com\/avatar\/f3b7ad3af540688955925ac610647be00b0cf41feea9c4978b73a707ee86bc53?s=96&d=mm&r=g","contentUrl":"https:\/\/secure.gravatar.com\/avatar\/f3b7ad3af540688955925ac610647be00b0cf41feea9c4978b73a707ee86bc53?s=96&d=mm&r=g","caption":"El Informativo Tam"}}]}},"_links":{"self":[{"href":"https:\/\/elinformativotam.com\/index.php\/wp-json\/wp\/v2\/posts\/57410","targetHints":{"allow":["GET"]}}],"collection":[{"href":"https:\/\/elinformativotam.com\/index.php\/wp-json\/wp\/v2\/posts"}],"about":[{"href":"https:\/\/elinformativotam.com\/index.php\/wp-json\/wp\/v2\/types\/post"}],"author":[{"embeddable":true,"href":"https:\/\/elinformativotam.com\/index.php\/wp-json\/wp\/v2\/users\/1"}],"replies":[{"embeddable":true,"href":"https:\/\/elinformativotam.com\/index.php\/wp-json\/wp\/v2\/comments?post=57410"}],"version-history":[{"count":1,"href":"https:\/\/elinformativotam.com\/index.php\/wp-json\/wp\/v2\/posts\/57410\/revisions"}],"predecessor-version":[{"id":57417,"href":"https:\/\/elinformativotam.com\/index.php\/wp-json\/wp\/v2\/posts\/57410\/revisions\/57417"}],"wp:featuredmedia":[{"embeddable":true,"href":"https:\/\/elinformativotam.com\/index.php\/wp-json\/wp\/v2\/media\/57416"}],"wp:attachment":[{"href":"https:\/\/elinformativotam.com\/index.php\/wp-json\/wp\/v2\/media?parent=57410"}],"wp:term":[{"taxonomy":"category","embeddable":true,"href":"https:\/\/elinformativotam.com\/index.php\/wp-json\/wp\/v2\/categories?post=57410"},{"taxonomy":"post_tag","embeddable":true,"href":"https:\/\/elinformativotam.com\/index.php\/wp-json\/wp\/v2\/tags?post=57410"}],"curies":[{"name":"wp","href":"https:\/\/api.w.org\/{rel}","templated":true}]}}