{"id":57407,"date":"2026-03-10T20:59:02","date_gmt":"2026-03-11T02:59:02","guid":{"rendered":"https:\/\/elinformativotam.com\/?p=57407"},"modified":"2026-03-10T20:59:23","modified_gmt":"2026-03-11T02:59:23","slug":"locatarios-de-mercados-esperan-repunte-de-ventas-en-semana-santa","status":"publish","type":"post","link":"https:\/\/elinformativotam.com\/index.php\/2026\/03\/10\/locatarios-de-mercados-esperan-repunte-de-ventas-en-semana-santa\/","title":{"rendered":"Locatarios De Mercados Esperan Repunte De Ventas En Semana Santa."},"content":{"rendered":"<p>Tampico,Tamps.- Locatarios de los mercados municipales de Tampico conf\u00edan en que durante el pr\u00f3ximo periodo vacacional de Semana Santa sus ventas puedan incrementarse hasta en un 50 por ciento, ante la llegada de turistas provenientes de distintos municipios de Tamaulipas y de otros estados del pa\u00eds.<\/p>\n<p>&nbsp;<\/p>\n<p data-start=\"889\" data-end=\"1178\">Comerciantes del \u00e1rea gastron\u00f3mica se\u00f1alaron que para muchos visitantes es casi una parada obligada degustar la comida t\u00edpica de la zona sur, adem\u00e1s de recorrer el moderno centro de abasto y conocer la variedad de productos y servicios que se ofrecen en este punto del centro de la ciudad.<\/p>\n<p data-start=\"889\" data-end=\"1178\">\n<p data-start=\"1180\" data-end=\"1496\">Los oferentes tambi\u00e9n destacaron que las autoridades municipales han realizado trabajos de mantenimiento en el inmueble, adem\u00e1s de mejoras en algunas \u00e1reas para facilitar la actividad comercial entre vendedores y clientes. Asimismo, se han programado actividades culturales y sociales en horarios de mayor afluencia.<\/p>\n<p data-start=\"1180\" data-end=\"1496\">\n<p data-start=\"1498\" data-end=\"1782\">A\u00f1adieron que actualmente se cuenta con vigilancia permanente, lo que brinda mayor seguridad y confianza a quienes visitan el mercado. Elementos de la Guardia Estatal realizan recorridos tanto al interior como en los alrededores del lugar, adem\u00e1s de mantenerse presencia de patrullas.<\/p>\n<p data-start=\"1498\" data-end=\"1782\">\n<p data-start=\"1784\" data-end=\"2005\" data-is-last-node=\"\" data-is-only-node=\"\">Los locatarios consideraron que con estas condiciones se espera una mayor llegada de visitantes durante el periodo vacacional, lo que contribuir\u00e1 a fortalecer la actividad comercial en los mercados municipales de Tampico.<\/p>\n<p>&nbsp;<\/p>\n","protected":false},"excerpt":{"rendered":"<p>Tampico,Tamps.- Locatarios de los mercados municipales de Tampico conf\u00edan en que durante el pr\u00f3ximo periodo vacacional de Semana Santa sus&hellip;<\/p>\n","protected":false},"author":1,"featured_media":57393,"comment_status":"open","ping_status":"open","sticky":false,"template":"","format":"standard","meta":{"footnotes":""},"categories":[3],"tags":[],"class_list":["post-57407","post","type-post","status-publish","format-standard","has-post-thumbnail","hentry","category-tampico"],"yoast_head":"<!-- This site is optimized with the Yoast SEO plugin v27.5 - https:\/\/yoast.com\/product\/yoast-seo-wordpress\/ -->\n<title>Locatarios De Mercados Esperan Repunte De Ventas En Semana Santa. - EL INFORMATIVO DE TAMAULIPAS<\/title>\n<meta name=\"description\" content=\"Tampico,Tamps.- Locatarios de los mercados municipales de Tampico conf\u00edan en que durante el pr\u00f3ximo periodo vacacional de Semana Santa sus ventas puedan\" \/>\n<meta name=\"robots\" content=\"index, follow, max-snippet:-1, max-image-preview:large, max-video-preview:-1\" \/>\n<link rel=\"canonical\" href=\"https:\/\/elinformativotam.com\/index.php\/2026\/03\/10\/locatarios-de-mercados-esperan-repunte-de-ventas-en-semana-santa\/\" \/>\n<meta property=\"og:locale\" content=\"es_MX\" \/>\n<meta property=\"og:type\" content=\"article\" \/>\n<meta property=\"og:title\" content=\"Locatarios De Mercados Esperan Repunte De Ventas En Semana Santa. - EL INFORMATIVO DE TAMAULIPAS\" \/>\n<meta property=\"og:description\" content=\"Tampico,Tamps.- Locatarios de los mercados municipales de Tampico conf\u00edan en que durante el pr\u00f3ximo periodo vacacional de Semana Santa sus ventas puedan\" \/>\n<meta property=\"og:url\" content=\"https:\/\/elinformativotam.com\/index.php\/2026\/03\/10\/locatarios-de-mercados-esperan-repunte-de-ventas-en-semana-santa\/\" \/>\n<meta property=\"og:site_name\" content=\"EL INFORMATIVO DE TAMAULIPAS\" \/>\n<meta property=\"article:published_time\" content=\"2026-03-11T02:59:02+00:00\" \/>\n<meta property=\"article:modified_time\" content=\"2026-03-11T02:59:23+00:00\" \/>\n<meta property=\"og:image\" content=\"https:\/\/elinformativotam.com\/wp-content\/uploads\/2026\/03\/Mercado.jpg\" \/>\n\t<meta property=\"og:image:width\" content=\"1280\" \/>\n\t<meta property=\"og:image:height\" content=\"720\" \/>\n\t<meta property=\"og:image:type\" content=\"image\/jpeg\" \/>\n<meta name=\"author\" content=\"El Informativo Tam\" \/>\n<meta name=\"twitter:card\" content=\"summary_large_image\" \/>\n<meta name=\"twitter:label1\" content=\"Escrito por\" \/>\n\t<meta name=\"twitter:data1\" content=\"El Informativo Tam\" \/>\n\t<meta name=\"twitter:label2\" content=\"Tiempo de lectura\" \/>\n\t<meta name=\"twitter:data2\" content=\"2 minutos\" \/>\n<script type=\"application\/ld+json\" class=\"yoast-schema-graph\">{\"@context\":\"https:\\\/\\\/schema.org\",\"@graph\":[{\"@type\":\"Article\",\"@id\":\"https:\\\/\\\/elinformativotam.com\\\/index.php\\\/2026\\\/03\\\/10\\\/locatarios-de-mercados-esperan-repunte-de-ventas-en-semana-santa\\\/#article\",\"isPartOf\":{\"@id\":\"https:\\\/\\\/elinformativotam.com\\\/index.php\\\/2026\\\/03\\\/10\\\/locatarios-de-mercados-esperan-repunte-de-ventas-en-semana-santa\\\/\"},\"author\":{\"name\":\"El Informativo Tam\",\"@id\":\"https:\\\/\\\/elinformativotam.com\\\/#\\\/schema\\\/person\\\/78e08040eed0f6110f0c5f83b6153590\"},\"headline\":\"Locatarios De Mercados Esperan Repunte De Ventas En Semana Santa.\",\"datePublished\":\"2026-03-11T02:59:02+00:00\",\"dateModified\":\"2026-03-11T02:59:23+00:00\",\"mainEntityOfPage\":{\"@id\":\"https:\\\/\\\/elinformativotam.com\\\/index.php\\\/2026\\\/03\\\/10\\\/locatarios-de-mercados-esperan-repunte-de-ventas-en-semana-santa\\\/\"},\"wordCount\":237,\"commentCount\":0,\"publisher\":{\"@id\":\"https:\\\/\\\/elinformativotam.com\\\/#organization\"},\"image\":{\"@id\":\"https:\\\/\\\/elinformativotam.com\\\/index.php\\\/2026\\\/03\\\/10\\\/locatarios-de-mercados-esperan-repunte-de-ventas-en-semana-santa\\\/#primaryimage\"},\"thumbnailUrl\":\"https:\\\/\\\/elinformativotam.com\\\/wp-content\\\/uploads\\\/2026\\\/03\\\/Mercado.jpg\",\"articleSection\":[\"Tampico\"],\"inLanguage\":\"es\",\"potentialAction\":[{\"@type\":\"CommentAction\",\"name\":\"Comment\",\"target\":[\"https:\\\/\\\/elinformativotam.com\\\/index.php\\\/2026\\\/03\\\/10\\\/locatarios-de-mercados-esperan-repunte-de-ventas-en-semana-santa\\\/#respond\"]}]},{\"@type\":\"WebPage\",\"@id\":\"https:\\\/\\\/elinformativotam.com\\\/index.php\\\/2026\\\/03\\\/10\\\/locatarios-de-mercados-esperan-repunte-de-ventas-en-semana-santa\\\/\",\"url\":\"https:\\\/\\\/elinformativotam.com\\\/index.php\\\/2026\\\/03\\\/10\\\/locatarios-de-mercados-esperan-repunte-de-ventas-en-semana-santa\\\/\",\"name\":\"Locatarios De Mercados Esperan Repunte De Ventas En Semana Santa. - EL INFORMATIVO DE TAMAULIPAS\",\"isPartOf\":{\"@id\":\"https:\\\/\\\/elinformativotam.com\\\/#website\"},\"primaryImageOfPage\":{\"@id\":\"https:\\\/\\\/elinformativotam.com\\\/index.php\\\/2026\\\/03\\\/10\\\/locatarios-de-mercados-esperan-repunte-de-ventas-en-semana-santa\\\/#primaryimage\"},\"image\":{\"@id\":\"https:\\\/\\\/elinformativotam.com\\\/index.php\\\/2026\\\/03\\\/10\\\/locatarios-de-mercados-esperan-repunte-de-ventas-en-semana-santa\\\/#primaryimage\"},\"thumbnailUrl\":\"https:\\\/\\\/elinformativotam.com\\\/wp-content\\\/uploads\\\/2026\\\/03\\\/Mercado.jpg\",\"datePublished\":\"2026-03-11T02:59:02+00:00\",\"dateModified\":\"2026-03-11T02:59:23+00:00\",\"description\":\"Tampico,Tamps.- Locatarios de los mercados municipales de Tampico conf\u00edan en que durante el pr\u00f3ximo periodo vacacional de Semana Santa sus ventas puedan\",\"inLanguage\":\"es\",\"potentialAction\":[{\"@type\":\"ReadAction\",\"target\":[\"https:\\\/\\\/elinformativotam.com\\\/index.php\\\/2026\\\/03\\\/10\\\/locatarios-de-mercados-esperan-repunte-de-ventas-en-semana-santa\\\/\"]}]},{\"@type\":\"ImageObject\",\"inLanguage\":\"es\",\"@id\":\"https:\\\/\\\/elinformativotam.com\\\/index.php\\\/2026\\\/03\\\/10\\\/locatarios-de-mercados-esperan-repunte-de-ventas-en-semana-santa\\\/#primaryimage\",\"url\":\"https:\\\/\\\/elinformativotam.com\\\/wp-content\\\/uploads\\\/2026\\\/03\\\/Mercado.jpg\",\"contentUrl\":\"https:\\\/\\\/elinformativotam.com\\\/wp-content\\\/uploads\\\/2026\\\/03\\\/Mercado.jpg\",\"width\":1280,\"height\":720},{\"@type\":\"WebSite\",\"@id\":\"https:\\\/\\\/elinformativotam.com\\\/#website\",\"url\":\"https:\\\/\\\/elinformativotam.com\\\/\",\"name\":\"EL INFORMATIVO DE TAMAULIPAS\",\"description\":\"Desde la Zona Metropolitana Para Todo M\u00e9xico\",\"publisher\":{\"@id\":\"https:\\\/\\\/elinformativotam.com\\\/#organization\"},\"potentialAction\":[{\"@type\":\"SearchAction\",\"target\":{\"@type\":\"EntryPoint\",\"urlTemplate\":\"https:\\\/\\\/elinformativotam.com\\\/?s={search_term_string}\"},\"query-input\":{\"@type\":\"PropertyValueSpecification\",\"valueRequired\":true,\"valueName\":\"search_term_string\"}}],\"inLanguage\":\"es\"},{\"@type\":\"Organization\",\"@id\":\"https:\\\/\\\/elinformativotam.com\\\/#organization\",\"name\":\"EL INFORMATIVO DE TAMAULIPAS\",\"url\":\"https:\\\/\\\/elinformativotam.com\\\/\",\"logo\":{\"@type\":\"ImageObject\",\"inLanguage\":\"es\",\"@id\":\"https:\\\/\\\/elinformativotam.com\\\/#\\\/schema\\\/logo\\\/image\\\/\",\"url\":\"https:\\\/\\\/elinformativotam.com\\\/wp-content\\\/uploads\\\/2026\\\/02\\\/Cabezal.png\",\"contentUrl\":\"https:\\\/\\\/elinformativotam.com\\\/wp-content\\\/uploads\\\/2026\\\/02\\\/Cabezal.png\",\"width\":960,\"height\":640,\"caption\":\"EL INFORMATIVO DE TAMAULIPAS\"},\"image\":{\"@id\":\"https:\\\/\\\/elinformativotam.com\\\/#\\\/schema\\\/logo\\\/image\\\/\"}},{\"@type\":\"Person\",\"@id\":\"https:\\\/\\\/elinformativotam.com\\\/#\\\/schema\\\/person\\\/78e08040eed0f6110f0c5f83b6153590\",\"name\":\"El Informativo Tam\",\"image\":{\"@type\":\"ImageObject\",\"inLanguage\":\"es\",\"@id\":\"https:\\\/\\\/secure.gravatar.com\\\/avatar\\\/f3b7ad3af540688955925ac610647be00b0cf41feea9c4978b73a707ee86bc53?s=96&d=mm&r=g\",\"url\":\"https:\\\/\\\/secure.gravatar.com\\\/avatar\\\/f3b7ad3af540688955925ac610647be00b0cf41feea9c4978b73a707ee86bc53?s=96&d=mm&r=g\",\"contentUrl\":\"https:\\\/\\\/secure.gravatar.com\\\/avatar\\\/f3b7ad3af540688955925ac610647be00b0cf41feea9c4978b73a707ee86bc53?s=96&d=mm&r=g\",\"caption\":\"El Informativo Tam\"}}]}<\/script>\n<!-- \/ Yoast SEO plugin. -->","yoast_head_json":{"title":"Locatarios De Mercados Esperan Repunte De Ventas En Semana Santa. - EL INFORMATIVO DE TAMAULIPAS","description":"Tampico,Tamps.- Locatarios de los mercados municipales de Tampico conf\u00edan en que durante el pr\u00f3ximo periodo vacacional de Semana Santa sus ventas puedan","robots":{"index":"index","follow":"follow","max-snippet":"max-snippet:-1","max-image-preview":"max-image-preview:large","max-video-preview":"max-video-preview:-1"},"canonical":"https:\/\/elinformativotam.com\/index.php\/2026\/03\/10\/locatarios-de-mercados-esperan-repunte-de-ventas-en-semana-santa\/","og_locale":"es_MX","og_type":"article","og_title":"Locatarios De Mercados Esperan Repunte De Ventas En Semana Santa. - EL INFORMATIVO DE TAMAULIPAS","og_description":"Tampico,Tamps.- Locatarios de los mercados municipales de Tampico conf\u00edan en que durante el pr\u00f3ximo periodo vacacional de Semana Santa sus ventas puedan","og_url":"https:\/\/elinformativotam.com\/index.php\/2026\/03\/10\/locatarios-de-mercados-esperan-repunte-de-ventas-en-semana-santa\/","og_site_name":"EL INFORMATIVO DE TAMAULIPAS","article_published_time":"2026-03-11T02:59:02+00:00","article_modified_time":"2026-03-11T02:59:23+00:00","og_image":[{"width":1280,"height":720,"url":"https:\/\/elinformativotam.com\/wp-content\/uploads\/2026\/03\/Mercado.jpg","type":"image\/jpeg"}],"author":"El Informativo Tam","twitter_card":"summary_large_image","twitter_misc":{"Escrito por":"El Informativo Tam","Tiempo de lectura":"2 minutos"},"schema":{"@context":"https:\/\/schema.org","@graph":[{"@type":"Article","@id":"https:\/\/elinformativotam.com\/index.php\/2026\/03\/10\/locatarios-de-mercados-esperan-repunte-de-ventas-en-semana-santa\/#article","isPartOf":{"@id":"https:\/\/elinformativotam.com\/index.php\/2026\/03\/10\/locatarios-de-mercados-esperan-repunte-de-ventas-en-semana-santa\/"},"author":{"name":"El Informativo Tam","@id":"https:\/\/elinformativotam.com\/#\/schema\/person\/78e08040eed0f6110f0c5f83b6153590"},"headline":"Locatarios De Mercados Esperan Repunte De Ventas En Semana Santa.","datePublished":"2026-03-11T02:59:02+00:00","dateModified":"2026-03-11T02:59:23+00:00","mainEntityOfPage":{"@id":"https:\/\/elinformativotam.com\/index.php\/2026\/03\/10\/locatarios-de-mercados-esperan-repunte-de-ventas-en-semana-santa\/"},"wordCount":237,"commentCount":0,"publisher":{"@id":"https:\/\/elinformativotam.com\/#organization"},"image":{"@id":"https:\/\/elinformativotam.com\/index.php\/2026\/03\/10\/locatarios-de-mercados-esperan-repunte-de-ventas-en-semana-santa\/#primaryimage"},"thumbnailUrl":"https:\/\/elinformativotam.com\/wp-content\/uploads\/2026\/03\/Mercado.jpg","articleSection":["Tampico"],"inLanguage":"es","potentialAction":[{"@type":"CommentAction","name":"Comment","target":["https:\/\/elinformativotam.com\/index.php\/2026\/03\/10\/locatarios-de-mercados-esperan-repunte-de-ventas-en-semana-santa\/#respond"]}]},{"@type":"WebPage","@id":"https:\/\/elinformativotam.com\/index.php\/2026\/03\/10\/locatarios-de-mercados-esperan-repunte-de-ventas-en-semana-santa\/","url":"https:\/\/elinformativotam.com\/index.php\/2026\/03\/10\/locatarios-de-mercados-esperan-repunte-de-ventas-en-semana-santa\/","name":"Locatarios De Mercados Esperan Repunte De Ventas En Semana Santa. - EL INFORMATIVO DE TAMAULIPAS","isPartOf":{"@id":"https:\/\/elinformativotam.com\/#website"},"primaryImageOfPage":{"@id":"https:\/\/elinformativotam.com\/index.php\/2026\/03\/10\/locatarios-de-mercados-esperan-repunte-de-ventas-en-semana-santa\/#primaryimage"},"image":{"@id":"https:\/\/elinformativotam.com\/index.php\/2026\/03\/10\/locatarios-de-mercados-esperan-repunte-de-ventas-en-semana-santa\/#primaryimage"},"thumbnailUrl":"https:\/\/elinformativotam.com\/wp-content\/uploads\/2026\/03\/Mercado.jpg","datePublished":"2026-03-11T02:59:02+00:00","dateModified":"2026-03-11T02:59:23+00:00","description":"Tampico,Tamps.- Locatarios de los mercados municipales de Tampico conf\u00edan en que durante el pr\u00f3ximo periodo vacacional de Semana Santa sus ventas puedan","inLanguage":"es","potentialAction":[{"@type":"ReadAction","target":["https:\/\/elinformativotam.com\/index.php\/2026\/03\/10\/locatarios-de-mercados-esperan-repunte-de-ventas-en-semana-santa\/"]}]},{"@type":"ImageObject","inLanguage":"es","@id":"https:\/\/elinformativotam.com\/index.php\/2026\/03\/10\/locatarios-de-mercados-esperan-repunte-de-ventas-en-semana-santa\/#primaryimage","url":"https:\/\/elinformativotam.com\/wp-content\/uploads\/2026\/03\/Mercado.jpg","contentUrl":"https:\/\/elinformativotam.com\/wp-content\/uploads\/2026\/03\/Mercado.jpg","width":1280,"height":720},{"@type":"WebSite","@id":"https:\/\/elinformativotam.com\/#website","url":"https:\/\/elinformativotam.com\/","name":"EL INFORMATIVO DE TAMAULIPAS","description":"Desde la Zona Metropolitana Para Todo M\u00e9xico","publisher":{"@id":"https:\/\/elinformativotam.com\/#organization"},"potentialAction":[{"@type":"SearchAction","target":{"@type":"EntryPoint","urlTemplate":"https:\/\/elinformativotam.com\/?s={search_term_string}"},"query-input":{"@type":"PropertyValueSpecification","valueRequired":true,"valueName":"search_term_string"}}],"inLanguage":"es"},{"@type":"Organization","@id":"https:\/\/elinformativotam.com\/#organization","name":"EL INFORMATIVO DE TAMAULIPAS","url":"https:\/\/elinformativotam.com\/","logo":{"@type":"ImageObject","inLanguage":"es","@id":"https:\/\/elinformativotam.com\/#\/schema\/logo\/image\/","url":"https:\/\/elinformativotam.com\/wp-content\/uploads\/2026\/02\/Cabezal.png","contentUrl":"https:\/\/elinformativotam.com\/wp-content\/uploads\/2026\/02\/Cabezal.png","width":960,"height":640,"caption":"EL INFORMATIVO DE TAMAULIPAS"},"image":{"@id":"https:\/\/elinformativotam.com\/#\/schema\/logo\/image\/"}},{"@type":"Person","@id":"https:\/\/elinformativotam.com\/#\/schema\/person\/78e08040eed0f6110f0c5f83b6153590","name":"El Informativo Tam","image":{"@type":"ImageObject","inLanguage":"es","@id":"https:\/\/secure.gravatar.com\/avatar\/f3b7ad3af540688955925ac610647be00b0cf41feea9c4978b73a707ee86bc53?s=96&d=mm&r=g","url":"https:\/\/secure.gravatar.com\/avatar\/f3b7ad3af540688955925ac610647be00b0cf41feea9c4978b73a707ee86bc53?s=96&d=mm&r=g","contentUrl":"https:\/\/secure.gravatar.com\/avatar\/f3b7ad3af540688955925ac610647be00b0cf41feea9c4978b73a707ee86bc53?s=96&d=mm&r=g","caption":"El Informativo Tam"}}]}},"_links":{"self":[{"href":"https:\/\/elinformativotam.com\/index.php\/wp-json\/wp\/v2\/posts\/57407","targetHints":{"allow":["GET"]}}],"collection":[{"href":"https:\/\/elinformativotam.com\/index.php\/wp-json\/wp\/v2\/posts"}],"about":[{"href":"https:\/\/elinformativotam.com\/index.php\/wp-json\/wp\/v2\/types\/post"}],"author":[{"embeddable":true,"href":"https:\/\/elinformativotam.com\/index.php\/wp-json\/wp\/v2\/users\/1"}],"replies":[{"embeddable":true,"href":"https:\/\/elinformativotam.com\/index.php\/wp-json\/wp\/v2\/comments?post=57407"}],"version-history":[{"count":1,"href":"https:\/\/elinformativotam.com\/index.php\/wp-json\/wp\/v2\/posts\/57407\/revisions"}],"predecessor-version":[{"id":57408,"href":"https:\/\/elinformativotam.com\/index.php\/wp-json\/wp\/v2\/posts\/57407\/revisions\/57408"}],"wp:featuredmedia":[{"embeddable":true,"href":"https:\/\/elinformativotam.com\/index.php\/wp-json\/wp\/v2\/media\/57393"}],"wp:attachment":[{"href":"https:\/\/elinformativotam.com\/index.php\/wp-json\/wp\/v2\/media?parent=57407"}],"wp:term":[{"taxonomy":"category","embeddable":true,"href":"https:\/\/elinformativotam.com\/index.php\/wp-json\/wp\/v2\/categories?post=57407"},{"taxonomy":"post_tag","embeddable":true,"href":"https:\/\/elinformativotam.com\/index.php\/wp-json\/wp\/v2\/tags?post=57407"}],"curies":[{"name":"wp","href":"https:\/\/api.w.org\/{rel}","templated":true}]}}