{"id":57403,"date":"2026-03-10T20:54:55","date_gmt":"2026-03-11T02:54:55","guid":{"rendered":"https:\/\/elinformativotam.com\/?p=57403"},"modified":"2026-03-10T20:54:55","modified_gmt":"2026-03-11T02:54:55","slug":"tendran-trabajadores-y-estudiantes-puente-el-16-de-marzo","status":"publish","type":"post","link":"https:\/\/elinformativotam.com\/index.php\/2026\/03\/10\/tendran-trabajadores-y-estudiantes-puente-el-16-de-marzo\/","title":{"rendered":"Tendr\u00e1n Trabajadores Y Estudiantes Puente El 16 De Marzo."},"content":{"rendered":"<p>Tampico, Tamps.- El pr\u00f3ximo lunes 16 de marzo de 2026 ser\u00e1 d\u00eda de descanso obligatorio en M\u00e9xico, por lo que trabajadores y estudiantes disfrutar\u00e1n de un fin de semana largo.<\/p>\n<p>&nbsp;<\/p>\n<p data-start=\"851\" data-end=\"1039\">Este d\u00eda feriado se establece con motivo de la conmemoraci\u00f3n del natalicio de Benito Ju\u00e1rez, uno de los personajes m\u00e1s importantes de la historia del pa\u00eds y quien fue presidente de M\u00e9xico.<\/p>\n<p>&nbsp;<\/p>\n<p data-start=\"1041\" data-end=\"1292\">De acuerdo con la Ley Federal del Trabajo, algunos d\u00edas festivos se recorren al lunes m\u00e1s cercano con el objetivo de generar los llamados \u201cpuentes\u201d o fines de semana largos, lo que busca favorecer el descanso de la poblaci\u00f3n y la convivencia familiar.<\/p>\n<p>&nbsp;<\/p>\n<p data-start=\"1294\" data-end=\"1549\">En caso de que alguna persona trabajadora deba laborar durante ese d\u00eda, la ley establece que deber\u00e1 recibir su salario normal correspondiente al descanso obligatorio, adem\u00e1s de un pago doble por el servicio prestado, es decir, un salario triple en total.<\/p>\n<p>&nbsp;<\/p>\n<p data-start=\"1551\" data-end=\"1694\" data-is-last-node=\"\" data-is-only-node=\"\">Si quieres, tambi\u00e9n puedo hacer encabezados m\u00e1s estilo peri\u00f3dico (muy cortos y de mayor impacto) que suelen usarse para notas informativas.<\/p>\n","protected":false},"excerpt":{"rendered":"<p>Tampico, Tamps.- El pr\u00f3ximo lunes 16 de marzo de 2026 ser\u00e1 d\u00eda de descanso obligatorio en M\u00e9xico, por lo que&hellip;<\/p>\n","protected":false},"author":1,"featured_media":57392,"comment_status":"open","ping_status":"open","sticky":false,"template":"","format":"standard","meta":{"footnotes":""},"categories":[3],"tags":[],"class_list":["post-57403","post","type-post","status-publish","format-standard","has-post-thumbnail","hentry","category-tampico"],"yoast_head":"<!-- This site is optimized with the Yoast SEO plugin v27.5 - https:\/\/yoast.com\/product\/yoast-seo-wordpress\/ -->\n<title>Tendr\u00e1n Trabajadores Y Estudiantes Puente El 16 De Marzo. - EL INFORMATIVO DE TAMAULIPAS<\/title>\n<meta name=\"description\" content=\"Tampico, Tamps.- El pr\u00f3ximo lunes 16 de marzo de 2026 ser\u00e1 d\u00eda de descanso obligatorio en M\u00e9xico, por lo que trabajadores y estudiantes disfrutar\u00e1n de un\" \/>\n<meta name=\"robots\" content=\"index, follow, max-snippet:-1, max-image-preview:large, max-video-preview:-1\" \/>\n<link rel=\"canonical\" href=\"https:\/\/elinformativotam.com\/index.php\/2026\/03\/10\/tendran-trabajadores-y-estudiantes-puente-el-16-de-marzo\/\" \/>\n<meta property=\"og:locale\" content=\"es_MX\" \/>\n<meta property=\"og:type\" content=\"article\" \/>\n<meta property=\"og:title\" content=\"Tendr\u00e1n Trabajadores Y Estudiantes Puente El 16 De Marzo. - EL INFORMATIVO DE TAMAULIPAS\" \/>\n<meta property=\"og:description\" content=\"Tampico, Tamps.- El pr\u00f3ximo lunes 16 de marzo de 2026 ser\u00e1 d\u00eda de descanso obligatorio en M\u00e9xico, por lo que trabajadores y estudiantes disfrutar\u00e1n de un\" \/>\n<meta property=\"og:url\" content=\"https:\/\/elinformativotam.com\/index.php\/2026\/03\/10\/tendran-trabajadores-y-estudiantes-puente-el-16-de-marzo\/\" \/>\n<meta property=\"og:site_name\" content=\"EL INFORMATIVO DE TAMAULIPAS\" \/>\n<meta property=\"article:published_time\" content=\"2026-03-11T02:54:55+00:00\" \/>\n<meta property=\"og:image\" content=\"https:\/\/elinformativotam.com\/wp-content\/uploads\/2026\/03\/Feriado.jpg\" \/>\n\t<meta property=\"og:image:width\" content=\"1280\" \/>\n\t<meta property=\"og:image:height\" content=\"720\" \/>\n\t<meta property=\"og:image:type\" content=\"image\/jpeg\" \/>\n<meta name=\"author\" content=\"El Informativo Tam\" \/>\n<meta name=\"twitter:card\" content=\"summary_large_image\" \/>\n<meta name=\"twitter:label1\" content=\"Escrito por\" \/>\n\t<meta name=\"twitter:data1\" content=\"El Informativo Tam\" \/>\n\t<meta name=\"twitter:label2\" content=\"Tiempo de lectura\" \/>\n\t<meta name=\"twitter:data2\" content=\"1 minuto\" \/>\n<script type=\"application\/ld+json\" class=\"yoast-schema-graph\">{\"@context\":\"https:\\\/\\\/schema.org\",\"@graph\":[{\"@type\":\"Article\",\"@id\":\"https:\\\/\\\/elinformativotam.com\\\/index.php\\\/2026\\\/03\\\/10\\\/tendran-trabajadores-y-estudiantes-puente-el-16-de-marzo\\\/#article\",\"isPartOf\":{\"@id\":\"https:\\\/\\\/elinformativotam.com\\\/index.php\\\/2026\\\/03\\\/10\\\/tendran-trabajadores-y-estudiantes-puente-el-16-de-marzo\\\/\"},\"author\":{\"name\":\"El Informativo Tam\",\"@id\":\"https:\\\/\\\/elinformativotam.com\\\/#\\\/schema\\\/person\\\/78e08040eed0f6110f0c5f83b6153590\"},\"headline\":\"Tendr\u00e1n Trabajadores Y Estudiantes Puente El 16 De Marzo.\",\"datePublished\":\"2026-03-11T02:54:55+00:00\",\"mainEntityOfPage\":{\"@id\":\"https:\\\/\\\/elinformativotam.com\\\/index.php\\\/2026\\\/03\\\/10\\\/tendran-trabajadores-y-estudiantes-puente-el-16-de-marzo\\\/\"},\"wordCount\":197,\"commentCount\":0,\"publisher\":{\"@id\":\"https:\\\/\\\/elinformativotam.com\\\/#organization\"},\"image\":{\"@id\":\"https:\\\/\\\/elinformativotam.com\\\/index.php\\\/2026\\\/03\\\/10\\\/tendran-trabajadores-y-estudiantes-puente-el-16-de-marzo\\\/#primaryimage\"},\"thumbnailUrl\":\"https:\\\/\\\/elinformativotam.com\\\/wp-content\\\/uploads\\\/2026\\\/03\\\/Feriado.jpg\",\"articleSection\":[\"Tampico\"],\"inLanguage\":\"es\",\"potentialAction\":[{\"@type\":\"CommentAction\",\"name\":\"Comment\",\"target\":[\"https:\\\/\\\/elinformativotam.com\\\/index.php\\\/2026\\\/03\\\/10\\\/tendran-trabajadores-y-estudiantes-puente-el-16-de-marzo\\\/#respond\"]}]},{\"@type\":\"WebPage\",\"@id\":\"https:\\\/\\\/elinformativotam.com\\\/index.php\\\/2026\\\/03\\\/10\\\/tendran-trabajadores-y-estudiantes-puente-el-16-de-marzo\\\/\",\"url\":\"https:\\\/\\\/elinformativotam.com\\\/index.php\\\/2026\\\/03\\\/10\\\/tendran-trabajadores-y-estudiantes-puente-el-16-de-marzo\\\/\",\"name\":\"Tendr\u00e1n Trabajadores Y Estudiantes Puente El 16 De Marzo. - EL INFORMATIVO DE TAMAULIPAS\",\"isPartOf\":{\"@id\":\"https:\\\/\\\/elinformativotam.com\\\/#website\"},\"primaryImageOfPage\":{\"@id\":\"https:\\\/\\\/elinformativotam.com\\\/index.php\\\/2026\\\/03\\\/10\\\/tendran-trabajadores-y-estudiantes-puente-el-16-de-marzo\\\/#primaryimage\"},\"image\":{\"@id\":\"https:\\\/\\\/elinformativotam.com\\\/index.php\\\/2026\\\/03\\\/10\\\/tendran-trabajadores-y-estudiantes-puente-el-16-de-marzo\\\/#primaryimage\"},\"thumbnailUrl\":\"https:\\\/\\\/elinformativotam.com\\\/wp-content\\\/uploads\\\/2026\\\/03\\\/Feriado.jpg\",\"datePublished\":\"2026-03-11T02:54:55+00:00\",\"description\":\"Tampico, Tamps.- El pr\u00f3ximo lunes 16 de marzo de 2026 ser\u00e1 d\u00eda de descanso obligatorio en M\u00e9xico, por lo que trabajadores y estudiantes disfrutar\u00e1n de un\",\"inLanguage\":\"es\",\"potentialAction\":[{\"@type\":\"ReadAction\",\"target\":[\"https:\\\/\\\/elinformativotam.com\\\/index.php\\\/2026\\\/03\\\/10\\\/tendran-trabajadores-y-estudiantes-puente-el-16-de-marzo\\\/\"]}]},{\"@type\":\"ImageObject\",\"inLanguage\":\"es\",\"@id\":\"https:\\\/\\\/elinformativotam.com\\\/index.php\\\/2026\\\/03\\\/10\\\/tendran-trabajadores-y-estudiantes-puente-el-16-de-marzo\\\/#primaryimage\",\"url\":\"https:\\\/\\\/elinformativotam.com\\\/wp-content\\\/uploads\\\/2026\\\/03\\\/Feriado.jpg\",\"contentUrl\":\"https:\\\/\\\/elinformativotam.com\\\/wp-content\\\/uploads\\\/2026\\\/03\\\/Feriado.jpg\",\"width\":1280,\"height\":720},{\"@type\":\"WebSite\",\"@id\":\"https:\\\/\\\/elinformativotam.com\\\/#website\",\"url\":\"https:\\\/\\\/elinformativotam.com\\\/\",\"name\":\"EL INFORMATIVO DE TAMAULIPAS\",\"description\":\"Desde la Zona Metropolitana Para Todo M\u00e9xico\",\"publisher\":{\"@id\":\"https:\\\/\\\/elinformativotam.com\\\/#organization\"},\"potentialAction\":[{\"@type\":\"SearchAction\",\"target\":{\"@type\":\"EntryPoint\",\"urlTemplate\":\"https:\\\/\\\/elinformativotam.com\\\/?s={search_term_string}\"},\"query-input\":{\"@type\":\"PropertyValueSpecification\",\"valueRequired\":true,\"valueName\":\"search_term_string\"}}],\"inLanguage\":\"es\"},{\"@type\":\"Organization\",\"@id\":\"https:\\\/\\\/elinformativotam.com\\\/#organization\",\"name\":\"EL INFORMATIVO DE TAMAULIPAS\",\"url\":\"https:\\\/\\\/elinformativotam.com\\\/\",\"logo\":{\"@type\":\"ImageObject\",\"inLanguage\":\"es\",\"@id\":\"https:\\\/\\\/elinformativotam.com\\\/#\\\/schema\\\/logo\\\/image\\\/\",\"url\":\"https:\\\/\\\/elinformativotam.com\\\/wp-content\\\/uploads\\\/2026\\\/02\\\/Cabezal.png\",\"contentUrl\":\"https:\\\/\\\/elinformativotam.com\\\/wp-content\\\/uploads\\\/2026\\\/02\\\/Cabezal.png\",\"width\":960,\"height\":640,\"caption\":\"EL INFORMATIVO DE TAMAULIPAS\"},\"image\":{\"@id\":\"https:\\\/\\\/elinformativotam.com\\\/#\\\/schema\\\/logo\\\/image\\\/\"}},{\"@type\":\"Person\",\"@id\":\"https:\\\/\\\/elinformativotam.com\\\/#\\\/schema\\\/person\\\/78e08040eed0f6110f0c5f83b6153590\",\"name\":\"El Informativo Tam\",\"image\":{\"@type\":\"ImageObject\",\"inLanguage\":\"es\",\"@id\":\"https:\\\/\\\/secure.gravatar.com\\\/avatar\\\/f3b7ad3af540688955925ac610647be00b0cf41feea9c4978b73a707ee86bc53?s=96&d=mm&r=g\",\"url\":\"https:\\\/\\\/secure.gravatar.com\\\/avatar\\\/f3b7ad3af540688955925ac610647be00b0cf41feea9c4978b73a707ee86bc53?s=96&d=mm&r=g\",\"contentUrl\":\"https:\\\/\\\/secure.gravatar.com\\\/avatar\\\/f3b7ad3af540688955925ac610647be00b0cf41feea9c4978b73a707ee86bc53?s=96&d=mm&r=g\",\"caption\":\"El Informativo Tam\"}}]}<\/script>\n<!-- \/ Yoast SEO plugin. -->","yoast_head_json":{"title":"Tendr\u00e1n Trabajadores Y Estudiantes Puente El 16 De Marzo. - EL INFORMATIVO DE TAMAULIPAS","description":"Tampico, Tamps.- El pr\u00f3ximo lunes 16 de marzo de 2026 ser\u00e1 d\u00eda de descanso obligatorio en M\u00e9xico, por lo que trabajadores y estudiantes disfrutar\u00e1n de un","robots":{"index":"index","follow":"follow","max-snippet":"max-snippet:-1","max-image-preview":"max-image-preview:large","max-video-preview":"max-video-preview:-1"},"canonical":"https:\/\/elinformativotam.com\/index.php\/2026\/03\/10\/tendran-trabajadores-y-estudiantes-puente-el-16-de-marzo\/","og_locale":"es_MX","og_type":"article","og_title":"Tendr\u00e1n Trabajadores Y Estudiantes Puente El 16 De Marzo. - EL INFORMATIVO DE TAMAULIPAS","og_description":"Tampico, Tamps.- El pr\u00f3ximo lunes 16 de marzo de 2026 ser\u00e1 d\u00eda de descanso obligatorio en M\u00e9xico, por lo que trabajadores y estudiantes disfrutar\u00e1n de un","og_url":"https:\/\/elinformativotam.com\/index.php\/2026\/03\/10\/tendran-trabajadores-y-estudiantes-puente-el-16-de-marzo\/","og_site_name":"EL INFORMATIVO DE TAMAULIPAS","article_published_time":"2026-03-11T02:54:55+00:00","og_image":[{"width":1280,"height":720,"url":"https:\/\/elinformativotam.com\/wp-content\/uploads\/2026\/03\/Feriado.jpg","type":"image\/jpeg"}],"author":"El Informativo Tam","twitter_card":"summary_large_image","twitter_misc":{"Escrito por":"El Informativo Tam","Tiempo de lectura":"1 minuto"},"schema":{"@context":"https:\/\/schema.org","@graph":[{"@type":"Article","@id":"https:\/\/elinformativotam.com\/index.php\/2026\/03\/10\/tendran-trabajadores-y-estudiantes-puente-el-16-de-marzo\/#article","isPartOf":{"@id":"https:\/\/elinformativotam.com\/index.php\/2026\/03\/10\/tendran-trabajadores-y-estudiantes-puente-el-16-de-marzo\/"},"author":{"name":"El Informativo Tam","@id":"https:\/\/elinformativotam.com\/#\/schema\/person\/78e08040eed0f6110f0c5f83b6153590"},"headline":"Tendr\u00e1n Trabajadores Y Estudiantes Puente El 16 De Marzo.","datePublished":"2026-03-11T02:54:55+00:00","mainEntityOfPage":{"@id":"https:\/\/elinformativotam.com\/index.php\/2026\/03\/10\/tendran-trabajadores-y-estudiantes-puente-el-16-de-marzo\/"},"wordCount":197,"commentCount":0,"publisher":{"@id":"https:\/\/elinformativotam.com\/#organization"},"image":{"@id":"https:\/\/elinformativotam.com\/index.php\/2026\/03\/10\/tendran-trabajadores-y-estudiantes-puente-el-16-de-marzo\/#primaryimage"},"thumbnailUrl":"https:\/\/elinformativotam.com\/wp-content\/uploads\/2026\/03\/Feriado.jpg","articleSection":["Tampico"],"inLanguage":"es","potentialAction":[{"@type":"CommentAction","name":"Comment","target":["https:\/\/elinformativotam.com\/index.php\/2026\/03\/10\/tendran-trabajadores-y-estudiantes-puente-el-16-de-marzo\/#respond"]}]},{"@type":"WebPage","@id":"https:\/\/elinformativotam.com\/index.php\/2026\/03\/10\/tendran-trabajadores-y-estudiantes-puente-el-16-de-marzo\/","url":"https:\/\/elinformativotam.com\/index.php\/2026\/03\/10\/tendran-trabajadores-y-estudiantes-puente-el-16-de-marzo\/","name":"Tendr\u00e1n Trabajadores Y Estudiantes Puente El 16 De Marzo. - EL INFORMATIVO DE TAMAULIPAS","isPartOf":{"@id":"https:\/\/elinformativotam.com\/#website"},"primaryImageOfPage":{"@id":"https:\/\/elinformativotam.com\/index.php\/2026\/03\/10\/tendran-trabajadores-y-estudiantes-puente-el-16-de-marzo\/#primaryimage"},"image":{"@id":"https:\/\/elinformativotam.com\/index.php\/2026\/03\/10\/tendran-trabajadores-y-estudiantes-puente-el-16-de-marzo\/#primaryimage"},"thumbnailUrl":"https:\/\/elinformativotam.com\/wp-content\/uploads\/2026\/03\/Feriado.jpg","datePublished":"2026-03-11T02:54:55+00:00","description":"Tampico, Tamps.- El pr\u00f3ximo lunes 16 de marzo de 2026 ser\u00e1 d\u00eda de descanso obligatorio en M\u00e9xico, por lo que trabajadores y estudiantes disfrutar\u00e1n de un","inLanguage":"es","potentialAction":[{"@type":"ReadAction","target":["https:\/\/elinformativotam.com\/index.php\/2026\/03\/10\/tendran-trabajadores-y-estudiantes-puente-el-16-de-marzo\/"]}]},{"@type":"ImageObject","inLanguage":"es","@id":"https:\/\/elinformativotam.com\/index.php\/2026\/03\/10\/tendran-trabajadores-y-estudiantes-puente-el-16-de-marzo\/#primaryimage","url":"https:\/\/elinformativotam.com\/wp-content\/uploads\/2026\/03\/Feriado.jpg","contentUrl":"https:\/\/elinformativotam.com\/wp-content\/uploads\/2026\/03\/Feriado.jpg","width":1280,"height":720},{"@type":"WebSite","@id":"https:\/\/elinformativotam.com\/#website","url":"https:\/\/elinformativotam.com\/","name":"EL INFORMATIVO DE TAMAULIPAS","description":"Desde la Zona Metropolitana Para Todo M\u00e9xico","publisher":{"@id":"https:\/\/elinformativotam.com\/#organization"},"potentialAction":[{"@type":"SearchAction","target":{"@type":"EntryPoint","urlTemplate":"https:\/\/elinformativotam.com\/?s={search_term_string}"},"query-input":{"@type":"PropertyValueSpecification","valueRequired":true,"valueName":"search_term_string"}}],"inLanguage":"es"},{"@type":"Organization","@id":"https:\/\/elinformativotam.com\/#organization","name":"EL INFORMATIVO DE TAMAULIPAS","url":"https:\/\/elinformativotam.com\/","logo":{"@type":"ImageObject","inLanguage":"es","@id":"https:\/\/elinformativotam.com\/#\/schema\/logo\/image\/","url":"https:\/\/elinformativotam.com\/wp-content\/uploads\/2026\/02\/Cabezal.png","contentUrl":"https:\/\/elinformativotam.com\/wp-content\/uploads\/2026\/02\/Cabezal.png","width":960,"height":640,"caption":"EL INFORMATIVO DE TAMAULIPAS"},"image":{"@id":"https:\/\/elinformativotam.com\/#\/schema\/logo\/image\/"}},{"@type":"Person","@id":"https:\/\/elinformativotam.com\/#\/schema\/person\/78e08040eed0f6110f0c5f83b6153590","name":"El Informativo Tam","image":{"@type":"ImageObject","inLanguage":"es","@id":"https:\/\/secure.gravatar.com\/avatar\/f3b7ad3af540688955925ac610647be00b0cf41feea9c4978b73a707ee86bc53?s=96&d=mm&r=g","url":"https:\/\/secure.gravatar.com\/avatar\/f3b7ad3af540688955925ac610647be00b0cf41feea9c4978b73a707ee86bc53?s=96&d=mm&r=g","contentUrl":"https:\/\/secure.gravatar.com\/avatar\/f3b7ad3af540688955925ac610647be00b0cf41feea9c4978b73a707ee86bc53?s=96&d=mm&r=g","caption":"El Informativo Tam"}}]}},"_links":{"self":[{"href":"https:\/\/elinformativotam.com\/index.php\/wp-json\/wp\/v2\/posts\/57403","targetHints":{"allow":["GET"]}}],"collection":[{"href":"https:\/\/elinformativotam.com\/index.php\/wp-json\/wp\/v2\/posts"}],"about":[{"href":"https:\/\/elinformativotam.com\/index.php\/wp-json\/wp\/v2\/types\/post"}],"author":[{"embeddable":true,"href":"https:\/\/elinformativotam.com\/index.php\/wp-json\/wp\/v2\/users\/1"}],"replies":[{"embeddable":true,"href":"https:\/\/elinformativotam.com\/index.php\/wp-json\/wp\/v2\/comments?post=57403"}],"version-history":[{"count":1,"href":"https:\/\/elinformativotam.com\/index.php\/wp-json\/wp\/v2\/posts\/57403\/revisions"}],"predecessor-version":[{"id":57404,"href":"https:\/\/elinformativotam.com\/index.php\/wp-json\/wp\/v2\/posts\/57403\/revisions\/57404"}],"wp:featuredmedia":[{"embeddable":true,"href":"https:\/\/elinformativotam.com\/index.php\/wp-json\/wp\/v2\/media\/57392"}],"wp:attachment":[{"href":"https:\/\/elinformativotam.com\/index.php\/wp-json\/wp\/v2\/media?parent=57403"}],"wp:term":[{"taxonomy":"category","embeddable":true,"href":"https:\/\/elinformativotam.com\/index.php\/wp-json\/wp\/v2\/categories?post=57403"},{"taxonomy":"post_tag","embeddable":true,"href":"https:\/\/elinformativotam.com\/index.php\/wp-json\/wp\/v2\/tags?post=57403"}],"curies":[{"name":"wp","href":"https:\/\/api.w.org\/{rel}","templated":true}]}}