{"id":57401,"date":"2026-03-10T20:52:28","date_gmt":"2026-03-11T02:52:28","guid":{"rendered":"https:\/\/elinformativotam.com\/?p=57401"},"modified":"2026-03-10T20:52:28","modified_gmt":"2026-03-11T02:52:28","slug":"clausuran-habitacion-tras-impacto-de-gondola-contra-vivienda-en-ciudad-madero","status":"publish","type":"post","link":"https:\/\/elinformativotam.com\/index.php\/2026\/03\/10\/clausuran-habitacion-tras-impacto-de-gondola-contra-vivienda-en-ciudad-madero\/","title":{"rendered":"Clausuran Habitaci\u00f3n Tras Impacto De G\u00f3ndola Contra Vivienda En Ciudad Madero."},"content":{"rendered":"<p>Cd. Madero, Tamps.- Un fuerte susto se llev\u00f3 una familia luego de que un tractocami\u00f3n con g\u00f3ndola impactara contra una vivienda mientras realizaba maniobras de descarga de material, situaci\u00f3n que oblig\u00f3 a la intervenci\u00f3n de elementos de Protecci\u00f3n Civil y la clausura preventiva de una habitaci\u00f3n por riesgo estructural.<\/p>\n<p>&nbsp;<\/p>\n<p>El director de Protecci\u00f3n Civil, Ricardo Aguirre, inform\u00f3 que el incidente se registr\u00f3 la tarde del d\u00eda anterior, cuando recibieron una llamada del C5 alertando sobre un cami\u00f3n que hab\u00eda golpeado una casa habitaci\u00f3n.<\/p>\n<p>&nbsp;<\/p>\n<p>Mencion\u00f3 que al llegar al sitio localizaron un tractocami\u00f3n dentro de un predio donde realizaba maniobras de descarga de materiales; sin embargo, en un momento la g\u00f3ndola gir\u00f3 y termin\u00f3 impactando la pared de la vivienda contigua, espec\u00edficamente en el \u00e1rea correspondiente a una habitaci\u00f3n ubicada en un segundo piso.<\/p>\n<p>&nbsp;<\/p>\n<p>Aguirre explic\u00f3 que, tras una primera inspecci\u00f3n externa, aparentemente no se observaban da\u00f1os mayores, pero al solicitar autorizaci\u00f3n al propietario para ingresar al domicilio y revisar el interior, detectaron afectaciones en la rec\u00e1mara.<\/p>\n<p>&nbsp;<\/p>\n<p>El due\u00f1o de la vivienda manifest\u00f3 que su hija hab\u00eda estado en esa habitaci\u00f3n momentos antes del impacto, lo que pudo haber derivado en consecuencias graves de haber ocurrido minutos antes.<\/p>\n<p>&nbsp;<\/p>\n<p>Ante el riesgo que representan los da\u00f1os estructurales detectados, personal de Protecci\u00f3n Civil determin\u00f3 clausurar la habitaci\u00f3n de manera preventiva, con el objetivo de evitar cualquier situaci\u00f3n que ponga en peligro a los habitantes.<\/p>\n<p>&nbsp;<\/p>\n<p>Respecto a los procedimientos legales, el director se\u00f1al\u00f3 que el caso qued\u00f3 en manos de la Fiscal\u00eda, debido a que se trata de propiedades privadas, por lo que corresponder\u00e1 a las autoridades determinar responsabilidades y el proceso a seguir.<\/p>\n<p>&nbsp;<\/p>\n<p>Indic\u00f3 adem\u00e1s que el conductor del tractocami\u00f3n se encontraba visiblemente alterado por el incidente y no quiso proporcionar mayores declaraciones. Incluso se le ofreci\u00f3 realizar una revisi\u00f3n de signos vitales, pero el operador prefiri\u00f3 permanecer solo en el lugar.<\/p>\n<p>&nbsp;<\/p>\n<p>Posteriormente arrib\u00f3 personal de la aseguradora de la empresa propietaria de la unidad para iniciar las gestiones correspondientes por los da\u00f1os ocasionados.<\/p>\n<p>#elinformativodetamaulipas<\/p>\n<p>&nbsp;<\/p>\n","protected":false},"excerpt":{"rendered":"<p>Cd. Madero, Tamps.- Un fuerte susto se llev\u00f3 una familia luego de que un tractocami\u00f3n con g\u00f3ndola impactara contra una&hellip;<\/p>\n","protected":false},"author":1,"featured_media":57396,"comment_status":"open","ping_status":"open","sticky":false,"template":"","format":"standard","meta":{"footnotes":""},"categories":[4],"tags":[],"class_list":["post-57401","post","type-post","status-publish","format-standard","has-post-thumbnail","hentry","category-madero"],"yoast_head":"<!-- This site is optimized with the Yoast SEO plugin v27.5 - https:\/\/yoast.com\/product\/yoast-seo-wordpress\/ -->\n<title>Clausuran Habitaci\u00f3n Tras Impacto De G\u00f3ndola Contra Vivienda En Ciudad Madero. - EL INFORMATIVO DE TAMAULIPAS<\/title>\n<meta name=\"description\" content=\"Cd. Madero, Tamps.- Un fuerte susto se llev\u00f3 una familia luego de que un tractocami\u00f3n con g\u00f3ndola impactara contra una vivienda mientras realizaba\" \/>\n<meta name=\"robots\" content=\"index, follow, max-snippet:-1, max-image-preview:large, max-video-preview:-1\" \/>\n<link rel=\"canonical\" href=\"https:\/\/elinformativotam.com\/index.php\/2026\/03\/10\/clausuran-habitacion-tras-impacto-de-gondola-contra-vivienda-en-ciudad-madero\/\" \/>\n<meta property=\"og:locale\" content=\"es_MX\" \/>\n<meta property=\"og:type\" content=\"article\" \/>\n<meta property=\"og:title\" content=\"Clausuran Habitaci\u00f3n Tras Impacto De G\u00f3ndola Contra Vivienda En Ciudad Madero. - EL INFORMATIVO DE TAMAULIPAS\" \/>\n<meta property=\"og:description\" content=\"Cd. Madero, Tamps.- Un fuerte susto se llev\u00f3 una familia luego de que un tractocami\u00f3n con g\u00f3ndola impactara contra una vivienda mientras realizaba\" \/>\n<meta property=\"og:url\" content=\"https:\/\/elinformativotam.com\/index.php\/2026\/03\/10\/clausuran-habitacion-tras-impacto-de-gondola-contra-vivienda-en-ciudad-madero\/\" \/>\n<meta property=\"og:site_name\" content=\"EL INFORMATIVO DE TAMAULIPAS\" \/>\n<meta property=\"article:published_time\" content=\"2026-03-11T02:52:28+00:00\" \/>\n<meta property=\"og:image\" content=\"https:\/\/elinformativotam.com\/wp-content\/uploads\/2026\/03\/Gondola.jpg\" \/>\n\t<meta property=\"og:image:width\" content=\"1600\" \/>\n\t<meta property=\"og:image:height\" content=\"1200\" \/>\n\t<meta property=\"og:image:type\" content=\"image\/jpeg\" \/>\n<meta name=\"author\" content=\"El Informativo Tam\" \/>\n<meta name=\"twitter:card\" content=\"summary_large_image\" \/>\n<meta name=\"twitter:label1\" content=\"Escrito por\" \/>\n\t<meta name=\"twitter:data1\" content=\"El Informativo Tam\" \/>\n\t<meta name=\"twitter:label2\" content=\"Tiempo de lectura\" \/>\n\t<meta name=\"twitter:data2\" content=\"2 minutos\" \/>\n<script type=\"application\/ld+json\" class=\"yoast-schema-graph\">{\"@context\":\"https:\\\/\\\/schema.org\",\"@graph\":[{\"@type\":\"Article\",\"@id\":\"https:\\\/\\\/elinformativotam.com\\\/index.php\\\/2026\\\/03\\\/10\\\/clausuran-habitacion-tras-impacto-de-gondola-contra-vivienda-en-ciudad-madero\\\/#article\",\"isPartOf\":{\"@id\":\"https:\\\/\\\/elinformativotam.com\\\/index.php\\\/2026\\\/03\\\/10\\\/clausuran-habitacion-tras-impacto-de-gondola-contra-vivienda-en-ciudad-madero\\\/\"},\"author\":{\"name\":\"El Informativo Tam\",\"@id\":\"https:\\\/\\\/elinformativotam.com\\\/#\\\/schema\\\/person\\\/78e08040eed0f6110f0c5f83b6153590\"},\"headline\":\"Clausuran Habitaci\u00f3n Tras Impacto De G\u00f3ndola Contra Vivienda En Ciudad Madero.\",\"datePublished\":\"2026-03-11T02:52:28+00:00\",\"mainEntityOfPage\":{\"@id\":\"https:\\\/\\\/elinformativotam.com\\\/index.php\\\/2026\\\/03\\\/10\\\/clausuran-habitacion-tras-impacto-de-gondola-contra-vivienda-en-ciudad-madero\\\/\"},\"wordCount\":387,\"commentCount\":0,\"publisher\":{\"@id\":\"https:\\\/\\\/elinformativotam.com\\\/#organization\"},\"image\":{\"@id\":\"https:\\\/\\\/elinformativotam.com\\\/index.php\\\/2026\\\/03\\\/10\\\/clausuran-habitacion-tras-impacto-de-gondola-contra-vivienda-en-ciudad-madero\\\/#primaryimage\"},\"thumbnailUrl\":\"https:\\\/\\\/elinformativotam.com\\\/wp-content\\\/uploads\\\/2026\\\/03\\\/Gondola.jpg\",\"articleSection\":[\"Cd Madero\"],\"inLanguage\":\"es\",\"potentialAction\":[{\"@type\":\"CommentAction\",\"name\":\"Comment\",\"target\":[\"https:\\\/\\\/elinformativotam.com\\\/index.php\\\/2026\\\/03\\\/10\\\/clausuran-habitacion-tras-impacto-de-gondola-contra-vivienda-en-ciudad-madero\\\/#respond\"]}]},{\"@type\":\"WebPage\",\"@id\":\"https:\\\/\\\/elinformativotam.com\\\/index.php\\\/2026\\\/03\\\/10\\\/clausuran-habitacion-tras-impacto-de-gondola-contra-vivienda-en-ciudad-madero\\\/\",\"url\":\"https:\\\/\\\/elinformativotam.com\\\/index.php\\\/2026\\\/03\\\/10\\\/clausuran-habitacion-tras-impacto-de-gondola-contra-vivienda-en-ciudad-madero\\\/\",\"name\":\"Clausuran Habitaci\u00f3n Tras Impacto De G\u00f3ndola Contra Vivienda En Ciudad Madero. - EL INFORMATIVO DE TAMAULIPAS\",\"isPartOf\":{\"@id\":\"https:\\\/\\\/elinformativotam.com\\\/#website\"},\"primaryImageOfPage\":{\"@id\":\"https:\\\/\\\/elinformativotam.com\\\/index.php\\\/2026\\\/03\\\/10\\\/clausuran-habitacion-tras-impacto-de-gondola-contra-vivienda-en-ciudad-madero\\\/#primaryimage\"},\"image\":{\"@id\":\"https:\\\/\\\/elinformativotam.com\\\/index.php\\\/2026\\\/03\\\/10\\\/clausuran-habitacion-tras-impacto-de-gondola-contra-vivienda-en-ciudad-madero\\\/#primaryimage\"},\"thumbnailUrl\":\"https:\\\/\\\/elinformativotam.com\\\/wp-content\\\/uploads\\\/2026\\\/03\\\/Gondola.jpg\",\"datePublished\":\"2026-03-11T02:52:28+00:00\",\"description\":\"Cd. Madero, Tamps.- Un fuerte susto se llev\u00f3 una familia luego de que un tractocami\u00f3n con g\u00f3ndola impactara contra una vivienda mientras realizaba\",\"inLanguage\":\"es\",\"potentialAction\":[{\"@type\":\"ReadAction\",\"target\":[\"https:\\\/\\\/elinformativotam.com\\\/index.php\\\/2026\\\/03\\\/10\\\/clausuran-habitacion-tras-impacto-de-gondola-contra-vivienda-en-ciudad-madero\\\/\"]}]},{\"@type\":\"ImageObject\",\"inLanguage\":\"es\",\"@id\":\"https:\\\/\\\/elinformativotam.com\\\/index.php\\\/2026\\\/03\\\/10\\\/clausuran-habitacion-tras-impacto-de-gondola-contra-vivienda-en-ciudad-madero\\\/#primaryimage\",\"url\":\"https:\\\/\\\/elinformativotam.com\\\/wp-content\\\/uploads\\\/2026\\\/03\\\/Gondola.jpg\",\"contentUrl\":\"https:\\\/\\\/elinformativotam.com\\\/wp-content\\\/uploads\\\/2026\\\/03\\\/Gondola.jpg\",\"width\":1600,\"height\":1200},{\"@type\":\"WebSite\",\"@id\":\"https:\\\/\\\/elinformativotam.com\\\/#website\",\"url\":\"https:\\\/\\\/elinformativotam.com\\\/\",\"name\":\"EL INFORMATIVO DE TAMAULIPAS\",\"description\":\"Desde la Zona Metropolitana Para Todo M\u00e9xico\",\"publisher\":{\"@id\":\"https:\\\/\\\/elinformativotam.com\\\/#organization\"},\"potentialAction\":[{\"@type\":\"SearchAction\",\"target\":{\"@type\":\"EntryPoint\",\"urlTemplate\":\"https:\\\/\\\/elinformativotam.com\\\/?s={search_term_string}\"},\"query-input\":{\"@type\":\"PropertyValueSpecification\",\"valueRequired\":true,\"valueName\":\"search_term_string\"}}],\"inLanguage\":\"es\"},{\"@type\":\"Organization\",\"@id\":\"https:\\\/\\\/elinformativotam.com\\\/#organization\",\"name\":\"EL INFORMATIVO DE TAMAULIPAS\",\"url\":\"https:\\\/\\\/elinformativotam.com\\\/\",\"logo\":{\"@type\":\"ImageObject\",\"inLanguage\":\"es\",\"@id\":\"https:\\\/\\\/elinformativotam.com\\\/#\\\/schema\\\/logo\\\/image\\\/\",\"url\":\"https:\\\/\\\/elinformativotam.com\\\/wp-content\\\/uploads\\\/2026\\\/02\\\/Cabezal.png\",\"contentUrl\":\"https:\\\/\\\/elinformativotam.com\\\/wp-content\\\/uploads\\\/2026\\\/02\\\/Cabezal.png\",\"width\":960,\"height\":640,\"caption\":\"EL INFORMATIVO DE TAMAULIPAS\"},\"image\":{\"@id\":\"https:\\\/\\\/elinformativotam.com\\\/#\\\/schema\\\/logo\\\/image\\\/\"}},{\"@type\":\"Person\",\"@id\":\"https:\\\/\\\/elinformativotam.com\\\/#\\\/schema\\\/person\\\/78e08040eed0f6110f0c5f83b6153590\",\"name\":\"El Informativo Tam\",\"image\":{\"@type\":\"ImageObject\",\"inLanguage\":\"es\",\"@id\":\"https:\\\/\\\/secure.gravatar.com\\\/avatar\\\/f3b7ad3af540688955925ac610647be00b0cf41feea9c4978b73a707ee86bc53?s=96&d=mm&r=g\",\"url\":\"https:\\\/\\\/secure.gravatar.com\\\/avatar\\\/f3b7ad3af540688955925ac610647be00b0cf41feea9c4978b73a707ee86bc53?s=96&d=mm&r=g\",\"contentUrl\":\"https:\\\/\\\/secure.gravatar.com\\\/avatar\\\/f3b7ad3af540688955925ac610647be00b0cf41feea9c4978b73a707ee86bc53?s=96&d=mm&r=g\",\"caption\":\"El Informativo Tam\"}}]}<\/script>\n<!-- \/ Yoast SEO plugin. -->","yoast_head_json":{"title":"Clausuran Habitaci\u00f3n Tras Impacto De G\u00f3ndola Contra Vivienda En Ciudad Madero. - EL INFORMATIVO DE TAMAULIPAS","description":"Cd. Madero, Tamps.- Un fuerte susto se llev\u00f3 una familia luego de que un tractocami\u00f3n con g\u00f3ndola impactara contra una vivienda mientras realizaba","robots":{"index":"index","follow":"follow","max-snippet":"max-snippet:-1","max-image-preview":"max-image-preview:large","max-video-preview":"max-video-preview:-1"},"canonical":"https:\/\/elinformativotam.com\/index.php\/2026\/03\/10\/clausuran-habitacion-tras-impacto-de-gondola-contra-vivienda-en-ciudad-madero\/","og_locale":"es_MX","og_type":"article","og_title":"Clausuran Habitaci\u00f3n Tras Impacto De G\u00f3ndola Contra Vivienda En Ciudad Madero. - EL INFORMATIVO DE TAMAULIPAS","og_description":"Cd. Madero, Tamps.- Un fuerte susto se llev\u00f3 una familia luego de que un tractocami\u00f3n con g\u00f3ndola impactara contra una vivienda mientras realizaba","og_url":"https:\/\/elinformativotam.com\/index.php\/2026\/03\/10\/clausuran-habitacion-tras-impacto-de-gondola-contra-vivienda-en-ciudad-madero\/","og_site_name":"EL INFORMATIVO DE TAMAULIPAS","article_published_time":"2026-03-11T02:52:28+00:00","og_image":[{"width":1600,"height":1200,"url":"https:\/\/elinformativotam.com\/wp-content\/uploads\/2026\/03\/Gondola.jpg","type":"image\/jpeg"}],"author":"El Informativo Tam","twitter_card":"summary_large_image","twitter_misc":{"Escrito por":"El Informativo Tam","Tiempo de lectura":"2 minutos"},"schema":{"@context":"https:\/\/schema.org","@graph":[{"@type":"Article","@id":"https:\/\/elinformativotam.com\/index.php\/2026\/03\/10\/clausuran-habitacion-tras-impacto-de-gondola-contra-vivienda-en-ciudad-madero\/#article","isPartOf":{"@id":"https:\/\/elinformativotam.com\/index.php\/2026\/03\/10\/clausuran-habitacion-tras-impacto-de-gondola-contra-vivienda-en-ciudad-madero\/"},"author":{"name":"El Informativo Tam","@id":"https:\/\/elinformativotam.com\/#\/schema\/person\/78e08040eed0f6110f0c5f83b6153590"},"headline":"Clausuran Habitaci\u00f3n Tras Impacto De G\u00f3ndola Contra Vivienda En Ciudad Madero.","datePublished":"2026-03-11T02:52:28+00:00","mainEntityOfPage":{"@id":"https:\/\/elinformativotam.com\/index.php\/2026\/03\/10\/clausuran-habitacion-tras-impacto-de-gondola-contra-vivienda-en-ciudad-madero\/"},"wordCount":387,"commentCount":0,"publisher":{"@id":"https:\/\/elinformativotam.com\/#organization"},"image":{"@id":"https:\/\/elinformativotam.com\/index.php\/2026\/03\/10\/clausuran-habitacion-tras-impacto-de-gondola-contra-vivienda-en-ciudad-madero\/#primaryimage"},"thumbnailUrl":"https:\/\/elinformativotam.com\/wp-content\/uploads\/2026\/03\/Gondola.jpg","articleSection":["Cd Madero"],"inLanguage":"es","potentialAction":[{"@type":"CommentAction","name":"Comment","target":["https:\/\/elinformativotam.com\/index.php\/2026\/03\/10\/clausuran-habitacion-tras-impacto-de-gondola-contra-vivienda-en-ciudad-madero\/#respond"]}]},{"@type":"WebPage","@id":"https:\/\/elinformativotam.com\/index.php\/2026\/03\/10\/clausuran-habitacion-tras-impacto-de-gondola-contra-vivienda-en-ciudad-madero\/","url":"https:\/\/elinformativotam.com\/index.php\/2026\/03\/10\/clausuran-habitacion-tras-impacto-de-gondola-contra-vivienda-en-ciudad-madero\/","name":"Clausuran Habitaci\u00f3n Tras Impacto De G\u00f3ndola Contra Vivienda En Ciudad Madero. - EL INFORMATIVO DE TAMAULIPAS","isPartOf":{"@id":"https:\/\/elinformativotam.com\/#website"},"primaryImageOfPage":{"@id":"https:\/\/elinformativotam.com\/index.php\/2026\/03\/10\/clausuran-habitacion-tras-impacto-de-gondola-contra-vivienda-en-ciudad-madero\/#primaryimage"},"image":{"@id":"https:\/\/elinformativotam.com\/index.php\/2026\/03\/10\/clausuran-habitacion-tras-impacto-de-gondola-contra-vivienda-en-ciudad-madero\/#primaryimage"},"thumbnailUrl":"https:\/\/elinformativotam.com\/wp-content\/uploads\/2026\/03\/Gondola.jpg","datePublished":"2026-03-11T02:52:28+00:00","description":"Cd. Madero, Tamps.- Un fuerte susto se llev\u00f3 una familia luego de que un tractocami\u00f3n con g\u00f3ndola impactara contra una vivienda mientras realizaba","inLanguage":"es","potentialAction":[{"@type":"ReadAction","target":["https:\/\/elinformativotam.com\/index.php\/2026\/03\/10\/clausuran-habitacion-tras-impacto-de-gondola-contra-vivienda-en-ciudad-madero\/"]}]},{"@type":"ImageObject","inLanguage":"es","@id":"https:\/\/elinformativotam.com\/index.php\/2026\/03\/10\/clausuran-habitacion-tras-impacto-de-gondola-contra-vivienda-en-ciudad-madero\/#primaryimage","url":"https:\/\/elinformativotam.com\/wp-content\/uploads\/2026\/03\/Gondola.jpg","contentUrl":"https:\/\/elinformativotam.com\/wp-content\/uploads\/2026\/03\/Gondola.jpg","width":1600,"height":1200},{"@type":"WebSite","@id":"https:\/\/elinformativotam.com\/#website","url":"https:\/\/elinformativotam.com\/","name":"EL INFORMATIVO DE TAMAULIPAS","description":"Desde la Zona Metropolitana Para Todo M\u00e9xico","publisher":{"@id":"https:\/\/elinformativotam.com\/#organization"},"potentialAction":[{"@type":"SearchAction","target":{"@type":"EntryPoint","urlTemplate":"https:\/\/elinformativotam.com\/?s={search_term_string}"},"query-input":{"@type":"PropertyValueSpecification","valueRequired":true,"valueName":"search_term_string"}}],"inLanguage":"es"},{"@type":"Organization","@id":"https:\/\/elinformativotam.com\/#organization","name":"EL INFORMATIVO DE TAMAULIPAS","url":"https:\/\/elinformativotam.com\/","logo":{"@type":"ImageObject","inLanguage":"es","@id":"https:\/\/elinformativotam.com\/#\/schema\/logo\/image\/","url":"https:\/\/elinformativotam.com\/wp-content\/uploads\/2026\/02\/Cabezal.png","contentUrl":"https:\/\/elinformativotam.com\/wp-content\/uploads\/2026\/02\/Cabezal.png","width":960,"height":640,"caption":"EL INFORMATIVO DE TAMAULIPAS"},"image":{"@id":"https:\/\/elinformativotam.com\/#\/schema\/logo\/image\/"}},{"@type":"Person","@id":"https:\/\/elinformativotam.com\/#\/schema\/person\/78e08040eed0f6110f0c5f83b6153590","name":"El Informativo Tam","image":{"@type":"ImageObject","inLanguage":"es","@id":"https:\/\/secure.gravatar.com\/avatar\/f3b7ad3af540688955925ac610647be00b0cf41feea9c4978b73a707ee86bc53?s=96&d=mm&r=g","url":"https:\/\/secure.gravatar.com\/avatar\/f3b7ad3af540688955925ac610647be00b0cf41feea9c4978b73a707ee86bc53?s=96&d=mm&r=g","contentUrl":"https:\/\/secure.gravatar.com\/avatar\/f3b7ad3af540688955925ac610647be00b0cf41feea9c4978b73a707ee86bc53?s=96&d=mm&r=g","caption":"El Informativo Tam"}}]}},"_links":{"self":[{"href":"https:\/\/elinformativotam.com\/index.php\/wp-json\/wp\/v2\/posts\/57401","targetHints":{"allow":["GET"]}}],"collection":[{"href":"https:\/\/elinformativotam.com\/index.php\/wp-json\/wp\/v2\/posts"}],"about":[{"href":"https:\/\/elinformativotam.com\/index.php\/wp-json\/wp\/v2\/types\/post"}],"author":[{"embeddable":true,"href":"https:\/\/elinformativotam.com\/index.php\/wp-json\/wp\/v2\/users\/1"}],"replies":[{"embeddable":true,"href":"https:\/\/elinformativotam.com\/index.php\/wp-json\/wp\/v2\/comments?post=57401"}],"version-history":[{"count":1,"href":"https:\/\/elinformativotam.com\/index.php\/wp-json\/wp\/v2\/posts\/57401\/revisions"}],"predecessor-version":[{"id":57402,"href":"https:\/\/elinformativotam.com\/index.php\/wp-json\/wp\/v2\/posts\/57401\/revisions\/57402"}],"wp:featuredmedia":[{"embeddable":true,"href":"https:\/\/elinformativotam.com\/index.php\/wp-json\/wp\/v2\/media\/57396"}],"wp:attachment":[{"href":"https:\/\/elinformativotam.com\/index.php\/wp-json\/wp\/v2\/media?parent=57401"}],"wp:term":[{"taxonomy":"category","embeddable":true,"href":"https:\/\/elinformativotam.com\/index.php\/wp-json\/wp\/v2\/categories?post=57401"},{"taxonomy":"post_tag","embeddable":true,"href":"https:\/\/elinformativotam.com\/index.php\/wp-json\/wp\/v2\/tags?post=57401"}],"curies":[{"name":"wp","href":"https:\/\/api.w.org\/{rel}","templated":true}]}}