{"id":57399,"date":"2026-03-10T20:49:50","date_gmt":"2026-03-11T02:49:50","guid":{"rendered":"https:\/\/elinformativotam.com\/?p=57399"},"modified":"2026-03-10T20:49:50","modified_gmt":"2026-03-11T02:49:50","slug":"abren-mas-de-mil-oportunidades-laborales-en-feria-del-empleo","status":"publish","type":"post","link":"https:\/\/elinformativotam.com\/index.php\/2026\/03\/10\/abren-mas-de-mil-oportunidades-laborales-en-feria-del-empleo\/","title":{"rendered":"Abren M\u00e1s De Mil Oportunidades Laborales En Feria Del Empleo."},"content":{"rendered":"<p>Tampico, Tamps.- Se llev\u00f3 a cabo una Feria Nacional del Empleo con el prop\u00f3sito de promover la inclusi\u00f3n laboral y ampliar las oportunidades de trabajo para las mujeres. El evento, organizado por el Servicio Nacional de Empleo, tuvo lugar en el Centro de Convenciones de Tampico y reuni\u00f3 a 75 empresas de diversos sectores productivos que ofrecieron cerca de mil 200 vacantes.<\/p>\n<p>&nbsp;<\/p>\n<p data-start=\"361\" data-end=\"759\">La inauguraci\u00f3n se realiz\u00f3 mediante el corte de list\u00f3n encabezado por el secretario del Trabajo en Tamaulipas, Gerardo Illoldi, y la alcaldesa de Tampico, M\u00f3nica Villarreal Anaya. Durante su participaci\u00f3n, las autoridades destacaron la importancia de impulsar acciones que faciliten el acceso a empleos formales, especialmente para mujeres que buscan integrarse o reincorporarse al mercado laboral.<\/p>\n<p>&nbsp;<\/p>\n<p data-start=\"761\" data-end=\"1037\" data-is-last-node=\"\" data-is-only-node=\"\">Asimismo, subrayaron que este tipo de encuentros permiten vincular de manera directa a las empresas con las personas en busca de empleo, al tiempo que fortalecen las pol\u00edticas p\u00fablicas orientadas a fomentar la igualdad de oportunidades y el crecimiento econ\u00f3mico en la regi\u00f3n.<\/p>\n<p>#elinformativodetamaulipas<\/p>\n<p>&nbsp;<\/p>\n","protected":false},"excerpt":{"rendered":"<p>Tampico, Tamps.- Se llev\u00f3 a cabo una Feria Nacional del Empleo con el prop\u00f3sito de promover la inclusi\u00f3n laboral y&hellip;<\/p>\n","protected":false},"author":1,"featured_media":57394,"comment_status":"open","ping_status":"open","sticky":false,"template":"","format":"standard","meta":{"footnotes":""},"categories":[3],"tags":[],"class_list":["post-57399","post","type-post","status-publish","format-standard","has-post-thumbnail","hentry","category-tampico"],"yoast_head":"<!-- This site is optimized with the Yoast SEO plugin v27.5 - https:\/\/yoast.com\/product\/yoast-seo-wordpress\/ -->\n<title>Abren M\u00e1s De Mil Oportunidades Laborales En Feria Del Empleo. - EL INFORMATIVO DE TAMAULIPAS<\/title>\n<meta name=\"description\" content=\"Tampico, Tamps.- Se llev\u00f3 a cabo una Feria Nacional del Empleo con el prop\u00f3sito de promover la inclusi\u00f3n laboral y ampliar las oportunidades de trabajo\" \/>\n<meta name=\"robots\" content=\"index, follow, max-snippet:-1, max-image-preview:large, max-video-preview:-1\" \/>\n<link rel=\"canonical\" href=\"https:\/\/elinformativotam.com\/index.php\/2026\/03\/10\/abren-mas-de-mil-oportunidades-laborales-en-feria-del-empleo\/\" \/>\n<meta property=\"og:locale\" content=\"es_MX\" \/>\n<meta property=\"og:type\" content=\"article\" \/>\n<meta property=\"og:title\" content=\"Abren M\u00e1s De Mil Oportunidades Laborales En Feria Del Empleo. - EL INFORMATIVO DE TAMAULIPAS\" \/>\n<meta property=\"og:description\" content=\"Tampico, Tamps.- Se llev\u00f3 a cabo una Feria Nacional del Empleo con el prop\u00f3sito de promover la inclusi\u00f3n laboral y ampliar las oportunidades de trabajo\" \/>\n<meta property=\"og:url\" content=\"https:\/\/elinformativotam.com\/index.php\/2026\/03\/10\/abren-mas-de-mil-oportunidades-laborales-en-feria-del-empleo\/\" \/>\n<meta property=\"og:site_name\" content=\"EL INFORMATIVO DE TAMAULIPAS\" \/>\n<meta property=\"article:published_time\" content=\"2026-03-11T02:49:50+00:00\" \/>\n<meta property=\"og:image\" content=\"https:\/\/elinformativotam.com\/wp-content\/uploads\/2026\/03\/Feria-del-Empleo.jpg\" \/>\n\t<meta property=\"og:image:width\" content=\"1600\" \/>\n\t<meta property=\"og:image:height\" content=\"900\" \/>\n\t<meta property=\"og:image:type\" content=\"image\/jpeg\" \/>\n<meta name=\"author\" content=\"El Informativo Tam\" \/>\n<meta name=\"twitter:card\" content=\"summary_large_image\" \/>\n<meta name=\"twitter:label1\" content=\"Escrito por\" \/>\n\t<meta name=\"twitter:data1\" content=\"El Informativo Tam\" \/>\n\t<meta name=\"twitter:label2\" content=\"Tiempo de lectura\" \/>\n\t<meta name=\"twitter:data2\" content=\"1 minuto\" \/>\n<script type=\"application\/ld+json\" class=\"yoast-schema-graph\">{\"@context\":\"https:\\\/\\\/schema.org\",\"@graph\":[{\"@type\":\"Article\",\"@id\":\"https:\\\/\\\/elinformativotam.com\\\/index.php\\\/2026\\\/03\\\/10\\\/abren-mas-de-mil-oportunidades-laborales-en-feria-del-empleo\\\/#article\",\"isPartOf\":{\"@id\":\"https:\\\/\\\/elinformativotam.com\\\/index.php\\\/2026\\\/03\\\/10\\\/abren-mas-de-mil-oportunidades-laborales-en-feria-del-empleo\\\/\"},\"author\":{\"name\":\"El Informativo Tam\",\"@id\":\"https:\\\/\\\/elinformativotam.com\\\/#\\\/schema\\\/person\\\/78e08040eed0f6110f0c5f83b6153590\"},\"headline\":\"Abren M\u00e1s De Mil Oportunidades Laborales En Feria Del Empleo.\",\"datePublished\":\"2026-03-11T02:49:50+00:00\",\"mainEntityOfPage\":{\"@id\":\"https:\\\/\\\/elinformativotam.com\\\/index.php\\\/2026\\\/03\\\/10\\\/abren-mas-de-mil-oportunidades-laborales-en-feria-del-empleo\\\/\"},\"wordCount\":185,\"commentCount\":0,\"publisher\":{\"@id\":\"https:\\\/\\\/elinformativotam.com\\\/#organization\"},\"image\":{\"@id\":\"https:\\\/\\\/elinformativotam.com\\\/index.php\\\/2026\\\/03\\\/10\\\/abren-mas-de-mil-oportunidades-laborales-en-feria-del-empleo\\\/#primaryimage\"},\"thumbnailUrl\":\"https:\\\/\\\/elinformativotam.com\\\/wp-content\\\/uploads\\\/2026\\\/03\\\/Feria-del-Empleo.jpg\",\"articleSection\":[\"Tampico\"],\"inLanguage\":\"es\",\"potentialAction\":[{\"@type\":\"CommentAction\",\"name\":\"Comment\",\"target\":[\"https:\\\/\\\/elinformativotam.com\\\/index.php\\\/2026\\\/03\\\/10\\\/abren-mas-de-mil-oportunidades-laborales-en-feria-del-empleo\\\/#respond\"]}]},{\"@type\":\"WebPage\",\"@id\":\"https:\\\/\\\/elinformativotam.com\\\/index.php\\\/2026\\\/03\\\/10\\\/abren-mas-de-mil-oportunidades-laborales-en-feria-del-empleo\\\/\",\"url\":\"https:\\\/\\\/elinformativotam.com\\\/index.php\\\/2026\\\/03\\\/10\\\/abren-mas-de-mil-oportunidades-laborales-en-feria-del-empleo\\\/\",\"name\":\"Abren M\u00e1s De Mil Oportunidades Laborales En Feria Del Empleo. - EL INFORMATIVO DE TAMAULIPAS\",\"isPartOf\":{\"@id\":\"https:\\\/\\\/elinformativotam.com\\\/#website\"},\"primaryImageOfPage\":{\"@id\":\"https:\\\/\\\/elinformativotam.com\\\/index.php\\\/2026\\\/03\\\/10\\\/abren-mas-de-mil-oportunidades-laborales-en-feria-del-empleo\\\/#primaryimage\"},\"image\":{\"@id\":\"https:\\\/\\\/elinformativotam.com\\\/index.php\\\/2026\\\/03\\\/10\\\/abren-mas-de-mil-oportunidades-laborales-en-feria-del-empleo\\\/#primaryimage\"},\"thumbnailUrl\":\"https:\\\/\\\/elinformativotam.com\\\/wp-content\\\/uploads\\\/2026\\\/03\\\/Feria-del-Empleo.jpg\",\"datePublished\":\"2026-03-11T02:49:50+00:00\",\"description\":\"Tampico, Tamps.- Se llev\u00f3 a cabo una Feria Nacional del Empleo con el prop\u00f3sito de promover la inclusi\u00f3n laboral y ampliar las oportunidades de trabajo\",\"inLanguage\":\"es\",\"potentialAction\":[{\"@type\":\"ReadAction\",\"target\":[\"https:\\\/\\\/elinformativotam.com\\\/index.php\\\/2026\\\/03\\\/10\\\/abren-mas-de-mil-oportunidades-laborales-en-feria-del-empleo\\\/\"]}]},{\"@type\":\"ImageObject\",\"inLanguage\":\"es\",\"@id\":\"https:\\\/\\\/elinformativotam.com\\\/index.php\\\/2026\\\/03\\\/10\\\/abren-mas-de-mil-oportunidades-laborales-en-feria-del-empleo\\\/#primaryimage\",\"url\":\"https:\\\/\\\/elinformativotam.com\\\/wp-content\\\/uploads\\\/2026\\\/03\\\/Feria-del-Empleo.jpg\",\"contentUrl\":\"https:\\\/\\\/elinformativotam.com\\\/wp-content\\\/uploads\\\/2026\\\/03\\\/Feria-del-Empleo.jpg\",\"width\":1600,\"height\":900},{\"@type\":\"WebSite\",\"@id\":\"https:\\\/\\\/elinformativotam.com\\\/#website\",\"url\":\"https:\\\/\\\/elinformativotam.com\\\/\",\"name\":\"EL INFORMATIVO DE TAMAULIPAS\",\"description\":\"Desde la Zona Metropolitana Para Todo M\u00e9xico\",\"publisher\":{\"@id\":\"https:\\\/\\\/elinformativotam.com\\\/#organization\"},\"potentialAction\":[{\"@type\":\"SearchAction\",\"target\":{\"@type\":\"EntryPoint\",\"urlTemplate\":\"https:\\\/\\\/elinformativotam.com\\\/?s={search_term_string}\"},\"query-input\":{\"@type\":\"PropertyValueSpecification\",\"valueRequired\":true,\"valueName\":\"search_term_string\"}}],\"inLanguage\":\"es\"},{\"@type\":\"Organization\",\"@id\":\"https:\\\/\\\/elinformativotam.com\\\/#organization\",\"name\":\"EL INFORMATIVO DE TAMAULIPAS\",\"url\":\"https:\\\/\\\/elinformativotam.com\\\/\",\"logo\":{\"@type\":\"ImageObject\",\"inLanguage\":\"es\",\"@id\":\"https:\\\/\\\/elinformativotam.com\\\/#\\\/schema\\\/logo\\\/image\\\/\",\"url\":\"https:\\\/\\\/elinformativotam.com\\\/wp-content\\\/uploads\\\/2026\\\/02\\\/Cabezal.png\",\"contentUrl\":\"https:\\\/\\\/elinformativotam.com\\\/wp-content\\\/uploads\\\/2026\\\/02\\\/Cabezal.png\",\"width\":960,\"height\":640,\"caption\":\"EL INFORMATIVO DE TAMAULIPAS\"},\"image\":{\"@id\":\"https:\\\/\\\/elinformativotam.com\\\/#\\\/schema\\\/logo\\\/image\\\/\"}},{\"@type\":\"Person\",\"@id\":\"https:\\\/\\\/elinformativotam.com\\\/#\\\/schema\\\/person\\\/78e08040eed0f6110f0c5f83b6153590\",\"name\":\"El Informativo Tam\",\"image\":{\"@type\":\"ImageObject\",\"inLanguage\":\"es\",\"@id\":\"https:\\\/\\\/secure.gravatar.com\\\/avatar\\\/f3b7ad3af540688955925ac610647be00b0cf41feea9c4978b73a707ee86bc53?s=96&d=mm&r=g\",\"url\":\"https:\\\/\\\/secure.gravatar.com\\\/avatar\\\/f3b7ad3af540688955925ac610647be00b0cf41feea9c4978b73a707ee86bc53?s=96&d=mm&r=g\",\"contentUrl\":\"https:\\\/\\\/secure.gravatar.com\\\/avatar\\\/f3b7ad3af540688955925ac610647be00b0cf41feea9c4978b73a707ee86bc53?s=96&d=mm&r=g\",\"caption\":\"El Informativo Tam\"}}]}<\/script>\n<!-- \/ Yoast SEO plugin. -->","yoast_head_json":{"title":"Abren M\u00e1s De Mil Oportunidades Laborales En Feria Del Empleo. - EL INFORMATIVO DE TAMAULIPAS","description":"Tampico, Tamps.- Se llev\u00f3 a cabo una Feria Nacional del Empleo con el prop\u00f3sito de promover la inclusi\u00f3n laboral y ampliar las oportunidades de trabajo","robots":{"index":"index","follow":"follow","max-snippet":"max-snippet:-1","max-image-preview":"max-image-preview:large","max-video-preview":"max-video-preview:-1"},"canonical":"https:\/\/elinformativotam.com\/index.php\/2026\/03\/10\/abren-mas-de-mil-oportunidades-laborales-en-feria-del-empleo\/","og_locale":"es_MX","og_type":"article","og_title":"Abren M\u00e1s De Mil Oportunidades Laborales En Feria Del Empleo. - EL INFORMATIVO DE TAMAULIPAS","og_description":"Tampico, Tamps.- Se llev\u00f3 a cabo una Feria Nacional del Empleo con el prop\u00f3sito de promover la inclusi\u00f3n laboral y ampliar las oportunidades de trabajo","og_url":"https:\/\/elinformativotam.com\/index.php\/2026\/03\/10\/abren-mas-de-mil-oportunidades-laborales-en-feria-del-empleo\/","og_site_name":"EL INFORMATIVO DE TAMAULIPAS","article_published_time":"2026-03-11T02:49:50+00:00","og_image":[{"width":1600,"height":900,"url":"https:\/\/elinformativotam.com\/wp-content\/uploads\/2026\/03\/Feria-del-Empleo.jpg","type":"image\/jpeg"}],"author":"El Informativo Tam","twitter_card":"summary_large_image","twitter_misc":{"Escrito por":"El Informativo Tam","Tiempo de lectura":"1 minuto"},"schema":{"@context":"https:\/\/schema.org","@graph":[{"@type":"Article","@id":"https:\/\/elinformativotam.com\/index.php\/2026\/03\/10\/abren-mas-de-mil-oportunidades-laborales-en-feria-del-empleo\/#article","isPartOf":{"@id":"https:\/\/elinformativotam.com\/index.php\/2026\/03\/10\/abren-mas-de-mil-oportunidades-laborales-en-feria-del-empleo\/"},"author":{"name":"El Informativo Tam","@id":"https:\/\/elinformativotam.com\/#\/schema\/person\/78e08040eed0f6110f0c5f83b6153590"},"headline":"Abren M\u00e1s De Mil Oportunidades Laborales En Feria Del Empleo.","datePublished":"2026-03-11T02:49:50+00:00","mainEntityOfPage":{"@id":"https:\/\/elinformativotam.com\/index.php\/2026\/03\/10\/abren-mas-de-mil-oportunidades-laborales-en-feria-del-empleo\/"},"wordCount":185,"commentCount":0,"publisher":{"@id":"https:\/\/elinformativotam.com\/#organization"},"image":{"@id":"https:\/\/elinformativotam.com\/index.php\/2026\/03\/10\/abren-mas-de-mil-oportunidades-laborales-en-feria-del-empleo\/#primaryimage"},"thumbnailUrl":"https:\/\/elinformativotam.com\/wp-content\/uploads\/2026\/03\/Feria-del-Empleo.jpg","articleSection":["Tampico"],"inLanguage":"es","potentialAction":[{"@type":"CommentAction","name":"Comment","target":["https:\/\/elinformativotam.com\/index.php\/2026\/03\/10\/abren-mas-de-mil-oportunidades-laborales-en-feria-del-empleo\/#respond"]}]},{"@type":"WebPage","@id":"https:\/\/elinformativotam.com\/index.php\/2026\/03\/10\/abren-mas-de-mil-oportunidades-laborales-en-feria-del-empleo\/","url":"https:\/\/elinformativotam.com\/index.php\/2026\/03\/10\/abren-mas-de-mil-oportunidades-laborales-en-feria-del-empleo\/","name":"Abren M\u00e1s De Mil Oportunidades Laborales En Feria Del Empleo. - EL INFORMATIVO DE TAMAULIPAS","isPartOf":{"@id":"https:\/\/elinformativotam.com\/#website"},"primaryImageOfPage":{"@id":"https:\/\/elinformativotam.com\/index.php\/2026\/03\/10\/abren-mas-de-mil-oportunidades-laborales-en-feria-del-empleo\/#primaryimage"},"image":{"@id":"https:\/\/elinformativotam.com\/index.php\/2026\/03\/10\/abren-mas-de-mil-oportunidades-laborales-en-feria-del-empleo\/#primaryimage"},"thumbnailUrl":"https:\/\/elinformativotam.com\/wp-content\/uploads\/2026\/03\/Feria-del-Empleo.jpg","datePublished":"2026-03-11T02:49:50+00:00","description":"Tampico, Tamps.- Se llev\u00f3 a cabo una Feria Nacional del Empleo con el prop\u00f3sito de promover la inclusi\u00f3n laboral y ampliar las oportunidades de trabajo","inLanguage":"es","potentialAction":[{"@type":"ReadAction","target":["https:\/\/elinformativotam.com\/index.php\/2026\/03\/10\/abren-mas-de-mil-oportunidades-laborales-en-feria-del-empleo\/"]}]},{"@type":"ImageObject","inLanguage":"es","@id":"https:\/\/elinformativotam.com\/index.php\/2026\/03\/10\/abren-mas-de-mil-oportunidades-laborales-en-feria-del-empleo\/#primaryimage","url":"https:\/\/elinformativotam.com\/wp-content\/uploads\/2026\/03\/Feria-del-Empleo.jpg","contentUrl":"https:\/\/elinformativotam.com\/wp-content\/uploads\/2026\/03\/Feria-del-Empleo.jpg","width":1600,"height":900},{"@type":"WebSite","@id":"https:\/\/elinformativotam.com\/#website","url":"https:\/\/elinformativotam.com\/","name":"EL INFORMATIVO DE TAMAULIPAS","description":"Desde la Zona Metropolitana Para Todo M\u00e9xico","publisher":{"@id":"https:\/\/elinformativotam.com\/#organization"},"potentialAction":[{"@type":"SearchAction","target":{"@type":"EntryPoint","urlTemplate":"https:\/\/elinformativotam.com\/?s={search_term_string}"},"query-input":{"@type":"PropertyValueSpecification","valueRequired":true,"valueName":"search_term_string"}}],"inLanguage":"es"},{"@type":"Organization","@id":"https:\/\/elinformativotam.com\/#organization","name":"EL INFORMATIVO DE TAMAULIPAS","url":"https:\/\/elinformativotam.com\/","logo":{"@type":"ImageObject","inLanguage":"es","@id":"https:\/\/elinformativotam.com\/#\/schema\/logo\/image\/","url":"https:\/\/elinformativotam.com\/wp-content\/uploads\/2026\/02\/Cabezal.png","contentUrl":"https:\/\/elinformativotam.com\/wp-content\/uploads\/2026\/02\/Cabezal.png","width":960,"height":640,"caption":"EL INFORMATIVO DE TAMAULIPAS"},"image":{"@id":"https:\/\/elinformativotam.com\/#\/schema\/logo\/image\/"}},{"@type":"Person","@id":"https:\/\/elinformativotam.com\/#\/schema\/person\/78e08040eed0f6110f0c5f83b6153590","name":"El Informativo Tam","image":{"@type":"ImageObject","inLanguage":"es","@id":"https:\/\/secure.gravatar.com\/avatar\/f3b7ad3af540688955925ac610647be00b0cf41feea9c4978b73a707ee86bc53?s=96&d=mm&r=g","url":"https:\/\/secure.gravatar.com\/avatar\/f3b7ad3af540688955925ac610647be00b0cf41feea9c4978b73a707ee86bc53?s=96&d=mm&r=g","contentUrl":"https:\/\/secure.gravatar.com\/avatar\/f3b7ad3af540688955925ac610647be00b0cf41feea9c4978b73a707ee86bc53?s=96&d=mm&r=g","caption":"El Informativo Tam"}}]}},"_links":{"self":[{"href":"https:\/\/elinformativotam.com\/index.php\/wp-json\/wp\/v2\/posts\/57399","targetHints":{"allow":["GET"]}}],"collection":[{"href":"https:\/\/elinformativotam.com\/index.php\/wp-json\/wp\/v2\/posts"}],"about":[{"href":"https:\/\/elinformativotam.com\/index.php\/wp-json\/wp\/v2\/types\/post"}],"author":[{"embeddable":true,"href":"https:\/\/elinformativotam.com\/index.php\/wp-json\/wp\/v2\/users\/1"}],"replies":[{"embeddable":true,"href":"https:\/\/elinformativotam.com\/index.php\/wp-json\/wp\/v2\/comments?post=57399"}],"version-history":[{"count":1,"href":"https:\/\/elinformativotam.com\/index.php\/wp-json\/wp\/v2\/posts\/57399\/revisions"}],"predecessor-version":[{"id":57400,"href":"https:\/\/elinformativotam.com\/index.php\/wp-json\/wp\/v2\/posts\/57399\/revisions\/57400"}],"wp:featuredmedia":[{"embeddable":true,"href":"https:\/\/elinformativotam.com\/index.php\/wp-json\/wp\/v2\/media\/57394"}],"wp:attachment":[{"href":"https:\/\/elinformativotam.com\/index.php\/wp-json\/wp\/v2\/media?parent=57399"}],"wp:term":[{"taxonomy":"category","embeddable":true,"href":"https:\/\/elinformativotam.com\/index.php\/wp-json\/wp\/v2\/categories?post=57399"},{"taxonomy":"post_tag","embeddable":true,"href":"https:\/\/elinformativotam.com\/index.php\/wp-json\/wp\/v2\/tags?post=57399"}],"curies":[{"name":"wp","href":"https:\/\/api.w.org\/{rel}","templated":true}]}}